{"id":1005,"date":"2022-04-11T13:48:38","date_gmt":"2022-04-11T19:48:38","guid":{"rendered":"https:\/\/elpuucnoticias.com\/?p=1005"},"modified":"2022-04-11T13:48:39","modified_gmt":"2022-04-11T19:48:39","slug":"inicia-la-reconstruccion-de-la-ciclopista-peto-xoy-abandonada-desde-hace-25-anos-y-que-beneficiara-a-cientos-de-personas-destaca-el-alcalde-renan-jimenez-tah","status":"publish","type":"post","link":"https:\/\/elpuucnoticias.com\/?p=1005","title":{"rendered":"Inicia la reconstrucci\u00f3n de la ciclopista Peto-Xoy, abandonada desde hace 25 a\u00f1os, y que beneficiar\u00e1 a cientos de personas, destaca el alcalde, Ren\u00e1n Jim\u00e9nez Tah"},"content":{"rendered":"\n<figure class=\"wp-block-gallery has-nested-images columns-default is-cropped wp-block-gallery-1 is-layout-flex wp-block-gallery-is-layout-flex\">\n<figure class=\"wp-block-image size-large\"><img loading=\"lazy\" decoding=\"async\" width=\"1024\" height=\"768\" data-id=\"1007\" src=\"https:\/\/elpuucnoticias.com\/wp-content\/uploads\/2022\/04\/WhatsApp-Image-2022-04-09-at-8.52.19-PM-1-1024x768.jpeg\" alt=\"\" class=\"wp-image-1007\" srcset=\"https:\/\/elpuucnoticias.com\/wp-content\/uploads\/2022\/04\/WhatsApp-Image-2022-04-09-at-8.52.19-PM-1-1024x768.jpeg 1024w, https:\/\/elpuucnoticias.com\/wp-content\/uploads\/2022\/04\/WhatsApp-Image-2022-04-09-at-8.52.19-PM-1-300x225.jpeg 300w, https:\/\/elpuucnoticias.com\/wp-content\/uploads\/2022\/04\/WhatsApp-Image-2022-04-09-at-8.52.19-PM-1-768x576.jpeg 768w, https:\/\/elpuucnoticias.com\/wp-content\/uploads\/2022\/04\/WhatsApp-Image-2022-04-09-at-8.52.19-PM-1.jpeg 1280w\" sizes=\"auto, (max-width: 1024px) 100vw, 1024px\" \/><\/figure>\n\n\n\n<figure class=\"wp-block-image size-large\"><img loading=\"lazy\" decoding=\"async\" width=\"1024\" height=\"768\" data-id=\"1008\" src=\"https:\/\/elpuucnoticias.com\/wp-content\/uploads\/2022\/04\/WhatsApp-Image-2022-04-09-at-8.52.20-PM-1024x768.jpeg\" alt=\"\" class=\"wp-image-1008\" srcset=\"https:\/\/elpuucnoticias.com\/wp-content\/uploads\/2022\/04\/WhatsApp-Image-2022-04-09-at-8.52.20-PM-1024x768.jpeg 1024w, https:\/\/elpuucnoticias.com\/wp-content\/uploads\/2022\/04\/WhatsApp-Image-2022-04-09-at-8.52.20-PM-300x225.jpeg 300w, https:\/\/elpuucnoticias.com\/wp-content\/uploads\/2022\/04\/WhatsApp-Image-2022-04-09-at-8.52.20-PM-768x576.jpeg 768w, https:\/\/elpuucnoticias.com\/wp-content\/uploads\/2022\/04\/WhatsApp-Image-2022-04-09-at-8.52.20-PM.jpeg 1280w\" sizes=\"auto, (max-width: 1024px) 100vw, 1024px\" \/><\/figure>\n<\/figure>\n\n\n\n<p>El alcalde de Peto, Ren\u00e1n Jim\u00e9nez Tah, dio el banderazo de inicio de la reconstrucci\u00f3n total de la ciclopista Peto-Xoy, que abarcar\u00e1n 1,570 metros lineales, y que contar\u00e1 con \u00e1reas verdes, iluminaci\u00f3n y equipo para ejercitarse al aire libre.<\/p>\n\n\n\n<p>El primer edil se\u00f1ala que estos trabajos cambiar\u00e1n la imagen de la entrada de la poblaci\u00f3n y beneficiar\u00e1 a estudiantes de la Universidad Pedag\u00f3gica Nacional, a la gente que se dirige al Hospital Comunitario, al INPI, y a deportistas que a diario caminan por el lugar.<\/p>\n\n\n\n<figure class=\"wp-block-gallery has-nested-images columns-default is-cropped wp-block-gallery-2 is-layout-flex wp-block-gallery-is-layout-flex\">\n<figure class=\"wp-block-image size-large\"><img loading=\"lazy\" decoding=\"async\" width=\"768\" height=\"1024\" data-id=\"1009\" src=\"https:\/\/elpuucnoticias.com\/wp-content\/uploads\/2022\/04\/WhatsApp-Image-2022-04-09-at-8.52.18-PM-768x1024.jpeg\" alt=\"\" class=\"wp-image-1009\" srcset=\"https:\/\/elpuucnoticias.com\/wp-content\/uploads\/2022\/04\/WhatsApp-Image-2022-04-09-at-8.52.18-PM-768x1024.jpeg 768w, https:\/\/elpuucnoticias.com\/wp-content\/uploads\/2022\/04\/WhatsApp-Image-2022-04-09-at-8.52.18-PM-225x300.jpeg 225w, https:\/\/elpuucnoticias.com\/wp-content\/uploads\/2022\/04\/WhatsApp-Image-2022-04-09-at-8.52.18-PM.jpeg 960w\" sizes=\"auto, (max-width: 768px) 100vw, 768px\" \/><\/figure>\n\n\n\n<figure class=\"wp-block-image size-large\"><img loading=\"lazy\" decoding=\"async\" width=\"768\" height=\"1024\" data-id=\"1010\" src=\"https:\/\/elpuucnoticias.com\/wp-content\/uploads\/2022\/04\/WhatsApp-Image-2022-04-09-at-8.52.21-PM-768x1024.jpeg\" alt=\"\" class=\"wp-image-1010\" srcset=\"https:\/\/elpuucnoticias.com\/wp-content\/uploads\/2022\/04\/WhatsApp-Image-2022-04-09-at-8.52.21-PM-768x1024.jpeg 768w, https:\/\/elpuucnoticias.com\/wp-content\/uploads\/2022\/04\/WhatsApp-Image-2022-04-09-at-8.52.21-PM-225x300.jpeg 225w, https:\/\/elpuucnoticias.com\/wp-content\/uploads\/2022\/04\/WhatsApp-Image-2022-04-09-at-8.52.21-PM.jpeg 960w\" sizes=\"auto, (max-width: 768px) 100vw, 768px\" \/><\/figure>\n<\/figure>\n\n\n\n<p>\u00abEs probable la instalaci\u00f3n de la maquiladora Vertical en ese sector y al haber esta ciclopista se beneficiar\u00e1 a sus trabajadores\u00bb, agrega el funcionario.<\/p>\n\n\n\n<p>La obra beneficiar\u00e1 a pobladores de la comisar\u00eda de Xoy que utilizan la ciclopista para acudir a la cabecera municipal, sin tener que transitar por la carretera estatal.<\/p>\n\n\n\n<figure class=\"wp-block-gallery has-nested-images columns-default is-cropped wp-block-gallery-3 is-layout-flex wp-block-gallery-is-layout-flex\">\n<figure class=\"wp-block-image size-large\"><img loading=\"lazy\" decoding=\"async\" width=\"1024\" height=\"768\" data-id=\"1012\" src=\"https:\/\/elpuucnoticias.com\/wp-content\/uploads\/2022\/04\/WhatsApp-Image-2022-04-09-at-8.52.17-PM-1024x768.jpeg\" alt=\"\" class=\"wp-image-1012\" srcset=\"https:\/\/elpuucnoticias.com\/wp-content\/uploads\/2022\/04\/WhatsApp-Image-2022-04-09-at-8.52.17-PM-1024x768.jpeg 1024w, https:\/\/elpuucnoticias.com\/wp-content\/uploads\/2022\/04\/WhatsApp-Image-2022-04-09-at-8.52.17-PM-300x225.jpeg 300w, https:\/\/elpuucnoticias.com\/wp-content\/uploads\/2022\/04\/WhatsApp-Image-2022-04-09-at-8.52.17-PM-768x576.jpeg 768w, https:\/\/elpuucnoticias.com\/wp-content\/uploads\/2022\/04\/WhatsApp-Image-2022-04-09-at-8.52.17-PM.jpeg 1280w\" sizes=\"auto, (max-width: 1024px) 100vw, 1024px\" \/><\/figure>\n\n\n\n<figure class=\"wp-block-image size-large\"><img loading=\"lazy\" decoding=\"async\" width=\"1024\" height=\"768\" data-id=\"1011\" src=\"https:\/\/elpuucnoticias.com\/wp-content\/uploads\/2022\/04\/WhatsApp-Image-2022-04-09-at-8.52.19-PM-1024x768.jpeg\" alt=\"\" class=\"wp-image-1011\" srcset=\"https:\/\/elpuucnoticias.com\/wp-content\/uploads\/2022\/04\/WhatsApp-Image-2022-04-09-at-8.52.19-PM-1024x768.jpeg 1024w, https:\/\/elpuucnoticias.com\/wp-content\/uploads\/2022\/04\/WhatsApp-Image-2022-04-09-at-8.52.19-PM-300x225.jpeg 300w, https:\/\/elpuucnoticias.com\/wp-content\/uploads\/2022\/04\/WhatsApp-Image-2022-04-09-at-8.52.19-PM-768x576.jpeg 768w, https:\/\/elpuucnoticias.com\/wp-content\/uploads\/2022\/04\/WhatsApp-Image-2022-04-09-at-8.52.19-PM.jpeg 1280w\" sizes=\"auto, (max-width: 1024px) 100vw, 1024px\" \/><\/figure>\n<\/figure>\n\n\n\n<p>\u00abLa ciclopista tiene m\u00e1s de 25 a\u00f1os y estaba muy deteriorada, por eso se reconstruir\u00e1 en su totalidad y eso le dar\u00e1 un mejor aspecto a la entrada de la poblaci\u00f3n. Administraciones pasan, pero las buenas obras se quedan y forman parte del patrimonio de la comunidad\u00bb, puntualiza.\u2014 <em>El Puuc Noticias<\/em><\/p>\n","protected":false},"excerpt":{"rendered":"<p>El alcalde de Peto, Ren\u00e1n Jim\u00e9nez Tah, dio el banderazo de inicio de la reconstrucci\u00f3n total de la<\/p>\n","protected":false},"author":1,"featured_media":1006,"comment_status":"closed","ping_status":"open","sticky":false,"template":"","format":"standard","meta":{"_monsterinsights_skip_tracking":false,"_monsterinsights_sitenote_active":false,"_monsterinsights_sitenote_note":"","_monsterinsights_sitenote_category":0,"footnotes":""},"categories":[11,20],"tags":[],"class_list":["post-1005","post","type-post","status-publish","format-standard","has-post-thumbnail","hentry","category-noticias","category-peto"],"yoast_head":"<!-- This site is optimized with the Yoast SEO plugin v18.3 - https:\/\/yoast.com\/wordpress\/plugins\/seo\/ -->\n<title>Inicia la reconstrucci\u00f3n de la ciclopista Peto-Xoy, abandonada desde hace 25 a\u00f1os, y que beneficiar\u00e1 a cientos de personas, destaca el alcalde, Ren\u00e1n Jim\u00e9nez Tah - El Puuc Noticias<\/title>\n<meta name=\"robots\" content=\"index, follow, max-snippet:-1, max-image-preview:large, max-video-preview:-1\" \/>\n<link rel=\"canonical\" href=\"https:\/\/elpuucnoticias.com\/?p=1005\" \/>\n<meta property=\"og:locale\" content=\"es_ES\" \/>\n<meta property=\"og:type\" content=\"article\" \/>\n<meta property=\"og:title\" content=\"Inicia la reconstrucci\u00f3n de la ciclopista Peto-Xoy, abandonada desde hace 25 a\u00f1os, y que beneficiar\u00e1 a cientos de personas, destaca el alcalde, Ren\u00e1n Jim\u00e9nez Tah - El Puuc Noticias\" \/>\n<meta property=\"og:description\" content=\"El alcalde de Peto, Ren\u00e1n Jim\u00e9nez Tah, dio el banderazo de inicio de la reconstrucci\u00f3n total de la\" \/>\n<meta property=\"og:url\" content=\"https:\/\/elpuucnoticias.com\/?p=1005\" \/>\n<meta property=\"og:site_name\" content=\"El Puuc Noticias\" \/>\n<meta property=\"article:published_time\" content=\"2022-04-11T19:48:38+00:00\" \/>\n<meta property=\"article:modified_time\" content=\"2022-04-11T19:48:39+00:00\" \/>\n<meta property=\"og:image\" content=\"https:\/\/elpuucnoticias.com\/wp-content\/uploads\/2022\/04\/WhatsApp-Image-2022-04-09-at-8.52.18-PM-1.jpeg\" \/>\n\t<meta property=\"og:image:width\" content=\"1280\" \/>\n\t<meta property=\"og:image:height\" content=\"853\" \/>\n\t<meta property=\"og:image:type\" content=\"image\/jpeg\" \/>\n<meta name=\"twitter:card\" content=\"summary_large_image\" \/>\n<meta name=\"twitter:label1\" content=\"Escrito por\" \/>\n\t<meta name=\"twitter:data1\" content=\"elpuucnoticias\" \/>\n\t<meta name=\"twitter:label2\" content=\"Tiempo de lectura\" \/>\n\t<meta name=\"twitter:data2\" content=\"3 minutos\" \/>\n<script type=\"application\/ld+json\" class=\"yoast-schema-graph\">{\"@context\":\"https:\/\/schema.org\",\"@graph\":[{\"@type\":\"WebSite\",\"@id\":\"https:\/\/elpuucnoticias.com\/#website\",\"url\":\"https:\/\/elpuucnoticias.com\/\",\"name\":\"El Puuc Noticias\",\"description\":\"Noticias - Entretenimiento - Deportes\",\"potentialAction\":[{\"@type\":\"SearchAction\",\"target\":{\"@type\":\"EntryPoint\",\"urlTemplate\":\"https:\/\/elpuucnoticias.com\/?s={search_term_string}\"},\"query-input\":\"required name=search_term_string\"}],\"inLanguage\":\"es\"},{\"@type\":\"ImageObject\",\"@id\":\"https:\/\/elpuucnoticias.com\/?p=1005#primaryimage\",\"inLanguage\":\"es\",\"url\":\"https:\/\/elpuucnoticias.com\/wp-content\/uploads\/2022\/04\/WhatsApp-Image-2022-04-09-at-8.52.18-PM-1.jpeg\",\"contentUrl\":\"https:\/\/elpuucnoticias.com\/wp-content\/uploads\/2022\/04\/WhatsApp-Image-2022-04-09-at-8.52.18-PM-1.jpeg\",\"width\":1280,\"height\":853},{\"@type\":\"WebPage\",\"@id\":\"https:\/\/elpuucnoticias.com\/?p=1005#webpage\",\"url\":\"https:\/\/elpuucnoticias.com\/?p=1005\",\"name\":\"Inicia la reconstrucci\u00f3n de la ciclopista Peto-Xoy, abandonada desde hace 25 a\u00f1os, y que beneficiar\u00e1 a cientos de personas, destaca el alcalde, Ren\u00e1n Jim\u00e9nez Tah - El Puuc Noticias\",\"isPartOf\":{\"@id\":\"https:\/\/elpuucnoticias.com\/#website\"},\"primaryImageOfPage\":{\"@id\":\"https:\/\/elpuucnoticias.com\/?p=1005#primaryimage\"},\"datePublished\":\"2022-04-11T19:48:38+00:00\",\"dateModified\":\"2022-04-11T19:48:39+00:00\",\"author\":{\"@id\":\"https:\/\/elpuucnoticias.com\/#\/schema\/person\/d2ea09e4c97f0160b11cdfb1d856bd9e\"},\"breadcrumb\":{\"@id\":\"https:\/\/elpuucnoticias.com\/?p=1005#breadcrumb\"},\"inLanguage\":\"es\",\"potentialAction\":[{\"@type\":\"ReadAction\",\"target\":[\"https:\/\/elpuucnoticias.com\/?p=1005\"]}]},{\"@type\":\"BreadcrumbList\",\"@id\":\"https:\/\/elpuucnoticias.com\/?p=1005#breadcrumb\",\"itemListElement\":[{\"@type\":\"ListItem\",\"position\":1,\"name\":\"Portada\",\"item\":\"https:\/\/elpuucnoticias.com\/\"},{\"@type\":\"ListItem\",\"position\":2,\"name\":\"Inicia la reconstrucci\u00f3n de la ciclopista Peto-Xoy, abandonada desde hace 25 a\u00f1os, y que beneficiar\u00e1 a cientos de personas, destaca el alcalde, Ren\u00e1n Jim\u00e9nez Tah\"}]},{\"@type\":\"Person\",\"@id\":\"https:\/\/elpuucnoticias.com\/#\/schema\/person\/d2ea09e4c97f0160b11cdfb1d856bd9e\",\"name\":\"elpuucnoticias\",\"image\":{\"@type\":\"ImageObject\",\"@id\":\"https:\/\/elpuucnoticias.com\/#personlogo\",\"inLanguage\":\"es\",\"url\":\"https:\/\/secure.gravatar.com\/avatar\/5290a43657c74ffa15701dbe5b846bd85cc71930d803c84e91046a7333de6ce2?s=96&d=mm&r=g\",\"contentUrl\":\"https:\/\/secure.gravatar.com\/avatar\/5290a43657c74ffa15701dbe5b846bd85cc71930d803c84e91046a7333de6ce2?s=96&d=mm&r=g\",\"caption\":\"elpuucnoticias\"},\"sameAs\":[\"https:\/\/elpuucnoticias.com\"],\"url\":\"https:\/\/elpuucnoticias.com\/?author=1\"}]}<\/script>\n<!-- \/ Yoast SEO plugin. -->","yoast_head_json":{"title":"Inicia la reconstrucci\u00f3n de la ciclopista Peto-Xoy, abandonada desde hace 25 a\u00f1os, y que beneficiar\u00e1 a cientos de personas, destaca el alcalde, Ren\u00e1n Jim\u00e9nez Tah - El Puuc Noticias","robots":{"index":"index","follow":"follow","max-snippet":"max-snippet:-1","max-image-preview":"max-image-preview:large","max-video-preview":"max-video-preview:-1"},"canonical":"https:\/\/elpuucnoticias.com\/?p=1005","og_locale":"es_ES","og_type":"article","og_title":"Inicia la reconstrucci\u00f3n de la ciclopista Peto-Xoy, abandonada desde hace 25 a\u00f1os, y que beneficiar\u00e1 a cientos de personas, destaca el alcalde, Ren\u00e1n Jim\u00e9nez Tah - El Puuc Noticias","og_description":"El alcalde de Peto, Ren\u00e1n Jim\u00e9nez Tah, dio el banderazo de inicio de la reconstrucci\u00f3n total de la","og_url":"https:\/\/elpuucnoticias.com\/?p=1005","og_site_name":"El Puuc Noticias","article_published_time":"2022-04-11T19:48:38+00:00","article_modified_time":"2022-04-11T19:48:39+00:00","og_image":[{"width":1280,"height":853,"url":"https:\/\/elpuucnoticias.com\/wp-content\/uploads\/2022\/04\/WhatsApp-Image-2022-04-09-at-8.52.18-PM-1.jpeg","type":"image\/jpeg"}],"twitter_card":"summary_large_image","twitter_misc":{"Escrito por":"elpuucnoticias","Tiempo de lectura":"3 minutos"},"schema":{"@context":"https:\/\/schema.org","@graph":[{"@type":"WebSite","@id":"https:\/\/elpuucnoticias.com\/#website","url":"https:\/\/elpuucnoticias.com\/","name":"El Puuc Noticias","description":"Noticias - Entretenimiento - Deportes","potentialAction":[{"@type":"SearchAction","target":{"@type":"EntryPoint","urlTemplate":"https:\/\/elpuucnoticias.com\/?s={search_term_string}"},"query-input":"required name=search_term_string"}],"inLanguage":"es"},{"@type":"ImageObject","@id":"https:\/\/elpuucnoticias.com\/?p=1005#primaryimage","inLanguage":"es","url":"https:\/\/elpuucnoticias.com\/wp-content\/uploads\/2022\/04\/WhatsApp-Image-2022-04-09-at-8.52.18-PM-1.jpeg","contentUrl":"https:\/\/elpuucnoticias.com\/wp-content\/uploads\/2022\/04\/WhatsApp-Image-2022-04-09-at-8.52.18-PM-1.jpeg","width":1280,"height":853},{"@type":"WebPage","@id":"https:\/\/elpuucnoticias.com\/?p=1005#webpage","url":"https:\/\/elpuucnoticias.com\/?p=1005","name":"Inicia la reconstrucci\u00f3n de la ciclopista Peto-Xoy, abandonada desde hace 25 a\u00f1os, y que beneficiar\u00e1 a cientos de personas, destaca el alcalde, Ren\u00e1n Jim\u00e9nez Tah - El Puuc Noticias","isPartOf":{"@id":"https:\/\/elpuucnoticias.com\/#website"},"primaryImageOfPage":{"@id":"https:\/\/elpuucnoticias.com\/?p=1005#primaryimage"},"datePublished":"2022-04-11T19:48:38+00:00","dateModified":"2022-04-11T19:48:39+00:00","author":{"@id":"https:\/\/elpuucnoticias.com\/#\/schema\/person\/d2ea09e4c97f0160b11cdfb1d856bd9e"},"breadcrumb":{"@id":"https:\/\/elpuucnoticias.com\/?p=1005#breadcrumb"},"inLanguage":"es","potentialAction":[{"@type":"ReadAction","target":["https:\/\/elpuucnoticias.com\/?p=1005"]}]},{"@type":"BreadcrumbList","@id":"https:\/\/elpuucnoticias.com\/?p=1005#breadcrumb","itemListElement":[{"@type":"ListItem","position":1,"name":"Portada","item":"https:\/\/elpuucnoticias.com\/"},{"@type":"ListItem","position":2,"name":"Inicia la reconstrucci\u00f3n de la ciclopista Peto-Xoy, abandonada desde hace 25 a\u00f1os, y que beneficiar\u00e1 a cientos de personas, destaca el alcalde, Ren\u00e1n Jim\u00e9nez Tah"}]},{"@type":"Person","@id":"https:\/\/elpuucnoticias.com\/#\/schema\/person\/d2ea09e4c97f0160b11cdfb1d856bd9e","name":"elpuucnoticias","image":{"@type":"ImageObject","@id":"https:\/\/elpuucnoticias.com\/#personlogo","inLanguage":"es","url":"https:\/\/secure.gravatar.com\/avatar\/5290a43657c74ffa15701dbe5b846bd85cc71930d803c84e91046a7333de6ce2?s=96&d=mm&r=g","contentUrl":"https:\/\/secure.gravatar.com\/avatar\/5290a43657c74ffa15701dbe5b846bd85cc71930d803c84e91046a7333de6ce2?s=96&d=mm&r=g","caption":"elpuucnoticias"},"sameAs":["https:\/\/elpuucnoticias.com"],"url":"https:\/\/elpuucnoticias.com\/?author=1"}]}},"_links":{"self":[{"href":"https:\/\/elpuucnoticias.com\/index.php?rest_route=\/wp\/v2\/posts\/1005","targetHints":{"allow":["GET"]}}],"collection":[{"href":"https:\/\/elpuucnoticias.com\/index.php?rest_route=\/wp\/v2\/posts"}],"about":[{"href":"https:\/\/elpuucnoticias.com\/index.php?rest_route=\/wp\/v2\/types\/post"}],"author":[{"embeddable":true,"href":"https:\/\/elpuucnoticias.com\/index.php?rest_route=\/wp\/v2\/users\/1"}],"replies":[{"embeddable":true,"href":"https:\/\/elpuucnoticias.com\/index.php?rest_route=%2Fwp%2Fv2%2Fcomments&post=1005"}],"version-history":[{"count":1,"href":"https:\/\/elpuucnoticias.com\/index.php?rest_route=\/wp\/v2\/posts\/1005\/revisions"}],"predecessor-version":[{"id":1013,"href":"https:\/\/elpuucnoticias.com\/index.php?rest_route=\/wp\/v2\/posts\/1005\/revisions\/1013"}],"wp:featuredmedia":[{"embeddable":true,"href":"https:\/\/elpuucnoticias.com\/index.php?rest_route=\/wp\/v2\/media\/1006"}],"wp:attachment":[{"href":"https:\/\/elpuucnoticias.com\/index.php?rest_route=%2Fwp%2Fv2%2Fmedia&parent=1005"}],"wp:term":[{"taxonomy":"category","embeddable":true,"href":"https:\/\/elpuucnoticias.com\/index.php?rest_route=%2Fwp%2Fv2%2Fcategories&post=1005"},{"taxonomy":"post_tag","embeddable":true,"href":"https:\/\/elpuucnoticias.com\/index.php?rest_route=%2Fwp%2Fv2%2Ftags&post=1005"}],"curies":[{"name":"wp","href":"https:\/\/api.w.org\/{rel}","templated":true}]}}