{"id":10112,"date":"2023-10-26T18:47:48","date_gmt":"2023-10-27T00:47:48","guid":{"rendered":"https:\/\/elpuucnoticias.com\/?p=10112"},"modified":"2023-10-26T18:47:49","modified_gmt":"2023-10-27T00:47:49","slug":"ninos-de-primaria-de-ticul-se-suman-a-las-acciones-para-cuidar-el-medio-ambiente-y-ayudar-en-la-lucha-contra-el-cancer","status":"publish","type":"post","link":"https:\/\/elpuucnoticias.com\/?p=10112","title":{"rendered":"Ni\u00f1os de primaria de Ticul se suman a las acciones para cuidar el medio ambiente y ayudar en la lucha contra el c\u00e1ncer"},"content":{"rendered":"\n<p>Esta ma\u00f1ana se realiz\u00f3 la entrega oficial del proyecto escolar comunitario #Tapaton2023 de la escuela Primaria Joaqu\u00edn Barrera Gonz\u00e1lez por iniciativa del maestro Juan Tax, en coordinaci\u00f3n con nuestra Regidur\u00eda de Desarrollo Sustentable, del Ayuntamiento de Ticul.<\/p>\n\n\n\n<p>En la que los alumnos o \u00abSalvadores Naturales\u00bb como se hacen llamar, se unieron a la lucha contra el c\u00e1ncer a trav\u00e9s de esta acci\u00f3n ambiental, sum\u00e1ndose tambi\u00e9n las escuelas Venustiano Carranza, Rafael Ram\u00edrez Casta\u00f1eda y Felipe Carrilo Puerto.<\/p>\n\n\n\n<figure class=\"wp-block-gallery has-nested-images columns-default is-cropped wp-block-gallery-1 is-layout-flex wp-block-gallery-is-layout-flex\">\n<figure class=\"wp-block-image size-large\"><img loading=\"lazy\" decoding=\"async\" width=\"1024\" height=\"682\" data-id=\"10115\" src=\"https:\/\/elpuucnoticias.com\/wp-content\/uploads\/2023\/10\/WhatsApp-Image-2023-10-26-at-12.39.28-PM-1-1024x682.jpeg\" alt=\"\" class=\"wp-image-10115\" srcset=\"https:\/\/elpuucnoticias.com\/wp-content\/uploads\/2023\/10\/WhatsApp-Image-2023-10-26-at-12.39.28-PM-1-1024x682.jpeg 1024w, https:\/\/elpuucnoticias.com\/wp-content\/uploads\/2023\/10\/WhatsApp-Image-2023-10-26-at-12.39.28-PM-1-300x200.jpeg 300w, https:\/\/elpuucnoticias.com\/wp-content\/uploads\/2023\/10\/WhatsApp-Image-2023-10-26-at-12.39.28-PM-1-768x512.jpeg 768w, https:\/\/elpuucnoticias.com\/wp-content\/uploads\/2023\/10\/WhatsApp-Image-2023-10-26-at-12.39.28-PM-1.jpeg 1280w\" sizes=\"auto, (max-width: 1024px) 100vw, 1024px\" \/><\/figure>\n\n\n\n<figure class=\"wp-block-image size-large\"><img loading=\"lazy\" decoding=\"async\" width=\"1024\" height=\"682\" data-id=\"10116\" src=\"https:\/\/elpuucnoticias.com\/wp-content\/uploads\/2023\/10\/WhatsApp-Image-2023-10-26-at-12.39.28-PM-1024x682.jpeg\" alt=\"\" class=\"wp-image-10116\" srcset=\"https:\/\/elpuucnoticias.com\/wp-content\/uploads\/2023\/10\/WhatsApp-Image-2023-10-26-at-12.39.28-PM-1024x682.jpeg 1024w, https:\/\/elpuucnoticias.com\/wp-content\/uploads\/2023\/10\/WhatsApp-Image-2023-10-26-at-12.39.28-PM-300x200.jpeg 300w, https:\/\/elpuucnoticias.com\/wp-content\/uploads\/2023\/10\/WhatsApp-Image-2023-10-26-at-12.39.28-PM-768x512.jpeg 768w, https:\/\/elpuucnoticias.com\/wp-content\/uploads\/2023\/10\/WhatsApp-Image-2023-10-26-at-12.39.28-PM.jpeg 1280w\" sizes=\"auto, (max-width: 1024px) 100vw, 1024px\" \/><\/figure>\n\n\n\n<figure class=\"wp-block-image size-large\"><img loading=\"lazy\" decoding=\"async\" width=\"1024\" height=\"682\" data-id=\"10114\" src=\"https:\/\/elpuucnoticias.com\/wp-content\/uploads\/2023\/10\/WhatsApp-Image-2023-10-26-at-12.39.27-PM-2-1024x682.jpeg\" alt=\"\" class=\"wp-image-10114\" srcset=\"https:\/\/elpuucnoticias.com\/wp-content\/uploads\/2023\/10\/WhatsApp-Image-2023-10-26-at-12.39.27-PM-2-1024x682.jpeg 1024w, https:\/\/elpuucnoticias.com\/wp-content\/uploads\/2023\/10\/WhatsApp-Image-2023-10-26-at-12.39.27-PM-2-300x200.jpeg 300w, https:\/\/elpuucnoticias.com\/wp-content\/uploads\/2023\/10\/WhatsApp-Image-2023-10-26-at-12.39.27-PM-2-768x512.jpeg 768w, https:\/\/elpuucnoticias.com\/wp-content\/uploads\/2023\/10\/WhatsApp-Image-2023-10-26-at-12.39.27-PM-2.jpeg 1280w\" sizes=\"auto, (max-width: 1024px) 100vw, 1024px\" \/><\/figure>\n<\/figure>\n\n\n\n<p>En este acto oficial se cont\u00f3 con la presencia de las autoridades del Ayuntamiento de Ticul como la S\u00edndico Municipal, Mtra. Marissa Carrillo, en representaci\u00f3n del alcalde Rafa Montalvo, el Secretario Municipal, Mtro. Oscar Gonz\u00e1lez P\u00e9rez y la Regidora de Ecolog\u00eda y Desarrollo Sustentable, Mtra. Blanca Lizarraga por parte del Sector Educativo se cont\u00f3 con la presencia del Mtro. Ar\u00f3n Salazar Alpuche Director de la primaria Joaqu\u00edn Barrera Gonz\u00e1lez y la Mtra. Sandra Pino Interi\u00e1n Directora de la primaria Venustiano Carranza, as\u00ed como del Prof. Juan Tax, coordinador de este proyecto.<\/p>\n\n\n\n<figure class=\"wp-block-gallery has-nested-images columns-default is-cropped wp-block-gallery-2 is-layout-flex wp-block-gallery-is-layout-flex\">\n<figure class=\"wp-block-image size-large\"><img loading=\"lazy\" decoding=\"async\" width=\"1024\" height=\"682\" data-id=\"10118\" src=\"https:\/\/elpuucnoticias.com\/wp-content\/uploads\/2023\/10\/WhatsApp-Image-2023-10-26-at-12.39.27-PM-1-1024x682.jpeg\" alt=\"\" class=\"wp-image-10118\" srcset=\"https:\/\/elpuucnoticias.com\/wp-content\/uploads\/2023\/10\/WhatsApp-Image-2023-10-26-at-12.39.27-PM-1-1024x682.jpeg 1024w, https:\/\/elpuucnoticias.com\/wp-content\/uploads\/2023\/10\/WhatsApp-Image-2023-10-26-at-12.39.27-PM-1-300x200.jpeg 300w, https:\/\/elpuucnoticias.com\/wp-content\/uploads\/2023\/10\/WhatsApp-Image-2023-10-26-at-12.39.27-PM-1-768x512.jpeg 768w, https:\/\/elpuucnoticias.com\/wp-content\/uploads\/2023\/10\/WhatsApp-Image-2023-10-26-at-12.39.27-PM-1.jpeg 1280w\" sizes=\"auto, (max-width: 1024px) 100vw, 1024px\" \/><\/figure>\n\n\n\n<figure class=\"wp-block-image size-large\"><img loading=\"lazy\" decoding=\"async\" width=\"1024\" height=\"682\" data-id=\"10117\" src=\"https:\/\/elpuucnoticias.com\/wp-content\/uploads\/2023\/10\/WhatsApp-Image-2023-10-26-at-12.39.27-PM-1024x682.jpeg\" alt=\"\" class=\"wp-image-10117\" srcset=\"https:\/\/elpuucnoticias.com\/wp-content\/uploads\/2023\/10\/WhatsApp-Image-2023-10-26-at-12.39.27-PM-1024x682.jpeg 1024w, https:\/\/elpuucnoticias.com\/wp-content\/uploads\/2023\/10\/WhatsApp-Image-2023-10-26-at-12.39.27-PM-300x200.jpeg 300w, https:\/\/elpuucnoticias.com\/wp-content\/uploads\/2023\/10\/WhatsApp-Image-2023-10-26-at-12.39.27-PM-768x512.jpeg 768w, https:\/\/elpuucnoticias.com\/wp-content\/uploads\/2023\/10\/WhatsApp-Image-2023-10-26-at-12.39.27-PM.jpeg 1280w\" sizes=\"auto, (max-width: 1024px) 100vw, 1024px\" \/><\/figure>\n<\/figure>\n\n\n\n<p>Los ni\u00f1os de 6to grado de estas escuelas depositaron el total de las tapitas recaudadas en este gran proyecto, una obra qu\u00e9 fomenta las buenas acciones y la concientizaci\u00f3n sobre temas del medio ambiente y la salud.<\/p>\n","protected":false},"excerpt":{"rendered":"<p>Esta ma\u00f1ana se realiz\u00f3 la entrega oficial del proyecto escolar comunitario #Tapaton2023 de la escuela Primaria Joaqu\u00edn Barrera<\/p>\n","protected":false},"author":1,"featured_media":10113,"comment_status":"closed","ping_status":"open","sticky":false,"template":"","format":"standard","meta":{"_monsterinsights_skip_tracking":false,"_monsterinsights_sitenote_active":false,"_monsterinsights_sitenote_note":"","_monsterinsights_sitenote_category":0,"footnotes":""},"categories":[11,13],"tags":[],"class_list":["post-10112","post","type-post","status-publish","format-standard","has-post-thumbnail","hentry","category-noticias","category-ticul"],"yoast_head":"<!-- This site is optimized with the Yoast SEO plugin v18.3 - https:\/\/yoast.com\/wordpress\/plugins\/seo\/ -->\n<title>Ni\u00f1os de primaria de Ticul se suman a las acciones para cuidar el medio ambiente y ayudar en la lucha contra el c\u00e1ncer - El Puuc Noticias<\/title>\n<meta name=\"robots\" content=\"index, follow, max-snippet:-1, max-image-preview:large, max-video-preview:-1\" \/>\n<link rel=\"canonical\" href=\"https:\/\/elpuucnoticias.com\/?p=10112\" \/>\n<meta property=\"og:locale\" content=\"es_ES\" \/>\n<meta property=\"og:type\" content=\"article\" \/>\n<meta property=\"og:title\" content=\"Ni\u00f1os de primaria de Ticul se suman a las acciones para cuidar el medio ambiente y ayudar en la lucha contra el c\u00e1ncer - El Puuc Noticias\" \/>\n<meta property=\"og:description\" content=\"Esta ma\u00f1ana se realiz\u00f3 la entrega oficial del proyecto escolar comunitario #Tapaton2023 de la escuela Primaria Joaqu\u00edn Barrera\" \/>\n<meta property=\"og:url\" content=\"https:\/\/elpuucnoticias.com\/?p=10112\" \/>\n<meta property=\"og:site_name\" content=\"El Puuc Noticias\" \/>\n<meta property=\"article:published_time\" content=\"2023-10-27T00:47:48+00:00\" \/>\n<meta property=\"article:modified_time\" content=\"2023-10-27T00:47:49+00:00\" \/>\n<meta property=\"og:image\" content=\"https:\/\/elpuucnoticias.com\/wp-content\/uploads\/2023\/10\/WhatsApp-Image-2023-10-26-at-12.39.28-PM-2.jpeg\" \/>\n\t<meta property=\"og:image:width\" content=\"1280\" \/>\n\t<meta property=\"og:image:height\" content=\"853\" \/>\n\t<meta property=\"og:image:type\" content=\"image\/jpeg\" \/>\n<meta name=\"twitter:card\" content=\"summary_large_image\" \/>\n<meta name=\"twitter:label1\" content=\"Escrito por\" \/>\n\t<meta name=\"twitter:data1\" content=\"elpuucnoticias\" \/>\n\t<meta name=\"twitter:label2\" content=\"Tiempo de lectura\" \/>\n\t<meta name=\"twitter:data2\" content=\"2 minutos\" \/>\n<script type=\"application\/ld+json\" class=\"yoast-schema-graph\">{\"@context\":\"https:\/\/schema.org\",\"@graph\":[{\"@type\":\"WebSite\",\"@id\":\"https:\/\/elpuucnoticias.com\/#website\",\"url\":\"https:\/\/elpuucnoticias.com\/\",\"name\":\"El Puuc Noticias\",\"description\":\"Noticias - Entretenimiento - Deportes\",\"potentialAction\":[{\"@type\":\"SearchAction\",\"target\":{\"@type\":\"EntryPoint\",\"urlTemplate\":\"https:\/\/elpuucnoticias.com\/?s={search_term_string}\"},\"query-input\":\"required name=search_term_string\"}],\"inLanguage\":\"es\"},{\"@type\":\"ImageObject\",\"@id\":\"https:\/\/elpuucnoticias.com\/?p=10112#primaryimage\",\"inLanguage\":\"es\",\"url\":\"https:\/\/elpuucnoticias.com\/wp-content\/uploads\/2023\/10\/WhatsApp-Image-2023-10-26-at-12.39.28-PM-2.jpeg\",\"contentUrl\":\"https:\/\/elpuucnoticias.com\/wp-content\/uploads\/2023\/10\/WhatsApp-Image-2023-10-26-at-12.39.28-PM-2.jpeg\",\"width\":1280,\"height\":853},{\"@type\":\"WebPage\",\"@id\":\"https:\/\/elpuucnoticias.com\/?p=10112#webpage\",\"url\":\"https:\/\/elpuucnoticias.com\/?p=10112\",\"name\":\"Ni\u00f1os de primaria de Ticul se suman a las acciones para cuidar el medio ambiente y ayudar en la lucha contra el c\u00e1ncer - El Puuc Noticias\",\"isPartOf\":{\"@id\":\"https:\/\/elpuucnoticias.com\/#website\"},\"primaryImageOfPage\":{\"@id\":\"https:\/\/elpuucnoticias.com\/?p=10112#primaryimage\"},\"datePublished\":\"2023-10-27T00:47:48+00:00\",\"dateModified\":\"2023-10-27T00:47:49+00:00\",\"author\":{\"@id\":\"https:\/\/elpuucnoticias.com\/#\/schema\/person\/d2ea09e4c97f0160b11cdfb1d856bd9e\"},\"breadcrumb\":{\"@id\":\"https:\/\/elpuucnoticias.com\/?p=10112#breadcrumb\"},\"inLanguage\":\"es\",\"potentialAction\":[{\"@type\":\"ReadAction\",\"target\":[\"https:\/\/elpuucnoticias.com\/?p=10112\"]}]},{\"@type\":\"BreadcrumbList\",\"@id\":\"https:\/\/elpuucnoticias.com\/?p=10112#breadcrumb\",\"itemListElement\":[{\"@type\":\"ListItem\",\"position\":1,\"name\":\"Portada\",\"item\":\"https:\/\/elpuucnoticias.com\/\"},{\"@type\":\"ListItem\",\"position\":2,\"name\":\"Ni\u00f1os de primaria de Ticul se suman a las acciones para cuidar el medio ambiente y ayudar en la lucha contra el c\u00e1ncer\"}]},{\"@type\":\"Person\",\"@id\":\"https:\/\/elpuucnoticias.com\/#\/schema\/person\/d2ea09e4c97f0160b11cdfb1d856bd9e\",\"name\":\"elpuucnoticias\",\"image\":{\"@type\":\"ImageObject\",\"@id\":\"https:\/\/elpuucnoticias.com\/#personlogo\",\"inLanguage\":\"es\",\"url\":\"https:\/\/secure.gravatar.com\/avatar\/5290a43657c74ffa15701dbe5b846bd85cc71930d803c84e91046a7333de6ce2?s=96&d=mm&r=g\",\"contentUrl\":\"https:\/\/secure.gravatar.com\/avatar\/5290a43657c74ffa15701dbe5b846bd85cc71930d803c84e91046a7333de6ce2?s=96&d=mm&r=g\",\"caption\":\"elpuucnoticias\"},\"sameAs\":[\"https:\/\/elpuucnoticias.com\"],\"url\":\"https:\/\/elpuucnoticias.com\/?author=1\"}]}<\/script>\n<!-- \/ Yoast SEO plugin. -->","yoast_head_json":{"title":"Ni\u00f1os de primaria de Ticul se suman a las acciones para cuidar el medio ambiente y ayudar en la lucha contra el c\u00e1ncer - El Puuc Noticias","robots":{"index":"index","follow":"follow","max-snippet":"max-snippet:-1","max-image-preview":"max-image-preview:large","max-video-preview":"max-video-preview:-1"},"canonical":"https:\/\/elpuucnoticias.com\/?p=10112","og_locale":"es_ES","og_type":"article","og_title":"Ni\u00f1os de primaria de Ticul se suman a las acciones para cuidar el medio ambiente y ayudar en la lucha contra el c\u00e1ncer - El Puuc Noticias","og_description":"Esta ma\u00f1ana se realiz\u00f3 la entrega oficial del proyecto escolar comunitario #Tapaton2023 de la escuela Primaria Joaqu\u00edn Barrera","og_url":"https:\/\/elpuucnoticias.com\/?p=10112","og_site_name":"El Puuc Noticias","article_published_time":"2023-10-27T00:47:48+00:00","article_modified_time":"2023-10-27T00:47:49+00:00","og_image":[{"width":1280,"height":853,"url":"https:\/\/elpuucnoticias.com\/wp-content\/uploads\/2023\/10\/WhatsApp-Image-2023-10-26-at-12.39.28-PM-2.jpeg","type":"image\/jpeg"}],"twitter_card":"summary_large_image","twitter_misc":{"Escrito por":"elpuucnoticias","Tiempo de lectura":"2 minutos"},"schema":{"@context":"https:\/\/schema.org","@graph":[{"@type":"WebSite","@id":"https:\/\/elpuucnoticias.com\/#website","url":"https:\/\/elpuucnoticias.com\/","name":"El Puuc Noticias","description":"Noticias - Entretenimiento - Deportes","potentialAction":[{"@type":"SearchAction","target":{"@type":"EntryPoint","urlTemplate":"https:\/\/elpuucnoticias.com\/?s={search_term_string}"},"query-input":"required name=search_term_string"}],"inLanguage":"es"},{"@type":"ImageObject","@id":"https:\/\/elpuucnoticias.com\/?p=10112#primaryimage","inLanguage":"es","url":"https:\/\/elpuucnoticias.com\/wp-content\/uploads\/2023\/10\/WhatsApp-Image-2023-10-26-at-12.39.28-PM-2.jpeg","contentUrl":"https:\/\/elpuucnoticias.com\/wp-content\/uploads\/2023\/10\/WhatsApp-Image-2023-10-26-at-12.39.28-PM-2.jpeg","width":1280,"height":853},{"@type":"WebPage","@id":"https:\/\/elpuucnoticias.com\/?p=10112#webpage","url":"https:\/\/elpuucnoticias.com\/?p=10112","name":"Ni\u00f1os de primaria de Ticul se suman a las acciones para cuidar el medio ambiente y ayudar en la lucha contra el c\u00e1ncer - El Puuc Noticias","isPartOf":{"@id":"https:\/\/elpuucnoticias.com\/#website"},"primaryImageOfPage":{"@id":"https:\/\/elpuucnoticias.com\/?p=10112#primaryimage"},"datePublished":"2023-10-27T00:47:48+00:00","dateModified":"2023-10-27T00:47:49+00:00","author":{"@id":"https:\/\/elpuucnoticias.com\/#\/schema\/person\/d2ea09e4c97f0160b11cdfb1d856bd9e"},"breadcrumb":{"@id":"https:\/\/elpuucnoticias.com\/?p=10112#breadcrumb"},"inLanguage":"es","potentialAction":[{"@type":"ReadAction","target":["https:\/\/elpuucnoticias.com\/?p=10112"]}]},{"@type":"BreadcrumbList","@id":"https:\/\/elpuucnoticias.com\/?p=10112#breadcrumb","itemListElement":[{"@type":"ListItem","position":1,"name":"Portada","item":"https:\/\/elpuucnoticias.com\/"},{"@type":"ListItem","position":2,"name":"Ni\u00f1os de primaria de Ticul se suman a las acciones para cuidar el medio ambiente y ayudar en la lucha contra el c\u00e1ncer"}]},{"@type":"Person","@id":"https:\/\/elpuucnoticias.com\/#\/schema\/person\/d2ea09e4c97f0160b11cdfb1d856bd9e","name":"elpuucnoticias","image":{"@type":"ImageObject","@id":"https:\/\/elpuucnoticias.com\/#personlogo","inLanguage":"es","url":"https:\/\/secure.gravatar.com\/avatar\/5290a43657c74ffa15701dbe5b846bd85cc71930d803c84e91046a7333de6ce2?s=96&d=mm&r=g","contentUrl":"https:\/\/secure.gravatar.com\/avatar\/5290a43657c74ffa15701dbe5b846bd85cc71930d803c84e91046a7333de6ce2?s=96&d=mm&r=g","caption":"elpuucnoticias"},"sameAs":["https:\/\/elpuucnoticias.com"],"url":"https:\/\/elpuucnoticias.com\/?author=1"}]}},"_links":{"self":[{"href":"https:\/\/elpuucnoticias.com\/index.php?rest_route=\/wp\/v2\/posts\/10112","targetHints":{"allow":["GET"]}}],"collection":[{"href":"https:\/\/elpuucnoticias.com\/index.php?rest_route=\/wp\/v2\/posts"}],"about":[{"href":"https:\/\/elpuucnoticias.com\/index.php?rest_route=\/wp\/v2\/types\/post"}],"author":[{"embeddable":true,"href":"https:\/\/elpuucnoticias.com\/index.php?rest_route=\/wp\/v2\/users\/1"}],"replies":[{"embeddable":true,"href":"https:\/\/elpuucnoticias.com\/index.php?rest_route=%2Fwp%2Fv2%2Fcomments&post=10112"}],"version-history":[{"count":1,"href":"https:\/\/elpuucnoticias.com\/index.php?rest_route=\/wp\/v2\/posts\/10112\/revisions"}],"predecessor-version":[{"id":10119,"href":"https:\/\/elpuucnoticias.com\/index.php?rest_route=\/wp\/v2\/posts\/10112\/revisions\/10119"}],"wp:featuredmedia":[{"embeddable":true,"href":"https:\/\/elpuucnoticias.com\/index.php?rest_route=\/wp\/v2\/media\/10113"}],"wp:attachment":[{"href":"https:\/\/elpuucnoticias.com\/index.php?rest_route=%2Fwp%2Fv2%2Fmedia&parent=10112"}],"wp:term":[{"taxonomy":"category","embeddable":true,"href":"https:\/\/elpuucnoticias.com\/index.php?rest_route=%2Fwp%2Fv2%2Fcategories&post=10112"},{"taxonomy":"post_tag","embeddable":true,"href":"https:\/\/elpuucnoticias.com\/index.php?rest_route=%2Fwp%2Fv2%2Ftags&post=10112"}],"curies":[{"name":"wp","href":"https:\/\/api.w.org\/{rel}","templated":true}]}}