{"id":10128,"date":"2023-10-27T18:23:14","date_gmt":"2023-10-28T00:23:14","guid":{"rendered":"https:\/\/elpuucnoticias.com\/?p=10128"},"modified":"2023-10-27T18:23:14","modified_gmt":"2023-10-28T00:23:14","slug":"alcalde-de-peto-pone-la-primera-piedra-para-la-construccion-de-un-aula-mas-para-la-universidad-pedagogica-nacional","status":"publish","type":"post","link":"https:\/\/elpuucnoticias.com\/?p=10128","title":{"rendered":"Alcalde de Peto pone la primera piedra para la construcci\u00f3n de un aula m\u00e1s para la Universidad Pedag\u00f3gica Nacional"},"content":{"rendered":"\n<p>Demostrando su compromiso con la educaci\u00f3n, este jueves el alcalde de Peto, Ren\u00e1n Jim\u00e9nez Tah, coloc\u00f3 la primera piedra de la construcci\u00f3n de una nueva aula para la Universidad Pedag\u00f3gica Nacional.<\/p>\n\n\n\n<p>Esta iniciativa fue posible gracias a los recursos provenientes del propio Ayuntamiento, lo que demuestra la importancia que se le da a la formaci\u00f3n acad\u00e9mica en la comunidad.<\/p>\n\n\n\n<figure class=\"wp-block-gallery has-nested-images columns-default is-cropped wp-block-gallery-1 is-layout-flex wp-block-gallery-is-layout-flex\">\n<figure class=\"wp-block-image size-large\"><img loading=\"lazy\" decoding=\"async\" width=\"720\" height=\"480\" data-id=\"10131\" src=\"https:\/\/elpuucnoticias.com\/wp-content\/uploads\/2023\/10\/WhatsApp-Image-2023-10-26-at-8.04.10-PM-1.jpeg\" alt=\"\" class=\"wp-image-10131\" srcset=\"https:\/\/elpuucnoticias.com\/wp-content\/uploads\/2023\/10\/WhatsApp-Image-2023-10-26-at-8.04.10-PM-1.jpeg 720w, https:\/\/elpuucnoticias.com\/wp-content\/uploads\/2023\/10\/WhatsApp-Image-2023-10-26-at-8.04.10-PM-1-300x200.jpeg 300w\" sizes=\"auto, (max-width: 720px) 100vw, 720px\" \/><\/figure>\n\n\n\n<figure class=\"wp-block-image size-large\"><img loading=\"lazy\" decoding=\"async\" width=\"720\" height=\"480\" data-id=\"10130\" src=\"https:\/\/elpuucnoticias.com\/wp-content\/uploads\/2023\/10\/WhatsApp-Image-2023-10-26-at-8.04.09-PM-1.jpeg\" alt=\"\" class=\"wp-image-10130\" srcset=\"https:\/\/elpuucnoticias.com\/wp-content\/uploads\/2023\/10\/WhatsApp-Image-2023-10-26-at-8.04.09-PM-1.jpeg 720w, https:\/\/elpuucnoticias.com\/wp-content\/uploads\/2023\/10\/WhatsApp-Image-2023-10-26-at-8.04.09-PM-1-300x200.jpeg 300w\" sizes=\"auto, (max-width: 720px) 100vw, 720px\" \/><\/figure>\n\n\n\n<figure class=\"wp-block-image size-large\"><img loading=\"lazy\" decoding=\"async\" width=\"720\" height=\"480\" data-id=\"10132\" src=\"https:\/\/elpuucnoticias.com\/wp-content\/uploads\/2023\/10\/WhatsApp-Image-2023-10-26-at-8.04.08-PM.jpeg\" alt=\"\" class=\"wp-image-10132\" srcset=\"https:\/\/elpuucnoticias.com\/wp-content\/uploads\/2023\/10\/WhatsApp-Image-2023-10-26-at-8.04.08-PM.jpeg 720w, https:\/\/elpuucnoticias.com\/wp-content\/uploads\/2023\/10\/WhatsApp-Image-2023-10-26-at-8.04.08-PM-300x200.jpeg 300w\" sizes=\"auto, (max-width: 720px) 100vw, 720px\" \/><\/figure>\n<\/figure>\n\n\n\n<p>Con esta nueva infraestructura, los estudiantes contar\u00e1n con espacios adecuados para su aprendizaje y desarrollo, fortaleciendo as\u00ed la calidad educativa en el municipio.<\/p>\n\n\n\n<p>El alcalde reafirm\u00f3 su compromiso de seguir invirtiendo en la educaci\u00f3n, reconociendo que es la base para el progreso de la sociedad.<\/p>\n\n\n\n<figure class=\"wp-block-gallery has-nested-images columns-default is-cropped wp-block-gallery-2 is-layout-flex wp-block-gallery-is-layout-flex\">\n<figure class=\"wp-block-image size-large\"><img loading=\"lazy\" decoding=\"async\" width=\"683\" height=\"1024\" data-id=\"10134\" src=\"https:\/\/elpuucnoticias.com\/wp-content\/uploads\/2023\/10\/WhatsApp-Image-2023-10-26-at-8.04.09-PM-2-683x1024.jpeg\" alt=\"\" class=\"wp-image-10134\" srcset=\"https:\/\/elpuucnoticias.com\/wp-content\/uploads\/2023\/10\/WhatsApp-Image-2023-10-26-at-8.04.09-PM-2-683x1024.jpeg 683w, https:\/\/elpuucnoticias.com\/wp-content\/uploads\/2023\/10\/WhatsApp-Image-2023-10-26-at-8.04.09-PM-2-200x300.jpeg 200w, https:\/\/elpuucnoticias.com\/wp-content\/uploads\/2023\/10\/WhatsApp-Image-2023-10-26-at-8.04.09-PM-2.jpeg 720w\" sizes=\"auto, (max-width: 683px) 100vw, 683px\" \/><\/figure>\n\n\n\n<figure class=\"wp-block-image size-large\"><img loading=\"lazy\" decoding=\"async\" width=\"683\" height=\"1024\" data-id=\"10133\" src=\"https:\/\/elpuucnoticias.com\/wp-content\/uploads\/2023\/10\/WhatsApp-Image-2023-10-26-at-8.04.09-PM-683x1024.jpeg\" alt=\"\" class=\"wp-image-10133\" srcset=\"https:\/\/elpuucnoticias.com\/wp-content\/uploads\/2023\/10\/WhatsApp-Image-2023-10-26-at-8.04.09-PM-683x1024.jpeg 683w, https:\/\/elpuucnoticias.com\/wp-content\/uploads\/2023\/10\/WhatsApp-Image-2023-10-26-at-8.04.09-PM-200x300.jpeg 200w, https:\/\/elpuucnoticias.com\/wp-content\/uploads\/2023\/10\/WhatsApp-Image-2023-10-26-at-8.04.09-PM.jpeg 720w\" sizes=\"auto, (max-width: 683px) 100vw, 683px\" \/><\/figure>\n<\/figure>\n\n\n\n<p>Dicha actividad se realiz\u00f3 en el marco de la celebraci\u00f3n de 18 aniversario de la Universidad Pedag\u00f3gica Nacional subsede Peto.<\/p>\n\n\n\n<p>Cabe mencionar que la UPN fue la primera Universidad en la poblaci\u00f3n y actualmente cuenta con 275 estudiantes en sus dos programas educativos, la Licenciatura en Intervenci\u00f3n Educativa (LIE) y la Licenciatura en Educaci\u00f3n Preescolar y Primaria para el Medio Ind\u00edgena (LEPEPMI&#8217;90).<\/p>\n","protected":false},"excerpt":{"rendered":"<p>Demostrando su compromiso con la educaci\u00f3n, este jueves el alcalde de Peto, Ren\u00e1n Jim\u00e9nez Tah, coloc\u00f3 la primera<\/p>\n","protected":false},"author":1,"featured_media":10129,"comment_status":"closed","ping_status":"open","sticky":false,"template":"","format":"standard","meta":{"_monsterinsights_skip_tracking":false,"_monsterinsights_sitenote_active":false,"_monsterinsights_sitenote_note":"","_monsterinsights_sitenote_category":0,"footnotes":""},"categories":[11,20],"tags":[],"class_list":["post-10128","post","type-post","status-publish","format-standard","has-post-thumbnail","hentry","category-noticias","category-peto"],"yoast_head":"<!-- This site is optimized with the Yoast SEO plugin v18.3 - https:\/\/yoast.com\/wordpress\/plugins\/seo\/ -->\n<title>Alcalde de Peto pone la primera piedra para la construcci\u00f3n de un aula m\u00e1s para la Universidad Pedag\u00f3gica Nacional - El Puuc Noticias<\/title>\n<meta name=\"robots\" content=\"index, follow, max-snippet:-1, max-image-preview:large, max-video-preview:-1\" \/>\n<link rel=\"canonical\" href=\"https:\/\/elpuucnoticias.com\/?p=10128\" \/>\n<meta property=\"og:locale\" content=\"es_ES\" \/>\n<meta property=\"og:type\" content=\"article\" \/>\n<meta property=\"og:title\" content=\"Alcalde de Peto pone la primera piedra para la construcci\u00f3n de un aula m\u00e1s para la Universidad Pedag\u00f3gica Nacional - El Puuc Noticias\" \/>\n<meta property=\"og:description\" content=\"Demostrando su compromiso con la educaci\u00f3n, este jueves el alcalde de Peto, Ren\u00e1n Jim\u00e9nez Tah, coloc\u00f3 la primera\" \/>\n<meta property=\"og:url\" content=\"https:\/\/elpuucnoticias.com\/?p=10128\" \/>\n<meta property=\"og:site_name\" content=\"El Puuc Noticias\" \/>\n<meta property=\"article:published_time\" content=\"2023-10-28T00:23:14+00:00\" \/>\n<meta property=\"og:image\" content=\"https:\/\/elpuucnoticias.com\/wp-content\/uploads\/2023\/10\/WhatsApp-Image-2023-10-26-at-8.04.10-PM-1.jpeg\" \/>\n<meta name=\"twitter:card\" content=\"summary_large_image\" \/>\n<meta name=\"twitter:label1\" content=\"Escrito por\" \/>\n\t<meta name=\"twitter:data1\" content=\"elpuucnoticias\" \/>\n\t<meta name=\"twitter:label2\" content=\"Tiempo de lectura\" \/>\n\t<meta name=\"twitter:data2\" content=\"1 minuto\" \/>\n<script type=\"application\/ld+json\" class=\"yoast-schema-graph\">{\"@context\":\"https:\/\/schema.org\",\"@graph\":[{\"@type\":\"WebSite\",\"@id\":\"https:\/\/elpuucnoticias.com\/#website\",\"url\":\"https:\/\/elpuucnoticias.com\/\",\"name\":\"El Puuc Noticias\",\"description\":\"Noticias - Entretenimiento - Deportes\",\"potentialAction\":[{\"@type\":\"SearchAction\",\"target\":{\"@type\":\"EntryPoint\",\"urlTemplate\":\"https:\/\/elpuucnoticias.com\/?s={search_term_string}\"},\"query-input\":\"required name=search_term_string\"}],\"inLanguage\":\"es\"},{\"@type\":\"ImageObject\",\"@id\":\"https:\/\/elpuucnoticias.com\/?p=10128#primaryimage\",\"inLanguage\":\"es\",\"url\":\"https:\/\/elpuucnoticias.com\/wp-content\/uploads\/2023\/10\/WhatsApp-Image-2023-10-26-at-8.04.10-PM.jpeg\",\"contentUrl\":\"https:\/\/elpuucnoticias.com\/wp-content\/uploads\/2023\/10\/WhatsApp-Image-2023-10-26-at-8.04.10-PM.jpeg\",\"width\":1600,\"height\":1067},{\"@type\":\"WebPage\",\"@id\":\"https:\/\/elpuucnoticias.com\/?p=10128#webpage\",\"url\":\"https:\/\/elpuucnoticias.com\/?p=10128\",\"name\":\"Alcalde de Peto pone la primera piedra para la construcci\u00f3n de un aula m\u00e1s para la Universidad Pedag\u00f3gica Nacional - El Puuc Noticias\",\"isPartOf\":{\"@id\":\"https:\/\/elpuucnoticias.com\/#website\"},\"primaryImageOfPage\":{\"@id\":\"https:\/\/elpuucnoticias.com\/?p=10128#primaryimage\"},\"datePublished\":\"2023-10-28T00:23:14+00:00\",\"dateModified\":\"2023-10-28T00:23:14+00:00\",\"author\":{\"@id\":\"https:\/\/elpuucnoticias.com\/#\/schema\/person\/d2ea09e4c97f0160b11cdfb1d856bd9e\"},\"breadcrumb\":{\"@id\":\"https:\/\/elpuucnoticias.com\/?p=10128#breadcrumb\"},\"inLanguage\":\"es\",\"potentialAction\":[{\"@type\":\"ReadAction\",\"target\":[\"https:\/\/elpuucnoticias.com\/?p=10128\"]}]},{\"@type\":\"BreadcrumbList\",\"@id\":\"https:\/\/elpuucnoticias.com\/?p=10128#breadcrumb\",\"itemListElement\":[{\"@type\":\"ListItem\",\"position\":1,\"name\":\"Portada\",\"item\":\"https:\/\/elpuucnoticias.com\/\"},{\"@type\":\"ListItem\",\"position\":2,\"name\":\"Alcalde de Peto pone la primera piedra para la construcci\u00f3n de un aula m\u00e1s para la Universidad Pedag\u00f3gica Nacional\"}]},{\"@type\":\"Person\",\"@id\":\"https:\/\/elpuucnoticias.com\/#\/schema\/person\/d2ea09e4c97f0160b11cdfb1d856bd9e\",\"name\":\"elpuucnoticias\",\"image\":{\"@type\":\"ImageObject\",\"@id\":\"https:\/\/elpuucnoticias.com\/#personlogo\",\"inLanguage\":\"es\",\"url\":\"https:\/\/secure.gravatar.com\/avatar\/5290a43657c74ffa15701dbe5b846bd85cc71930d803c84e91046a7333de6ce2?s=96&d=mm&r=g\",\"contentUrl\":\"https:\/\/secure.gravatar.com\/avatar\/5290a43657c74ffa15701dbe5b846bd85cc71930d803c84e91046a7333de6ce2?s=96&d=mm&r=g\",\"caption\":\"elpuucnoticias\"},\"sameAs\":[\"https:\/\/elpuucnoticias.com\"],\"url\":\"https:\/\/elpuucnoticias.com\/?author=1\"}]}<\/script>\n<!-- \/ Yoast SEO plugin. -->","yoast_head_json":{"title":"Alcalde de Peto pone la primera piedra para la construcci\u00f3n de un aula m\u00e1s para la Universidad Pedag\u00f3gica Nacional - El Puuc Noticias","robots":{"index":"index","follow":"follow","max-snippet":"max-snippet:-1","max-image-preview":"max-image-preview:large","max-video-preview":"max-video-preview:-1"},"canonical":"https:\/\/elpuucnoticias.com\/?p=10128","og_locale":"es_ES","og_type":"article","og_title":"Alcalde de Peto pone la primera piedra para la construcci\u00f3n de un aula m\u00e1s para la Universidad Pedag\u00f3gica Nacional - El Puuc Noticias","og_description":"Demostrando su compromiso con la educaci\u00f3n, este jueves el alcalde de Peto, Ren\u00e1n Jim\u00e9nez Tah, coloc\u00f3 la primera","og_url":"https:\/\/elpuucnoticias.com\/?p=10128","og_site_name":"El Puuc Noticias","article_published_time":"2023-10-28T00:23:14+00:00","og_image":[{"url":"https:\/\/elpuucnoticias.com\/wp-content\/uploads\/2023\/10\/WhatsApp-Image-2023-10-26-at-8.04.10-PM-1.jpeg"}],"twitter_card":"summary_large_image","twitter_misc":{"Escrito por":"elpuucnoticias","Tiempo de lectura":"1 minuto"},"schema":{"@context":"https:\/\/schema.org","@graph":[{"@type":"WebSite","@id":"https:\/\/elpuucnoticias.com\/#website","url":"https:\/\/elpuucnoticias.com\/","name":"El Puuc Noticias","description":"Noticias - Entretenimiento - Deportes","potentialAction":[{"@type":"SearchAction","target":{"@type":"EntryPoint","urlTemplate":"https:\/\/elpuucnoticias.com\/?s={search_term_string}"},"query-input":"required name=search_term_string"}],"inLanguage":"es"},{"@type":"ImageObject","@id":"https:\/\/elpuucnoticias.com\/?p=10128#primaryimage","inLanguage":"es","url":"https:\/\/elpuucnoticias.com\/wp-content\/uploads\/2023\/10\/WhatsApp-Image-2023-10-26-at-8.04.10-PM.jpeg","contentUrl":"https:\/\/elpuucnoticias.com\/wp-content\/uploads\/2023\/10\/WhatsApp-Image-2023-10-26-at-8.04.10-PM.jpeg","width":1600,"height":1067},{"@type":"WebPage","@id":"https:\/\/elpuucnoticias.com\/?p=10128#webpage","url":"https:\/\/elpuucnoticias.com\/?p=10128","name":"Alcalde de Peto pone la primera piedra para la construcci\u00f3n de un aula m\u00e1s para la Universidad Pedag\u00f3gica Nacional - El Puuc Noticias","isPartOf":{"@id":"https:\/\/elpuucnoticias.com\/#website"},"primaryImageOfPage":{"@id":"https:\/\/elpuucnoticias.com\/?p=10128#primaryimage"},"datePublished":"2023-10-28T00:23:14+00:00","dateModified":"2023-10-28T00:23:14+00:00","author":{"@id":"https:\/\/elpuucnoticias.com\/#\/schema\/person\/d2ea09e4c97f0160b11cdfb1d856bd9e"},"breadcrumb":{"@id":"https:\/\/elpuucnoticias.com\/?p=10128#breadcrumb"},"inLanguage":"es","potentialAction":[{"@type":"ReadAction","target":["https:\/\/elpuucnoticias.com\/?p=10128"]}]},{"@type":"BreadcrumbList","@id":"https:\/\/elpuucnoticias.com\/?p=10128#breadcrumb","itemListElement":[{"@type":"ListItem","position":1,"name":"Portada","item":"https:\/\/elpuucnoticias.com\/"},{"@type":"ListItem","position":2,"name":"Alcalde de Peto pone la primera piedra para la construcci\u00f3n de un aula m\u00e1s para la Universidad Pedag\u00f3gica Nacional"}]},{"@type":"Person","@id":"https:\/\/elpuucnoticias.com\/#\/schema\/person\/d2ea09e4c97f0160b11cdfb1d856bd9e","name":"elpuucnoticias","image":{"@type":"ImageObject","@id":"https:\/\/elpuucnoticias.com\/#personlogo","inLanguage":"es","url":"https:\/\/secure.gravatar.com\/avatar\/5290a43657c74ffa15701dbe5b846bd85cc71930d803c84e91046a7333de6ce2?s=96&d=mm&r=g","contentUrl":"https:\/\/secure.gravatar.com\/avatar\/5290a43657c74ffa15701dbe5b846bd85cc71930d803c84e91046a7333de6ce2?s=96&d=mm&r=g","caption":"elpuucnoticias"},"sameAs":["https:\/\/elpuucnoticias.com"],"url":"https:\/\/elpuucnoticias.com\/?author=1"}]}},"_links":{"self":[{"href":"https:\/\/elpuucnoticias.com\/index.php?rest_route=\/wp\/v2\/posts\/10128","targetHints":{"allow":["GET"]}}],"collection":[{"href":"https:\/\/elpuucnoticias.com\/index.php?rest_route=\/wp\/v2\/posts"}],"about":[{"href":"https:\/\/elpuucnoticias.com\/index.php?rest_route=\/wp\/v2\/types\/post"}],"author":[{"embeddable":true,"href":"https:\/\/elpuucnoticias.com\/index.php?rest_route=\/wp\/v2\/users\/1"}],"replies":[{"embeddable":true,"href":"https:\/\/elpuucnoticias.com\/index.php?rest_route=%2Fwp%2Fv2%2Fcomments&post=10128"}],"version-history":[{"count":1,"href":"https:\/\/elpuucnoticias.com\/index.php?rest_route=\/wp\/v2\/posts\/10128\/revisions"}],"predecessor-version":[{"id":10135,"href":"https:\/\/elpuucnoticias.com\/index.php?rest_route=\/wp\/v2\/posts\/10128\/revisions\/10135"}],"wp:featuredmedia":[{"embeddable":true,"href":"https:\/\/elpuucnoticias.com\/index.php?rest_route=\/wp\/v2\/media\/10129"}],"wp:attachment":[{"href":"https:\/\/elpuucnoticias.com\/index.php?rest_route=%2Fwp%2Fv2%2Fmedia&parent=10128"}],"wp:term":[{"taxonomy":"category","embeddable":true,"href":"https:\/\/elpuucnoticias.com\/index.php?rest_route=%2Fwp%2Fv2%2Fcategories&post=10128"},{"taxonomy":"post_tag","embeddable":true,"href":"https:\/\/elpuucnoticias.com\/index.php?rest_route=%2Fwp%2Fv2%2Ftags&post=10128"}],"curies":[{"name":"wp","href":"https:\/\/api.w.org\/{rel}","templated":true}]}}