{"id":10142,"date":"2023-11-07T12:25:07","date_gmt":"2023-11-07T18:25:07","guid":{"rendered":"https:\/\/elpuucnoticias.com\/?p=10142"},"modified":"2023-11-07T12:25:08","modified_gmt":"2023-11-07T18:25:08","slug":"rangel-loreto-avila-rosado-dice-adios-a-las-aulas-tras-31-anos-de-labor-docente-en-diversos-planteles","status":"publish","type":"post","link":"https:\/\/elpuucnoticias.com\/?p=10142","title":{"rendered":"Rangel Loreto \u00c1vila Rosado dice adi\u00f3s a las aulas tras 31 a\u00f1os de labor docente en diversos planteles"},"content":{"rendered":"\n<p>Despu\u00e9s de 31 a\u00f1os de servicio docente el profesor Rangel Loreto \u00c1vila Rosado se despide de las aulas, por tal motivo se le realiz\u00f3 un homenaje en la secundaria estatal No. 10 Juan Pacheco Torres, donde estudi\u00f3, fue directivo y maestro frente a grupo.<\/p>\n\n\n\n<p>El profesor inicia labores en 1992 en la estatal No. 54 Nachi Cocom como maestro de Tecnolog\u00eda, en el \u00e1rea de electricidad, 6 meses despu\u00e9s lleg\u00f3 a la Juan Pacheco Torres, y en 1995 inici\u00f3 sus estudios en la Escuela Normal de Tampico, Tamaulipas, culminando en 2000, como maestro de Ciencias Sociales, y cambia su perfil a profesor de Historia y Geograf\u00eda en este escuela.<\/p>\n\n\n\n<figure class=\"wp-block-gallery has-nested-images columns-default is-cropped wp-block-gallery-1 is-layout-flex wp-block-gallery-is-layout-flex\">\n<figure class=\"wp-block-image size-large\"><img loading=\"lazy\" decoding=\"async\" width=\"1024\" height=\"461\" data-id=\"10144\" src=\"https:\/\/elpuucnoticias.com\/wp-content\/uploads\/2023\/11\/WhatsApp-Image-2023-11-06-at-11.55.17-AM-1024x461.jpeg\" alt=\"\" class=\"wp-image-10144\" srcset=\"https:\/\/elpuucnoticias.com\/wp-content\/uploads\/2023\/11\/WhatsApp-Image-2023-11-06-at-11.55.17-AM-1024x461.jpeg 1024w, https:\/\/elpuucnoticias.com\/wp-content\/uploads\/2023\/11\/WhatsApp-Image-2023-11-06-at-11.55.17-AM-300x135.jpeg 300w, https:\/\/elpuucnoticias.com\/wp-content\/uploads\/2023\/11\/WhatsApp-Image-2023-11-06-at-11.55.17-AM-768x346.jpeg 768w, https:\/\/elpuucnoticias.com\/wp-content\/uploads\/2023\/11\/WhatsApp-Image-2023-11-06-at-11.55.17-AM-1536x691.jpeg 1536w, https:\/\/elpuucnoticias.com\/wp-content\/uploads\/2023\/11\/WhatsApp-Image-2023-11-06-at-11.55.17-AM.jpeg 1600w\" sizes=\"auto, (max-width: 1024px) 100vw, 1024px\" \/><\/figure>\n\n\n\n<figure class=\"wp-block-image size-large\"><img loading=\"lazy\" decoding=\"async\" width=\"1024\" height=\"461\" data-id=\"10145\" src=\"https:\/\/elpuucnoticias.com\/wp-content\/uploads\/2023\/11\/WhatsApp-Image-2023-11-06-at-11.55.16-AM-1-1024x461.jpeg\" alt=\"\" class=\"wp-image-10145\" srcset=\"https:\/\/elpuucnoticias.com\/wp-content\/uploads\/2023\/11\/WhatsApp-Image-2023-11-06-at-11.55.16-AM-1-1024x461.jpeg 1024w, https:\/\/elpuucnoticias.com\/wp-content\/uploads\/2023\/11\/WhatsApp-Image-2023-11-06-at-11.55.16-AM-1-300x135.jpeg 300w, https:\/\/elpuucnoticias.com\/wp-content\/uploads\/2023\/11\/WhatsApp-Image-2023-11-06-at-11.55.16-AM-1-768x346.jpeg 768w, https:\/\/elpuucnoticias.com\/wp-content\/uploads\/2023\/11\/WhatsApp-Image-2023-11-06-at-11.55.16-AM-1-1536x691.jpeg 1536w, https:\/\/elpuucnoticias.com\/wp-content\/uploads\/2023\/11\/WhatsApp-Image-2023-11-06-at-11.55.16-AM-1.jpeg 1600w\" sizes=\"auto, (max-width: 1024px) 100vw, 1024px\" \/><\/figure>\n\n\n\n<figure class=\"wp-block-image size-large\"><img loading=\"lazy\" decoding=\"async\" width=\"1024\" height=\"461\" data-id=\"10146\" src=\"https:\/\/elpuucnoticias.com\/wp-content\/uploads\/2023\/11\/WhatsApp-Image-2023-11-06-at-11.55.17-AM-1-1024x461.jpeg\" alt=\"\" class=\"wp-image-10146\" srcset=\"https:\/\/elpuucnoticias.com\/wp-content\/uploads\/2023\/11\/WhatsApp-Image-2023-11-06-at-11.55.17-AM-1-1024x461.jpeg 1024w, https:\/\/elpuucnoticias.com\/wp-content\/uploads\/2023\/11\/WhatsApp-Image-2023-11-06-at-11.55.17-AM-1-300x135.jpeg 300w, https:\/\/elpuucnoticias.com\/wp-content\/uploads\/2023\/11\/WhatsApp-Image-2023-11-06-at-11.55.17-AM-1-768x346.jpeg 768w, https:\/\/elpuucnoticias.com\/wp-content\/uploads\/2023\/11\/WhatsApp-Image-2023-11-06-at-11.55.17-AM-1-1536x691.jpeg 1536w, https:\/\/elpuucnoticias.com\/wp-content\/uploads\/2023\/11\/WhatsApp-Image-2023-11-06-at-11.55.17-AM-1.jpeg 1600w\" sizes=\"auto, (max-width: 1024px) 100vw, 1024px\" \/><\/figure>\n<\/figure>\n\n\n\n<p>Ha ocupado puestos de directivo en escuelas como la Pilar Victoria y Victoria de Peto, donde fue subdirector. Estuvo en la estatal No. 13 Rafael Matos Escobedo, en la secundaria No. 25 Los Tratados de Tzucacab, y culmina su labor docente en la secundaria Nachi Cocom, de Becanch\u00e9n.<\/p>\n\n\n\n<p>\u00abNosotros le realizamos su homenaje ya que fue compa\u00f1ero por muchos a\u00f1os\u00bb, indica el director de la Juan Pacheco Torres, Diego Castro.<\/p>\n\n\n\n<figure class=\"wp-block-image size-large\"><img loading=\"lazy\" decoding=\"async\" width=\"461\" height=\"1024\" src=\"https:\/\/elpuucnoticias.com\/wp-content\/uploads\/2023\/11\/WhatsApp-Image-2023-11-06-at-11.55.16-AM-2-461x1024.jpeg\" alt=\"\" class=\"wp-image-10147\" srcset=\"https:\/\/elpuucnoticias.com\/wp-content\/uploads\/2023\/11\/WhatsApp-Image-2023-11-06-at-11.55.16-AM-2-461x1024.jpeg 461w, https:\/\/elpuucnoticias.com\/wp-content\/uploads\/2023\/11\/WhatsApp-Image-2023-11-06-at-11.55.16-AM-2-135x300.jpeg 135w, https:\/\/elpuucnoticias.com\/wp-content\/uploads\/2023\/11\/WhatsApp-Image-2023-11-06-at-11.55.16-AM-2-691x1536.jpeg 691w, https:\/\/elpuucnoticias.com\/wp-content\/uploads\/2023\/11\/WhatsApp-Image-2023-11-06-at-11.55.16-AM-2.jpeg 720w\" sizes=\"auto, (max-width: 461px) 100vw, 461px\" \/><\/figure>\n\n\n\n<p>Estuvieron presentes el supervisor de la Zona 02 Ceferino G\u00f3ngora Vega, los subdirectores de los turnos matutino y vespertino, Jorge Alberto Romero Pech y Luis Alberto Mart\u00ednez Carballo, familiares y conocidos del profesor.\u2014 <em>El Puuc Noticias<\/em><\/p>\n","protected":false},"excerpt":{"rendered":"<p>Despu\u00e9s de 31 a\u00f1os de servicio docente el profesor Rangel Loreto \u00c1vila Rosado se despide de las aulas,<\/p>\n","protected":false},"author":1,"featured_media":10143,"comment_status":"closed","ping_status":"open","sticky":false,"template":"","format":"standard","meta":{"_monsterinsights_skip_tracking":false,"_monsterinsights_sitenote_active":false,"_monsterinsights_sitenote_note":"","_monsterinsights_sitenote_category":0,"footnotes":""},"categories":[11,4],"tags":[],"class_list":["post-10142","post","type-post","status-publish","format-standard","has-post-thumbnail","hentry","category-noticias","category-tekax"],"yoast_head":"<!-- This site is optimized with the Yoast SEO plugin v18.3 - https:\/\/yoast.com\/wordpress\/plugins\/seo\/ -->\n<title>Rangel Loreto \u00c1vila Rosado dice adi\u00f3s a las aulas tras 31 a\u00f1os de labor docente en diversos planteles - El Puuc Noticias<\/title>\n<meta name=\"robots\" content=\"index, follow, max-snippet:-1, max-image-preview:large, max-video-preview:-1\" \/>\n<link rel=\"canonical\" href=\"https:\/\/elpuucnoticias.com\/?p=10142\" \/>\n<meta property=\"og:locale\" content=\"es_ES\" \/>\n<meta property=\"og:type\" content=\"article\" \/>\n<meta property=\"og:title\" content=\"Rangel Loreto \u00c1vila Rosado dice adi\u00f3s a las aulas tras 31 a\u00f1os de labor docente en diversos planteles - El Puuc Noticias\" \/>\n<meta property=\"og:description\" content=\"Despu\u00e9s de 31 a\u00f1os de servicio docente el profesor Rangel Loreto \u00c1vila Rosado se despide de las aulas,\" \/>\n<meta property=\"og:url\" content=\"https:\/\/elpuucnoticias.com\/?p=10142\" \/>\n<meta property=\"og:site_name\" content=\"El Puuc Noticias\" \/>\n<meta property=\"article:published_time\" content=\"2023-11-07T18:25:07+00:00\" \/>\n<meta property=\"article:modified_time\" content=\"2023-11-07T18:25:08+00:00\" \/>\n<meta property=\"og:image\" content=\"https:\/\/elpuucnoticias.com\/wp-content\/uploads\/2023\/11\/WhatsApp-Image-2023-11-06-at-11.55.16-AM.jpeg\" \/>\n\t<meta property=\"og:image:width\" content=\"1600\" \/>\n\t<meta property=\"og:image:height\" content=\"1048\" \/>\n\t<meta property=\"og:image:type\" content=\"image\/jpeg\" \/>\n<meta name=\"twitter:card\" content=\"summary_large_image\" \/>\n<meta name=\"twitter:label1\" content=\"Escrito por\" \/>\n\t<meta name=\"twitter:data1\" content=\"elpuucnoticias\" \/>\n\t<meta name=\"twitter:label2\" content=\"Tiempo de lectura\" \/>\n\t<meta name=\"twitter:data2\" content=\"2 minutos\" \/>\n<script type=\"application\/ld+json\" class=\"yoast-schema-graph\">{\"@context\":\"https:\/\/schema.org\",\"@graph\":[{\"@type\":\"WebSite\",\"@id\":\"https:\/\/elpuucnoticias.com\/#website\",\"url\":\"https:\/\/elpuucnoticias.com\/\",\"name\":\"El Puuc Noticias\",\"description\":\"Noticias - Entretenimiento - Deportes\",\"potentialAction\":[{\"@type\":\"SearchAction\",\"target\":{\"@type\":\"EntryPoint\",\"urlTemplate\":\"https:\/\/elpuucnoticias.com\/?s={search_term_string}\"},\"query-input\":\"required name=search_term_string\"}],\"inLanguage\":\"es\"},{\"@type\":\"ImageObject\",\"@id\":\"https:\/\/elpuucnoticias.com\/?p=10142#primaryimage\",\"inLanguage\":\"es\",\"url\":\"https:\/\/elpuucnoticias.com\/wp-content\/uploads\/2023\/11\/WhatsApp-Image-2023-11-06-at-11.55.16-AM.jpeg\",\"contentUrl\":\"https:\/\/elpuucnoticias.com\/wp-content\/uploads\/2023\/11\/WhatsApp-Image-2023-11-06-at-11.55.16-AM.jpeg\",\"width\":1600,\"height\":1048},{\"@type\":\"WebPage\",\"@id\":\"https:\/\/elpuucnoticias.com\/?p=10142#webpage\",\"url\":\"https:\/\/elpuucnoticias.com\/?p=10142\",\"name\":\"Rangel Loreto \u00c1vila Rosado dice adi\u00f3s a las aulas tras 31 a\u00f1os de labor docente en diversos planteles - El Puuc Noticias\",\"isPartOf\":{\"@id\":\"https:\/\/elpuucnoticias.com\/#website\"},\"primaryImageOfPage\":{\"@id\":\"https:\/\/elpuucnoticias.com\/?p=10142#primaryimage\"},\"datePublished\":\"2023-11-07T18:25:07+00:00\",\"dateModified\":\"2023-11-07T18:25:08+00:00\",\"author\":{\"@id\":\"https:\/\/elpuucnoticias.com\/#\/schema\/person\/d2ea09e4c97f0160b11cdfb1d856bd9e\"},\"breadcrumb\":{\"@id\":\"https:\/\/elpuucnoticias.com\/?p=10142#breadcrumb\"},\"inLanguage\":\"es\",\"potentialAction\":[{\"@type\":\"ReadAction\",\"target\":[\"https:\/\/elpuucnoticias.com\/?p=10142\"]}]},{\"@type\":\"BreadcrumbList\",\"@id\":\"https:\/\/elpuucnoticias.com\/?p=10142#breadcrumb\",\"itemListElement\":[{\"@type\":\"ListItem\",\"position\":1,\"name\":\"Portada\",\"item\":\"https:\/\/elpuucnoticias.com\/\"},{\"@type\":\"ListItem\",\"position\":2,\"name\":\"Rangel Loreto \u00c1vila Rosado dice adi\u00f3s a las aulas tras 31 a\u00f1os de labor docente en diversos planteles\"}]},{\"@type\":\"Person\",\"@id\":\"https:\/\/elpuucnoticias.com\/#\/schema\/person\/d2ea09e4c97f0160b11cdfb1d856bd9e\",\"name\":\"elpuucnoticias\",\"image\":{\"@type\":\"ImageObject\",\"@id\":\"https:\/\/elpuucnoticias.com\/#personlogo\",\"inLanguage\":\"es\",\"url\":\"https:\/\/secure.gravatar.com\/avatar\/5290a43657c74ffa15701dbe5b846bd85cc71930d803c84e91046a7333de6ce2?s=96&d=mm&r=g\",\"contentUrl\":\"https:\/\/secure.gravatar.com\/avatar\/5290a43657c74ffa15701dbe5b846bd85cc71930d803c84e91046a7333de6ce2?s=96&d=mm&r=g\",\"caption\":\"elpuucnoticias\"},\"sameAs\":[\"https:\/\/elpuucnoticias.com\"],\"url\":\"https:\/\/elpuucnoticias.com\/?author=1\"}]}<\/script>\n<!-- \/ Yoast SEO plugin. -->","yoast_head_json":{"title":"Rangel Loreto \u00c1vila Rosado dice adi\u00f3s a las aulas tras 31 a\u00f1os de labor docente en diversos planteles - El Puuc Noticias","robots":{"index":"index","follow":"follow","max-snippet":"max-snippet:-1","max-image-preview":"max-image-preview:large","max-video-preview":"max-video-preview:-1"},"canonical":"https:\/\/elpuucnoticias.com\/?p=10142","og_locale":"es_ES","og_type":"article","og_title":"Rangel Loreto \u00c1vila Rosado dice adi\u00f3s a las aulas tras 31 a\u00f1os de labor docente en diversos planteles - El Puuc Noticias","og_description":"Despu\u00e9s de 31 a\u00f1os de servicio docente el profesor Rangel Loreto \u00c1vila Rosado se despide de las aulas,","og_url":"https:\/\/elpuucnoticias.com\/?p=10142","og_site_name":"El Puuc Noticias","article_published_time":"2023-11-07T18:25:07+00:00","article_modified_time":"2023-11-07T18:25:08+00:00","og_image":[{"width":1600,"height":1048,"url":"https:\/\/elpuucnoticias.com\/wp-content\/uploads\/2023\/11\/WhatsApp-Image-2023-11-06-at-11.55.16-AM.jpeg","type":"image\/jpeg"}],"twitter_card":"summary_large_image","twitter_misc":{"Escrito por":"elpuucnoticias","Tiempo de lectura":"2 minutos"},"schema":{"@context":"https:\/\/schema.org","@graph":[{"@type":"WebSite","@id":"https:\/\/elpuucnoticias.com\/#website","url":"https:\/\/elpuucnoticias.com\/","name":"El Puuc Noticias","description":"Noticias - Entretenimiento - Deportes","potentialAction":[{"@type":"SearchAction","target":{"@type":"EntryPoint","urlTemplate":"https:\/\/elpuucnoticias.com\/?s={search_term_string}"},"query-input":"required name=search_term_string"}],"inLanguage":"es"},{"@type":"ImageObject","@id":"https:\/\/elpuucnoticias.com\/?p=10142#primaryimage","inLanguage":"es","url":"https:\/\/elpuucnoticias.com\/wp-content\/uploads\/2023\/11\/WhatsApp-Image-2023-11-06-at-11.55.16-AM.jpeg","contentUrl":"https:\/\/elpuucnoticias.com\/wp-content\/uploads\/2023\/11\/WhatsApp-Image-2023-11-06-at-11.55.16-AM.jpeg","width":1600,"height":1048},{"@type":"WebPage","@id":"https:\/\/elpuucnoticias.com\/?p=10142#webpage","url":"https:\/\/elpuucnoticias.com\/?p=10142","name":"Rangel Loreto \u00c1vila Rosado dice adi\u00f3s a las aulas tras 31 a\u00f1os de labor docente en diversos planteles - El Puuc Noticias","isPartOf":{"@id":"https:\/\/elpuucnoticias.com\/#website"},"primaryImageOfPage":{"@id":"https:\/\/elpuucnoticias.com\/?p=10142#primaryimage"},"datePublished":"2023-11-07T18:25:07+00:00","dateModified":"2023-11-07T18:25:08+00:00","author":{"@id":"https:\/\/elpuucnoticias.com\/#\/schema\/person\/d2ea09e4c97f0160b11cdfb1d856bd9e"},"breadcrumb":{"@id":"https:\/\/elpuucnoticias.com\/?p=10142#breadcrumb"},"inLanguage":"es","potentialAction":[{"@type":"ReadAction","target":["https:\/\/elpuucnoticias.com\/?p=10142"]}]},{"@type":"BreadcrumbList","@id":"https:\/\/elpuucnoticias.com\/?p=10142#breadcrumb","itemListElement":[{"@type":"ListItem","position":1,"name":"Portada","item":"https:\/\/elpuucnoticias.com\/"},{"@type":"ListItem","position":2,"name":"Rangel Loreto \u00c1vila Rosado dice adi\u00f3s a las aulas tras 31 a\u00f1os de labor docente en diversos planteles"}]},{"@type":"Person","@id":"https:\/\/elpuucnoticias.com\/#\/schema\/person\/d2ea09e4c97f0160b11cdfb1d856bd9e","name":"elpuucnoticias","image":{"@type":"ImageObject","@id":"https:\/\/elpuucnoticias.com\/#personlogo","inLanguage":"es","url":"https:\/\/secure.gravatar.com\/avatar\/5290a43657c74ffa15701dbe5b846bd85cc71930d803c84e91046a7333de6ce2?s=96&d=mm&r=g","contentUrl":"https:\/\/secure.gravatar.com\/avatar\/5290a43657c74ffa15701dbe5b846bd85cc71930d803c84e91046a7333de6ce2?s=96&d=mm&r=g","caption":"elpuucnoticias"},"sameAs":["https:\/\/elpuucnoticias.com"],"url":"https:\/\/elpuucnoticias.com\/?author=1"}]}},"_links":{"self":[{"href":"https:\/\/elpuucnoticias.com\/index.php?rest_route=\/wp\/v2\/posts\/10142","targetHints":{"allow":["GET"]}}],"collection":[{"href":"https:\/\/elpuucnoticias.com\/index.php?rest_route=\/wp\/v2\/posts"}],"about":[{"href":"https:\/\/elpuucnoticias.com\/index.php?rest_route=\/wp\/v2\/types\/post"}],"author":[{"embeddable":true,"href":"https:\/\/elpuucnoticias.com\/index.php?rest_route=\/wp\/v2\/users\/1"}],"replies":[{"embeddable":true,"href":"https:\/\/elpuucnoticias.com\/index.php?rest_route=%2Fwp%2Fv2%2Fcomments&post=10142"}],"version-history":[{"count":1,"href":"https:\/\/elpuucnoticias.com\/index.php?rest_route=\/wp\/v2\/posts\/10142\/revisions"}],"predecessor-version":[{"id":10148,"href":"https:\/\/elpuucnoticias.com\/index.php?rest_route=\/wp\/v2\/posts\/10142\/revisions\/10148"}],"wp:featuredmedia":[{"embeddable":true,"href":"https:\/\/elpuucnoticias.com\/index.php?rest_route=\/wp\/v2\/media\/10143"}],"wp:attachment":[{"href":"https:\/\/elpuucnoticias.com\/index.php?rest_route=%2Fwp%2Fv2%2Fmedia&parent=10142"}],"wp:term":[{"taxonomy":"category","embeddable":true,"href":"https:\/\/elpuucnoticias.com\/index.php?rest_route=%2Fwp%2Fv2%2Fcategories&post=10142"},{"taxonomy":"post_tag","embeddable":true,"href":"https:\/\/elpuucnoticias.com\/index.php?rest_route=%2Fwp%2Fv2%2Ftags&post=10142"}],"curies":[{"name":"wp","href":"https:\/\/api.w.org\/{rel}","templated":true}]}}