{"id":10169,"date":"2023-11-09T14:30:08","date_gmt":"2023-11-09T20:30:08","guid":{"rendered":"https:\/\/elpuucnoticias.com\/?p=10169"},"modified":"2023-11-09T14:30:09","modified_gmt":"2023-11-09T20:30:09","slug":"registra-por-primera-vez-en-punta-sur-un-especimen-pato-tepalcate-oxyura-jamaicensis","status":"publish","type":"post","link":"https:\/\/elpuucnoticias.com\/?p=10169","title":{"rendered":"Registra por primera vez en Punta Sur un esp\u00e9cimen Pato Tepalcate (Oxyura jamaicensis)"},"content":{"rendered":"\n<p>Derivado del trabajo constante de monitoreo de avifauna en el Parque Ecotur\u00edstico Punta Sur, el personal de la Fundaci\u00f3n de Parques y Museos de Cozumel (FPMC) llev\u00f3 a cabo el primer registro del Pato Tepalcate (Oxyura jamaicensis), representando un indicador de la buena salud de los ecosistemas acu\u00e1ticos de la Reserva Ecol\u00f3gica de Laguna Colombia.<\/p>\n\n\n\n<p>El Nuevo Acuerdo por el Bienestar y Desarrollo de Quintana Roo, que promueve la gobernadora Mara Lezama Espinosa, reconoce la importancia de la avifauna y la necesidad de su conservaci\u00f3n, estableciendo una serie de objetivos y compromisos para promover la educaci\u00f3n ambiental sobre las aves, apoyar la investigaci\u00f3n cient\u00edfica, desarrollar estrategias de conservaci\u00f3n amenazada y end\u00e9mica del estado.<\/p>\n\n\n\n<figure class=\"wp-block-gallery has-nested-images columns-default is-cropped wp-block-gallery-1 is-layout-flex wp-block-gallery-is-layout-flex\">\n<figure class=\"wp-block-image size-large\"><img loading=\"lazy\" decoding=\"async\" width=\"1024\" height=\"575\" data-id=\"10172\" src=\"https:\/\/elpuucnoticias.com\/wp-content\/uploads\/2023\/11\/whatsapp-image-2023-11-09-at-10.41.42-am-1-1024x575.jpeg\" alt=\"\" class=\"wp-image-10172\" srcset=\"https:\/\/elpuucnoticias.com\/wp-content\/uploads\/2023\/11\/whatsapp-image-2023-11-09-at-10.41.42-am-1-1024x575.jpeg 1024w, https:\/\/elpuucnoticias.com\/wp-content\/uploads\/2023\/11\/whatsapp-image-2023-11-09-at-10.41.42-am-1-300x169.jpeg 300w, https:\/\/elpuucnoticias.com\/wp-content\/uploads\/2023\/11\/whatsapp-image-2023-11-09-at-10.41.42-am-1-768x432.jpeg 768w, https:\/\/elpuucnoticias.com\/wp-content\/uploads\/2023\/11\/whatsapp-image-2023-11-09-at-10.41.42-am-1-1536x863.jpeg 1536w, https:\/\/elpuucnoticias.com\/wp-content\/uploads\/2023\/11\/whatsapp-image-2023-11-09-at-10.41.42-am-1-320x180.jpeg 320w, https:\/\/elpuucnoticias.com\/wp-content\/uploads\/2023\/11\/whatsapp-image-2023-11-09-at-10.41.42-am-1.jpeg 1600w\" sizes=\"auto, (max-width: 1024px) 100vw, 1024px\" \/><\/figure>\n\n\n\n<figure class=\"wp-block-image size-large\"><img loading=\"lazy\" decoding=\"async\" width=\"1024\" height=\"631\" data-id=\"10171\" src=\"https:\/\/elpuucnoticias.com\/wp-content\/uploads\/2023\/11\/whatsapp-image-2023-11-09-at-10.41.44-am-1024x631.jpeg\" alt=\"\" class=\"wp-image-10171\" srcset=\"https:\/\/elpuucnoticias.com\/wp-content\/uploads\/2023\/11\/whatsapp-image-2023-11-09-at-10.41.44-am-1024x631.jpeg 1024w, https:\/\/elpuucnoticias.com\/wp-content\/uploads\/2023\/11\/whatsapp-image-2023-11-09-at-10.41.44-am-300x185.jpeg 300w, https:\/\/elpuucnoticias.com\/wp-content\/uploads\/2023\/11\/whatsapp-image-2023-11-09-at-10.41.44-am-768x473.jpeg 768w, https:\/\/elpuucnoticias.com\/wp-content\/uploads\/2023\/11\/whatsapp-image-2023-11-09-at-10.41.44-am-1536x947.jpeg 1536w, https:\/\/elpuucnoticias.com\/wp-content\/uploads\/2023\/11\/whatsapp-image-2023-11-09-at-10.41.44-am-320x197.jpeg 320w, https:\/\/elpuucnoticias.com\/wp-content\/uploads\/2023\/11\/whatsapp-image-2023-11-09-at-10.41.44-am.jpeg 1600w\" sizes=\"auto, (max-width: 1024px) 100vw, 1024px\" \/><\/figure>\n<\/figure>\n\n\n\n<p>El director de Punta Sur, Jes\u00fas Benavides Andrade, mencion\u00f3 desde que inici\u00f3 la temporada de migraci\u00f3n invernal de aves, con el respaldo del director general de la FPMC, Jos\u00e9 Luis Chac\u00f3n M\u00e9ndez, se intensificaron los monitoreos en las diversas zonas de la reserva ecol\u00f3gica, principalmente en las lagunas y humedales.<\/p>\n\n\n\n<p>Agreg\u00f3 que como resultado de estas acciones el subdirector del parque, H\u00e9ctor Gonz\u00e1lez Cort\u00e9s, registr\u00f3 durante un recorrido por la Laguna Colombia la presencia de un ejemplar de Oxyura jamaicensis, que es un buceador peque\u00f1o y compacto, con la caracter\u00edstica de tener una cola larga en forma de abanico, que usualmente sostienen fuera del agua y en posici\u00f3n vertical.<\/p>\n\n\n\n<p>Al respecto, H\u00e9ctor Gonz\u00e1lez explic\u00f3 que esta ave anida desde Canad\u00e1 hasta el centro de M\u00e9xico e inverna desde Estados Unidos hasta Centroam\u00e9rica y precis\u00f3 que en la Pen\u00ednsula de Yucat\u00e1n s\u00f3lo se ten\u00edan registros en R\u00eda Celest\u00fan, Sisal, R\u00edo Lagartos y El Cuyo en temporada de migraci\u00f3n invernal.<\/p>\n\n\n\n<p>Enfatiz\u00f3 en que obtener nuevos registros avifaun\u00edsticos dentro de las \u00e1reas naturales es un recordatorio de la importancia de proteger los ecosistemas naturales para la conservaci\u00f3n de la biodiversidad y para un futuro mejor, m\u00e1s sostenible.<\/p>\n\n\n\n<p>Para finalizar, Gonz\u00e1lez Cort\u00e9s dio a conocer que se llevar\u00e1 a cabo los registros correspondientes en las plataformas y p\u00e1ginas de internet especializadas para dar de alta e incrementar el listado de aves observadas en la isla, lo que puede servir a los investigadores a dar seguimiento a la migraci\u00f3n de esta especie de avifauna.<\/p>\n","protected":false},"excerpt":{"rendered":"<p>Derivado del trabajo constante de monitoreo de avifauna en el Parque Ecotur\u00edstico Punta Sur, el personal de la<\/p>\n","protected":false},"author":1,"featured_media":10170,"comment_status":"closed","ping_status":"open","sticky":false,"template":"","format":"standard","meta":{"_monsterinsights_skip_tracking":false,"_monsterinsights_sitenote_active":false,"_monsterinsights_sitenote_note":"","_monsterinsights_sitenote_category":0,"footnotes":""},"categories":[11,24],"tags":[],"class_list":["post-10169","post","type-post","status-publish","format-standard","has-post-thumbnail","hentry","category-noticias","category-quintana-roo"],"yoast_head":"<!-- This site is optimized with the Yoast SEO plugin v18.3 - https:\/\/yoast.com\/wordpress\/plugins\/seo\/ -->\n<title>Registra por primera vez en Punta Sur un esp\u00e9cimen Pato Tepalcate (Oxyura jamaicensis) - El Puuc Noticias<\/title>\n<meta name=\"robots\" content=\"index, follow, max-snippet:-1, max-image-preview:large, max-video-preview:-1\" \/>\n<link rel=\"canonical\" href=\"https:\/\/elpuucnoticias.com\/?p=10169\" \/>\n<meta property=\"og:locale\" content=\"es_ES\" \/>\n<meta property=\"og:type\" content=\"article\" \/>\n<meta property=\"og:title\" content=\"Registra por primera vez en Punta Sur un esp\u00e9cimen Pato Tepalcate (Oxyura jamaicensis) - El Puuc Noticias\" \/>\n<meta property=\"og:description\" content=\"Derivado del trabajo constante de monitoreo de avifauna en el Parque Ecotur\u00edstico Punta Sur, el personal de la\" \/>\n<meta property=\"og:url\" content=\"https:\/\/elpuucnoticias.com\/?p=10169\" \/>\n<meta property=\"og:site_name\" content=\"El Puuc Noticias\" \/>\n<meta property=\"article:published_time\" content=\"2023-11-09T20:30:08+00:00\" \/>\n<meta property=\"article:modified_time\" content=\"2023-11-09T20:30:09+00:00\" \/>\n<meta property=\"og:image\" content=\"https:\/\/elpuucnoticias.com\/wp-content\/uploads\/2023\/11\/whatsapp-image-2023-11-09-at-10.41.42-am.jpeg\" \/>\n\t<meta property=\"og:image:width\" content=\"1600\" \/>\n\t<meta property=\"og:image:height\" content=\"1070\" \/>\n\t<meta property=\"og:image:type\" content=\"image\/jpeg\" \/>\n<meta name=\"twitter:card\" content=\"summary_large_image\" \/>\n<meta name=\"twitter:label1\" content=\"Escrito por\" \/>\n\t<meta name=\"twitter:data1\" content=\"elpuucnoticias\" \/>\n\t<meta name=\"twitter:label2\" content=\"Tiempo de lectura\" \/>\n\t<meta name=\"twitter:data2\" content=\"3 minutos\" \/>\n<script type=\"application\/ld+json\" class=\"yoast-schema-graph\">{\"@context\":\"https:\/\/schema.org\",\"@graph\":[{\"@type\":\"WebSite\",\"@id\":\"https:\/\/elpuucnoticias.com\/#website\",\"url\":\"https:\/\/elpuucnoticias.com\/\",\"name\":\"El Puuc Noticias\",\"description\":\"Noticias - Entretenimiento - Deportes\",\"potentialAction\":[{\"@type\":\"SearchAction\",\"target\":{\"@type\":\"EntryPoint\",\"urlTemplate\":\"https:\/\/elpuucnoticias.com\/?s={search_term_string}\"},\"query-input\":\"required name=search_term_string\"}],\"inLanguage\":\"es\"},{\"@type\":\"ImageObject\",\"@id\":\"https:\/\/elpuucnoticias.com\/?p=10169#primaryimage\",\"inLanguage\":\"es\",\"url\":\"https:\/\/elpuucnoticias.com\/wp-content\/uploads\/2023\/11\/whatsapp-image-2023-11-09-at-10.41.42-am.jpeg\",\"contentUrl\":\"https:\/\/elpuucnoticias.com\/wp-content\/uploads\/2023\/11\/whatsapp-image-2023-11-09-at-10.41.42-am.jpeg\",\"width\":1600,\"height\":1070},{\"@type\":\"WebPage\",\"@id\":\"https:\/\/elpuucnoticias.com\/?p=10169#webpage\",\"url\":\"https:\/\/elpuucnoticias.com\/?p=10169\",\"name\":\"Registra por primera vez en Punta Sur un esp\u00e9cimen Pato Tepalcate (Oxyura jamaicensis) - El Puuc Noticias\",\"isPartOf\":{\"@id\":\"https:\/\/elpuucnoticias.com\/#website\"},\"primaryImageOfPage\":{\"@id\":\"https:\/\/elpuucnoticias.com\/?p=10169#primaryimage\"},\"datePublished\":\"2023-11-09T20:30:08+00:00\",\"dateModified\":\"2023-11-09T20:30:09+00:00\",\"author\":{\"@id\":\"https:\/\/elpuucnoticias.com\/#\/schema\/person\/d2ea09e4c97f0160b11cdfb1d856bd9e\"},\"breadcrumb\":{\"@id\":\"https:\/\/elpuucnoticias.com\/?p=10169#breadcrumb\"},\"inLanguage\":\"es\",\"potentialAction\":[{\"@type\":\"ReadAction\",\"target\":[\"https:\/\/elpuucnoticias.com\/?p=10169\"]}]},{\"@type\":\"BreadcrumbList\",\"@id\":\"https:\/\/elpuucnoticias.com\/?p=10169#breadcrumb\",\"itemListElement\":[{\"@type\":\"ListItem\",\"position\":1,\"name\":\"Portada\",\"item\":\"https:\/\/elpuucnoticias.com\/\"},{\"@type\":\"ListItem\",\"position\":2,\"name\":\"Registra por primera vez en Punta Sur un esp\u00e9cimen Pato Tepalcate (Oxyura jamaicensis)\"}]},{\"@type\":\"Person\",\"@id\":\"https:\/\/elpuucnoticias.com\/#\/schema\/person\/d2ea09e4c97f0160b11cdfb1d856bd9e\",\"name\":\"elpuucnoticias\",\"image\":{\"@type\":\"ImageObject\",\"@id\":\"https:\/\/elpuucnoticias.com\/#personlogo\",\"inLanguage\":\"es\",\"url\":\"https:\/\/secure.gravatar.com\/avatar\/5290a43657c74ffa15701dbe5b846bd85cc71930d803c84e91046a7333de6ce2?s=96&d=mm&r=g\",\"contentUrl\":\"https:\/\/secure.gravatar.com\/avatar\/5290a43657c74ffa15701dbe5b846bd85cc71930d803c84e91046a7333de6ce2?s=96&d=mm&r=g\",\"caption\":\"elpuucnoticias\"},\"sameAs\":[\"https:\/\/elpuucnoticias.com\"],\"url\":\"https:\/\/elpuucnoticias.com\/?author=1\"}]}<\/script>\n<!-- \/ Yoast SEO plugin. -->","yoast_head_json":{"title":"Registra por primera vez en Punta Sur un esp\u00e9cimen Pato Tepalcate (Oxyura jamaicensis) - El Puuc Noticias","robots":{"index":"index","follow":"follow","max-snippet":"max-snippet:-1","max-image-preview":"max-image-preview:large","max-video-preview":"max-video-preview:-1"},"canonical":"https:\/\/elpuucnoticias.com\/?p=10169","og_locale":"es_ES","og_type":"article","og_title":"Registra por primera vez en Punta Sur un esp\u00e9cimen Pato Tepalcate (Oxyura jamaicensis) - El Puuc Noticias","og_description":"Derivado del trabajo constante de monitoreo de avifauna en el Parque Ecotur\u00edstico Punta Sur, el personal de la","og_url":"https:\/\/elpuucnoticias.com\/?p=10169","og_site_name":"El Puuc Noticias","article_published_time":"2023-11-09T20:30:08+00:00","article_modified_time":"2023-11-09T20:30:09+00:00","og_image":[{"width":1600,"height":1070,"url":"https:\/\/elpuucnoticias.com\/wp-content\/uploads\/2023\/11\/whatsapp-image-2023-11-09-at-10.41.42-am.jpeg","type":"image\/jpeg"}],"twitter_card":"summary_large_image","twitter_misc":{"Escrito por":"elpuucnoticias","Tiempo de lectura":"3 minutos"},"schema":{"@context":"https:\/\/schema.org","@graph":[{"@type":"WebSite","@id":"https:\/\/elpuucnoticias.com\/#website","url":"https:\/\/elpuucnoticias.com\/","name":"El Puuc Noticias","description":"Noticias - Entretenimiento - Deportes","potentialAction":[{"@type":"SearchAction","target":{"@type":"EntryPoint","urlTemplate":"https:\/\/elpuucnoticias.com\/?s={search_term_string}"},"query-input":"required name=search_term_string"}],"inLanguage":"es"},{"@type":"ImageObject","@id":"https:\/\/elpuucnoticias.com\/?p=10169#primaryimage","inLanguage":"es","url":"https:\/\/elpuucnoticias.com\/wp-content\/uploads\/2023\/11\/whatsapp-image-2023-11-09-at-10.41.42-am.jpeg","contentUrl":"https:\/\/elpuucnoticias.com\/wp-content\/uploads\/2023\/11\/whatsapp-image-2023-11-09-at-10.41.42-am.jpeg","width":1600,"height":1070},{"@type":"WebPage","@id":"https:\/\/elpuucnoticias.com\/?p=10169#webpage","url":"https:\/\/elpuucnoticias.com\/?p=10169","name":"Registra por primera vez en Punta Sur un esp\u00e9cimen Pato Tepalcate (Oxyura jamaicensis) - El Puuc Noticias","isPartOf":{"@id":"https:\/\/elpuucnoticias.com\/#website"},"primaryImageOfPage":{"@id":"https:\/\/elpuucnoticias.com\/?p=10169#primaryimage"},"datePublished":"2023-11-09T20:30:08+00:00","dateModified":"2023-11-09T20:30:09+00:00","author":{"@id":"https:\/\/elpuucnoticias.com\/#\/schema\/person\/d2ea09e4c97f0160b11cdfb1d856bd9e"},"breadcrumb":{"@id":"https:\/\/elpuucnoticias.com\/?p=10169#breadcrumb"},"inLanguage":"es","potentialAction":[{"@type":"ReadAction","target":["https:\/\/elpuucnoticias.com\/?p=10169"]}]},{"@type":"BreadcrumbList","@id":"https:\/\/elpuucnoticias.com\/?p=10169#breadcrumb","itemListElement":[{"@type":"ListItem","position":1,"name":"Portada","item":"https:\/\/elpuucnoticias.com\/"},{"@type":"ListItem","position":2,"name":"Registra por primera vez en Punta Sur un esp\u00e9cimen Pato Tepalcate (Oxyura jamaicensis)"}]},{"@type":"Person","@id":"https:\/\/elpuucnoticias.com\/#\/schema\/person\/d2ea09e4c97f0160b11cdfb1d856bd9e","name":"elpuucnoticias","image":{"@type":"ImageObject","@id":"https:\/\/elpuucnoticias.com\/#personlogo","inLanguage":"es","url":"https:\/\/secure.gravatar.com\/avatar\/5290a43657c74ffa15701dbe5b846bd85cc71930d803c84e91046a7333de6ce2?s=96&d=mm&r=g","contentUrl":"https:\/\/secure.gravatar.com\/avatar\/5290a43657c74ffa15701dbe5b846bd85cc71930d803c84e91046a7333de6ce2?s=96&d=mm&r=g","caption":"elpuucnoticias"},"sameAs":["https:\/\/elpuucnoticias.com"],"url":"https:\/\/elpuucnoticias.com\/?author=1"}]}},"_links":{"self":[{"href":"https:\/\/elpuucnoticias.com\/index.php?rest_route=\/wp\/v2\/posts\/10169","targetHints":{"allow":["GET"]}}],"collection":[{"href":"https:\/\/elpuucnoticias.com\/index.php?rest_route=\/wp\/v2\/posts"}],"about":[{"href":"https:\/\/elpuucnoticias.com\/index.php?rest_route=\/wp\/v2\/types\/post"}],"author":[{"embeddable":true,"href":"https:\/\/elpuucnoticias.com\/index.php?rest_route=\/wp\/v2\/users\/1"}],"replies":[{"embeddable":true,"href":"https:\/\/elpuucnoticias.com\/index.php?rest_route=%2Fwp%2Fv2%2Fcomments&post=10169"}],"version-history":[{"count":1,"href":"https:\/\/elpuucnoticias.com\/index.php?rest_route=\/wp\/v2\/posts\/10169\/revisions"}],"predecessor-version":[{"id":10173,"href":"https:\/\/elpuucnoticias.com\/index.php?rest_route=\/wp\/v2\/posts\/10169\/revisions\/10173"}],"wp:featuredmedia":[{"embeddable":true,"href":"https:\/\/elpuucnoticias.com\/index.php?rest_route=\/wp\/v2\/media\/10170"}],"wp:attachment":[{"href":"https:\/\/elpuucnoticias.com\/index.php?rest_route=%2Fwp%2Fv2%2Fmedia&parent=10169"}],"wp:term":[{"taxonomy":"category","embeddable":true,"href":"https:\/\/elpuucnoticias.com\/index.php?rest_route=%2Fwp%2Fv2%2Fcategories&post=10169"},{"taxonomy":"post_tag","embeddable":true,"href":"https:\/\/elpuucnoticias.com\/index.php?rest_route=%2Fwp%2Fv2%2Ftags&post=10169"}],"curies":[{"name":"wp","href":"https:\/\/api.w.org\/{rel}","templated":true}]}}