{"id":10193,"date":"2023-11-14T21:15:23","date_gmt":"2023-11-15T03:15:23","guid":{"rendered":"https:\/\/elpuucnoticias.com\/?p=10193"},"modified":"2023-11-14T21:15:23","modified_gmt":"2023-11-15T03:15:23","slug":"celebran-el-dia-nacional-del-libro-en-yucatan-con-la-donacion-de-libros-para-el-sector-07-de-primaria","status":"publish","type":"post","link":"https:\/\/elpuucnoticias.com\/?p=10193","title":{"rendered":"Celebran el D\u00eda Nacional del Libro en Yucat\u00e1n con la donaci\u00f3n de libros para el Sector 07 de Primaria"},"content":{"rendered":"\n<p>En conmemoraci\u00f3n del D\u00eda Nacional del Libro en M\u00e9xico, la maestra Elsy Mar\u00eda Seba M\u00e9ndez, coordinadora estatal del programa de lectura y escritura en Yucat\u00e1n, llev\u00f3 a cabo la entrega de un valioso acervo de libros destinados a las bibliotecas escolares de las 10 zonas escolares del sector 07.<\/p>\n\n\n\n<p>Esta iniciativa, bajo la supervisi\u00f3n de la Dra. Sonia Esther Cuevas y Lujano, abarca desde los municipios de Muna hasta Tekax.<\/p>\n\n\n\n<p>Siendo el prop\u00f3sito de esta entrega el Fomento de la Lectura para el Desarrollo Educativo, al ayudar a cultivar el h\u00e1bito de la lectura entre los j\u00f3venes, animando no solo el amor por los libros sino tambi\u00e9n habilidades como la concentraci\u00f3n, la empat\u00eda, la prevenci\u00f3n de la degeneraci\u00f3n cognitiva y el fortalecimiento de las perspectivas de un futuro profesional exitoso.<\/p>\n\n\n\n<p>Este gesto altruista se enmarca en el contexto del D\u00eda Nacional del Libro, instaurado por decreto presidencial el 6 de noviembre de 1979, durante la administraci\u00f3n de Jos\u00e9 L\u00f3pez Portillo. El \u00e9nfasis de este decreto recae en la prioridad de la educaci\u00f3n en el desarrollo del pa\u00eds. El 12 de noviembre de cada a\u00f1o, en honor al natalicio de sor Juana In\u00e9s de la Cruz, se convierte en una jornada dedicada a promover actividades culturales y a resaltar la importancia del libro como un aliado fundamental para el enriquecimiento y desarrollo cultural y educativo en M\u00e9xico.<\/p>\n\n\n\n<p>Ya que, en el a\u00f1o 1980, se celebr\u00f3 por primera vez este significativo d\u00eda, marcado por la edici\u00f3n del libro conmemorativo \u00abSor Juana In\u00e9s de la Cruz. Obras escogidas\u00bb. Cabe se\u00f1alar, que estas ediciones, no comerciales, son regaladas en diversas locaciones como librer\u00edas, bibliotecas y centros culturales de todo el pa\u00eds. Con el objetivo de transmitir la relevancia de la lectura y el f\u00e1cil acceso a los libros en beneficio de la sociedad.<\/p>\n\n\n\n<p>El D\u00eda Nacional del Libro no solo es un evento est\u00e1tico; pues busca llevar la literatura a diferentes espacios p\u00fablicos como calles, plazas, hospitales y parques. Durante esta celebraci\u00f3n, se realizan diversas actividades, tales como talleres de fomento a la lectura, charlas de literatura infantil y juvenil, jornadas de creaci\u00f3n literaria, simposios, lecturas en voz alta, presentaciones de libros, proyecciones de pel\u00edculas y documentales, y conferencias.<\/p>\n\n\n\n<p>La coordinadora estatal, maestra Elsy Mar\u00eda Seba M\u00e9ndez, destaco la importancia de esta iniciativa como un paso significativo hacia el fortalecimiento del tejido educativo y cultural en Yucat\u00e1n. La entrega de libros no solo es un gesto simb\u00f3lico en el D\u00eda Nacional del Libro, sino tambi\u00e9n una inversi\u00f3n en el futuro intelectual de la juventud, cuyos frutos se reflejar\u00e1n en una sociedad m\u00e1s informada, reflexiva y preparada para los desaf\u00edos del ma\u00f1ana.<\/p>\n\n\n\n<p>Ponderando asimismo la importancia de los promotores de lectura, mismos que trabajan junto con los docentes frente a grupo, para el mejor aprovechamiento del aprendizaje de los ni\u00f1os, invit\u00e1ndolos a redoblar esfuerzos en el fomento de la lectura en sus respectivos centros de trabajo.<\/p>\n","protected":false},"excerpt":{"rendered":"<p>En conmemoraci\u00f3n del D\u00eda Nacional del Libro en M\u00e9xico, la maestra Elsy Mar\u00eda Seba M\u00e9ndez, coordinadora estatal del<\/p>\n","protected":false},"author":1,"featured_media":10194,"comment_status":"closed","ping_status":"open","sticky":false,"template":"","format":"standard","meta":{"_monsterinsights_skip_tracking":false,"_monsterinsights_sitenote_active":false,"_monsterinsights_sitenote_note":"","_monsterinsights_sitenote_category":0,"footnotes":""},"categories":[11,13],"tags":[],"class_list":["post-10193","post","type-post","status-publish","format-standard","has-post-thumbnail","hentry","category-noticias","category-ticul"],"yoast_head":"<!-- This site is optimized with the Yoast SEO plugin v18.3 - https:\/\/yoast.com\/wordpress\/plugins\/seo\/ -->\n<title>Celebran el D\u00eda Nacional del Libro en Yucat\u00e1n con la donaci\u00f3n de libros para el Sector 07 de Primaria - El Puuc Noticias<\/title>\n<meta name=\"robots\" content=\"index, follow, max-snippet:-1, max-image-preview:large, max-video-preview:-1\" \/>\n<link rel=\"canonical\" href=\"https:\/\/elpuucnoticias.com\/?p=10193\" \/>\n<meta property=\"og:locale\" content=\"es_ES\" \/>\n<meta property=\"og:type\" content=\"article\" \/>\n<meta property=\"og:title\" content=\"Celebran el D\u00eda Nacional del Libro en Yucat\u00e1n con la donaci\u00f3n de libros para el Sector 07 de Primaria - El Puuc Noticias\" \/>\n<meta property=\"og:description\" content=\"En conmemoraci\u00f3n del D\u00eda Nacional del Libro en M\u00e9xico, la maestra Elsy Mar\u00eda Seba M\u00e9ndez, coordinadora estatal del\" \/>\n<meta property=\"og:url\" content=\"https:\/\/elpuucnoticias.com\/?p=10193\" \/>\n<meta property=\"og:site_name\" content=\"El Puuc Noticias\" \/>\n<meta property=\"article:published_time\" content=\"2023-11-15T03:15:23+00:00\" \/>\n<meta property=\"og:image\" content=\"https:\/\/elpuucnoticias.com\/wp-content\/uploads\/2023\/11\/whatsapp-image-2023-11-14-at-4.58.49-pm.jpeg\" \/>\n\t<meta property=\"og:image:width\" content=\"1600\" \/>\n\t<meta property=\"og:image:height\" content=\"1200\" \/>\n\t<meta property=\"og:image:type\" content=\"image\/jpeg\" \/>\n<meta name=\"twitter:card\" content=\"summary_large_image\" \/>\n<meta name=\"twitter:label1\" content=\"Escrito por\" \/>\n\t<meta name=\"twitter:data1\" content=\"elpuucnoticias\" \/>\n\t<meta name=\"twitter:label2\" content=\"Tiempo de lectura\" \/>\n\t<meta name=\"twitter:data2\" content=\"3 minutos\" \/>\n<script type=\"application\/ld+json\" class=\"yoast-schema-graph\">{\"@context\":\"https:\/\/schema.org\",\"@graph\":[{\"@type\":\"WebSite\",\"@id\":\"https:\/\/elpuucnoticias.com\/#website\",\"url\":\"https:\/\/elpuucnoticias.com\/\",\"name\":\"El Puuc Noticias\",\"description\":\"Noticias - Entretenimiento - Deportes\",\"potentialAction\":[{\"@type\":\"SearchAction\",\"target\":{\"@type\":\"EntryPoint\",\"urlTemplate\":\"https:\/\/elpuucnoticias.com\/?s={search_term_string}\"},\"query-input\":\"required name=search_term_string\"}],\"inLanguage\":\"es\"},{\"@type\":\"ImageObject\",\"@id\":\"https:\/\/elpuucnoticias.com\/?p=10193#primaryimage\",\"inLanguage\":\"es\",\"url\":\"https:\/\/elpuucnoticias.com\/wp-content\/uploads\/2023\/11\/whatsapp-image-2023-11-14-at-4.58.49-pm.jpeg\",\"contentUrl\":\"https:\/\/elpuucnoticias.com\/wp-content\/uploads\/2023\/11\/whatsapp-image-2023-11-14-at-4.58.49-pm.jpeg\",\"width\":1600,\"height\":1200},{\"@type\":\"WebPage\",\"@id\":\"https:\/\/elpuucnoticias.com\/?p=10193#webpage\",\"url\":\"https:\/\/elpuucnoticias.com\/?p=10193\",\"name\":\"Celebran el D\u00eda Nacional del Libro en Yucat\u00e1n con la donaci\u00f3n de libros para el Sector 07 de Primaria - El Puuc Noticias\",\"isPartOf\":{\"@id\":\"https:\/\/elpuucnoticias.com\/#website\"},\"primaryImageOfPage\":{\"@id\":\"https:\/\/elpuucnoticias.com\/?p=10193#primaryimage\"},\"datePublished\":\"2023-11-15T03:15:23+00:00\",\"dateModified\":\"2023-11-15T03:15:23+00:00\",\"author\":{\"@id\":\"https:\/\/elpuucnoticias.com\/#\/schema\/person\/d2ea09e4c97f0160b11cdfb1d856bd9e\"},\"breadcrumb\":{\"@id\":\"https:\/\/elpuucnoticias.com\/?p=10193#breadcrumb\"},\"inLanguage\":\"es\",\"potentialAction\":[{\"@type\":\"ReadAction\",\"target\":[\"https:\/\/elpuucnoticias.com\/?p=10193\"]}]},{\"@type\":\"BreadcrumbList\",\"@id\":\"https:\/\/elpuucnoticias.com\/?p=10193#breadcrumb\",\"itemListElement\":[{\"@type\":\"ListItem\",\"position\":1,\"name\":\"Portada\",\"item\":\"https:\/\/elpuucnoticias.com\/\"},{\"@type\":\"ListItem\",\"position\":2,\"name\":\"Celebran el D\u00eda Nacional del Libro en Yucat\u00e1n con la donaci\u00f3n de libros para el Sector 07 de Primaria\"}]},{\"@type\":\"Person\",\"@id\":\"https:\/\/elpuucnoticias.com\/#\/schema\/person\/d2ea09e4c97f0160b11cdfb1d856bd9e\",\"name\":\"elpuucnoticias\",\"image\":{\"@type\":\"ImageObject\",\"@id\":\"https:\/\/elpuucnoticias.com\/#personlogo\",\"inLanguage\":\"es\",\"url\":\"https:\/\/secure.gravatar.com\/avatar\/5290a43657c74ffa15701dbe5b846bd85cc71930d803c84e91046a7333de6ce2?s=96&d=mm&r=g\",\"contentUrl\":\"https:\/\/secure.gravatar.com\/avatar\/5290a43657c74ffa15701dbe5b846bd85cc71930d803c84e91046a7333de6ce2?s=96&d=mm&r=g\",\"caption\":\"elpuucnoticias\"},\"sameAs\":[\"https:\/\/elpuucnoticias.com\"],\"url\":\"https:\/\/elpuucnoticias.com\/?author=1\"}]}<\/script>\n<!-- \/ Yoast SEO plugin. -->","yoast_head_json":{"title":"Celebran el D\u00eda Nacional del Libro en Yucat\u00e1n con la donaci\u00f3n de libros para el Sector 07 de Primaria - El Puuc Noticias","robots":{"index":"index","follow":"follow","max-snippet":"max-snippet:-1","max-image-preview":"max-image-preview:large","max-video-preview":"max-video-preview:-1"},"canonical":"https:\/\/elpuucnoticias.com\/?p=10193","og_locale":"es_ES","og_type":"article","og_title":"Celebran el D\u00eda Nacional del Libro en Yucat\u00e1n con la donaci\u00f3n de libros para el Sector 07 de Primaria - El Puuc Noticias","og_description":"En conmemoraci\u00f3n del D\u00eda Nacional del Libro en M\u00e9xico, la maestra Elsy Mar\u00eda Seba M\u00e9ndez, coordinadora estatal del","og_url":"https:\/\/elpuucnoticias.com\/?p=10193","og_site_name":"El Puuc Noticias","article_published_time":"2023-11-15T03:15:23+00:00","og_image":[{"width":1600,"height":1200,"url":"https:\/\/elpuucnoticias.com\/wp-content\/uploads\/2023\/11\/whatsapp-image-2023-11-14-at-4.58.49-pm.jpeg","type":"image\/jpeg"}],"twitter_card":"summary_large_image","twitter_misc":{"Escrito por":"elpuucnoticias","Tiempo de lectura":"3 minutos"},"schema":{"@context":"https:\/\/schema.org","@graph":[{"@type":"WebSite","@id":"https:\/\/elpuucnoticias.com\/#website","url":"https:\/\/elpuucnoticias.com\/","name":"El Puuc Noticias","description":"Noticias - Entretenimiento - Deportes","potentialAction":[{"@type":"SearchAction","target":{"@type":"EntryPoint","urlTemplate":"https:\/\/elpuucnoticias.com\/?s={search_term_string}"},"query-input":"required name=search_term_string"}],"inLanguage":"es"},{"@type":"ImageObject","@id":"https:\/\/elpuucnoticias.com\/?p=10193#primaryimage","inLanguage":"es","url":"https:\/\/elpuucnoticias.com\/wp-content\/uploads\/2023\/11\/whatsapp-image-2023-11-14-at-4.58.49-pm.jpeg","contentUrl":"https:\/\/elpuucnoticias.com\/wp-content\/uploads\/2023\/11\/whatsapp-image-2023-11-14-at-4.58.49-pm.jpeg","width":1600,"height":1200},{"@type":"WebPage","@id":"https:\/\/elpuucnoticias.com\/?p=10193#webpage","url":"https:\/\/elpuucnoticias.com\/?p=10193","name":"Celebran el D\u00eda Nacional del Libro en Yucat\u00e1n con la donaci\u00f3n de libros para el Sector 07 de Primaria - El Puuc Noticias","isPartOf":{"@id":"https:\/\/elpuucnoticias.com\/#website"},"primaryImageOfPage":{"@id":"https:\/\/elpuucnoticias.com\/?p=10193#primaryimage"},"datePublished":"2023-11-15T03:15:23+00:00","dateModified":"2023-11-15T03:15:23+00:00","author":{"@id":"https:\/\/elpuucnoticias.com\/#\/schema\/person\/d2ea09e4c97f0160b11cdfb1d856bd9e"},"breadcrumb":{"@id":"https:\/\/elpuucnoticias.com\/?p=10193#breadcrumb"},"inLanguage":"es","potentialAction":[{"@type":"ReadAction","target":["https:\/\/elpuucnoticias.com\/?p=10193"]}]},{"@type":"BreadcrumbList","@id":"https:\/\/elpuucnoticias.com\/?p=10193#breadcrumb","itemListElement":[{"@type":"ListItem","position":1,"name":"Portada","item":"https:\/\/elpuucnoticias.com\/"},{"@type":"ListItem","position":2,"name":"Celebran el D\u00eda Nacional del Libro en Yucat\u00e1n con la donaci\u00f3n de libros para el Sector 07 de Primaria"}]},{"@type":"Person","@id":"https:\/\/elpuucnoticias.com\/#\/schema\/person\/d2ea09e4c97f0160b11cdfb1d856bd9e","name":"elpuucnoticias","image":{"@type":"ImageObject","@id":"https:\/\/elpuucnoticias.com\/#personlogo","inLanguage":"es","url":"https:\/\/secure.gravatar.com\/avatar\/5290a43657c74ffa15701dbe5b846bd85cc71930d803c84e91046a7333de6ce2?s=96&d=mm&r=g","contentUrl":"https:\/\/secure.gravatar.com\/avatar\/5290a43657c74ffa15701dbe5b846bd85cc71930d803c84e91046a7333de6ce2?s=96&d=mm&r=g","caption":"elpuucnoticias"},"sameAs":["https:\/\/elpuucnoticias.com"],"url":"https:\/\/elpuucnoticias.com\/?author=1"}]}},"_links":{"self":[{"href":"https:\/\/elpuucnoticias.com\/index.php?rest_route=\/wp\/v2\/posts\/10193","targetHints":{"allow":["GET"]}}],"collection":[{"href":"https:\/\/elpuucnoticias.com\/index.php?rest_route=\/wp\/v2\/posts"}],"about":[{"href":"https:\/\/elpuucnoticias.com\/index.php?rest_route=\/wp\/v2\/types\/post"}],"author":[{"embeddable":true,"href":"https:\/\/elpuucnoticias.com\/index.php?rest_route=\/wp\/v2\/users\/1"}],"replies":[{"embeddable":true,"href":"https:\/\/elpuucnoticias.com\/index.php?rest_route=%2Fwp%2Fv2%2Fcomments&post=10193"}],"version-history":[{"count":1,"href":"https:\/\/elpuucnoticias.com\/index.php?rest_route=\/wp\/v2\/posts\/10193\/revisions"}],"predecessor-version":[{"id":10195,"href":"https:\/\/elpuucnoticias.com\/index.php?rest_route=\/wp\/v2\/posts\/10193\/revisions\/10195"}],"wp:featuredmedia":[{"embeddable":true,"href":"https:\/\/elpuucnoticias.com\/index.php?rest_route=\/wp\/v2\/media\/10194"}],"wp:attachment":[{"href":"https:\/\/elpuucnoticias.com\/index.php?rest_route=%2Fwp%2Fv2%2Fmedia&parent=10193"}],"wp:term":[{"taxonomy":"category","embeddable":true,"href":"https:\/\/elpuucnoticias.com\/index.php?rest_route=%2Fwp%2Fv2%2Fcategories&post=10193"},{"taxonomy":"post_tag","embeddable":true,"href":"https:\/\/elpuucnoticias.com\/index.php?rest_route=%2Fwp%2Fv2%2Ftags&post=10193"}],"curies":[{"name":"wp","href":"https:\/\/api.w.org\/{rel}","templated":true}]}}