{"id":10220,"date":"2023-11-21T19:19:42","date_gmt":"2023-11-22T01:19:42","guid":{"rendered":"https:\/\/elpuucnoticias.com\/?p=10220"},"modified":"2023-11-21T19:19:43","modified_gmt":"2023-11-22T01:19:43","slug":"la-secundaria-estatal-juan-pacheco-torres-de-tekax-ya-cuenta-con-sus-nuevos-representantes-de-la-sociedad-de-alumnos","status":"publish","type":"post","link":"https:\/\/elpuucnoticias.com\/?p=10220","title":{"rendered":"La secundaria estatal Juan Pacheco Torres, de Tekax, ya cuenta con sus nuevos representantes de la Sociedad de Alumnos"},"content":{"rendered":"\n<p>Josu\u00e9 Armando L\u00f3pez Colli del tercer grado, grupo A, resulta electo presidente de la Sociedad de Alumnos de la secundaria estatal Juan Pacheco Torres de Tekax, en el turno matutino.<\/p>\n\n\n\n<p>La elecci\u00f3n se realiz\u00f3 en d\u00edas pasados y el alumno recibi\u00f3 su constancia de mayor\u00eda de manos del profesor Diego Castro Cervera, director del plantel.<\/p>\n\n\n\n<p>L\u00f3pez Coll\u00ed obtuvo 213 votos, Naomy Pacab Chulim qued\u00f3 en segundo lugar con 89, Renata Brice\u00f1o en tercero con 68 votos y Melany Cruz Alonzo con 20 votos. Se reportaron 5 votos nulos y 14 boletas sobrantes.<\/p>\n\n\n\n<p>En el turno vespertino result\u00f3 electa como presidenta de la Sociedad de Alumnos, Rocel\u00edn G\u00f3mez Gonz\u00e1lez con 88 votos. En segundo lugar qued\u00f3 Minely Uc Manzanilla con 65 votos y, en tercero, Alisson Buenfil Novelo con 43 votos.\u2014 <em>El Puuc Noticias<\/em><\/p>\n","protected":false},"excerpt":{"rendered":"<p>Josu\u00e9 Armando L\u00f3pez Colli del tercer grado, grupo A, resulta electo presidente de la Sociedad de Alumnos de<\/p>\n","protected":false},"author":1,"featured_media":10221,"comment_status":"closed","ping_status":"open","sticky":false,"template":"","format":"standard","meta":{"_monsterinsights_skip_tracking":false,"_monsterinsights_sitenote_active":false,"_monsterinsights_sitenote_note":"","_monsterinsights_sitenote_category":0,"footnotes":""},"categories":[11,4],"tags":[],"class_list":["post-10220","post","type-post","status-publish","format-standard","has-post-thumbnail","hentry","category-noticias","category-tekax"],"yoast_head":"<!-- This site is optimized with the Yoast SEO plugin v18.3 - https:\/\/yoast.com\/wordpress\/plugins\/seo\/ -->\n<title>La secundaria estatal Juan Pacheco Torres, de Tekax, ya cuenta con sus nuevos representantes de la Sociedad de Alumnos - El Puuc Noticias<\/title>\n<meta name=\"robots\" content=\"index, follow, max-snippet:-1, max-image-preview:large, max-video-preview:-1\" \/>\n<link rel=\"canonical\" href=\"https:\/\/elpuucnoticias.com\/?p=10220\" \/>\n<meta property=\"og:locale\" content=\"es_ES\" \/>\n<meta property=\"og:type\" content=\"article\" \/>\n<meta property=\"og:title\" content=\"La secundaria estatal Juan Pacheco Torres, de Tekax, ya cuenta con sus nuevos representantes de la Sociedad de Alumnos - El Puuc Noticias\" \/>\n<meta property=\"og:description\" content=\"Josu\u00e9 Armando L\u00f3pez Colli del tercer grado, grupo A, resulta electo presidente de la Sociedad de Alumnos de\" \/>\n<meta property=\"og:url\" content=\"https:\/\/elpuucnoticias.com\/?p=10220\" \/>\n<meta property=\"og:site_name\" content=\"El Puuc Noticias\" \/>\n<meta property=\"article:published_time\" content=\"2023-11-22T01:19:42+00:00\" \/>\n<meta property=\"article:modified_time\" content=\"2023-11-22T01:19:43+00:00\" \/>\n<meta property=\"og:image\" content=\"https:\/\/elpuucnoticias.com\/wp-content\/uploads\/2023\/11\/whatsapp-image-2023-11-14-at-9.52.23-pm.jpeg\" \/>\n\t<meta property=\"og:image:width\" content=\"1153\" \/>\n\t<meta property=\"og:image:height\" content=\"720\" \/>\n\t<meta property=\"og:image:type\" content=\"image\/jpeg\" \/>\n<meta name=\"twitter:card\" content=\"summary_large_image\" \/>\n<meta name=\"twitter:label1\" content=\"Escrito por\" \/>\n\t<meta name=\"twitter:data1\" content=\"elpuucnoticias\" \/>\n\t<meta name=\"twitter:label2\" content=\"Tiempo de lectura\" \/>\n\t<meta name=\"twitter:data2\" content=\"1 minuto\" \/>\n<script type=\"application\/ld+json\" class=\"yoast-schema-graph\">{\"@context\":\"https:\/\/schema.org\",\"@graph\":[{\"@type\":\"WebSite\",\"@id\":\"https:\/\/elpuucnoticias.com\/#website\",\"url\":\"https:\/\/elpuucnoticias.com\/\",\"name\":\"El Puuc Noticias\",\"description\":\"Noticias - Entretenimiento - Deportes\",\"potentialAction\":[{\"@type\":\"SearchAction\",\"target\":{\"@type\":\"EntryPoint\",\"urlTemplate\":\"https:\/\/elpuucnoticias.com\/?s={search_term_string}\"},\"query-input\":\"required name=search_term_string\"}],\"inLanguage\":\"es\"},{\"@type\":\"ImageObject\",\"@id\":\"https:\/\/elpuucnoticias.com\/?p=10220#primaryimage\",\"inLanguage\":\"es\",\"url\":\"https:\/\/elpuucnoticias.com\/wp-content\/uploads\/2023\/11\/whatsapp-image-2023-11-14-at-9.52.23-pm.jpeg\",\"contentUrl\":\"https:\/\/elpuucnoticias.com\/wp-content\/uploads\/2023\/11\/whatsapp-image-2023-11-14-at-9.52.23-pm.jpeg\",\"width\":1153,\"height\":720},{\"@type\":\"WebPage\",\"@id\":\"https:\/\/elpuucnoticias.com\/?p=10220#webpage\",\"url\":\"https:\/\/elpuucnoticias.com\/?p=10220\",\"name\":\"La secundaria estatal Juan Pacheco Torres, de Tekax, ya cuenta con sus nuevos representantes de la Sociedad de Alumnos - El Puuc Noticias\",\"isPartOf\":{\"@id\":\"https:\/\/elpuucnoticias.com\/#website\"},\"primaryImageOfPage\":{\"@id\":\"https:\/\/elpuucnoticias.com\/?p=10220#primaryimage\"},\"datePublished\":\"2023-11-22T01:19:42+00:00\",\"dateModified\":\"2023-11-22T01:19:43+00:00\",\"author\":{\"@id\":\"https:\/\/elpuucnoticias.com\/#\/schema\/person\/d2ea09e4c97f0160b11cdfb1d856bd9e\"},\"breadcrumb\":{\"@id\":\"https:\/\/elpuucnoticias.com\/?p=10220#breadcrumb\"},\"inLanguage\":\"es\",\"potentialAction\":[{\"@type\":\"ReadAction\",\"target\":[\"https:\/\/elpuucnoticias.com\/?p=10220\"]}]},{\"@type\":\"BreadcrumbList\",\"@id\":\"https:\/\/elpuucnoticias.com\/?p=10220#breadcrumb\",\"itemListElement\":[{\"@type\":\"ListItem\",\"position\":1,\"name\":\"Portada\",\"item\":\"https:\/\/elpuucnoticias.com\/\"},{\"@type\":\"ListItem\",\"position\":2,\"name\":\"La secundaria estatal Juan Pacheco Torres, de Tekax, ya cuenta con sus nuevos representantes de la Sociedad de Alumnos\"}]},{\"@type\":\"Person\",\"@id\":\"https:\/\/elpuucnoticias.com\/#\/schema\/person\/d2ea09e4c97f0160b11cdfb1d856bd9e\",\"name\":\"elpuucnoticias\",\"image\":{\"@type\":\"ImageObject\",\"@id\":\"https:\/\/elpuucnoticias.com\/#personlogo\",\"inLanguage\":\"es\",\"url\":\"https:\/\/secure.gravatar.com\/avatar\/5290a43657c74ffa15701dbe5b846bd85cc71930d803c84e91046a7333de6ce2?s=96&d=mm&r=g\",\"contentUrl\":\"https:\/\/secure.gravatar.com\/avatar\/5290a43657c74ffa15701dbe5b846bd85cc71930d803c84e91046a7333de6ce2?s=96&d=mm&r=g\",\"caption\":\"elpuucnoticias\"},\"sameAs\":[\"https:\/\/elpuucnoticias.com\"],\"url\":\"https:\/\/elpuucnoticias.com\/?author=1\"}]}<\/script>\n<!-- \/ Yoast SEO plugin. -->","yoast_head_json":{"title":"La secundaria estatal Juan Pacheco Torres, de Tekax, ya cuenta con sus nuevos representantes de la Sociedad de Alumnos - El Puuc Noticias","robots":{"index":"index","follow":"follow","max-snippet":"max-snippet:-1","max-image-preview":"max-image-preview:large","max-video-preview":"max-video-preview:-1"},"canonical":"https:\/\/elpuucnoticias.com\/?p=10220","og_locale":"es_ES","og_type":"article","og_title":"La secundaria estatal Juan Pacheco Torres, de Tekax, ya cuenta con sus nuevos representantes de la Sociedad de Alumnos - El Puuc Noticias","og_description":"Josu\u00e9 Armando L\u00f3pez Colli del tercer grado, grupo A, resulta electo presidente de la Sociedad de Alumnos de","og_url":"https:\/\/elpuucnoticias.com\/?p=10220","og_site_name":"El Puuc Noticias","article_published_time":"2023-11-22T01:19:42+00:00","article_modified_time":"2023-11-22T01:19:43+00:00","og_image":[{"width":1153,"height":720,"url":"https:\/\/elpuucnoticias.com\/wp-content\/uploads\/2023\/11\/whatsapp-image-2023-11-14-at-9.52.23-pm.jpeg","type":"image\/jpeg"}],"twitter_card":"summary_large_image","twitter_misc":{"Escrito por":"elpuucnoticias","Tiempo de lectura":"1 minuto"},"schema":{"@context":"https:\/\/schema.org","@graph":[{"@type":"WebSite","@id":"https:\/\/elpuucnoticias.com\/#website","url":"https:\/\/elpuucnoticias.com\/","name":"El Puuc Noticias","description":"Noticias - Entretenimiento - Deportes","potentialAction":[{"@type":"SearchAction","target":{"@type":"EntryPoint","urlTemplate":"https:\/\/elpuucnoticias.com\/?s={search_term_string}"},"query-input":"required name=search_term_string"}],"inLanguage":"es"},{"@type":"ImageObject","@id":"https:\/\/elpuucnoticias.com\/?p=10220#primaryimage","inLanguage":"es","url":"https:\/\/elpuucnoticias.com\/wp-content\/uploads\/2023\/11\/whatsapp-image-2023-11-14-at-9.52.23-pm.jpeg","contentUrl":"https:\/\/elpuucnoticias.com\/wp-content\/uploads\/2023\/11\/whatsapp-image-2023-11-14-at-9.52.23-pm.jpeg","width":1153,"height":720},{"@type":"WebPage","@id":"https:\/\/elpuucnoticias.com\/?p=10220#webpage","url":"https:\/\/elpuucnoticias.com\/?p=10220","name":"La secundaria estatal Juan Pacheco Torres, de Tekax, ya cuenta con sus nuevos representantes de la Sociedad de Alumnos - El Puuc Noticias","isPartOf":{"@id":"https:\/\/elpuucnoticias.com\/#website"},"primaryImageOfPage":{"@id":"https:\/\/elpuucnoticias.com\/?p=10220#primaryimage"},"datePublished":"2023-11-22T01:19:42+00:00","dateModified":"2023-11-22T01:19:43+00:00","author":{"@id":"https:\/\/elpuucnoticias.com\/#\/schema\/person\/d2ea09e4c97f0160b11cdfb1d856bd9e"},"breadcrumb":{"@id":"https:\/\/elpuucnoticias.com\/?p=10220#breadcrumb"},"inLanguage":"es","potentialAction":[{"@type":"ReadAction","target":["https:\/\/elpuucnoticias.com\/?p=10220"]}]},{"@type":"BreadcrumbList","@id":"https:\/\/elpuucnoticias.com\/?p=10220#breadcrumb","itemListElement":[{"@type":"ListItem","position":1,"name":"Portada","item":"https:\/\/elpuucnoticias.com\/"},{"@type":"ListItem","position":2,"name":"La secundaria estatal Juan Pacheco Torres, de Tekax, ya cuenta con sus nuevos representantes de la Sociedad de Alumnos"}]},{"@type":"Person","@id":"https:\/\/elpuucnoticias.com\/#\/schema\/person\/d2ea09e4c97f0160b11cdfb1d856bd9e","name":"elpuucnoticias","image":{"@type":"ImageObject","@id":"https:\/\/elpuucnoticias.com\/#personlogo","inLanguage":"es","url":"https:\/\/secure.gravatar.com\/avatar\/5290a43657c74ffa15701dbe5b846bd85cc71930d803c84e91046a7333de6ce2?s=96&d=mm&r=g","contentUrl":"https:\/\/secure.gravatar.com\/avatar\/5290a43657c74ffa15701dbe5b846bd85cc71930d803c84e91046a7333de6ce2?s=96&d=mm&r=g","caption":"elpuucnoticias"},"sameAs":["https:\/\/elpuucnoticias.com"],"url":"https:\/\/elpuucnoticias.com\/?author=1"}]}},"_links":{"self":[{"href":"https:\/\/elpuucnoticias.com\/index.php?rest_route=\/wp\/v2\/posts\/10220","targetHints":{"allow":["GET"]}}],"collection":[{"href":"https:\/\/elpuucnoticias.com\/index.php?rest_route=\/wp\/v2\/posts"}],"about":[{"href":"https:\/\/elpuucnoticias.com\/index.php?rest_route=\/wp\/v2\/types\/post"}],"author":[{"embeddable":true,"href":"https:\/\/elpuucnoticias.com\/index.php?rest_route=\/wp\/v2\/users\/1"}],"replies":[{"embeddable":true,"href":"https:\/\/elpuucnoticias.com\/index.php?rest_route=%2Fwp%2Fv2%2Fcomments&post=10220"}],"version-history":[{"count":1,"href":"https:\/\/elpuucnoticias.com\/index.php?rest_route=\/wp\/v2\/posts\/10220\/revisions"}],"predecessor-version":[{"id":10222,"href":"https:\/\/elpuucnoticias.com\/index.php?rest_route=\/wp\/v2\/posts\/10220\/revisions\/10222"}],"wp:featuredmedia":[{"embeddable":true,"href":"https:\/\/elpuucnoticias.com\/index.php?rest_route=\/wp\/v2\/media\/10221"}],"wp:attachment":[{"href":"https:\/\/elpuucnoticias.com\/index.php?rest_route=%2Fwp%2Fv2%2Fmedia&parent=10220"}],"wp:term":[{"taxonomy":"category","embeddable":true,"href":"https:\/\/elpuucnoticias.com\/index.php?rest_route=%2Fwp%2Fv2%2Fcategories&post=10220"},{"taxonomy":"post_tag","embeddable":true,"href":"https:\/\/elpuucnoticias.com\/index.php?rest_route=%2Fwp%2Fv2%2Ftags&post=10220"}],"curies":[{"name":"wp","href":"https:\/\/api.w.org\/{rel}","templated":true}]}}