{"id":10335,"date":"2023-12-20T00:17:37","date_gmt":"2023-12-20T06:17:37","guid":{"rendered":"https:\/\/elpuucnoticias.com\/?p=10335"},"modified":"2023-12-20T00:17:38","modified_gmt":"2023-12-20T06:17:38","slug":"dos-alcaldes-del-sur-se-registran-como-precandidatos-a-diputados-para-el-congreso-del-estado-por-el-pan","status":"publish","type":"post","link":"https:\/\/elpuucnoticias.com\/?p=10335","title":{"rendered":"Dos alcaldes del Sur se registran como precandidatos a diputados para el Congreso del Estado por el PAN"},"content":{"rendered":"\n<p>Rafael Gerardo Montalvo Mata y Diego Jos\u00e9 \u00c1vila Romero se registraron este lunes en M\u00e9rida, ante el Comit\u00e9 Estatal del Partido Acci\u00f3n Nacional como precandidatos a las diputaciones locales por los distritos 21 y 20 respectivamente.<\/p>\n\n\n\n<p>Seg\u00fan informaron ambos pol\u00edticos, la finalidad es que siga el crecimiento y desarrollo de los municipios del Sur del Estado.<\/p>\n\n\n\n<p>Rafael Montalvo y Diego \u00c1vila, quienes ganaron las elecciones para la alcald\u00eda de sus municipios en 2018 y 2021, acudieron a su registro en M\u00e9rida acompa\u00f1ados de numerosos simpatizantes del partido.<\/p>\n\n\n\n<p>En el caso del ticule\u00f1o manifest\u00f3 que ya pidi\u00f3 licencia para separarse del cargo de presidente municipal porque ya est\u00e1 listo para iniciar con este nuevo proceso.<\/p>\n\n\n\n<p>Rafael Montalvo ha sido diputado estatal de 2015 a 2018 por el PAN, y es la segunda vez que buscar\u00e1 ese cargo. En cambio, Diego \u00c1vila particip\u00f3 en la contienda de 2015 para la alcald\u00eda de Tekax, en aquella ocasi\u00f3n perdi\u00f3 contra Josu\u00e9 Couoh, en 2018 lleg\u00f3 al Palacio Municipal y repiti\u00f3 en 2021.\u2014 <em>El Puuc Noticias<\/em>  <\/p>\n","protected":false},"excerpt":{"rendered":"<p>Rafael Gerardo Montalvo Mata y Diego Jos\u00e9 \u00c1vila Romero se registraron este lunes en M\u00e9rida, ante el Comit\u00e9<\/p>\n","protected":false},"author":1,"featured_media":10336,"comment_status":"closed","ping_status":"open","sticky":false,"template":"","format":"standard","meta":{"_monsterinsights_skip_tracking":false,"_monsterinsights_sitenote_active":false,"_monsterinsights_sitenote_note":"","_monsterinsights_sitenote_category":0,"footnotes":""},"categories":[11,26,4,13],"tags":[],"class_list":["post-10335","post","type-post","status-publish","format-standard","has-post-thumbnail","hentry","category-noticias","category-politica","category-tekax","category-ticul"],"yoast_head":"<!-- This site is optimized with the Yoast SEO plugin v18.3 - https:\/\/yoast.com\/wordpress\/plugins\/seo\/ -->\n<title>Dos alcaldes del Sur se registran como precandidatos a diputados para el Congreso del Estado por el PAN - El Puuc Noticias<\/title>\n<meta name=\"robots\" content=\"index, follow, max-snippet:-1, max-image-preview:large, max-video-preview:-1\" \/>\n<link rel=\"canonical\" href=\"https:\/\/elpuucnoticias.com\/?p=10335\" \/>\n<meta property=\"og:locale\" content=\"es_ES\" \/>\n<meta property=\"og:type\" content=\"article\" \/>\n<meta property=\"og:title\" content=\"Dos alcaldes del Sur se registran como precandidatos a diputados para el Congreso del Estado por el PAN - El Puuc Noticias\" \/>\n<meta property=\"og:description\" content=\"Rafael Gerardo Montalvo Mata y Diego Jos\u00e9 \u00c1vila Romero se registraron este lunes en M\u00e9rida, ante el Comit\u00e9\" \/>\n<meta property=\"og:url\" content=\"https:\/\/elpuucnoticias.com\/?p=10335\" \/>\n<meta property=\"og:site_name\" content=\"El Puuc Noticias\" \/>\n<meta property=\"article:published_time\" content=\"2023-12-20T06:17:37+00:00\" \/>\n<meta property=\"article:modified_time\" content=\"2023-12-20T06:17:38+00:00\" \/>\n<meta property=\"og:image\" content=\"https:\/\/elpuucnoticias.com\/wp-content\/uploads\/2023\/12\/whatsapp-image-2023-12-18-at-9.11.46-pm.jpeg\" \/>\n\t<meta property=\"og:image:width\" content=\"1094\" \/>\n\t<meta property=\"og:image:height\" content=\"720\" \/>\n\t<meta property=\"og:image:type\" content=\"image\/jpeg\" \/>\n<meta name=\"twitter:card\" content=\"summary_large_image\" \/>\n<meta name=\"twitter:label1\" content=\"Escrito por\" \/>\n\t<meta name=\"twitter:data1\" content=\"elpuucnoticias\" \/>\n\t<meta name=\"twitter:label2\" content=\"Tiempo de lectura\" \/>\n\t<meta name=\"twitter:data2\" content=\"1 minuto\" \/>\n<script type=\"application\/ld+json\" class=\"yoast-schema-graph\">{\"@context\":\"https:\/\/schema.org\",\"@graph\":[{\"@type\":\"WebSite\",\"@id\":\"https:\/\/elpuucnoticias.com\/#website\",\"url\":\"https:\/\/elpuucnoticias.com\/\",\"name\":\"El Puuc Noticias\",\"description\":\"Noticias - Entretenimiento - Deportes\",\"potentialAction\":[{\"@type\":\"SearchAction\",\"target\":{\"@type\":\"EntryPoint\",\"urlTemplate\":\"https:\/\/elpuucnoticias.com\/?s={search_term_string}\"},\"query-input\":\"required name=search_term_string\"}],\"inLanguage\":\"es\"},{\"@type\":\"ImageObject\",\"@id\":\"https:\/\/elpuucnoticias.com\/?p=10335#primaryimage\",\"inLanguage\":\"es\",\"url\":\"https:\/\/elpuucnoticias.com\/wp-content\/uploads\/2023\/12\/whatsapp-image-2023-12-18-at-9.11.46-pm.jpeg\",\"contentUrl\":\"https:\/\/elpuucnoticias.com\/wp-content\/uploads\/2023\/12\/whatsapp-image-2023-12-18-at-9.11.46-pm.jpeg\",\"width\":1094,\"height\":720},{\"@type\":\"WebPage\",\"@id\":\"https:\/\/elpuucnoticias.com\/?p=10335#webpage\",\"url\":\"https:\/\/elpuucnoticias.com\/?p=10335\",\"name\":\"Dos alcaldes del Sur se registran como precandidatos a diputados para el Congreso del Estado por el PAN - El Puuc Noticias\",\"isPartOf\":{\"@id\":\"https:\/\/elpuucnoticias.com\/#website\"},\"primaryImageOfPage\":{\"@id\":\"https:\/\/elpuucnoticias.com\/?p=10335#primaryimage\"},\"datePublished\":\"2023-12-20T06:17:37+00:00\",\"dateModified\":\"2023-12-20T06:17:38+00:00\",\"author\":{\"@id\":\"https:\/\/elpuucnoticias.com\/#\/schema\/person\/d2ea09e4c97f0160b11cdfb1d856bd9e\"},\"breadcrumb\":{\"@id\":\"https:\/\/elpuucnoticias.com\/?p=10335#breadcrumb\"},\"inLanguage\":\"es\",\"potentialAction\":[{\"@type\":\"ReadAction\",\"target\":[\"https:\/\/elpuucnoticias.com\/?p=10335\"]}]},{\"@type\":\"BreadcrumbList\",\"@id\":\"https:\/\/elpuucnoticias.com\/?p=10335#breadcrumb\",\"itemListElement\":[{\"@type\":\"ListItem\",\"position\":1,\"name\":\"Portada\",\"item\":\"https:\/\/elpuucnoticias.com\/\"},{\"@type\":\"ListItem\",\"position\":2,\"name\":\"Dos alcaldes del Sur se registran como precandidatos a diputados para el Congreso del Estado por el PAN\"}]},{\"@type\":\"Person\",\"@id\":\"https:\/\/elpuucnoticias.com\/#\/schema\/person\/d2ea09e4c97f0160b11cdfb1d856bd9e\",\"name\":\"elpuucnoticias\",\"image\":{\"@type\":\"ImageObject\",\"@id\":\"https:\/\/elpuucnoticias.com\/#personlogo\",\"inLanguage\":\"es\",\"url\":\"https:\/\/secure.gravatar.com\/avatar\/5290a43657c74ffa15701dbe5b846bd85cc71930d803c84e91046a7333de6ce2?s=96&d=mm&r=g\",\"contentUrl\":\"https:\/\/secure.gravatar.com\/avatar\/5290a43657c74ffa15701dbe5b846bd85cc71930d803c84e91046a7333de6ce2?s=96&d=mm&r=g\",\"caption\":\"elpuucnoticias\"},\"sameAs\":[\"https:\/\/elpuucnoticias.com\"],\"url\":\"https:\/\/elpuucnoticias.com\/?author=1\"}]}<\/script>\n<!-- \/ Yoast SEO plugin. -->","yoast_head_json":{"title":"Dos alcaldes del Sur se registran como precandidatos a diputados para el Congreso del Estado por el PAN - El Puuc Noticias","robots":{"index":"index","follow":"follow","max-snippet":"max-snippet:-1","max-image-preview":"max-image-preview:large","max-video-preview":"max-video-preview:-1"},"canonical":"https:\/\/elpuucnoticias.com\/?p=10335","og_locale":"es_ES","og_type":"article","og_title":"Dos alcaldes del Sur se registran como precandidatos a diputados para el Congreso del Estado por el PAN - El Puuc Noticias","og_description":"Rafael Gerardo Montalvo Mata y Diego Jos\u00e9 \u00c1vila Romero se registraron este lunes en M\u00e9rida, ante el Comit\u00e9","og_url":"https:\/\/elpuucnoticias.com\/?p=10335","og_site_name":"El Puuc Noticias","article_published_time":"2023-12-20T06:17:37+00:00","article_modified_time":"2023-12-20T06:17:38+00:00","og_image":[{"width":1094,"height":720,"url":"https:\/\/elpuucnoticias.com\/wp-content\/uploads\/2023\/12\/whatsapp-image-2023-12-18-at-9.11.46-pm.jpeg","type":"image\/jpeg"}],"twitter_card":"summary_large_image","twitter_misc":{"Escrito por":"elpuucnoticias","Tiempo de lectura":"1 minuto"},"schema":{"@context":"https:\/\/schema.org","@graph":[{"@type":"WebSite","@id":"https:\/\/elpuucnoticias.com\/#website","url":"https:\/\/elpuucnoticias.com\/","name":"El Puuc Noticias","description":"Noticias - Entretenimiento - Deportes","potentialAction":[{"@type":"SearchAction","target":{"@type":"EntryPoint","urlTemplate":"https:\/\/elpuucnoticias.com\/?s={search_term_string}"},"query-input":"required name=search_term_string"}],"inLanguage":"es"},{"@type":"ImageObject","@id":"https:\/\/elpuucnoticias.com\/?p=10335#primaryimage","inLanguage":"es","url":"https:\/\/elpuucnoticias.com\/wp-content\/uploads\/2023\/12\/whatsapp-image-2023-12-18-at-9.11.46-pm.jpeg","contentUrl":"https:\/\/elpuucnoticias.com\/wp-content\/uploads\/2023\/12\/whatsapp-image-2023-12-18-at-9.11.46-pm.jpeg","width":1094,"height":720},{"@type":"WebPage","@id":"https:\/\/elpuucnoticias.com\/?p=10335#webpage","url":"https:\/\/elpuucnoticias.com\/?p=10335","name":"Dos alcaldes del Sur se registran como precandidatos a diputados para el Congreso del Estado por el PAN - El Puuc Noticias","isPartOf":{"@id":"https:\/\/elpuucnoticias.com\/#website"},"primaryImageOfPage":{"@id":"https:\/\/elpuucnoticias.com\/?p=10335#primaryimage"},"datePublished":"2023-12-20T06:17:37+00:00","dateModified":"2023-12-20T06:17:38+00:00","author":{"@id":"https:\/\/elpuucnoticias.com\/#\/schema\/person\/d2ea09e4c97f0160b11cdfb1d856bd9e"},"breadcrumb":{"@id":"https:\/\/elpuucnoticias.com\/?p=10335#breadcrumb"},"inLanguage":"es","potentialAction":[{"@type":"ReadAction","target":["https:\/\/elpuucnoticias.com\/?p=10335"]}]},{"@type":"BreadcrumbList","@id":"https:\/\/elpuucnoticias.com\/?p=10335#breadcrumb","itemListElement":[{"@type":"ListItem","position":1,"name":"Portada","item":"https:\/\/elpuucnoticias.com\/"},{"@type":"ListItem","position":2,"name":"Dos alcaldes del Sur se registran como precandidatos a diputados para el Congreso del Estado por el PAN"}]},{"@type":"Person","@id":"https:\/\/elpuucnoticias.com\/#\/schema\/person\/d2ea09e4c97f0160b11cdfb1d856bd9e","name":"elpuucnoticias","image":{"@type":"ImageObject","@id":"https:\/\/elpuucnoticias.com\/#personlogo","inLanguage":"es","url":"https:\/\/secure.gravatar.com\/avatar\/5290a43657c74ffa15701dbe5b846bd85cc71930d803c84e91046a7333de6ce2?s=96&d=mm&r=g","contentUrl":"https:\/\/secure.gravatar.com\/avatar\/5290a43657c74ffa15701dbe5b846bd85cc71930d803c84e91046a7333de6ce2?s=96&d=mm&r=g","caption":"elpuucnoticias"},"sameAs":["https:\/\/elpuucnoticias.com"],"url":"https:\/\/elpuucnoticias.com\/?author=1"}]}},"_links":{"self":[{"href":"https:\/\/elpuucnoticias.com\/index.php?rest_route=\/wp\/v2\/posts\/10335","targetHints":{"allow":["GET"]}}],"collection":[{"href":"https:\/\/elpuucnoticias.com\/index.php?rest_route=\/wp\/v2\/posts"}],"about":[{"href":"https:\/\/elpuucnoticias.com\/index.php?rest_route=\/wp\/v2\/types\/post"}],"author":[{"embeddable":true,"href":"https:\/\/elpuucnoticias.com\/index.php?rest_route=\/wp\/v2\/users\/1"}],"replies":[{"embeddable":true,"href":"https:\/\/elpuucnoticias.com\/index.php?rest_route=%2Fwp%2Fv2%2Fcomments&post=10335"}],"version-history":[{"count":1,"href":"https:\/\/elpuucnoticias.com\/index.php?rest_route=\/wp\/v2\/posts\/10335\/revisions"}],"predecessor-version":[{"id":10337,"href":"https:\/\/elpuucnoticias.com\/index.php?rest_route=\/wp\/v2\/posts\/10335\/revisions\/10337"}],"wp:featuredmedia":[{"embeddable":true,"href":"https:\/\/elpuucnoticias.com\/index.php?rest_route=\/wp\/v2\/media\/10336"}],"wp:attachment":[{"href":"https:\/\/elpuucnoticias.com\/index.php?rest_route=%2Fwp%2Fv2%2Fmedia&parent=10335"}],"wp:term":[{"taxonomy":"category","embeddable":true,"href":"https:\/\/elpuucnoticias.com\/index.php?rest_route=%2Fwp%2Fv2%2Fcategories&post=10335"},{"taxonomy":"post_tag","embeddable":true,"href":"https:\/\/elpuucnoticias.com\/index.php?rest_route=%2Fwp%2Fv2%2Ftags&post=10335"}],"curies":[{"name":"wp","href":"https:\/\/api.w.org\/{rel}","templated":true}]}}