{"id":10378,"date":"2024-01-02T20:04:20","date_gmt":"2024-01-03T02:04:20","guid":{"rendered":"https:\/\/elpuucnoticias.com\/?p=10378"},"modified":"2024-01-02T20:04:21","modified_gmt":"2024-01-03T02:04:21","slug":"pagos-de-la-pension-del-bienestar-arrancan-este-miercoles-con-aumento-del-25-aqui-el-calendario-de-pagos","status":"publish","type":"post","link":"https:\/\/elpuucnoticias.com\/?p=10378","title":{"rendered":"Pagos de la Pensi\u00f3n del Bienestar arrancan este mi\u00e9rcoles con aumento del 25%. Aqu\u00ed el calendario de pagos"},"content":{"rendered":"\n<p>Seg\u00fan anunci\u00f3 de la Secretar\u00eda del Bienestar a cargo de Ariadna Montiel, el pago correspondiente al bimestre enero-febrero 2024, con un aumento del 25% para los beneficiarios, quedar\u00e1 de la siguiente manera:<\/p>\n\n\n\n<p>Las personas cuyos apellidos comienzan con la A cobrar\u00e1n este mi\u00e9rcoles 3 de enero. La letra B, el jueves, y la letra C el viernes y lunes.<\/p>\n\n\n\n<p> El martes 9 le toca a los de las letras D, E y F, mi\u00e9rcoles 10 letra G, jueves 11 letra G, viernes 12 letras H, I, J y K, lunes 15 letra L, martes 16 y mi\u00e9rcoles 17 letra M, jueves 18 N, \u00d1 y O, las letras P y Q el viernes 19; lunes 22 letra R, martes 23 letra R, mi\u00e9rcoles 24 letra S, jueves 25 letra T, y viernes 26 letras U, V, W, X, Y y Z.<\/p>\n","protected":false},"excerpt":{"rendered":"<p>Seg\u00fan anunci\u00f3 de la Secretar\u00eda del Bienestar a cargo de Ariadna Montiel, el pago correspondiente al bimestre enero-febrero<\/p>\n","protected":false},"author":1,"featured_media":10183,"comment_status":"closed","ping_status":"open","sticky":false,"template":"","format":"standard","meta":{"_monsterinsights_skip_tracking":false,"_monsterinsights_sitenote_active":false,"_monsterinsights_sitenote_note":"","_monsterinsights_sitenote_category":0,"footnotes":""},"categories":[11],"tags":[],"class_list":["post-10378","post","type-post","status-publish","format-standard","has-post-thumbnail","hentry","category-noticias"],"yoast_head":"<!-- This site is optimized with the Yoast SEO plugin v18.3 - https:\/\/yoast.com\/wordpress\/plugins\/seo\/ -->\n<title>Pagos de la Pensi\u00f3n del Bienestar arrancan este mi\u00e9rcoles con aumento del 25%. Aqu\u00ed el calendario de pagos - El Puuc Noticias<\/title>\n<meta name=\"robots\" content=\"index, follow, max-snippet:-1, max-image-preview:large, max-video-preview:-1\" \/>\n<link rel=\"canonical\" href=\"https:\/\/elpuucnoticias.com\/?p=10378\" \/>\n<meta property=\"og:locale\" content=\"es_ES\" \/>\n<meta property=\"og:type\" content=\"article\" \/>\n<meta property=\"og:title\" content=\"Pagos de la Pensi\u00f3n del Bienestar arrancan este mi\u00e9rcoles con aumento del 25%. Aqu\u00ed el calendario de pagos - El Puuc Noticias\" \/>\n<meta property=\"og:description\" content=\"Seg\u00fan anunci\u00f3 de la Secretar\u00eda del Bienestar a cargo de Ariadna Montiel, el pago correspondiente al bimestre enero-febrero\" \/>\n<meta property=\"og:url\" content=\"https:\/\/elpuucnoticias.com\/?p=10378\" \/>\n<meta property=\"og:site_name\" content=\"El Puuc Noticias\" \/>\n<meta property=\"article:published_time\" content=\"2024-01-03T02:04:20+00:00\" \/>\n<meta property=\"article:modified_time\" content=\"2024-01-03T02:04:21+00:00\" \/>\n<meta property=\"og:image\" content=\"https:\/\/elpuucnoticias.com\/wp-content\/uploads\/2023\/11\/bienestar-akil-2.jpg\" \/>\n\t<meta property=\"og:image:width\" content=\"2048\" \/>\n\t<meta property=\"og:image:height\" content=\"1365\" \/>\n\t<meta property=\"og:image:type\" content=\"image\/jpeg\" \/>\n<meta name=\"twitter:card\" content=\"summary_large_image\" \/>\n<meta name=\"twitter:label1\" content=\"Escrito por\" \/>\n\t<meta name=\"twitter:data1\" content=\"elpuucnoticias\" \/>\n\t<meta name=\"twitter:label2\" content=\"Tiempo de lectura\" \/>\n\t<meta name=\"twitter:data2\" content=\"1 minuto\" \/>\n<script type=\"application\/ld+json\" class=\"yoast-schema-graph\">{\"@context\":\"https:\/\/schema.org\",\"@graph\":[{\"@type\":\"WebSite\",\"@id\":\"https:\/\/elpuucnoticias.com\/#website\",\"url\":\"https:\/\/elpuucnoticias.com\/\",\"name\":\"El Puuc Noticias\",\"description\":\"Noticias - Entretenimiento - Deportes\",\"potentialAction\":[{\"@type\":\"SearchAction\",\"target\":{\"@type\":\"EntryPoint\",\"urlTemplate\":\"https:\/\/elpuucnoticias.com\/?s={search_term_string}\"},\"query-input\":\"required name=search_term_string\"}],\"inLanguage\":\"es\"},{\"@type\":\"ImageObject\",\"@id\":\"https:\/\/elpuucnoticias.com\/?p=10378#primaryimage\",\"inLanguage\":\"es\",\"url\":\"https:\/\/elpuucnoticias.com\/wp-content\/uploads\/2023\/11\/bienestar-akil-2.jpg\",\"contentUrl\":\"https:\/\/elpuucnoticias.com\/wp-content\/uploads\/2023\/11\/bienestar-akil-2.jpg\",\"width\":2048,\"height\":1365},{\"@type\":\"WebPage\",\"@id\":\"https:\/\/elpuucnoticias.com\/?p=10378#webpage\",\"url\":\"https:\/\/elpuucnoticias.com\/?p=10378\",\"name\":\"Pagos de la Pensi\u00f3n del Bienestar arrancan este mi\u00e9rcoles con aumento del 25%. Aqu\u00ed el calendario de pagos - El Puuc Noticias\",\"isPartOf\":{\"@id\":\"https:\/\/elpuucnoticias.com\/#website\"},\"primaryImageOfPage\":{\"@id\":\"https:\/\/elpuucnoticias.com\/?p=10378#primaryimage\"},\"datePublished\":\"2024-01-03T02:04:20+00:00\",\"dateModified\":\"2024-01-03T02:04:21+00:00\",\"author\":{\"@id\":\"https:\/\/elpuucnoticias.com\/#\/schema\/person\/d2ea09e4c97f0160b11cdfb1d856bd9e\"},\"breadcrumb\":{\"@id\":\"https:\/\/elpuucnoticias.com\/?p=10378#breadcrumb\"},\"inLanguage\":\"es\",\"potentialAction\":[{\"@type\":\"ReadAction\",\"target\":[\"https:\/\/elpuucnoticias.com\/?p=10378\"]}]},{\"@type\":\"BreadcrumbList\",\"@id\":\"https:\/\/elpuucnoticias.com\/?p=10378#breadcrumb\",\"itemListElement\":[{\"@type\":\"ListItem\",\"position\":1,\"name\":\"Portada\",\"item\":\"https:\/\/elpuucnoticias.com\/\"},{\"@type\":\"ListItem\",\"position\":2,\"name\":\"Pagos de la Pensi\u00f3n del Bienestar arrancan este mi\u00e9rcoles con aumento del 25%. Aqu\u00ed el calendario de pagos\"}]},{\"@type\":\"Person\",\"@id\":\"https:\/\/elpuucnoticias.com\/#\/schema\/person\/d2ea09e4c97f0160b11cdfb1d856bd9e\",\"name\":\"elpuucnoticias\",\"image\":{\"@type\":\"ImageObject\",\"@id\":\"https:\/\/elpuucnoticias.com\/#personlogo\",\"inLanguage\":\"es\",\"url\":\"https:\/\/secure.gravatar.com\/avatar\/5290a43657c74ffa15701dbe5b846bd85cc71930d803c84e91046a7333de6ce2?s=96&d=mm&r=g\",\"contentUrl\":\"https:\/\/secure.gravatar.com\/avatar\/5290a43657c74ffa15701dbe5b846bd85cc71930d803c84e91046a7333de6ce2?s=96&d=mm&r=g\",\"caption\":\"elpuucnoticias\"},\"sameAs\":[\"https:\/\/elpuucnoticias.com\"],\"url\":\"https:\/\/elpuucnoticias.com\/?author=1\"}]}<\/script>\n<!-- \/ Yoast SEO plugin. -->","yoast_head_json":{"title":"Pagos de la Pensi\u00f3n del Bienestar arrancan este mi\u00e9rcoles con aumento del 25%. Aqu\u00ed el calendario de pagos - El Puuc Noticias","robots":{"index":"index","follow":"follow","max-snippet":"max-snippet:-1","max-image-preview":"max-image-preview:large","max-video-preview":"max-video-preview:-1"},"canonical":"https:\/\/elpuucnoticias.com\/?p=10378","og_locale":"es_ES","og_type":"article","og_title":"Pagos de la Pensi\u00f3n del Bienestar arrancan este mi\u00e9rcoles con aumento del 25%. Aqu\u00ed el calendario de pagos - El Puuc Noticias","og_description":"Seg\u00fan anunci\u00f3 de la Secretar\u00eda del Bienestar a cargo de Ariadna Montiel, el pago correspondiente al bimestre enero-febrero","og_url":"https:\/\/elpuucnoticias.com\/?p=10378","og_site_name":"El Puuc Noticias","article_published_time":"2024-01-03T02:04:20+00:00","article_modified_time":"2024-01-03T02:04:21+00:00","og_image":[{"width":2048,"height":1365,"url":"https:\/\/elpuucnoticias.com\/wp-content\/uploads\/2023\/11\/bienestar-akil-2.jpg","type":"image\/jpeg"}],"twitter_card":"summary_large_image","twitter_misc":{"Escrito por":"elpuucnoticias","Tiempo de lectura":"1 minuto"},"schema":{"@context":"https:\/\/schema.org","@graph":[{"@type":"WebSite","@id":"https:\/\/elpuucnoticias.com\/#website","url":"https:\/\/elpuucnoticias.com\/","name":"El Puuc Noticias","description":"Noticias - Entretenimiento - Deportes","potentialAction":[{"@type":"SearchAction","target":{"@type":"EntryPoint","urlTemplate":"https:\/\/elpuucnoticias.com\/?s={search_term_string}"},"query-input":"required name=search_term_string"}],"inLanguage":"es"},{"@type":"ImageObject","@id":"https:\/\/elpuucnoticias.com\/?p=10378#primaryimage","inLanguage":"es","url":"https:\/\/elpuucnoticias.com\/wp-content\/uploads\/2023\/11\/bienestar-akil-2.jpg","contentUrl":"https:\/\/elpuucnoticias.com\/wp-content\/uploads\/2023\/11\/bienestar-akil-2.jpg","width":2048,"height":1365},{"@type":"WebPage","@id":"https:\/\/elpuucnoticias.com\/?p=10378#webpage","url":"https:\/\/elpuucnoticias.com\/?p=10378","name":"Pagos de la Pensi\u00f3n del Bienestar arrancan este mi\u00e9rcoles con aumento del 25%. Aqu\u00ed el calendario de pagos - El Puuc Noticias","isPartOf":{"@id":"https:\/\/elpuucnoticias.com\/#website"},"primaryImageOfPage":{"@id":"https:\/\/elpuucnoticias.com\/?p=10378#primaryimage"},"datePublished":"2024-01-03T02:04:20+00:00","dateModified":"2024-01-03T02:04:21+00:00","author":{"@id":"https:\/\/elpuucnoticias.com\/#\/schema\/person\/d2ea09e4c97f0160b11cdfb1d856bd9e"},"breadcrumb":{"@id":"https:\/\/elpuucnoticias.com\/?p=10378#breadcrumb"},"inLanguage":"es","potentialAction":[{"@type":"ReadAction","target":["https:\/\/elpuucnoticias.com\/?p=10378"]}]},{"@type":"BreadcrumbList","@id":"https:\/\/elpuucnoticias.com\/?p=10378#breadcrumb","itemListElement":[{"@type":"ListItem","position":1,"name":"Portada","item":"https:\/\/elpuucnoticias.com\/"},{"@type":"ListItem","position":2,"name":"Pagos de la Pensi\u00f3n del Bienestar arrancan este mi\u00e9rcoles con aumento del 25%. Aqu\u00ed el calendario de pagos"}]},{"@type":"Person","@id":"https:\/\/elpuucnoticias.com\/#\/schema\/person\/d2ea09e4c97f0160b11cdfb1d856bd9e","name":"elpuucnoticias","image":{"@type":"ImageObject","@id":"https:\/\/elpuucnoticias.com\/#personlogo","inLanguage":"es","url":"https:\/\/secure.gravatar.com\/avatar\/5290a43657c74ffa15701dbe5b846bd85cc71930d803c84e91046a7333de6ce2?s=96&d=mm&r=g","contentUrl":"https:\/\/secure.gravatar.com\/avatar\/5290a43657c74ffa15701dbe5b846bd85cc71930d803c84e91046a7333de6ce2?s=96&d=mm&r=g","caption":"elpuucnoticias"},"sameAs":["https:\/\/elpuucnoticias.com"],"url":"https:\/\/elpuucnoticias.com\/?author=1"}]}},"_links":{"self":[{"href":"https:\/\/elpuucnoticias.com\/index.php?rest_route=\/wp\/v2\/posts\/10378","targetHints":{"allow":["GET"]}}],"collection":[{"href":"https:\/\/elpuucnoticias.com\/index.php?rest_route=\/wp\/v2\/posts"}],"about":[{"href":"https:\/\/elpuucnoticias.com\/index.php?rest_route=\/wp\/v2\/types\/post"}],"author":[{"embeddable":true,"href":"https:\/\/elpuucnoticias.com\/index.php?rest_route=\/wp\/v2\/users\/1"}],"replies":[{"embeddable":true,"href":"https:\/\/elpuucnoticias.com\/index.php?rest_route=%2Fwp%2Fv2%2Fcomments&post=10378"}],"version-history":[{"count":1,"href":"https:\/\/elpuucnoticias.com\/index.php?rest_route=\/wp\/v2\/posts\/10378\/revisions"}],"predecessor-version":[{"id":10379,"href":"https:\/\/elpuucnoticias.com\/index.php?rest_route=\/wp\/v2\/posts\/10378\/revisions\/10379"}],"wp:featuredmedia":[{"embeddable":true,"href":"https:\/\/elpuucnoticias.com\/index.php?rest_route=\/wp\/v2\/media\/10183"}],"wp:attachment":[{"href":"https:\/\/elpuucnoticias.com\/index.php?rest_route=%2Fwp%2Fv2%2Fmedia&parent=10378"}],"wp:term":[{"taxonomy":"category","embeddable":true,"href":"https:\/\/elpuucnoticias.com\/index.php?rest_route=%2Fwp%2Fv2%2Fcategories&post=10378"},{"taxonomy":"post_tag","embeddable":true,"href":"https:\/\/elpuucnoticias.com\/index.php?rest_route=%2Fwp%2Fv2%2Ftags&post=10378"}],"curies":[{"name":"wp","href":"https:\/\/api.w.org\/{rel}","templated":true}]}}