{"id":10640,"date":"2024-02-23T13:37:34","date_gmt":"2024-02-23T19:37:34","guid":{"rendered":"https:\/\/elpuucnoticias.com\/?p=10640"},"modified":"2024-02-23T13:37:36","modified_gmt":"2024-02-23T19:37:36","slug":"ayuntamiento-de-ticul-encabeza-programa-para-la-mejora-de-viviendas","status":"publish","type":"post","link":"https:\/\/elpuucnoticias.com\/?p=10640","title":{"rendered":"Ayuntamiento de Ticul encabeza programa para la mejora de viviendas"},"content":{"rendered":"\n<p>La ma\u00f1ana de este viernes el alcalde de Ticul, Rafael Montalvo Mata realiz\u00f3 la entrega oficial del programa municipal \u201cMejora Tu Vivienda\u201d en el que se entregaron m\u00e1s de 1,500 hojas de l\u00e1minas de 4.50M y 5.50M R-72 CAL -32 a los beneficiarios.<\/p>\n\n\n\n<p>Con el prop\u00f3sito de contribuir al mejoramiento de viviendas para los habitantes de Ticul y sus comisarias, el primer edil puso en marcha este programa municipal, con el objetivo de continuar respaldando a las diversas familias y mejorar sus condiciones de vida.<\/p>\n\n\n\n<p>El programa municipal \u201cMejora Tu Vivienda\u201d te da la oportunidad de adquirir l\u00e1mina, tinacos, bultos de cemento y bombas de agua a un bajo costo y el excedente lo aporta el Ayuntamiento de Ticul.<\/p>\n\n\n\n<figure class=\"wp-block-gallery has-nested-images columns-default is-cropped wp-block-gallery-1 is-layout-flex wp-block-gallery-is-layout-flex\">\n<figure class=\"wp-block-image size-large\"><img loading=\"lazy\" decoding=\"async\" width=\"1024\" height=\"757\" data-id=\"10644\" src=\"https:\/\/elpuucnoticias.com\/wp-content\/uploads\/2024\/02\/whatsapp-image-2024-02-23-at-12.44.29-pm-2-1024x757.jpeg\" alt=\"\" class=\"wp-image-10644\" srcset=\"https:\/\/elpuucnoticias.com\/wp-content\/uploads\/2024\/02\/whatsapp-image-2024-02-23-at-12.44.29-pm-2-1024x757.jpeg 1024w, https:\/\/elpuucnoticias.com\/wp-content\/uploads\/2024\/02\/whatsapp-image-2024-02-23-at-12.44.29-pm-2-300x222.jpeg 300w, https:\/\/elpuucnoticias.com\/wp-content\/uploads\/2024\/02\/whatsapp-image-2024-02-23-at-12.44.29-pm-2-768x568.jpeg 768w, https:\/\/elpuucnoticias.com\/wp-content\/uploads\/2024\/02\/whatsapp-image-2024-02-23-at-12.44.29-pm-2-320x237.jpeg 320w, https:\/\/elpuucnoticias.com\/wp-content\/uploads\/2024\/02\/whatsapp-image-2024-02-23-at-12.44.29-pm-2.jpeg 1381w\" sizes=\"auto, (max-width: 1024px) 100vw, 1024px\" \/><\/figure>\n\n\n\n<figure class=\"wp-block-image size-large\"><img loading=\"lazy\" decoding=\"async\" width=\"1024\" height=\"842\" data-id=\"10643\" src=\"https:\/\/elpuucnoticias.com\/wp-content\/uploads\/2024\/02\/whatsapp-image-2024-02-23-at-12.44.29-pm-1024x842.jpeg\" alt=\"\" class=\"wp-image-10643\" srcset=\"https:\/\/elpuucnoticias.com\/wp-content\/uploads\/2024\/02\/whatsapp-image-2024-02-23-at-12.44.29-pm-1024x842.jpeg 1024w, https:\/\/elpuucnoticias.com\/wp-content\/uploads\/2024\/02\/whatsapp-image-2024-02-23-at-12.44.29-pm-300x247.jpeg 300w, https:\/\/elpuucnoticias.com\/wp-content\/uploads\/2024\/02\/whatsapp-image-2024-02-23-at-12.44.29-pm-768x631.jpeg 768w, https:\/\/elpuucnoticias.com\/wp-content\/uploads\/2024\/02\/whatsapp-image-2024-02-23-at-12.44.29-pm-1536x1262.jpeg 1536w, https:\/\/elpuucnoticias.com\/wp-content\/uploads\/2024\/02\/whatsapp-image-2024-02-23-at-12.44.29-pm-320x263.jpeg 320w, https:\/\/elpuucnoticias.com\/wp-content\/uploads\/2024\/02\/whatsapp-image-2024-02-23-at-12.44.29-pm.jpeg 1600w\" sizes=\"auto, (max-width: 1024px) 100vw, 1024px\" \/><\/figure>\n\n\n\n<figure class=\"wp-block-image size-large\"><img loading=\"lazy\" decoding=\"async\" width=\"1024\" height=\"753\" data-id=\"10642\" src=\"https:\/\/elpuucnoticias.com\/wp-content\/uploads\/2024\/02\/whatsapp-image-2024-02-23-at-12.44.30-pm-1-1024x753.jpeg\" alt=\"\" class=\"wp-image-10642\" srcset=\"https:\/\/elpuucnoticias.com\/wp-content\/uploads\/2024\/02\/whatsapp-image-2024-02-23-at-12.44.30-pm-1-1024x753.jpeg 1024w, https:\/\/elpuucnoticias.com\/wp-content\/uploads\/2024\/02\/whatsapp-image-2024-02-23-at-12.44.30-pm-1-300x221.jpeg 300w, https:\/\/elpuucnoticias.com\/wp-content\/uploads\/2024\/02\/whatsapp-image-2024-02-23-at-12.44.30-pm-1-768x565.jpeg 768w, https:\/\/elpuucnoticias.com\/wp-content\/uploads\/2024\/02\/whatsapp-image-2024-02-23-at-12.44.30-pm-1-320x235.jpeg 320w, https:\/\/elpuucnoticias.com\/wp-content\/uploads\/2024\/02\/whatsapp-image-2024-02-23-at-12.44.30-pm-1.jpeg 1387w\" sizes=\"auto, (max-width: 1024px) 100vw, 1024px\" \/><\/figure>\n<\/figure>\n\n\n\n<p>Rafael Montalvo inform\u00f3 que \u201cAl d\u00eda de hoy se han entregado m\u00e1s de 4000 hojas de l\u00e1minas a familias de Ticul y sus comisar\u00edas gracias al programa Municipal \u201cMejora tu Vivienda\u201d que se ha realizado en dos ocasiones en coordinaci\u00f3n con la asociaci\u00f3n de Marianas Trinitarias y en esta \u00faltima edici\u00f3n de manera independiente con recurso \u00fanico del Ayuntamiento de Ticul\u201d.<\/p>\n\n\n\n<p>\u201cEsta ha sido una gran oportunidad para que, en equipo, llevemos este beneficio a todos los ciudadanos que se han acercado a solicitarlo, sin distinci\u00f3n alguna\u201d puntualiz\u00f3 el alcalde de Ticul.<\/p>\n\n\n\n<p>Durante esta entrega se beneficiaron a 179 familias de Ticul y comisar\u00edas, quienes expresaron su sincero agradecimiento a Rafael Montalvo por el valioso apoyo brindado, que contribuye significativamente a fortalecer su econom\u00eda familiar.<\/p>\n\n\n\n<p>La colaboraci\u00f3n activa del alcalde demuestra su compromiso continuo con el bienestar y desarrollo de la comunidad.<\/p>\n","protected":false},"excerpt":{"rendered":"<p>La ma\u00f1ana de este viernes el alcalde de Ticul, Rafael Montalvo Mata realiz\u00f3 la entrega oficial del programa<\/p>\n","protected":false},"author":1,"featured_media":10641,"comment_status":"closed","ping_status":"open","sticky":false,"template":"","format":"standard","meta":{"_monsterinsights_skip_tracking":false,"_monsterinsights_sitenote_active":false,"_monsterinsights_sitenote_note":"","_monsterinsights_sitenote_category":0,"footnotes":""},"categories":[11,13],"tags":[],"class_list":["post-10640","post","type-post","status-publish","format-standard","has-post-thumbnail","hentry","category-noticias","category-ticul"],"yoast_head":"<!-- This site is optimized with the Yoast SEO plugin v18.3 - https:\/\/yoast.com\/wordpress\/plugins\/seo\/ -->\n<title>Ayuntamiento de Ticul encabeza programa para la mejora de viviendas - El Puuc Noticias<\/title>\n<meta name=\"robots\" content=\"index, follow, max-snippet:-1, max-image-preview:large, max-video-preview:-1\" \/>\n<link rel=\"canonical\" href=\"https:\/\/elpuucnoticias.com\/?p=10640\" \/>\n<meta property=\"og:locale\" content=\"es_ES\" \/>\n<meta property=\"og:type\" content=\"article\" \/>\n<meta property=\"og:title\" content=\"Ayuntamiento de Ticul encabeza programa para la mejora de viviendas - El Puuc Noticias\" \/>\n<meta property=\"og:description\" content=\"La ma\u00f1ana de este viernes el alcalde de Ticul, Rafael Montalvo Mata realiz\u00f3 la entrega oficial del programa\" \/>\n<meta property=\"og:url\" content=\"https:\/\/elpuucnoticias.com\/?p=10640\" \/>\n<meta property=\"og:site_name\" content=\"El Puuc Noticias\" \/>\n<meta property=\"article:published_time\" content=\"2024-02-23T19:37:34+00:00\" \/>\n<meta property=\"article:modified_time\" content=\"2024-02-23T19:37:36+00:00\" \/>\n<meta property=\"og:image\" content=\"https:\/\/elpuucnoticias.com\/wp-content\/uploads\/2024\/02\/whatsapp-image-2024-02-23-at-12.44.30-pm-3.jpeg\" \/>\n\t<meta property=\"og:image:width\" content=\"1600\" \/>\n\t<meta property=\"og:image:height\" content=\"1331\" \/>\n\t<meta property=\"og:image:type\" content=\"image\/jpeg\" \/>\n<meta name=\"twitter:card\" content=\"summary_large_image\" \/>\n<meta name=\"twitter:label1\" content=\"Escrito por\" \/>\n\t<meta name=\"twitter:data1\" content=\"elpuucnoticias\" \/>\n\t<meta name=\"twitter:label2\" content=\"Tiempo de lectura\" \/>\n\t<meta name=\"twitter:data2\" content=\"2 minutos\" \/>\n<script type=\"application\/ld+json\" class=\"yoast-schema-graph\">{\"@context\":\"https:\/\/schema.org\",\"@graph\":[{\"@type\":\"WebSite\",\"@id\":\"https:\/\/elpuucnoticias.com\/#website\",\"url\":\"https:\/\/elpuucnoticias.com\/\",\"name\":\"El Puuc Noticias\",\"description\":\"Noticias - Entretenimiento - Deportes\",\"potentialAction\":[{\"@type\":\"SearchAction\",\"target\":{\"@type\":\"EntryPoint\",\"urlTemplate\":\"https:\/\/elpuucnoticias.com\/?s={search_term_string}\"},\"query-input\":\"required name=search_term_string\"}],\"inLanguage\":\"es\"},{\"@type\":\"ImageObject\",\"@id\":\"https:\/\/elpuucnoticias.com\/?p=10640#primaryimage\",\"inLanguage\":\"es\",\"url\":\"https:\/\/elpuucnoticias.com\/wp-content\/uploads\/2024\/02\/whatsapp-image-2024-02-23-at-12.44.30-pm-3.jpeg\",\"contentUrl\":\"https:\/\/elpuucnoticias.com\/wp-content\/uploads\/2024\/02\/whatsapp-image-2024-02-23-at-12.44.30-pm-3.jpeg\",\"width\":1600,\"height\":1331},{\"@type\":\"WebPage\",\"@id\":\"https:\/\/elpuucnoticias.com\/?p=10640#webpage\",\"url\":\"https:\/\/elpuucnoticias.com\/?p=10640\",\"name\":\"Ayuntamiento de Ticul encabeza programa para la mejora de viviendas - El Puuc Noticias\",\"isPartOf\":{\"@id\":\"https:\/\/elpuucnoticias.com\/#website\"},\"primaryImageOfPage\":{\"@id\":\"https:\/\/elpuucnoticias.com\/?p=10640#primaryimage\"},\"datePublished\":\"2024-02-23T19:37:34+00:00\",\"dateModified\":\"2024-02-23T19:37:36+00:00\",\"author\":{\"@id\":\"https:\/\/elpuucnoticias.com\/#\/schema\/person\/d2ea09e4c97f0160b11cdfb1d856bd9e\"},\"breadcrumb\":{\"@id\":\"https:\/\/elpuucnoticias.com\/?p=10640#breadcrumb\"},\"inLanguage\":\"es\",\"potentialAction\":[{\"@type\":\"ReadAction\",\"target\":[\"https:\/\/elpuucnoticias.com\/?p=10640\"]}]},{\"@type\":\"BreadcrumbList\",\"@id\":\"https:\/\/elpuucnoticias.com\/?p=10640#breadcrumb\",\"itemListElement\":[{\"@type\":\"ListItem\",\"position\":1,\"name\":\"Portada\",\"item\":\"https:\/\/elpuucnoticias.com\/\"},{\"@type\":\"ListItem\",\"position\":2,\"name\":\"Ayuntamiento de Ticul encabeza programa para la mejora de viviendas\"}]},{\"@type\":\"Person\",\"@id\":\"https:\/\/elpuucnoticias.com\/#\/schema\/person\/d2ea09e4c97f0160b11cdfb1d856bd9e\",\"name\":\"elpuucnoticias\",\"image\":{\"@type\":\"ImageObject\",\"@id\":\"https:\/\/elpuucnoticias.com\/#personlogo\",\"inLanguage\":\"es\",\"url\":\"https:\/\/secure.gravatar.com\/avatar\/5290a43657c74ffa15701dbe5b846bd85cc71930d803c84e91046a7333de6ce2?s=96&d=mm&r=g\",\"contentUrl\":\"https:\/\/secure.gravatar.com\/avatar\/5290a43657c74ffa15701dbe5b846bd85cc71930d803c84e91046a7333de6ce2?s=96&d=mm&r=g\",\"caption\":\"elpuucnoticias\"},\"sameAs\":[\"https:\/\/elpuucnoticias.com\"],\"url\":\"https:\/\/elpuucnoticias.com\/?author=1\"}]}<\/script>\n<!-- \/ Yoast SEO plugin. -->","yoast_head_json":{"title":"Ayuntamiento de Ticul encabeza programa para la mejora de viviendas - El Puuc Noticias","robots":{"index":"index","follow":"follow","max-snippet":"max-snippet:-1","max-image-preview":"max-image-preview:large","max-video-preview":"max-video-preview:-1"},"canonical":"https:\/\/elpuucnoticias.com\/?p=10640","og_locale":"es_ES","og_type":"article","og_title":"Ayuntamiento de Ticul encabeza programa para la mejora de viviendas - El Puuc Noticias","og_description":"La ma\u00f1ana de este viernes el alcalde de Ticul, Rafael Montalvo Mata realiz\u00f3 la entrega oficial del programa","og_url":"https:\/\/elpuucnoticias.com\/?p=10640","og_site_name":"El Puuc Noticias","article_published_time":"2024-02-23T19:37:34+00:00","article_modified_time":"2024-02-23T19:37:36+00:00","og_image":[{"width":1600,"height":1331,"url":"https:\/\/elpuucnoticias.com\/wp-content\/uploads\/2024\/02\/whatsapp-image-2024-02-23-at-12.44.30-pm-3.jpeg","type":"image\/jpeg"}],"twitter_card":"summary_large_image","twitter_misc":{"Escrito por":"elpuucnoticias","Tiempo de lectura":"2 minutos"},"schema":{"@context":"https:\/\/schema.org","@graph":[{"@type":"WebSite","@id":"https:\/\/elpuucnoticias.com\/#website","url":"https:\/\/elpuucnoticias.com\/","name":"El Puuc Noticias","description":"Noticias - Entretenimiento - Deportes","potentialAction":[{"@type":"SearchAction","target":{"@type":"EntryPoint","urlTemplate":"https:\/\/elpuucnoticias.com\/?s={search_term_string}"},"query-input":"required name=search_term_string"}],"inLanguage":"es"},{"@type":"ImageObject","@id":"https:\/\/elpuucnoticias.com\/?p=10640#primaryimage","inLanguage":"es","url":"https:\/\/elpuucnoticias.com\/wp-content\/uploads\/2024\/02\/whatsapp-image-2024-02-23-at-12.44.30-pm-3.jpeg","contentUrl":"https:\/\/elpuucnoticias.com\/wp-content\/uploads\/2024\/02\/whatsapp-image-2024-02-23-at-12.44.30-pm-3.jpeg","width":1600,"height":1331},{"@type":"WebPage","@id":"https:\/\/elpuucnoticias.com\/?p=10640#webpage","url":"https:\/\/elpuucnoticias.com\/?p=10640","name":"Ayuntamiento de Ticul encabeza programa para la mejora de viviendas - El Puuc Noticias","isPartOf":{"@id":"https:\/\/elpuucnoticias.com\/#website"},"primaryImageOfPage":{"@id":"https:\/\/elpuucnoticias.com\/?p=10640#primaryimage"},"datePublished":"2024-02-23T19:37:34+00:00","dateModified":"2024-02-23T19:37:36+00:00","author":{"@id":"https:\/\/elpuucnoticias.com\/#\/schema\/person\/d2ea09e4c97f0160b11cdfb1d856bd9e"},"breadcrumb":{"@id":"https:\/\/elpuucnoticias.com\/?p=10640#breadcrumb"},"inLanguage":"es","potentialAction":[{"@type":"ReadAction","target":["https:\/\/elpuucnoticias.com\/?p=10640"]}]},{"@type":"BreadcrumbList","@id":"https:\/\/elpuucnoticias.com\/?p=10640#breadcrumb","itemListElement":[{"@type":"ListItem","position":1,"name":"Portada","item":"https:\/\/elpuucnoticias.com\/"},{"@type":"ListItem","position":2,"name":"Ayuntamiento de Ticul encabeza programa para la mejora de viviendas"}]},{"@type":"Person","@id":"https:\/\/elpuucnoticias.com\/#\/schema\/person\/d2ea09e4c97f0160b11cdfb1d856bd9e","name":"elpuucnoticias","image":{"@type":"ImageObject","@id":"https:\/\/elpuucnoticias.com\/#personlogo","inLanguage":"es","url":"https:\/\/secure.gravatar.com\/avatar\/5290a43657c74ffa15701dbe5b846bd85cc71930d803c84e91046a7333de6ce2?s=96&d=mm&r=g","contentUrl":"https:\/\/secure.gravatar.com\/avatar\/5290a43657c74ffa15701dbe5b846bd85cc71930d803c84e91046a7333de6ce2?s=96&d=mm&r=g","caption":"elpuucnoticias"},"sameAs":["https:\/\/elpuucnoticias.com"],"url":"https:\/\/elpuucnoticias.com\/?author=1"}]}},"_links":{"self":[{"href":"https:\/\/elpuucnoticias.com\/index.php?rest_route=\/wp\/v2\/posts\/10640","targetHints":{"allow":["GET"]}}],"collection":[{"href":"https:\/\/elpuucnoticias.com\/index.php?rest_route=\/wp\/v2\/posts"}],"about":[{"href":"https:\/\/elpuucnoticias.com\/index.php?rest_route=\/wp\/v2\/types\/post"}],"author":[{"embeddable":true,"href":"https:\/\/elpuucnoticias.com\/index.php?rest_route=\/wp\/v2\/users\/1"}],"replies":[{"embeddable":true,"href":"https:\/\/elpuucnoticias.com\/index.php?rest_route=%2Fwp%2Fv2%2Fcomments&post=10640"}],"version-history":[{"count":1,"href":"https:\/\/elpuucnoticias.com\/index.php?rest_route=\/wp\/v2\/posts\/10640\/revisions"}],"predecessor-version":[{"id":10645,"href":"https:\/\/elpuucnoticias.com\/index.php?rest_route=\/wp\/v2\/posts\/10640\/revisions\/10645"}],"wp:featuredmedia":[{"embeddable":true,"href":"https:\/\/elpuucnoticias.com\/index.php?rest_route=\/wp\/v2\/media\/10641"}],"wp:attachment":[{"href":"https:\/\/elpuucnoticias.com\/index.php?rest_route=%2Fwp%2Fv2%2Fmedia&parent=10640"}],"wp:term":[{"taxonomy":"category","embeddable":true,"href":"https:\/\/elpuucnoticias.com\/index.php?rest_route=%2Fwp%2Fv2%2Fcategories&post=10640"},{"taxonomy":"post_tag","embeddable":true,"href":"https:\/\/elpuucnoticias.com\/index.php?rest_route=%2Fwp%2Fv2%2Ftags&post=10640"}],"curies":[{"name":"wp","href":"https:\/\/api.w.org\/{rel}","templated":true}]}}