{"id":10650,"date":"2024-02-27T23:10:59","date_gmt":"2024-02-28T05:10:59","guid":{"rendered":"https:\/\/elpuucnoticias.com\/?p=10650"},"modified":"2024-02-27T23:11:00","modified_gmt":"2024-02-28T05:11:00","slug":"ponen-en-marcha-la-construccion-de-un-domo-en-la-secundaria-vicente-guerrero-de-ticul","status":"publish","type":"post","link":"https:\/\/elpuucnoticias.com\/?p=10650","title":{"rendered":"Ponen en marcha la construcci\u00f3n de un domo en la secundaria Vicente Guerrero de Ticul"},"content":{"rendered":"\n<p>La tarde de ayer el alcalde Rafa Montalvo realiz\u00f3 el banderazo de inicio de obra en la Escuela Secundaria \u201cVicente Guerrero\u201d para la construcci\u00f3n del domo escolar.<\/p>\n\n\n\n<figure class=\"wp-block-gallery has-nested-images columns-default is-cropped wp-block-gallery-1 is-layout-flex wp-block-gallery-is-layout-flex\">\n<figure class=\"wp-block-image size-large\"><img loading=\"lazy\" decoding=\"async\" width=\"1024\" height=\"938\" data-id=\"10654\" src=\"https:\/\/elpuucnoticias.com\/wp-content\/uploads\/2024\/02\/whatsapp-image-2024-02-27-at-11.04.57-am-1024x938.jpeg\" alt=\"\" class=\"wp-image-10654\" srcset=\"https:\/\/elpuucnoticias.com\/wp-content\/uploads\/2024\/02\/whatsapp-image-2024-02-27-at-11.04.57-am-1024x938.jpeg 1024w, https:\/\/elpuucnoticias.com\/wp-content\/uploads\/2024\/02\/whatsapp-image-2024-02-27-at-11.04.57-am-300x275.jpeg 300w, https:\/\/elpuucnoticias.com\/wp-content\/uploads\/2024\/02\/whatsapp-image-2024-02-27-at-11.04.57-am-768x703.jpeg 768w, https:\/\/elpuucnoticias.com\/wp-content\/uploads\/2024\/02\/whatsapp-image-2024-02-27-at-11.04.57-am-320x293.jpeg 320w, https:\/\/elpuucnoticias.com\/wp-content\/uploads\/2024\/02\/whatsapp-image-2024-02-27-at-11.04.57-am.jpeg 1115w\" sizes=\"auto, (max-width: 1024px) 100vw, 1024px\" \/><\/figure>\n\n\n\n<figure class=\"wp-block-image size-large\"><img loading=\"lazy\" decoding=\"async\" width=\"1024\" height=\"811\" data-id=\"10652\" src=\"https:\/\/elpuucnoticias.com\/wp-content\/uploads\/2024\/02\/whatsapp-image-2024-02-27-at-11.05.07-am-1024x811.jpeg\" alt=\"\" class=\"wp-image-10652\" srcset=\"https:\/\/elpuucnoticias.com\/wp-content\/uploads\/2024\/02\/whatsapp-image-2024-02-27-at-11.05.07-am-1024x811.jpeg 1024w, https:\/\/elpuucnoticias.com\/wp-content\/uploads\/2024\/02\/whatsapp-image-2024-02-27-at-11.05.07-am-300x238.jpeg 300w, https:\/\/elpuucnoticias.com\/wp-content\/uploads\/2024\/02\/whatsapp-image-2024-02-27-at-11.05.07-am-768x608.jpeg 768w, https:\/\/elpuucnoticias.com\/wp-content\/uploads\/2024\/02\/whatsapp-image-2024-02-27-at-11.05.07-am-320x254.jpeg 320w, https:\/\/elpuucnoticias.com\/wp-content\/uploads\/2024\/02\/whatsapp-image-2024-02-27-at-11.05.07-am.jpeg 1280w\" sizes=\"auto, (max-width: 1024px) 100vw, 1024px\" \/><\/figure>\n\n\n\n<figure class=\"wp-block-image size-large\"><img loading=\"lazy\" decoding=\"async\" width=\"1024\" height=\"1003\" data-id=\"10653\" src=\"https:\/\/elpuucnoticias.com\/wp-content\/uploads\/2024\/02\/whatsapp-image-2024-02-27-at-11.05.07-am-1-1024x1003.jpeg\" alt=\"\" class=\"wp-image-10653\" srcset=\"https:\/\/elpuucnoticias.com\/wp-content\/uploads\/2024\/02\/whatsapp-image-2024-02-27-at-11.05.07-am-1-1024x1003.jpeg 1024w, https:\/\/elpuucnoticias.com\/wp-content\/uploads\/2024\/02\/whatsapp-image-2024-02-27-at-11.05.07-am-1-300x294.jpeg 300w, https:\/\/elpuucnoticias.com\/wp-content\/uploads\/2024\/02\/whatsapp-image-2024-02-27-at-11.05.07-am-1-768x753.jpeg 768w, https:\/\/elpuucnoticias.com\/wp-content\/uploads\/2024\/02\/whatsapp-image-2024-02-27-at-11.05.07-am-1-320x314.jpeg 320w, https:\/\/elpuucnoticias.com\/wp-content\/uploads\/2024\/02\/whatsapp-image-2024-02-27-at-11.05.07-am-1.jpeg 1042w\" sizes=\"auto, (max-width: 1024px) 100vw, 1024px\" \/><\/figure>\n<\/figure>\n\n\n\n<p>Con esta obra declar\u00f3 Misi\u00f3n Cumplida al 100% de escuelas de educaci\u00f3n b\u00e1sica y media superior de Ticul, Yotholin y Pustunich que ya cuentan con su domo escolar.<\/p>\n\n\n\n<p>Se han construido 20 domos escolares con recurso municipal de ramo 33 y esto es gracias a la priorizaci\u00f3n de las autoridades municipales en materia de una mejor infraestructura educativa para el municipio.<\/p>\n\n\n\n<figure class=\"wp-block-gallery has-nested-images columns-default is-cropped wp-block-gallery-2 is-layout-flex wp-block-gallery-is-layout-flex\">\n<figure class=\"wp-block-image size-large\"><img loading=\"lazy\" decoding=\"async\" width=\"1024\" height=\"623\" data-id=\"10656\" src=\"https:\/\/elpuucnoticias.com\/wp-content\/uploads\/2024\/02\/whatsapp-image-2024-02-27-at-11.04.56-am-1024x623.jpeg\" alt=\"\" class=\"wp-image-10656\" srcset=\"https:\/\/elpuucnoticias.com\/wp-content\/uploads\/2024\/02\/whatsapp-image-2024-02-27-at-11.04.56-am-1024x623.jpeg 1024w, https:\/\/elpuucnoticias.com\/wp-content\/uploads\/2024\/02\/whatsapp-image-2024-02-27-at-11.04.56-am-300x183.jpeg 300w, https:\/\/elpuucnoticias.com\/wp-content\/uploads\/2024\/02\/whatsapp-image-2024-02-27-at-11.04.56-am-768x467.jpeg 768w, https:\/\/elpuucnoticias.com\/wp-content\/uploads\/2024\/02\/whatsapp-image-2024-02-27-at-11.04.56-am-320x195.jpeg 320w, https:\/\/elpuucnoticias.com\/wp-content\/uploads\/2024\/02\/whatsapp-image-2024-02-27-at-11.04.56-am.jpeg 1280w\" sizes=\"auto, (max-width: 1024px) 100vw, 1024px\" \/><\/figure>\n\n\n\n<figure class=\"wp-block-image size-large\"><img loading=\"lazy\" decoding=\"async\" width=\"1024\" height=\"544\" data-id=\"10655\" src=\"https:\/\/elpuucnoticias.com\/wp-content\/uploads\/2024\/02\/whatsapp-image-2024-02-27-at-11.04.56-am-1-1024x544.jpeg\" alt=\"\" class=\"wp-image-10655\" srcset=\"https:\/\/elpuucnoticias.com\/wp-content\/uploads\/2024\/02\/whatsapp-image-2024-02-27-at-11.04.56-am-1-1024x544.jpeg 1024w, https:\/\/elpuucnoticias.com\/wp-content\/uploads\/2024\/02\/whatsapp-image-2024-02-27-at-11.04.56-am-1-300x159.jpeg 300w, https:\/\/elpuucnoticias.com\/wp-content\/uploads\/2024\/02\/whatsapp-image-2024-02-27-at-11.04.56-am-1-768x408.jpeg 768w, https:\/\/elpuucnoticias.com\/wp-content\/uploads\/2024\/02\/whatsapp-image-2024-02-27-at-11.04.56-am-1-320x170.jpeg 320w, https:\/\/elpuucnoticias.com\/wp-content\/uploads\/2024\/02\/whatsapp-image-2024-02-27-at-11.04.56-am-1.jpeg 1280w\" sizes=\"auto, (max-width: 1024px) 100vw, 1024px\" \/><\/figure>\n\n\n\n<figure class=\"wp-block-image size-large\"><img loading=\"lazy\" decoding=\"async\" width=\"1024\" height=\"655\" data-id=\"10657\" src=\"https:\/\/elpuucnoticias.com\/wp-content\/uploads\/2024\/02\/whatsapp-image-2024-02-27-at-11.05.02-am-1024x655.jpeg\" alt=\"\" class=\"wp-image-10657\" srcset=\"https:\/\/elpuucnoticias.com\/wp-content\/uploads\/2024\/02\/whatsapp-image-2024-02-27-at-11.05.02-am-1024x655.jpeg 1024w, https:\/\/elpuucnoticias.com\/wp-content\/uploads\/2024\/02\/whatsapp-image-2024-02-27-at-11.05.02-am-300x192.jpeg 300w, https:\/\/elpuucnoticias.com\/wp-content\/uploads\/2024\/02\/whatsapp-image-2024-02-27-at-11.05.02-am-768x491.jpeg 768w, https:\/\/elpuucnoticias.com\/wp-content\/uploads\/2024\/02\/whatsapp-image-2024-02-27-at-11.05.02-am-320x205.jpeg 320w, https:\/\/elpuucnoticias.com\/wp-content\/uploads\/2024\/02\/whatsapp-image-2024-02-27-at-11.05.02-am.jpeg 1163w\" sizes=\"auto, (max-width: 1024px) 100vw, 1024px\" \/><\/figure>\n<\/figure>\n\n\n\n<p>\u00abHicimos lo que nadie pens\u00f3 que se har\u00eda, hoy demostramos que s\u00ed es posible, la mayor apuesta por la educaci\u00f3n de la historia de Ticul, \u00a1lo logramos!<\/p>\n","protected":false},"excerpt":{"rendered":"<p>La tarde de ayer el alcalde Rafa Montalvo realiz\u00f3 el banderazo de inicio de obra en la Escuela<\/p>\n","protected":false},"author":1,"featured_media":10651,"comment_status":"closed","ping_status":"open","sticky":false,"template":"","format":"standard","meta":{"_monsterinsights_skip_tracking":false,"_monsterinsights_sitenote_active":false,"_monsterinsights_sitenote_note":"","_monsterinsights_sitenote_category":0,"footnotes":""},"categories":[11,13],"tags":[],"class_list":["post-10650","post","type-post","status-publish","format-standard","has-post-thumbnail","hentry","category-noticias","category-ticul"],"yoast_head":"<!-- This site is optimized with the Yoast SEO plugin v18.3 - https:\/\/yoast.com\/wordpress\/plugins\/seo\/ -->\n<title>Ponen en marcha la construcci\u00f3n de un domo en la secundaria Vicente Guerrero de Ticul - El Puuc Noticias<\/title>\n<meta name=\"robots\" content=\"index, follow, max-snippet:-1, max-image-preview:large, max-video-preview:-1\" \/>\n<link rel=\"canonical\" href=\"https:\/\/elpuucnoticias.com\/?p=10650\" \/>\n<meta property=\"og:locale\" content=\"es_ES\" \/>\n<meta property=\"og:type\" content=\"article\" \/>\n<meta property=\"og:title\" content=\"Ponen en marcha la construcci\u00f3n de un domo en la secundaria Vicente Guerrero de Ticul - El Puuc Noticias\" \/>\n<meta property=\"og:description\" content=\"La tarde de ayer el alcalde Rafa Montalvo realiz\u00f3 el banderazo de inicio de obra en la Escuela\" \/>\n<meta property=\"og:url\" content=\"https:\/\/elpuucnoticias.com\/?p=10650\" \/>\n<meta property=\"og:site_name\" content=\"El Puuc Noticias\" \/>\n<meta property=\"article:published_time\" content=\"2024-02-28T05:10:59+00:00\" \/>\n<meta property=\"article:modified_time\" content=\"2024-02-28T05:11:00+00:00\" \/>\n<meta property=\"og:image\" content=\"https:\/\/elpuucnoticias.com\/wp-content\/uploads\/2024\/02\/whatsapp-image-2024-02-27-at-11.04.55-am.jpeg\" \/>\n\t<meta property=\"og:image:width\" content=\"1280\" \/>\n\t<meta property=\"og:image:height\" content=\"748\" \/>\n\t<meta property=\"og:image:type\" content=\"image\/jpeg\" \/>\n<meta name=\"twitter:card\" content=\"summary_large_image\" \/>\n<meta name=\"twitter:label1\" content=\"Escrito por\" \/>\n\t<meta name=\"twitter:data1\" content=\"elpuucnoticias\" \/>\n\t<meta name=\"twitter:label2\" content=\"Tiempo de lectura\" \/>\n\t<meta name=\"twitter:data2\" content=\"2 minutos\" \/>\n<script type=\"application\/ld+json\" class=\"yoast-schema-graph\">{\"@context\":\"https:\/\/schema.org\",\"@graph\":[{\"@type\":\"WebSite\",\"@id\":\"https:\/\/elpuucnoticias.com\/#website\",\"url\":\"https:\/\/elpuucnoticias.com\/\",\"name\":\"El Puuc Noticias\",\"description\":\"Noticias - Entretenimiento - Deportes\",\"potentialAction\":[{\"@type\":\"SearchAction\",\"target\":{\"@type\":\"EntryPoint\",\"urlTemplate\":\"https:\/\/elpuucnoticias.com\/?s={search_term_string}\"},\"query-input\":\"required name=search_term_string\"}],\"inLanguage\":\"es\"},{\"@type\":\"ImageObject\",\"@id\":\"https:\/\/elpuucnoticias.com\/?p=10650#primaryimage\",\"inLanguage\":\"es\",\"url\":\"https:\/\/elpuucnoticias.com\/wp-content\/uploads\/2024\/02\/whatsapp-image-2024-02-27-at-11.04.55-am.jpeg\",\"contentUrl\":\"https:\/\/elpuucnoticias.com\/wp-content\/uploads\/2024\/02\/whatsapp-image-2024-02-27-at-11.04.55-am.jpeg\",\"width\":1280,\"height\":748},{\"@type\":\"WebPage\",\"@id\":\"https:\/\/elpuucnoticias.com\/?p=10650#webpage\",\"url\":\"https:\/\/elpuucnoticias.com\/?p=10650\",\"name\":\"Ponen en marcha la construcci\u00f3n de un domo en la secundaria Vicente Guerrero de Ticul - El Puuc Noticias\",\"isPartOf\":{\"@id\":\"https:\/\/elpuucnoticias.com\/#website\"},\"primaryImageOfPage\":{\"@id\":\"https:\/\/elpuucnoticias.com\/?p=10650#primaryimage\"},\"datePublished\":\"2024-02-28T05:10:59+00:00\",\"dateModified\":\"2024-02-28T05:11:00+00:00\",\"author\":{\"@id\":\"https:\/\/elpuucnoticias.com\/#\/schema\/person\/d2ea09e4c97f0160b11cdfb1d856bd9e\"},\"breadcrumb\":{\"@id\":\"https:\/\/elpuucnoticias.com\/?p=10650#breadcrumb\"},\"inLanguage\":\"es\",\"potentialAction\":[{\"@type\":\"ReadAction\",\"target\":[\"https:\/\/elpuucnoticias.com\/?p=10650\"]}]},{\"@type\":\"BreadcrumbList\",\"@id\":\"https:\/\/elpuucnoticias.com\/?p=10650#breadcrumb\",\"itemListElement\":[{\"@type\":\"ListItem\",\"position\":1,\"name\":\"Portada\",\"item\":\"https:\/\/elpuucnoticias.com\/\"},{\"@type\":\"ListItem\",\"position\":2,\"name\":\"Ponen en marcha la construcci\u00f3n de un domo en la secundaria Vicente Guerrero de Ticul\"}]},{\"@type\":\"Person\",\"@id\":\"https:\/\/elpuucnoticias.com\/#\/schema\/person\/d2ea09e4c97f0160b11cdfb1d856bd9e\",\"name\":\"elpuucnoticias\",\"image\":{\"@type\":\"ImageObject\",\"@id\":\"https:\/\/elpuucnoticias.com\/#personlogo\",\"inLanguage\":\"es\",\"url\":\"https:\/\/secure.gravatar.com\/avatar\/5290a43657c74ffa15701dbe5b846bd85cc71930d803c84e91046a7333de6ce2?s=96&d=mm&r=g\",\"contentUrl\":\"https:\/\/secure.gravatar.com\/avatar\/5290a43657c74ffa15701dbe5b846bd85cc71930d803c84e91046a7333de6ce2?s=96&d=mm&r=g\",\"caption\":\"elpuucnoticias\"},\"sameAs\":[\"https:\/\/elpuucnoticias.com\"],\"url\":\"https:\/\/elpuucnoticias.com\/?author=1\"}]}<\/script>\n<!-- \/ Yoast SEO plugin. -->","yoast_head_json":{"title":"Ponen en marcha la construcci\u00f3n de un domo en la secundaria Vicente Guerrero de Ticul - El Puuc Noticias","robots":{"index":"index","follow":"follow","max-snippet":"max-snippet:-1","max-image-preview":"max-image-preview:large","max-video-preview":"max-video-preview:-1"},"canonical":"https:\/\/elpuucnoticias.com\/?p=10650","og_locale":"es_ES","og_type":"article","og_title":"Ponen en marcha la construcci\u00f3n de un domo en la secundaria Vicente Guerrero de Ticul - El Puuc Noticias","og_description":"La tarde de ayer el alcalde Rafa Montalvo realiz\u00f3 el banderazo de inicio de obra en la Escuela","og_url":"https:\/\/elpuucnoticias.com\/?p=10650","og_site_name":"El Puuc Noticias","article_published_time":"2024-02-28T05:10:59+00:00","article_modified_time":"2024-02-28T05:11:00+00:00","og_image":[{"width":1280,"height":748,"url":"https:\/\/elpuucnoticias.com\/wp-content\/uploads\/2024\/02\/whatsapp-image-2024-02-27-at-11.04.55-am.jpeg","type":"image\/jpeg"}],"twitter_card":"summary_large_image","twitter_misc":{"Escrito por":"elpuucnoticias","Tiempo de lectura":"2 minutos"},"schema":{"@context":"https:\/\/schema.org","@graph":[{"@type":"WebSite","@id":"https:\/\/elpuucnoticias.com\/#website","url":"https:\/\/elpuucnoticias.com\/","name":"El Puuc Noticias","description":"Noticias - Entretenimiento - Deportes","potentialAction":[{"@type":"SearchAction","target":{"@type":"EntryPoint","urlTemplate":"https:\/\/elpuucnoticias.com\/?s={search_term_string}"},"query-input":"required name=search_term_string"}],"inLanguage":"es"},{"@type":"ImageObject","@id":"https:\/\/elpuucnoticias.com\/?p=10650#primaryimage","inLanguage":"es","url":"https:\/\/elpuucnoticias.com\/wp-content\/uploads\/2024\/02\/whatsapp-image-2024-02-27-at-11.04.55-am.jpeg","contentUrl":"https:\/\/elpuucnoticias.com\/wp-content\/uploads\/2024\/02\/whatsapp-image-2024-02-27-at-11.04.55-am.jpeg","width":1280,"height":748},{"@type":"WebPage","@id":"https:\/\/elpuucnoticias.com\/?p=10650#webpage","url":"https:\/\/elpuucnoticias.com\/?p=10650","name":"Ponen en marcha la construcci\u00f3n de un domo en la secundaria Vicente Guerrero de Ticul - El Puuc Noticias","isPartOf":{"@id":"https:\/\/elpuucnoticias.com\/#website"},"primaryImageOfPage":{"@id":"https:\/\/elpuucnoticias.com\/?p=10650#primaryimage"},"datePublished":"2024-02-28T05:10:59+00:00","dateModified":"2024-02-28T05:11:00+00:00","author":{"@id":"https:\/\/elpuucnoticias.com\/#\/schema\/person\/d2ea09e4c97f0160b11cdfb1d856bd9e"},"breadcrumb":{"@id":"https:\/\/elpuucnoticias.com\/?p=10650#breadcrumb"},"inLanguage":"es","potentialAction":[{"@type":"ReadAction","target":["https:\/\/elpuucnoticias.com\/?p=10650"]}]},{"@type":"BreadcrumbList","@id":"https:\/\/elpuucnoticias.com\/?p=10650#breadcrumb","itemListElement":[{"@type":"ListItem","position":1,"name":"Portada","item":"https:\/\/elpuucnoticias.com\/"},{"@type":"ListItem","position":2,"name":"Ponen en marcha la construcci\u00f3n de un domo en la secundaria Vicente Guerrero de Ticul"}]},{"@type":"Person","@id":"https:\/\/elpuucnoticias.com\/#\/schema\/person\/d2ea09e4c97f0160b11cdfb1d856bd9e","name":"elpuucnoticias","image":{"@type":"ImageObject","@id":"https:\/\/elpuucnoticias.com\/#personlogo","inLanguage":"es","url":"https:\/\/secure.gravatar.com\/avatar\/5290a43657c74ffa15701dbe5b846bd85cc71930d803c84e91046a7333de6ce2?s=96&d=mm&r=g","contentUrl":"https:\/\/secure.gravatar.com\/avatar\/5290a43657c74ffa15701dbe5b846bd85cc71930d803c84e91046a7333de6ce2?s=96&d=mm&r=g","caption":"elpuucnoticias"},"sameAs":["https:\/\/elpuucnoticias.com"],"url":"https:\/\/elpuucnoticias.com\/?author=1"}]}},"_links":{"self":[{"href":"https:\/\/elpuucnoticias.com\/index.php?rest_route=\/wp\/v2\/posts\/10650","targetHints":{"allow":["GET"]}}],"collection":[{"href":"https:\/\/elpuucnoticias.com\/index.php?rest_route=\/wp\/v2\/posts"}],"about":[{"href":"https:\/\/elpuucnoticias.com\/index.php?rest_route=\/wp\/v2\/types\/post"}],"author":[{"embeddable":true,"href":"https:\/\/elpuucnoticias.com\/index.php?rest_route=\/wp\/v2\/users\/1"}],"replies":[{"embeddable":true,"href":"https:\/\/elpuucnoticias.com\/index.php?rest_route=%2Fwp%2Fv2%2Fcomments&post=10650"}],"version-history":[{"count":1,"href":"https:\/\/elpuucnoticias.com\/index.php?rest_route=\/wp\/v2\/posts\/10650\/revisions"}],"predecessor-version":[{"id":10658,"href":"https:\/\/elpuucnoticias.com\/index.php?rest_route=\/wp\/v2\/posts\/10650\/revisions\/10658"}],"wp:featuredmedia":[{"embeddable":true,"href":"https:\/\/elpuucnoticias.com\/index.php?rest_route=\/wp\/v2\/media\/10651"}],"wp:attachment":[{"href":"https:\/\/elpuucnoticias.com\/index.php?rest_route=%2Fwp%2Fv2%2Fmedia&parent=10650"}],"wp:term":[{"taxonomy":"category","embeddable":true,"href":"https:\/\/elpuucnoticias.com\/index.php?rest_route=%2Fwp%2Fv2%2Fcategories&post=10650"},{"taxonomy":"post_tag","embeddable":true,"href":"https:\/\/elpuucnoticias.com\/index.php?rest_route=%2Fwp%2Fv2%2Ftags&post=10650"}],"curies":[{"name":"wp","href":"https:\/\/api.w.org\/{rel}","templated":true}]}}