{"id":10919,"date":"2024-04-04T22:45:25","date_gmt":"2024-04-05T04:45:25","guid":{"rendered":"https:\/\/elpuucnoticias.com\/?p=10919"},"modified":"2024-04-04T22:45:26","modified_gmt":"2024-04-05T04:45:26","slug":"vuelven-los-eventos-al-centro-deportivo-y-cultural-de-ticul-tras-su-rehabilitacion","status":"publish","type":"post","link":"https:\/\/elpuucnoticias.com\/?p=10919","title":{"rendered":"Vuelven los eventos al Centro Deportivo y Cultural de Ticul tras su rehabilitaci\u00f3n"},"content":{"rendered":"\n<p>Ayer por la tarde, el alcalde interino de Ticul, Rangel P\u00e9rez Jim\u00e9nez, realiz\u00f3 la reinauguraci\u00f3n oficial del Centro Deportivo y Cultural de Ticul, un espacio de gran Importancia que fue remodelado para beneficio de la comunidad ticule\u00f1a.<\/p>\n\n\n\n<p>Acompa\u00f1ado por los regidores del Cabildo, P\u00e9rez Jimez, suplente de Rafael Montalvo Mata, dio inicio formalmente a las actividades culturales y deportivas en este recinto con la presentaci\u00f3n del grupo folcl\u00f3rico del H. Ayuntamiento de Ticul que present\u00f3 una estampa Veracruzana y que posterior a este n\u00famero cultural se llevar\u00eda a cabo un partido femenil de Basquetbol amistoso entre la universidad del bienestar Benito Ju\u00e1rez y la Escuela Normal de Ticul, de la misma manera en la rama varonil se realiz\u00f3 el encuentro de Basquetbol amistoso entre Mival Ticul y la Universidad Modelo.<\/p>\n\n\n\n<figure class=\"wp-block-gallery has-nested-images columns-default is-cropped wp-block-gallery-1 is-layout-flex wp-block-gallery-is-layout-flex\">\n<figure class=\"wp-block-image size-large\"><img loading=\"lazy\" decoding=\"async\" width=\"1024\" height=\"768\" data-id=\"10923\" src=\"https:\/\/elpuucnoticias.com\/wp-content\/uploads\/2024\/04\/whatsapp-image-2024-04-04-at-9.54.20-am-1024x768.jpeg\" alt=\"\" class=\"wp-image-10923\" srcset=\"https:\/\/elpuucnoticias.com\/wp-content\/uploads\/2024\/04\/whatsapp-image-2024-04-04-at-9.54.20-am-1024x768.jpeg 1024w, https:\/\/elpuucnoticias.com\/wp-content\/uploads\/2024\/04\/whatsapp-image-2024-04-04-at-9.54.20-am-300x225.jpeg 300w, https:\/\/elpuucnoticias.com\/wp-content\/uploads\/2024\/04\/whatsapp-image-2024-04-04-at-9.54.20-am-768x576.jpeg 768w, https:\/\/elpuucnoticias.com\/wp-content\/uploads\/2024\/04\/whatsapp-image-2024-04-04-at-9.54.20-am-1536x1152.jpeg 1536w, https:\/\/elpuucnoticias.com\/wp-content\/uploads\/2024\/04\/whatsapp-image-2024-04-04-at-9.54.20-am-2048x1536.jpeg 2048w, https:\/\/elpuucnoticias.com\/wp-content\/uploads\/2024\/04\/whatsapp-image-2024-04-04-at-9.54.20-am-800x600.jpeg 800w, https:\/\/elpuucnoticias.com\/wp-content\/uploads\/2024\/04\/whatsapp-image-2024-04-04-at-9.54.20-am-320x240.jpeg 320w\" sizes=\"auto, (max-width: 1024px) 100vw, 1024px\" \/><\/figure>\n\n\n\n<figure class=\"wp-block-image size-large\"><img loading=\"lazy\" decoding=\"async\" width=\"1024\" height=\"768\" data-id=\"10922\" src=\"https:\/\/elpuucnoticias.com\/wp-content\/uploads\/2024\/04\/whatsapp-image-2024-04-04-at-9.54.19-am-1024x768.jpeg\" alt=\"\" class=\"wp-image-10922\" srcset=\"https:\/\/elpuucnoticias.com\/wp-content\/uploads\/2024\/04\/whatsapp-image-2024-04-04-at-9.54.19-am-1024x768.jpeg 1024w, https:\/\/elpuucnoticias.com\/wp-content\/uploads\/2024\/04\/whatsapp-image-2024-04-04-at-9.54.19-am-300x225.jpeg 300w, https:\/\/elpuucnoticias.com\/wp-content\/uploads\/2024\/04\/whatsapp-image-2024-04-04-at-9.54.19-am-768x576.jpeg 768w, https:\/\/elpuucnoticias.com\/wp-content\/uploads\/2024\/04\/whatsapp-image-2024-04-04-at-9.54.19-am-1536x1152.jpeg 1536w, https:\/\/elpuucnoticias.com\/wp-content\/uploads\/2024\/04\/whatsapp-image-2024-04-04-at-9.54.19-am-2048x1536.jpeg 2048w, https:\/\/elpuucnoticias.com\/wp-content\/uploads\/2024\/04\/whatsapp-image-2024-04-04-at-9.54.19-am-800x600.jpeg 800w, https:\/\/elpuucnoticias.com\/wp-content\/uploads\/2024\/04\/whatsapp-image-2024-04-04-at-9.54.19-am-320x240.jpeg 320w\" sizes=\"auto, (max-width: 1024px) 100vw, 1024px\" \/><\/figure>\n\n\n\n<figure class=\"wp-block-image size-large\"><img loading=\"lazy\" decoding=\"async\" width=\"1024\" height=\"682\" data-id=\"10921\" src=\"https:\/\/elpuucnoticias.com\/wp-content\/uploads\/2024\/04\/whatsapp-image-2024-04-04-at-9.54.16-am-1024x682.jpeg\" alt=\"\" class=\"wp-image-10921\" srcset=\"https:\/\/elpuucnoticias.com\/wp-content\/uploads\/2024\/04\/whatsapp-image-2024-04-04-at-9.54.16-am-1024x682.jpeg 1024w, https:\/\/elpuucnoticias.com\/wp-content\/uploads\/2024\/04\/whatsapp-image-2024-04-04-at-9.54.16-am-300x200.jpeg 300w, https:\/\/elpuucnoticias.com\/wp-content\/uploads\/2024\/04\/whatsapp-image-2024-04-04-at-9.54.16-am-768x512.jpeg 768w, https:\/\/elpuucnoticias.com\/wp-content\/uploads\/2024\/04\/whatsapp-image-2024-04-04-at-9.54.16-am-600x400.jpeg 600w, https:\/\/elpuucnoticias.com\/wp-content\/uploads\/2024\/04\/whatsapp-image-2024-04-04-at-9.54.16-am-320x213.jpeg 320w, https:\/\/elpuucnoticias.com\/wp-content\/uploads\/2024\/04\/whatsapp-image-2024-04-04-at-9.54.16-am.jpeg 1280w\" sizes=\"auto, (max-width: 1024px) 100vw, 1024px\" \/><\/figure>\n<\/figure>\n\n\n\n<p>Con el fin de darle una nueva imagen y funcionalidad a este espacio publico la remodelaci\u00f3n de Centro Deportivo y Cultural de Ticul, const\u00f3 de nuevas y modernas gradas con butacas para el p\u00fablico, ba\u00f1os y vestidores para locales y visitantes, tambi\u00e9n cuenta con una nueva facha del escenario art\u00edstico, nuevos tableros, y aunado a esto un tablero el\u00e9ctrico para llevar el puntaje de los partidos, se realiz\u00f3 el cambio de la iluminaci\u00f3n, el drenaje y se realiz\u00f3 el remozamiento general de la cancha de Basquetbol y dem\u00e1s espacios como muros y bardas, adem\u00e1s de que se incluy\u00f3 una rampa al escenario art\u00edstico para el acceso a sillas de ruedas. De esta manera adem\u00e1s de renovado este espacio deportivo y cultural tambi\u00e9n fue pensando para que la poblaci\u00f3n con alguna discapacidad pueda tener un f\u00e1cil y c\u00f3modo acceso a \u00e9l.<\/p>\n\n\n\n<p>Por lo que la apertura de nuevavuenta a este espacio de sano esparcimiento para los ticule\u00f1os beneficiar\u00e1 por completo a nuestra comunidad deportista y cultural local.<\/p>\n\n\n\n<figure class=\"wp-block-gallery has-nested-images columns-default is-cropped wp-block-gallery-2 is-layout-flex wp-block-gallery-is-layout-flex\">\n<figure class=\"wp-block-image size-large\"><img loading=\"lazy\" decoding=\"async\" width=\"1024\" height=\"682\" data-id=\"10926\" src=\"https:\/\/elpuucnoticias.com\/wp-content\/uploads\/2024\/04\/whatsapp-image-2024-04-04-at-9.51.35-am-1024x682.jpeg\" alt=\"\" class=\"wp-image-10926\" srcset=\"https:\/\/elpuucnoticias.com\/wp-content\/uploads\/2024\/04\/whatsapp-image-2024-04-04-at-9.51.35-am-1024x682.jpeg 1024w, https:\/\/elpuucnoticias.com\/wp-content\/uploads\/2024\/04\/whatsapp-image-2024-04-04-at-9.51.35-am-300x200.jpeg 300w, https:\/\/elpuucnoticias.com\/wp-content\/uploads\/2024\/04\/whatsapp-image-2024-04-04-at-9.51.35-am-768x512.jpeg 768w, https:\/\/elpuucnoticias.com\/wp-content\/uploads\/2024\/04\/whatsapp-image-2024-04-04-at-9.51.35-am-600x400.jpeg 600w, https:\/\/elpuucnoticias.com\/wp-content\/uploads\/2024\/04\/whatsapp-image-2024-04-04-at-9.51.35-am-320x213.jpeg 320w, https:\/\/elpuucnoticias.com\/wp-content\/uploads\/2024\/04\/whatsapp-image-2024-04-04-at-9.51.35-am.jpeg 1280w\" sizes=\"auto, (max-width: 1024px) 100vw, 1024px\" \/><\/figure>\n\n\n\n<figure class=\"wp-block-image size-large\"><img loading=\"lazy\" decoding=\"async\" width=\"1024\" height=\"682\" data-id=\"10927\" src=\"https:\/\/elpuucnoticias.com\/wp-content\/uploads\/2024\/04\/whatsapp-image-2024-04-04-at-9.51.32-am-1024x682.jpeg\" alt=\"\" class=\"wp-image-10927\" srcset=\"https:\/\/elpuucnoticias.com\/wp-content\/uploads\/2024\/04\/whatsapp-image-2024-04-04-at-9.51.32-am-1024x682.jpeg 1024w, https:\/\/elpuucnoticias.com\/wp-content\/uploads\/2024\/04\/whatsapp-image-2024-04-04-at-9.51.32-am-300x200.jpeg 300w, https:\/\/elpuucnoticias.com\/wp-content\/uploads\/2024\/04\/whatsapp-image-2024-04-04-at-9.51.32-am-768x512.jpeg 768w, https:\/\/elpuucnoticias.com\/wp-content\/uploads\/2024\/04\/whatsapp-image-2024-04-04-at-9.51.32-am-600x400.jpeg 600w, https:\/\/elpuucnoticias.com\/wp-content\/uploads\/2024\/04\/whatsapp-image-2024-04-04-at-9.51.32-am-320x213.jpeg 320w, https:\/\/elpuucnoticias.com\/wp-content\/uploads\/2024\/04\/whatsapp-image-2024-04-04-at-9.51.32-am.jpeg 1280w\" sizes=\"auto, (max-width: 1024px) 100vw, 1024px\" \/><\/figure>\n\n\n\n<figure class=\"wp-block-image size-large\"><img loading=\"lazy\" decoding=\"async\" width=\"1024\" height=\"682\" data-id=\"10924\" src=\"https:\/\/elpuucnoticias.com\/wp-content\/uploads\/2024\/04\/whatsapp-image-2024-04-04-at-9.51.30-am-1-1024x682.jpeg\" alt=\"\" class=\"wp-image-10924\" srcset=\"https:\/\/elpuucnoticias.com\/wp-content\/uploads\/2024\/04\/whatsapp-image-2024-04-04-at-9.51.30-am-1-1024x682.jpeg 1024w, https:\/\/elpuucnoticias.com\/wp-content\/uploads\/2024\/04\/whatsapp-image-2024-04-04-at-9.51.30-am-1-300x200.jpeg 300w, https:\/\/elpuucnoticias.com\/wp-content\/uploads\/2024\/04\/whatsapp-image-2024-04-04-at-9.51.30-am-1-768x512.jpeg 768w, https:\/\/elpuucnoticias.com\/wp-content\/uploads\/2024\/04\/whatsapp-image-2024-04-04-at-9.51.30-am-1-600x400.jpeg 600w, https:\/\/elpuucnoticias.com\/wp-content\/uploads\/2024\/04\/whatsapp-image-2024-04-04-at-9.51.30-am-1-320x213.jpeg 320w, https:\/\/elpuucnoticias.com\/wp-content\/uploads\/2024\/04\/whatsapp-image-2024-04-04-at-9.51.30-am-1.jpeg 1280w\" sizes=\"auto, (max-width: 1024px) 100vw, 1024px\" \/><\/figure>\n\n\n\n<figure class=\"wp-block-image size-large\"><img loading=\"lazy\" decoding=\"async\" width=\"1024\" height=\"682\" data-id=\"10925\" src=\"https:\/\/elpuucnoticias.com\/wp-content\/uploads\/2024\/04\/whatsapp-image-2024-04-04-at-9.52.01-am-1024x682.jpeg\" alt=\"\" class=\"wp-image-10925\" srcset=\"https:\/\/elpuucnoticias.com\/wp-content\/uploads\/2024\/04\/whatsapp-image-2024-04-04-at-9.52.01-am-1024x682.jpeg 1024w, https:\/\/elpuucnoticias.com\/wp-content\/uploads\/2024\/04\/whatsapp-image-2024-04-04-at-9.52.01-am-300x200.jpeg 300w, https:\/\/elpuucnoticias.com\/wp-content\/uploads\/2024\/04\/whatsapp-image-2024-04-04-at-9.52.01-am-768x512.jpeg 768w, https:\/\/elpuucnoticias.com\/wp-content\/uploads\/2024\/04\/whatsapp-image-2024-04-04-at-9.52.01-am-600x400.jpeg 600w, https:\/\/elpuucnoticias.com\/wp-content\/uploads\/2024\/04\/whatsapp-image-2024-04-04-at-9.52.01-am-320x213.jpeg 320w, https:\/\/elpuucnoticias.com\/wp-content\/uploads\/2024\/04\/whatsapp-image-2024-04-04-at-9.52.01-am.jpeg 1280w\" sizes=\"auto, (max-width: 1024px) 100vw, 1024px\" \/><\/figure>\n<\/figure>\n\n\n\n<p>En su mensaje el alcalde municipal interino dijo: \u00abApoyar al deporte no solo es regalar trajes y balones, sino que es brindar espacios adecuados y \u00f3ptimos para nuestros deportistas, seguimos trabajando en el cumplimento de los proyectos que el Lic. Rafael Montalvo nos dej\u00f3 en encomienda, por que Ticul, Pustunich y Yothol\u00edn lo necesitan y todas estas mejoras se est\u00e1n logrando gracias a la buena administraci\u00f3n y correcto uso de recursos municipales para beneficio de los ticule\u00f1os\u00bb. Puntualiz\u00f3.<\/p>\n\n\n\n<p>\u00abAhora es tarea de todos cuidarlo y darle el uso adecuado\u00bb. Concluy\u00f3 el alcalde suplente Rangel P\u00e9rez Jim\u00e9nez.<\/p>\n","protected":false},"excerpt":{"rendered":"<p>Ayer por la tarde, el alcalde interino de Ticul, Rangel P\u00e9rez Jim\u00e9nez, realiz\u00f3 la reinauguraci\u00f3n oficial del Centro<\/p>\n","protected":false},"author":1,"featured_media":10920,"comment_status":"closed","ping_status":"open","sticky":false,"template":"","format":"standard","meta":{"_monsterinsights_skip_tracking":false,"_monsterinsights_sitenote_active":false,"_monsterinsights_sitenote_note":"","_monsterinsights_sitenote_category":0,"footnotes":""},"categories":[11,13],"tags":[],"class_list":["post-10919","post","type-post","status-publish","format-standard","has-post-thumbnail","hentry","category-noticias","category-ticul"],"yoast_head":"<!-- This site is optimized with the Yoast SEO plugin v18.3 - https:\/\/yoast.com\/wordpress\/plugins\/seo\/ -->\n<title>Vuelven los eventos al Centro Deportivo y Cultural de Ticul tras su rehabilitaci\u00f3n - El Puuc Noticias<\/title>\n<meta name=\"robots\" content=\"index, follow, max-snippet:-1, max-image-preview:large, max-video-preview:-1\" \/>\n<link rel=\"canonical\" href=\"https:\/\/elpuucnoticias.com\/?p=10919\" \/>\n<meta property=\"og:locale\" content=\"es_ES\" \/>\n<meta property=\"og:type\" content=\"article\" \/>\n<meta property=\"og:title\" content=\"Vuelven los eventos al Centro Deportivo y Cultural de Ticul tras su rehabilitaci\u00f3n - El Puuc Noticias\" \/>\n<meta property=\"og:description\" content=\"Ayer por la tarde, el alcalde interino de Ticul, Rangel P\u00e9rez Jim\u00e9nez, realiz\u00f3 la reinauguraci\u00f3n oficial del Centro\" \/>\n<meta property=\"og:url\" content=\"https:\/\/elpuucnoticias.com\/?p=10919\" \/>\n<meta property=\"og:site_name\" content=\"El Puuc Noticias\" \/>\n<meta property=\"article:published_time\" content=\"2024-04-05T04:45:25+00:00\" \/>\n<meta property=\"article:modified_time\" content=\"2024-04-05T04:45:26+00:00\" \/>\n<meta property=\"og:image\" content=\"https:\/\/elpuucnoticias.com\/wp-content\/uploads\/2024\/04\/whatsapp-image-2024-04-04-at-9.54.21-am-scaled.jpeg\" \/>\n\t<meta property=\"og:image:width\" content=\"2560\" \/>\n\t<meta property=\"og:image:height\" content=\"1920\" \/>\n\t<meta property=\"og:image:type\" content=\"image\/jpeg\" \/>\n<meta name=\"twitter:card\" content=\"summary_large_image\" \/>\n<meta name=\"twitter:label1\" content=\"Escrito por\" \/>\n\t<meta name=\"twitter:data1\" content=\"elpuucnoticias\" \/>\n\t<meta name=\"twitter:label2\" content=\"Tiempo de lectura\" \/>\n\t<meta name=\"twitter:data2\" content=\"4 minutos\" \/>\n<script type=\"application\/ld+json\" class=\"yoast-schema-graph\">{\"@context\":\"https:\/\/schema.org\",\"@graph\":[{\"@type\":\"WebSite\",\"@id\":\"https:\/\/elpuucnoticias.com\/#website\",\"url\":\"https:\/\/elpuucnoticias.com\/\",\"name\":\"El Puuc Noticias\",\"description\":\"Noticias - Entretenimiento - Deportes\",\"potentialAction\":[{\"@type\":\"SearchAction\",\"target\":{\"@type\":\"EntryPoint\",\"urlTemplate\":\"https:\/\/elpuucnoticias.com\/?s={search_term_string}\"},\"query-input\":\"required name=search_term_string\"}],\"inLanguage\":\"es\"},{\"@type\":\"ImageObject\",\"@id\":\"https:\/\/elpuucnoticias.com\/?p=10919#primaryimage\",\"inLanguage\":\"es\",\"url\":\"https:\/\/elpuucnoticias.com\/wp-content\/uploads\/2024\/04\/whatsapp-image-2024-04-04-at-9.54.21-am-scaled.jpeg\",\"contentUrl\":\"https:\/\/elpuucnoticias.com\/wp-content\/uploads\/2024\/04\/whatsapp-image-2024-04-04-at-9.54.21-am-scaled.jpeg\",\"width\":2560,\"height\":1920},{\"@type\":\"WebPage\",\"@id\":\"https:\/\/elpuucnoticias.com\/?p=10919#webpage\",\"url\":\"https:\/\/elpuucnoticias.com\/?p=10919\",\"name\":\"Vuelven los eventos al Centro Deportivo y Cultural de Ticul tras su rehabilitaci\u00f3n - El Puuc Noticias\",\"isPartOf\":{\"@id\":\"https:\/\/elpuucnoticias.com\/#website\"},\"primaryImageOfPage\":{\"@id\":\"https:\/\/elpuucnoticias.com\/?p=10919#primaryimage\"},\"datePublished\":\"2024-04-05T04:45:25+00:00\",\"dateModified\":\"2024-04-05T04:45:26+00:00\",\"author\":{\"@id\":\"https:\/\/elpuucnoticias.com\/#\/schema\/person\/d2ea09e4c97f0160b11cdfb1d856bd9e\"},\"breadcrumb\":{\"@id\":\"https:\/\/elpuucnoticias.com\/?p=10919#breadcrumb\"},\"inLanguage\":\"es\",\"potentialAction\":[{\"@type\":\"ReadAction\",\"target\":[\"https:\/\/elpuucnoticias.com\/?p=10919\"]}]},{\"@type\":\"BreadcrumbList\",\"@id\":\"https:\/\/elpuucnoticias.com\/?p=10919#breadcrumb\",\"itemListElement\":[{\"@type\":\"ListItem\",\"position\":1,\"name\":\"Portada\",\"item\":\"https:\/\/elpuucnoticias.com\/\"},{\"@type\":\"ListItem\",\"position\":2,\"name\":\"Vuelven los eventos al Centro Deportivo y Cultural de Ticul tras su rehabilitaci\u00f3n\"}]},{\"@type\":\"Person\",\"@id\":\"https:\/\/elpuucnoticias.com\/#\/schema\/person\/d2ea09e4c97f0160b11cdfb1d856bd9e\",\"name\":\"elpuucnoticias\",\"image\":{\"@type\":\"ImageObject\",\"@id\":\"https:\/\/elpuucnoticias.com\/#personlogo\",\"inLanguage\":\"es\",\"url\":\"https:\/\/secure.gravatar.com\/avatar\/5290a43657c74ffa15701dbe5b846bd85cc71930d803c84e91046a7333de6ce2?s=96&d=mm&r=g\",\"contentUrl\":\"https:\/\/secure.gravatar.com\/avatar\/5290a43657c74ffa15701dbe5b846bd85cc71930d803c84e91046a7333de6ce2?s=96&d=mm&r=g\",\"caption\":\"elpuucnoticias\"},\"sameAs\":[\"https:\/\/elpuucnoticias.com\"],\"url\":\"https:\/\/elpuucnoticias.com\/?author=1\"}]}<\/script>\n<!-- \/ Yoast SEO plugin. -->","yoast_head_json":{"title":"Vuelven los eventos al Centro Deportivo y Cultural de Ticul tras su rehabilitaci\u00f3n - El Puuc Noticias","robots":{"index":"index","follow":"follow","max-snippet":"max-snippet:-1","max-image-preview":"max-image-preview:large","max-video-preview":"max-video-preview:-1"},"canonical":"https:\/\/elpuucnoticias.com\/?p=10919","og_locale":"es_ES","og_type":"article","og_title":"Vuelven los eventos al Centro Deportivo y Cultural de Ticul tras su rehabilitaci\u00f3n - El Puuc Noticias","og_description":"Ayer por la tarde, el alcalde interino de Ticul, Rangel P\u00e9rez Jim\u00e9nez, realiz\u00f3 la reinauguraci\u00f3n oficial del Centro","og_url":"https:\/\/elpuucnoticias.com\/?p=10919","og_site_name":"El Puuc Noticias","article_published_time":"2024-04-05T04:45:25+00:00","article_modified_time":"2024-04-05T04:45:26+00:00","og_image":[{"width":2560,"height":1920,"url":"https:\/\/elpuucnoticias.com\/wp-content\/uploads\/2024\/04\/whatsapp-image-2024-04-04-at-9.54.21-am-scaled.jpeg","type":"image\/jpeg"}],"twitter_card":"summary_large_image","twitter_misc":{"Escrito por":"elpuucnoticias","Tiempo de lectura":"4 minutos"},"schema":{"@context":"https:\/\/schema.org","@graph":[{"@type":"WebSite","@id":"https:\/\/elpuucnoticias.com\/#website","url":"https:\/\/elpuucnoticias.com\/","name":"El Puuc Noticias","description":"Noticias - Entretenimiento - Deportes","potentialAction":[{"@type":"SearchAction","target":{"@type":"EntryPoint","urlTemplate":"https:\/\/elpuucnoticias.com\/?s={search_term_string}"},"query-input":"required name=search_term_string"}],"inLanguage":"es"},{"@type":"ImageObject","@id":"https:\/\/elpuucnoticias.com\/?p=10919#primaryimage","inLanguage":"es","url":"https:\/\/elpuucnoticias.com\/wp-content\/uploads\/2024\/04\/whatsapp-image-2024-04-04-at-9.54.21-am-scaled.jpeg","contentUrl":"https:\/\/elpuucnoticias.com\/wp-content\/uploads\/2024\/04\/whatsapp-image-2024-04-04-at-9.54.21-am-scaled.jpeg","width":2560,"height":1920},{"@type":"WebPage","@id":"https:\/\/elpuucnoticias.com\/?p=10919#webpage","url":"https:\/\/elpuucnoticias.com\/?p=10919","name":"Vuelven los eventos al Centro Deportivo y Cultural de Ticul tras su rehabilitaci\u00f3n - El Puuc Noticias","isPartOf":{"@id":"https:\/\/elpuucnoticias.com\/#website"},"primaryImageOfPage":{"@id":"https:\/\/elpuucnoticias.com\/?p=10919#primaryimage"},"datePublished":"2024-04-05T04:45:25+00:00","dateModified":"2024-04-05T04:45:26+00:00","author":{"@id":"https:\/\/elpuucnoticias.com\/#\/schema\/person\/d2ea09e4c97f0160b11cdfb1d856bd9e"},"breadcrumb":{"@id":"https:\/\/elpuucnoticias.com\/?p=10919#breadcrumb"},"inLanguage":"es","potentialAction":[{"@type":"ReadAction","target":["https:\/\/elpuucnoticias.com\/?p=10919"]}]},{"@type":"BreadcrumbList","@id":"https:\/\/elpuucnoticias.com\/?p=10919#breadcrumb","itemListElement":[{"@type":"ListItem","position":1,"name":"Portada","item":"https:\/\/elpuucnoticias.com\/"},{"@type":"ListItem","position":2,"name":"Vuelven los eventos al Centro Deportivo y Cultural de Ticul tras su rehabilitaci\u00f3n"}]},{"@type":"Person","@id":"https:\/\/elpuucnoticias.com\/#\/schema\/person\/d2ea09e4c97f0160b11cdfb1d856bd9e","name":"elpuucnoticias","image":{"@type":"ImageObject","@id":"https:\/\/elpuucnoticias.com\/#personlogo","inLanguage":"es","url":"https:\/\/secure.gravatar.com\/avatar\/5290a43657c74ffa15701dbe5b846bd85cc71930d803c84e91046a7333de6ce2?s=96&d=mm&r=g","contentUrl":"https:\/\/secure.gravatar.com\/avatar\/5290a43657c74ffa15701dbe5b846bd85cc71930d803c84e91046a7333de6ce2?s=96&d=mm&r=g","caption":"elpuucnoticias"},"sameAs":["https:\/\/elpuucnoticias.com"],"url":"https:\/\/elpuucnoticias.com\/?author=1"}]}},"_links":{"self":[{"href":"https:\/\/elpuucnoticias.com\/index.php?rest_route=\/wp\/v2\/posts\/10919","targetHints":{"allow":["GET"]}}],"collection":[{"href":"https:\/\/elpuucnoticias.com\/index.php?rest_route=\/wp\/v2\/posts"}],"about":[{"href":"https:\/\/elpuucnoticias.com\/index.php?rest_route=\/wp\/v2\/types\/post"}],"author":[{"embeddable":true,"href":"https:\/\/elpuucnoticias.com\/index.php?rest_route=\/wp\/v2\/users\/1"}],"replies":[{"embeddable":true,"href":"https:\/\/elpuucnoticias.com\/index.php?rest_route=%2Fwp%2Fv2%2Fcomments&post=10919"}],"version-history":[{"count":1,"href":"https:\/\/elpuucnoticias.com\/index.php?rest_route=\/wp\/v2\/posts\/10919\/revisions"}],"predecessor-version":[{"id":10928,"href":"https:\/\/elpuucnoticias.com\/index.php?rest_route=\/wp\/v2\/posts\/10919\/revisions\/10928"}],"wp:featuredmedia":[{"embeddable":true,"href":"https:\/\/elpuucnoticias.com\/index.php?rest_route=\/wp\/v2\/media\/10920"}],"wp:attachment":[{"href":"https:\/\/elpuucnoticias.com\/index.php?rest_route=%2Fwp%2Fv2%2Fmedia&parent=10919"}],"wp:term":[{"taxonomy":"category","embeddable":true,"href":"https:\/\/elpuucnoticias.com\/index.php?rest_route=%2Fwp%2Fv2%2Fcategories&post=10919"},{"taxonomy":"post_tag","embeddable":true,"href":"https:\/\/elpuucnoticias.com\/index.php?rest_route=%2Fwp%2Fv2%2Ftags&post=10919"}],"curies":[{"name":"wp","href":"https:\/\/api.w.org\/{rel}","templated":true}]}}