{"id":11009,"date":"2024-04-05T18:17:59","date_gmt":"2024-04-06T00:17:59","guid":{"rendered":"https:\/\/elpuucnoticias.com\/?p=11009"},"modified":"2024-04-05T18:18:00","modified_gmt":"2024-04-06T00:18:00","slug":"alex-pacheco-inaugura-casa-de-campana-en-ticul-insta-a-los-ticulenos-a-una-revolucion-de-conciencias","status":"publish","type":"post","link":"https:\/\/elpuucnoticias.com\/?p=11009","title":{"rendered":"Alex Pacheco inaugura casa de campa\u00f1a en Ticul. Insta a los ticule\u00f1os a una revoluci\u00f3n de conciencias"},"content":{"rendered":"\n<p>Como si fuera una fiesta con batucada, m\u00fasica y aplausos los pri\u00edstas del Centro de la ciudad, recibieron a su candidato Alex Pacheco, el Golden Boy; al presidente del partido, Mario Guti\u00e9rrez, para la inauguraci\u00f3n de la casa de campa\u00f1a.<\/p>\n\n\n\n<p>Tom\u00f3 la palabra para motivar a los pri\u00edstas a hacer una Revoluci\u00f3n de conciencias y no a d\u00e9jar que los de enfrente est\u00e9n comprandoles, finaliz\u00f3 su mensaje diciendo \u00abqui\u00e9n paga para llegar, llega para robar\u00bb.<\/p>\n\n\n\n<figure class=\"wp-block-gallery has-nested-images columns-default is-cropped wp-block-gallery-1 is-layout-flex wp-block-gallery-is-layout-flex\">\n<figure class=\"wp-block-image size-large\"><img loading=\"lazy\" decoding=\"async\" width=\"1024\" height=\"682\" data-id=\"11012\" src=\"https:\/\/elpuucnoticias.com\/wp-content\/uploads\/2024\/04\/whatsapp-image-2024-04-05-at-7.55.14-am-1024x682.jpeg\" alt=\"\" class=\"wp-image-11012\" srcset=\"https:\/\/elpuucnoticias.com\/wp-content\/uploads\/2024\/04\/whatsapp-image-2024-04-05-at-7.55.14-am-1024x682.jpeg 1024w, https:\/\/elpuucnoticias.com\/wp-content\/uploads\/2024\/04\/whatsapp-image-2024-04-05-at-7.55.14-am-300x200.jpeg 300w, https:\/\/elpuucnoticias.com\/wp-content\/uploads\/2024\/04\/whatsapp-image-2024-04-05-at-7.55.14-am-768x512.jpeg 768w, https:\/\/elpuucnoticias.com\/wp-content\/uploads\/2024\/04\/whatsapp-image-2024-04-05-at-7.55.14-am-1536x1023.jpeg 1536w, https:\/\/elpuucnoticias.com\/wp-content\/uploads\/2024\/04\/whatsapp-image-2024-04-05-at-7.55.14-am-600x400.jpeg 600w, https:\/\/elpuucnoticias.com\/wp-content\/uploads\/2024\/04\/whatsapp-image-2024-04-05-at-7.55.14-am-320x213.jpeg 320w, https:\/\/elpuucnoticias.com\/wp-content\/uploads\/2024\/04\/whatsapp-image-2024-04-05-at-7.55.14-am.jpeg 1600w\" sizes=\"auto, (max-width: 1024px) 100vw, 1024px\" \/><\/figure>\n\n\n\n<figure class=\"wp-block-image size-large\"><img loading=\"lazy\" decoding=\"async\" width=\"1024\" height=\"682\" data-id=\"11013\" src=\"https:\/\/elpuucnoticias.com\/wp-content\/uploads\/2024\/04\/whatsapp-image-2024-04-05-at-7.55.13-am-1024x682.jpeg\" alt=\"\" class=\"wp-image-11013\" srcset=\"https:\/\/elpuucnoticias.com\/wp-content\/uploads\/2024\/04\/whatsapp-image-2024-04-05-at-7.55.13-am-1024x682.jpeg 1024w, https:\/\/elpuucnoticias.com\/wp-content\/uploads\/2024\/04\/whatsapp-image-2024-04-05-at-7.55.13-am-300x200.jpeg 300w, https:\/\/elpuucnoticias.com\/wp-content\/uploads\/2024\/04\/whatsapp-image-2024-04-05-at-7.55.13-am-768x512.jpeg 768w, https:\/\/elpuucnoticias.com\/wp-content\/uploads\/2024\/04\/whatsapp-image-2024-04-05-at-7.55.13-am-1536x1023.jpeg 1536w, https:\/\/elpuucnoticias.com\/wp-content\/uploads\/2024\/04\/whatsapp-image-2024-04-05-at-7.55.13-am-600x400.jpeg 600w, https:\/\/elpuucnoticias.com\/wp-content\/uploads\/2024\/04\/whatsapp-image-2024-04-05-at-7.55.13-am-320x213.jpeg 320w, https:\/\/elpuucnoticias.com\/wp-content\/uploads\/2024\/04\/whatsapp-image-2024-04-05-at-7.55.13-am.jpeg 1600w\" sizes=\"auto, (max-width: 1024px) 100vw, 1024px\" \/><\/figure>\n\n\n\n<figure class=\"wp-block-image size-large\"><img loading=\"lazy\" decoding=\"async\" width=\"1024\" height=\"682\" data-id=\"11014\" src=\"https:\/\/elpuucnoticias.com\/wp-content\/uploads\/2024\/04\/whatsapp-image-2024-04-05-at-7.55.11-am-1024x682.jpeg\" alt=\"\" class=\"wp-image-11014\" srcset=\"https:\/\/elpuucnoticias.com\/wp-content\/uploads\/2024\/04\/whatsapp-image-2024-04-05-at-7.55.11-am-1024x682.jpeg 1024w, https:\/\/elpuucnoticias.com\/wp-content\/uploads\/2024\/04\/whatsapp-image-2024-04-05-at-7.55.11-am-300x200.jpeg 300w, https:\/\/elpuucnoticias.com\/wp-content\/uploads\/2024\/04\/whatsapp-image-2024-04-05-at-7.55.11-am-768x512.jpeg 768w, https:\/\/elpuucnoticias.com\/wp-content\/uploads\/2024\/04\/whatsapp-image-2024-04-05-at-7.55.11-am-1536x1023.jpeg 1536w, https:\/\/elpuucnoticias.com\/wp-content\/uploads\/2024\/04\/whatsapp-image-2024-04-05-at-7.55.11-am-600x400.jpeg 600w, https:\/\/elpuucnoticias.com\/wp-content\/uploads\/2024\/04\/whatsapp-image-2024-04-05-at-7.55.11-am-320x213.jpeg 320w, https:\/\/elpuucnoticias.com\/wp-content\/uploads\/2024\/04\/whatsapp-image-2024-04-05-at-7.55.11-am.jpeg 1600w\" sizes=\"auto, (max-width: 1024px) 100vw, 1024px\" \/><\/figure>\n\n\n\n<figure class=\"wp-block-image size-large\"><img loading=\"lazy\" decoding=\"async\" width=\"1024\" height=\"682\" data-id=\"11011\" src=\"https:\/\/elpuucnoticias.com\/wp-content\/uploads\/2024\/04\/whatsapp-image-2024-04-05-at-7.55.10-am-1024x682.jpeg\" alt=\"\" class=\"wp-image-11011\" srcset=\"https:\/\/elpuucnoticias.com\/wp-content\/uploads\/2024\/04\/whatsapp-image-2024-04-05-at-7.55.10-am-1024x682.jpeg 1024w, https:\/\/elpuucnoticias.com\/wp-content\/uploads\/2024\/04\/whatsapp-image-2024-04-05-at-7.55.10-am-300x200.jpeg 300w, https:\/\/elpuucnoticias.com\/wp-content\/uploads\/2024\/04\/whatsapp-image-2024-04-05-at-7.55.10-am-768x512.jpeg 768w, https:\/\/elpuucnoticias.com\/wp-content\/uploads\/2024\/04\/whatsapp-image-2024-04-05-at-7.55.10-am-1536x1023.jpeg 1536w, https:\/\/elpuucnoticias.com\/wp-content\/uploads\/2024\/04\/whatsapp-image-2024-04-05-at-7.55.10-am-600x400.jpeg 600w, https:\/\/elpuucnoticias.com\/wp-content\/uploads\/2024\/04\/whatsapp-image-2024-04-05-at-7.55.10-am-320x213.jpeg 320w, https:\/\/elpuucnoticias.com\/wp-content\/uploads\/2024\/04\/whatsapp-image-2024-04-05-at-7.55.10-am.jpeg 1600w\" sizes=\"auto, (max-width: 1024px) 100vw, 1024px\" \/><\/figure>\n<\/figure>\n\n\n\n<p>Posteriormente la candidata a s\u00edndico, Karla Ek, les record\u00f3 que la casa de campa\u00f1a no es del candidato ni del pri, es la casa de campa\u00f1a de los ticule\u00f1os que est\u00e1n cansados de los mismos de siempre.<\/p>\n\n\n\n<p>Al momento de hacer el corte de list\u00f3n el \u00abGolden Boy\u00bb invit\u00f3 a ciudadanos a hacerlo ya que la casa de campa\u00f1a es de los ticule\u00f1os no de el.<\/p>\n\n\n\n<p>En su mensaje hizo \u00e9nfasis en las dos opciones que tiene Ticul, regresar al pasado con todos los que est\u00e1n detr\u00e1s del candidato de Morena y la imposici\u00f3n del PAN, o por el futuro de un mejor Ticul con una nueva generaci\u00f3n de servidores p\u00fablicos.<\/p>\n\n\n\n<p>\u00abTicul tiene problemas reales y por eso se necesitan ticule\u00f1os reales para gobernarlo\u00bb, enfatiz\u00f3.<\/p>\n","protected":false},"excerpt":{"rendered":"<p>Como si fuera una fiesta con batucada, m\u00fasica y aplausos los pri\u00edstas del Centro de la ciudad, recibieron<\/p>\n","protected":false},"author":1,"featured_media":11010,"comment_status":"closed","ping_status":"open","sticky":false,"template":"","format":"standard","meta":{"_monsterinsights_skip_tracking":false,"_monsterinsights_sitenote_active":false,"_monsterinsights_sitenote_note":"","_monsterinsights_sitenote_category":0,"footnotes":""},"categories":[11,26,13],"tags":[],"class_list":["post-11009","post","type-post","status-publish","format-standard","has-post-thumbnail","hentry","category-noticias","category-politica","category-ticul"],"yoast_head":"<!-- This site is optimized with the Yoast SEO plugin v18.3 - https:\/\/yoast.com\/wordpress\/plugins\/seo\/ -->\n<title>Alex Pacheco inaugura casa de campa\u00f1a en Ticul. Insta a los ticule\u00f1os a una revoluci\u00f3n de conciencias - El Puuc Noticias<\/title>\n<meta name=\"robots\" content=\"index, follow, max-snippet:-1, max-image-preview:large, max-video-preview:-1\" \/>\n<link rel=\"canonical\" href=\"https:\/\/elpuucnoticias.com\/?p=11009\" \/>\n<meta property=\"og:locale\" content=\"es_ES\" \/>\n<meta property=\"og:type\" content=\"article\" \/>\n<meta property=\"og:title\" content=\"Alex Pacheco inaugura casa de campa\u00f1a en Ticul. Insta a los ticule\u00f1os a una revoluci\u00f3n de conciencias - El Puuc Noticias\" \/>\n<meta property=\"og:description\" content=\"Como si fuera una fiesta con batucada, m\u00fasica y aplausos los pri\u00edstas del Centro de la ciudad, recibieron\" \/>\n<meta property=\"og:url\" content=\"https:\/\/elpuucnoticias.com\/?p=11009\" \/>\n<meta property=\"og:site_name\" content=\"El Puuc Noticias\" \/>\n<meta property=\"article:published_time\" content=\"2024-04-06T00:17:59+00:00\" \/>\n<meta property=\"article:modified_time\" content=\"2024-04-06T00:18:00+00:00\" \/>\n<meta property=\"og:image\" content=\"https:\/\/elpuucnoticias.com\/wp-content\/uploads\/2024\/04\/whatsapp-image-2024-04-05-at-7.55.12-am.jpeg\" \/>\n\t<meta property=\"og:image:width\" content=\"1600\" \/>\n\t<meta property=\"og:image:height\" content=\"1066\" \/>\n\t<meta property=\"og:image:type\" content=\"image\/jpeg\" \/>\n<meta name=\"twitter:card\" content=\"summary_large_image\" \/>\n<meta name=\"twitter:label1\" content=\"Escrito por\" \/>\n\t<meta name=\"twitter:data1\" content=\"elpuucnoticias\" \/>\n\t<meta name=\"twitter:label2\" content=\"Tiempo de lectura\" \/>\n\t<meta name=\"twitter:data2\" content=\"2 minutos\" \/>\n<script type=\"application\/ld+json\" class=\"yoast-schema-graph\">{\"@context\":\"https:\/\/schema.org\",\"@graph\":[{\"@type\":\"WebSite\",\"@id\":\"https:\/\/elpuucnoticias.com\/#website\",\"url\":\"https:\/\/elpuucnoticias.com\/\",\"name\":\"El Puuc Noticias\",\"description\":\"Noticias - Entretenimiento - Deportes\",\"potentialAction\":[{\"@type\":\"SearchAction\",\"target\":{\"@type\":\"EntryPoint\",\"urlTemplate\":\"https:\/\/elpuucnoticias.com\/?s={search_term_string}\"},\"query-input\":\"required name=search_term_string\"}],\"inLanguage\":\"es\"},{\"@type\":\"ImageObject\",\"@id\":\"https:\/\/elpuucnoticias.com\/?p=11009#primaryimage\",\"inLanguage\":\"es\",\"url\":\"https:\/\/elpuucnoticias.com\/wp-content\/uploads\/2024\/04\/whatsapp-image-2024-04-05-at-7.55.12-am.jpeg\",\"contentUrl\":\"https:\/\/elpuucnoticias.com\/wp-content\/uploads\/2024\/04\/whatsapp-image-2024-04-05-at-7.55.12-am.jpeg\",\"width\":1600,\"height\":1066},{\"@type\":\"WebPage\",\"@id\":\"https:\/\/elpuucnoticias.com\/?p=11009#webpage\",\"url\":\"https:\/\/elpuucnoticias.com\/?p=11009\",\"name\":\"Alex Pacheco inaugura casa de campa\u00f1a en Ticul. Insta a los ticule\u00f1os a una revoluci\u00f3n de conciencias - El Puuc Noticias\",\"isPartOf\":{\"@id\":\"https:\/\/elpuucnoticias.com\/#website\"},\"primaryImageOfPage\":{\"@id\":\"https:\/\/elpuucnoticias.com\/?p=11009#primaryimage\"},\"datePublished\":\"2024-04-06T00:17:59+00:00\",\"dateModified\":\"2024-04-06T00:18:00+00:00\",\"author\":{\"@id\":\"https:\/\/elpuucnoticias.com\/#\/schema\/person\/d2ea09e4c97f0160b11cdfb1d856bd9e\"},\"breadcrumb\":{\"@id\":\"https:\/\/elpuucnoticias.com\/?p=11009#breadcrumb\"},\"inLanguage\":\"es\",\"potentialAction\":[{\"@type\":\"ReadAction\",\"target\":[\"https:\/\/elpuucnoticias.com\/?p=11009\"]}]},{\"@type\":\"BreadcrumbList\",\"@id\":\"https:\/\/elpuucnoticias.com\/?p=11009#breadcrumb\",\"itemListElement\":[{\"@type\":\"ListItem\",\"position\":1,\"name\":\"Portada\",\"item\":\"https:\/\/elpuucnoticias.com\/\"},{\"@type\":\"ListItem\",\"position\":2,\"name\":\"Alex Pacheco inaugura casa de campa\u00f1a en Ticul. Insta a los ticule\u00f1os a una revoluci\u00f3n de conciencias\"}]},{\"@type\":\"Person\",\"@id\":\"https:\/\/elpuucnoticias.com\/#\/schema\/person\/d2ea09e4c97f0160b11cdfb1d856bd9e\",\"name\":\"elpuucnoticias\",\"image\":{\"@type\":\"ImageObject\",\"@id\":\"https:\/\/elpuucnoticias.com\/#personlogo\",\"inLanguage\":\"es\",\"url\":\"https:\/\/secure.gravatar.com\/avatar\/5290a43657c74ffa15701dbe5b846bd85cc71930d803c84e91046a7333de6ce2?s=96&d=mm&r=g\",\"contentUrl\":\"https:\/\/secure.gravatar.com\/avatar\/5290a43657c74ffa15701dbe5b846bd85cc71930d803c84e91046a7333de6ce2?s=96&d=mm&r=g\",\"caption\":\"elpuucnoticias\"},\"sameAs\":[\"https:\/\/elpuucnoticias.com\"],\"url\":\"https:\/\/elpuucnoticias.com\/?author=1\"}]}<\/script>\n<!-- \/ Yoast SEO plugin. -->","yoast_head_json":{"title":"Alex Pacheco inaugura casa de campa\u00f1a en Ticul. Insta a los ticule\u00f1os a una revoluci\u00f3n de conciencias - El Puuc Noticias","robots":{"index":"index","follow":"follow","max-snippet":"max-snippet:-1","max-image-preview":"max-image-preview:large","max-video-preview":"max-video-preview:-1"},"canonical":"https:\/\/elpuucnoticias.com\/?p=11009","og_locale":"es_ES","og_type":"article","og_title":"Alex Pacheco inaugura casa de campa\u00f1a en Ticul. Insta a los ticule\u00f1os a una revoluci\u00f3n de conciencias - El Puuc Noticias","og_description":"Como si fuera una fiesta con batucada, m\u00fasica y aplausos los pri\u00edstas del Centro de la ciudad, recibieron","og_url":"https:\/\/elpuucnoticias.com\/?p=11009","og_site_name":"El Puuc Noticias","article_published_time":"2024-04-06T00:17:59+00:00","article_modified_time":"2024-04-06T00:18:00+00:00","og_image":[{"width":1600,"height":1066,"url":"https:\/\/elpuucnoticias.com\/wp-content\/uploads\/2024\/04\/whatsapp-image-2024-04-05-at-7.55.12-am.jpeg","type":"image\/jpeg"}],"twitter_card":"summary_large_image","twitter_misc":{"Escrito por":"elpuucnoticias","Tiempo de lectura":"2 minutos"},"schema":{"@context":"https:\/\/schema.org","@graph":[{"@type":"WebSite","@id":"https:\/\/elpuucnoticias.com\/#website","url":"https:\/\/elpuucnoticias.com\/","name":"El Puuc Noticias","description":"Noticias - Entretenimiento - Deportes","potentialAction":[{"@type":"SearchAction","target":{"@type":"EntryPoint","urlTemplate":"https:\/\/elpuucnoticias.com\/?s={search_term_string}"},"query-input":"required name=search_term_string"}],"inLanguage":"es"},{"@type":"ImageObject","@id":"https:\/\/elpuucnoticias.com\/?p=11009#primaryimage","inLanguage":"es","url":"https:\/\/elpuucnoticias.com\/wp-content\/uploads\/2024\/04\/whatsapp-image-2024-04-05-at-7.55.12-am.jpeg","contentUrl":"https:\/\/elpuucnoticias.com\/wp-content\/uploads\/2024\/04\/whatsapp-image-2024-04-05-at-7.55.12-am.jpeg","width":1600,"height":1066},{"@type":"WebPage","@id":"https:\/\/elpuucnoticias.com\/?p=11009#webpage","url":"https:\/\/elpuucnoticias.com\/?p=11009","name":"Alex Pacheco inaugura casa de campa\u00f1a en Ticul. Insta a los ticule\u00f1os a una revoluci\u00f3n de conciencias - El Puuc Noticias","isPartOf":{"@id":"https:\/\/elpuucnoticias.com\/#website"},"primaryImageOfPage":{"@id":"https:\/\/elpuucnoticias.com\/?p=11009#primaryimage"},"datePublished":"2024-04-06T00:17:59+00:00","dateModified":"2024-04-06T00:18:00+00:00","author":{"@id":"https:\/\/elpuucnoticias.com\/#\/schema\/person\/d2ea09e4c97f0160b11cdfb1d856bd9e"},"breadcrumb":{"@id":"https:\/\/elpuucnoticias.com\/?p=11009#breadcrumb"},"inLanguage":"es","potentialAction":[{"@type":"ReadAction","target":["https:\/\/elpuucnoticias.com\/?p=11009"]}]},{"@type":"BreadcrumbList","@id":"https:\/\/elpuucnoticias.com\/?p=11009#breadcrumb","itemListElement":[{"@type":"ListItem","position":1,"name":"Portada","item":"https:\/\/elpuucnoticias.com\/"},{"@type":"ListItem","position":2,"name":"Alex Pacheco inaugura casa de campa\u00f1a en Ticul. Insta a los ticule\u00f1os a una revoluci\u00f3n de conciencias"}]},{"@type":"Person","@id":"https:\/\/elpuucnoticias.com\/#\/schema\/person\/d2ea09e4c97f0160b11cdfb1d856bd9e","name":"elpuucnoticias","image":{"@type":"ImageObject","@id":"https:\/\/elpuucnoticias.com\/#personlogo","inLanguage":"es","url":"https:\/\/secure.gravatar.com\/avatar\/5290a43657c74ffa15701dbe5b846bd85cc71930d803c84e91046a7333de6ce2?s=96&d=mm&r=g","contentUrl":"https:\/\/secure.gravatar.com\/avatar\/5290a43657c74ffa15701dbe5b846bd85cc71930d803c84e91046a7333de6ce2?s=96&d=mm&r=g","caption":"elpuucnoticias"},"sameAs":["https:\/\/elpuucnoticias.com"],"url":"https:\/\/elpuucnoticias.com\/?author=1"}]}},"_links":{"self":[{"href":"https:\/\/elpuucnoticias.com\/index.php?rest_route=\/wp\/v2\/posts\/11009","targetHints":{"allow":["GET"]}}],"collection":[{"href":"https:\/\/elpuucnoticias.com\/index.php?rest_route=\/wp\/v2\/posts"}],"about":[{"href":"https:\/\/elpuucnoticias.com\/index.php?rest_route=\/wp\/v2\/types\/post"}],"author":[{"embeddable":true,"href":"https:\/\/elpuucnoticias.com\/index.php?rest_route=\/wp\/v2\/users\/1"}],"replies":[{"embeddable":true,"href":"https:\/\/elpuucnoticias.com\/index.php?rest_route=%2Fwp%2Fv2%2Fcomments&post=11009"}],"version-history":[{"count":1,"href":"https:\/\/elpuucnoticias.com\/index.php?rest_route=\/wp\/v2\/posts\/11009\/revisions"}],"predecessor-version":[{"id":11015,"href":"https:\/\/elpuucnoticias.com\/index.php?rest_route=\/wp\/v2\/posts\/11009\/revisions\/11015"}],"wp:featuredmedia":[{"embeddable":true,"href":"https:\/\/elpuucnoticias.com\/index.php?rest_route=\/wp\/v2\/media\/11010"}],"wp:attachment":[{"href":"https:\/\/elpuucnoticias.com\/index.php?rest_route=%2Fwp%2Fv2%2Fmedia&parent=11009"}],"wp:term":[{"taxonomy":"category","embeddable":true,"href":"https:\/\/elpuucnoticias.com\/index.php?rest_route=%2Fwp%2Fv2%2Fcategories&post=11009"},{"taxonomy":"post_tag","embeddable":true,"href":"https:\/\/elpuucnoticias.com\/index.php?rest_route=%2Fwp%2Fv2%2Ftags&post=11009"}],"curies":[{"name":"wp","href":"https:\/\/api.w.org\/{rel}","templated":true}]}}