{"id":11131,"date":"2024-04-09T11:16:26","date_gmt":"2024-04-09T17:16:26","guid":{"rendered":"https:\/\/elpuucnoticias.com\/?p=11131"},"modified":"2024-04-09T11:16:28","modified_gmt":"2024-04-09T17:16:28","slug":"veronica-interian-arguello-presente-en-arranque-de-campana-de-tadzhiu","status":"publish","type":"post","link":"https:\/\/elpuucnoticias.com\/?p=11131","title":{"rendered":"Ver\u00f3nica Interian Arg\u00fcello presente en arranque de campa\u00f1a de Tadzhiu"},"content":{"rendered":"\n<p>Ver\u00f3nica Interian Arg\u00fcello candidata a diputada por Morena en el distrito 20 estuvo presente el d\u00eda de ayer en el mitin de arranque de campa\u00f1a del candidato a presidente de Tadzhiu, est\u00e1 estuvo acompa\u00f1ada de cientos de simpatizantes quienes le mostraron su apoyo al igual que al aspirante a la alcald\u00eda de ese municipio Interian Arg\u00fcello dijo que de llegar al congreso estar\u00e1 al pendiente de las necesidades de los municipios que comprenden su distrito.<\/p>\n\n\n\n<figure class=\"wp-block-gallery has-nested-images columns-default is-cropped wp-block-gallery-1 is-layout-flex wp-block-gallery-is-layout-flex\">\n<figure class=\"wp-block-image size-large\"><img loading=\"lazy\" decoding=\"async\" width=\"768\" height=\"1024\" data-id=\"11135\" src=\"https:\/\/elpuucnoticias.com\/wp-content\/uploads\/2024\/04\/whatsapp-image-2024-04-09-at-9.51.28-am-1-768x1024.jpeg\" alt=\"\" class=\"wp-image-11135\" srcset=\"https:\/\/elpuucnoticias.com\/wp-content\/uploads\/2024\/04\/whatsapp-image-2024-04-09-at-9.51.28-am-1-768x1024.jpeg 768w, https:\/\/elpuucnoticias.com\/wp-content\/uploads\/2024\/04\/whatsapp-image-2024-04-09-at-9.51.28-am-1-225x300.jpeg 225w, https:\/\/elpuucnoticias.com\/wp-content\/uploads\/2024\/04\/whatsapp-image-2024-04-09-at-9.51.28-am-1-240x320.jpeg 240w, https:\/\/elpuucnoticias.com\/wp-content\/uploads\/2024\/04\/whatsapp-image-2024-04-09-at-9.51.28-am-1.jpeg 960w\" sizes=\"auto, (max-width: 768px) 100vw, 768px\" \/><\/figure>\n\n\n\n<figure class=\"wp-block-image size-large\"><img loading=\"lazy\" decoding=\"async\" width=\"768\" height=\"1024\" data-id=\"11134\" src=\"https:\/\/elpuucnoticias.com\/wp-content\/uploads\/2024\/04\/whatsapp-image-2024-04-09-at-9.51.29-am-1-768x1024.jpeg\" alt=\"\" class=\"wp-image-11134\" srcset=\"https:\/\/elpuucnoticias.com\/wp-content\/uploads\/2024\/04\/whatsapp-image-2024-04-09-at-9.51.29-am-1-768x1024.jpeg 768w, https:\/\/elpuucnoticias.com\/wp-content\/uploads\/2024\/04\/whatsapp-image-2024-04-09-at-9.51.29-am-1-225x300.jpeg 225w, https:\/\/elpuucnoticias.com\/wp-content\/uploads\/2024\/04\/whatsapp-image-2024-04-09-at-9.51.29-am-1-240x320.jpeg 240w, https:\/\/elpuucnoticias.com\/wp-content\/uploads\/2024\/04\/whatsapp-image-2024-04-09-at-9.51.29-am-1.jpeg 960w\" sizes=\"auto, (max-width: 768px) 100vw, 768px\" \/><\/figure>\n\n\n\n<figure class=\"wp-block-image size-large\"><img loading=\"lazy\" decoding=\"async\" width=\"768\" height=\"1024\" data-id=\"11133\" src=\"https:\/\/elpuucnoticias.com\/wp-content\/uploads\/2024\/04\/whatsapp-image-2024-04-09-at-9.51.29-am-768x1024.jpeg\" alt=\"\" class=\"wp-image-11133\" srcset=\"https:\/\/elpuucnoticias.com\/wp-content\/uploads\/2024\/04\/whatsapp-image-2024-04-09-at-9.51.29-am-768x1024.jpeg 768w, https:\/\/elpuucnoticias.com\/wp-content\/uploads\/2024\/04\/whatsapp-image-2024-04-09-at-9.51.29-am-225x300.jpeg 225w, https:\/\/elpuucnoticias.com\/wp-content\/uploads\/2024\/04\/whatsapp-image-2024-04-09-at-9.51.29-am-240x320.jpeg 240w, https:\/\/elpuucnoticias.com\/wp-content\/uploads\/2024\/04\/whatsapp-image-2024-04-09-at-9.51.29-am.jpeg 960w\" sizes=\"auto, (max-width: 768px) 100vw, 768px\" \/><\/figure>\n<\/figure>\n","protected":false},"excerpt":{"rendered":"<p>Ver\u00f3nica Interian Arg\u00fcello candidata a diputada por Morena en el distrito 20 estuvo presente el d\u00eda de ayer<\/p>\n","protected":false},"author":1,"featured_media":11132,"comment_status":"closed","ping_status":"open","sticky":false,"template":"","format":"standard","meta":{"_monsterinsights_skip_tracking":false,"_monsterinsights_sitenote_active":false,"_monsterinsights_sitenote_note":"","_monsterinsights_sitenote_category":0,"footnotes":""},"categories":[11,26],"tags":[],"class_list":["post-11131","post","type-post","status-publish","format-standard","has-post-thumbnail","hentry","category-noticias","category-politica"],"yoast_head":"<!-- This site is optimized with the Yoast SEO plugin v18.3 - https:\/\/yoast.com\/wordpress\/plugins\/seo\/ -->\n<title>Ver\u00f3nica Interian Arg\u00fcello presente en arranque de campa\u00f1a de Tadzhiu - El Puuc Noticias<\/title>\n<meta name=\"robots\" content=\"index, follow, max-snippet:-1, max-image-preview:large, max-video-preview:-1\" \/>\n<link rel=\"canonical\" href=\"https:\/\/elpuucnoticias.com\/?p=11131\" \/>\n<meta property=\"og:locale\" content=\"es_ES\" \/>\n<meta property=\"og:type\" content=\"article\" \/>\n<meta property=\"og:title\" content=\"Ver\u00f3nica Interian Arg\u00fcello presente en arranque de campa\u00f1a de Tadzhiu - El Puuc Noticias\" \/>\n<meta property=\"og:description\" content=\"Ver\u00f3nica Interian Arg\u00fcello candidata a diputada por Morena en el distrito 20 estuvo presente el d\u00eda de ayer\" \/>\n<meta property=\"og:url\" content=\"https:\/\/elpuucnoticias.com\/?p=11131\" \/>\n<meta property=\"og:site_name\" content=\"El Puuc Noticias\" \/>\n<meta property=\"article:published_time\" content=\"2024-04-09T17:16:26+00:00\" \/>\n<meta property=\"article:modified_time\" content=\"2024-04-09T17:16:28+00:00\" \/>\n<meta property=\"og:image\" content=\"https:\/\/elpuucnoticias.com\/wp-content\/uploads\/2024\/04\/whatsapp-image-2024-04-09-at-9.51.29-am-2.jpeg\" \/>\n\t<meta property=\"og:image:width\" content=\"1280\" \/>\n\t<meta property=\"og:image:height\" content=\"720\" \/>\n\t<meta property=\"og:image:type\" content=\"image\/jpeg\" \/>\n<meta name=\"twitter:card\" content=\"summary_large_image\" \/>\n<meta name=\"twitter:label1\" content=\"Escrito por\" \/>\n\t<meta name=\"twitter:data1\" content=\"elpuucnoticias\" \/>\n\t<meta name=\"twitter:label2\" content=\"Tiempo de lectura\" \/>\n\t<meta name=\"twitter:data2\" content=\"1 minuto\" \/>\n<script type=\"application\/ld+json\" class=\"yoast-schema-graph\">{\"@context\":\"https:\/\/schema.org\",\"@graph\":[{\"@type\":\"WebSite\",\"@id\":\"https:\/\/elpuucnoticias.com\/#website\",\"url\":\"https:\/\/elpuucnoticias.com\/\",\"name\":\"El Puuc Noticias\",\"description\":\"Noticias - Entretenimiento - Deportes\",\"potentialAction\":[{\"@type\":\"SearchAction\",\"target\":{\"@type\":\"EntryPoint\",\"urlTemplate\":\"https:\/\/elpuucnoticias.com\/?s={search_term_string}\"},\"query-input\":\"required name=search_term_string\"}],\"inLanguage\":\"es\"},{\"@type\":\"ImageObject\",\"@id\":\"https:\/\/elpuucnoticias.com\/?p=11131#primaryimage\",\"inLanguage\":\"es\",\"url\":\"https:\/\/elpuucnoticias.com\/wp-content\/uploads\/2024\/04\/whatsapp-image-2024-04-09-at-9.51.29-am-2.jpeg\",\"contentUrl\":\"https:\/\/elpuucnoticias.com\/wp-content\/uploads\/2024\/04\/whatsapp-image-2024-04-09-at-9.51.29-am-2.jpeg\",\"width\":1280,\"height\":720},{\"@type\":\"WebPage\",\"@id\":\"https:\/\/elpuucnoticias.com\/?p=11131#webpage\",\"url\":\"https:\/\/elpuucnoticias.com\/?p=11131\",\"name\":\"Ver\u00f3nica Interian Arg\u00fcello presente en arranque de campa\u00f1a de Tadzhiu - El Puuc Noticias\",\"isPartOf\":{\"@id\":\"https:\/\/elpuucnoticias.com\/#website\"},\"primaryImageOfPage\":{\"@id\":\"https:\/\/elpuucnoticias.com\/?p=11131#primaryimage\"},\"datePublished\":\"2024-04-09T17:16:26+00:00\",\"dateModified\":\"2024-04-09T17:16:28+00:00\",\"author\":{\"@id\":\"https:\/\/elpuucnoticias.com\/#\/schema\/person\/d2ea09e4c97f0160b11cdfb1d856bd9e\"},\"breadcrumb\":{\"@id\":\"https:\/\/elpuucnoticias.com\/?p=11131#breadcrumb\"},\"inLanguage\":\"es\",\"potentialAction\":[{\"@type\":\"ReadAction\",\"target\":[\"https:\/\/elpuucnoticias.com\/?p=11131\"]}]},{\"@type\":\"BreadcrumbList\",\"@id\":\"https:\/\/elpuucnoticias.com\/?p=11131#breadcrumb\",\"itemListElement\":[{\"@type\":\"ListItem\",\"position\":1,\"name\":\"Portada\",\"item\":\"https:\/\/elpuucnoticias.com\/\"},{\"@type\":\"ListItem\",\"position\":2,\"name\":\"Ver\u00f3nica Interian Arg\u00fcello presente en arranque de campa\u00f1a de Tadzhiu\"}]},{\"@type\":\"Person\",\"@id\":\"https:\/\/elpuucnoticias.com\/#\/schema\/person\/d2ea09e4c97f0160b11cdfb1d856bd9e\",\"name\":\"elpuucnoticias\",\"image\":{\"@type\":\"ImageObject\",\"@id\":\"https:\/\/elpuucnoticias.com\/#personlogo\",\"inLanguage\":\"es\",\"url\":\"https:\/\/secure.gravatar.com\/avatar\/5290a43657c74ffa15701dbe5b846bd85cc71930d803c84e91046a7333de6ce2?s=96&d=mm&r=g\",\"contentUrl\":\"https:\/\/secure.gravatar.com\/avatar\/5290a43657c74ffa15701dbe5b846bd85cc71930d803c84e91046a7333de6ce2?s=96&d=mm&r=g\",\"caption\":\"elpuucnoticias\"},\"sameAs\":[\"https:\/\/elpuucnoticias.com\"],\"url\":\"https:\/\/elpuucnoticias.com\/?author=1\"}]}<\/script>\n<!-- \/ Yoast SEO plugin. -->","yoast_head_json":{"title":"Ver\u00f3nica Interian Arg\u00fcello presente en arranque de campa\u00f1a de Tadzhiu - El Puuc Noticias","robots":{"index":"index","follow":"follow","max-snippet":"max-snippet:-1","max-image-preview":"max-image-preview:large","max-video-preview":"max-video-preview:-1"},"canonical":"https:\/\/elpuucnoticias.com\/?p=11131","og_locale":"es_ES","og_type":"article","og_title":"Ver\u00f3nica Interian Arg\u00fcello presente en arranque de campa\u00f1a de Tadzhiu - El Puuc Noticias","og_description":"Ver\u00f3nica Interian Arg\u00fcello candidata a diputada por Morena en el distrito 20 estuvo presente el d\u00eda de ayer","og_url":"https:\/\/elpuucnoticias.com\/?p=11131","og_site_name":"El Puuc Noticias","article_published_time":"2024-04-09T17:16:26+00:00","article_modified_time":"2024-04-09T17:16:28+00:00","og_image":[{"width":1280,"height":720,"url":"https:\/\/elpuucnoticias.com\/wp-content\/uploads\/2024\/04\/whatsapp-image-2024-04-09-at-9.51.29-am-2.jpeg","type":"image\/jpeg"}],"twitter_card":"summary_large_image","twitter_misc":{"Escrito por":"elpuucnoticias","Tiempo de lectura":"1 minuto"},"schema":{"@context":"https:\/\/schema.org","@graph":[{"@type":"WebSite","@id":"https:\/\/elpuucnoticias.com\/#website","url":"https:\/\/elpuucnoticias.com\/","name":"El Puuc Noticias","description":"Noticias - Entretenimiento - Deportes","potentialAction":[{"@type":"SearchAction","target":{"@type":"EntryPoint","urlTemplate":"https:\/\/elpuucnoticias.com\/?s={search_term_string}"},"query-input":"required name=search_term_string"}],"inLanguage":"es"},{"@type":"ImageObject","@id":"https:\/\/elpuucnoticias.com\/?p=11131#primaryimage","inLanguage":"es","url":"https:\/\/elpuucnoticias.com\/wp-content\/uploads\/2024\/04\/whatsapp-image-2024-04-09-at-9.51.29-am-2.jpeg","contentUrl":"https:\/\/elpuucnoticias.com\/wp-content\/uploads\/2024\/04\/whatsapp-image-2024-04-09-at-9.51.29-am-2.jpeg","width":1280,"height":720},{"@type":"WebPage","@id":"https:\/\/elpuucnoticias.com\/?p=11131#webpage","url":"https:\/\/elpuucnoticias.com\/?p=11131","name":"Ver\u00f3nica Interian Arg\u00fcello presente en arranque de campa\u00f1a de Tadzhiu - El Puuc Noticias","isPartOf":{"@id":"https:\/\/elpuucnoticias.com\/#website"},"primaryImageOfPage":{"@id":"https:\/\/elpuucnoticias.com\/?p=11131#primaryimage"},"datePublished":"2024-04-09T17:16:26+00:00","dateModified":"2024-04-09T17:16:28+00:00","author":{"@id":"https:\/\/elpuucnoticias.com\/#\/schema\/person\/d2ea09e4c97f0160b11cdfb1d856bd9e"},"breadcrumb":{"@id":"https:\/\/elpuucnoticias.com\/?p=11131#breadcrumb"},"inLanguage":"es","potentialAction":[{"@type":"ReadAction","target":["https:\/\/elpuucnoticias.com\/?p=11131"]}]},{"@type":"BreadcrumbList","@id":"https:\/\/elpuucnoticias.com\/?p=11131#breadcrumb","itemListElement":[{"@type":"ListItem","position":1,"name":"Portada","item":"https:\/\/elpuucnoticias.com\/"},{"@type":"ListItem","position":2,"name":"Ver\u00f3nica Interian Arg\u00fcello presente en arranque de campa\u00f1a de Tadzhiu"}]},{"@type":"Person","@id":"https:\/\/elpuucnoticias.com\/#\/schema\/person\/d2ea09e4c97f0160b11cdfb1d856bd9e","name":"elpuucnoticias","image":{"@type":"ImageObject","@id":"https:\/\/elpuucnoticias.com\/#personlogo","inLanguage":"es","url":"https:\/\/secure.gravatar.com\/avatar\/5290a43657c74ffa15701dbe5b846bd85cc71930d803c84e91046a7333de6ce2?s=96&d=mm&r=g","contentUrl":"https:\/\/secure.gravatar.com\/avatar\/5290a43657c74ffa15701dbe5b846bd85cc71930d803c84e91046a7333de6ce2?s=96&d=mm&r=g","caption":"elpuucnoticias"},"sameAs":["https:\/\/elpuucnoticias.com"],"url":"https:\/\/elpuucnoticias.com\/?author=1"}]}},"_links":{"self":[{"href":"https:\/\/elpuucnoticias.com\/index.php?rest_route=\/wp\/v2\/posts\/11131","targetHints":{"allow":["GET"]}}],"collection":[{"href":"https:\/\/elpuucnoticias.com\/index.php?rest_route=\/wp\/v2\/posts"}],"about":[{"href":"https:\/\/elpuucnoticias.com\/index.php?rest_route=\/wp\/v2\/types\/post"}],"author":[{"embeddable":true,"href":"https:\/\/elpuucnoticias.com\/index.php?rest_route=\/wp\/v2\/users\/1"}],"replies":[{"embeddable":true,"href":"https:\/\/elpuucnoticias.com\/index.php?rest_route=%2Fwp%2Fv2%2Fcomments&post=11131"}],"version-history":[{"count":1,"href":"https:\/\/elpuucnoticias.com\/index.php?rest_route=\/wp\/v2\/posts\/11131\/revisions"}],"predecessor-version":[{"id":11136,"href":"https:\/\/elpuucnoticias.com\/index.php?rest_route=\/wp\/v2\/posts\/11131\/revisions\/11136"}],"wp:featuredmedia":[{"embeddable":true,"href":"https:\/\/elpuucnoticias.com\/index.php?rest_route=\/wp\/v2\/media\/11132"}],"wp:attachment":[{"href":"https:\/\/elpuucnoticias.com\/index.php?rest_route=%2Fwp%2Fv2%2Fmedia&parent=11131"}],"wp:term":[{"taxonomy":"category","embeddable":true,"href":"https:\/\/elpuucnoticias.com\/index.php?rest_route=%2Fwp%2Fv2%2Fcategories&post=11131"},{"taxonomy":"post_tag","embeddable":true,"href":"https:\/\/elpuucnoticias.com\/index.php?rest_route=%2Fwp%2Fv2%2Ftags&post=11131"}],"curies":[{"name":"wp","href":"https:\/\/api.w.org\/{rel}","templated":true}]}}