{"id":11307,"date":"2024-04-13T16:02:10","date_gmt":"2024-04-13T22:02:10","guid":{"rendered":"https:\/\/elpuucnoticias.com\/?p=11307"},"modified":"2024-04-13T16:02:12","modified_gmt":"2024-04-13T22:02:12","slug":"tete-ucan-candidata-a-la-presidencia-por-el-pan-en-ticul-se-reune-con-gente-de-la-industria-del-calzado","status":"publish","type":"post","link":"https:\/\/elpuucnoticias.com\/?p=11307","title":{"rendered":"Tete Ucan candidata a la presidencia por el PAN en Ticul se re\u00fane con gente de la industria del Calzado."},"content":{"rendered":"\n<p>\u00a1MI COMPROMISO ES FIRME: IMPULSAR LA ZAPATERIA \ud83d\udc60!<\/p>\n\n\n\n<figure class=\"wp-block-gallery has-nested-images columns-default is-cropped wp-block-gallery-1 is-layout-flex wp-block-gallery-is-layout-flex\">\n<figure class=\"wp-block-image size-large\"><img loading=\"lazy\" decoding=\"async\" width=\"720\" height=\"501\" data-id=\"11310\" src=\"https:\/\/elpuucnoticias.com\/wp-content\/uploads\/2024\/04\/whatsapp-image-2024-04-13-at-10.41.06-am.jpeg\" alt=\"\" class=\"wp-image-11310\" srcset=\"https:\/\/elpuucnoticias.com\/wp-content\/uploads\/2024\/04\/whatsapp-image-2024-04-13-at-10.41.06-am.jpeg 720w, https:\/\/elpuucnoticias.com\/wp-content\/uploads\/2024\/04\/whatsapp-image-2024-04-13-at-10.41.06-am-300x209.jpeg 300w, https:\/\/elpuucnoticias.com\/wp-content\/uploads\/2024\/04\/whatsapp-image-2024-04-13-at-10.41.06-am-320x223.jpeg 320w\" sizes=\"auto, (max-width: 720px) 100vw, 720px\" \/><\/figure>\n\n\n\n<figure class=\"wp-block-image size-large\"><img loading=\"lazy\" decoding=\"async\" width=\"720\" height=\"480\" data-id=\"11308\" src=\"https:\/\/elpuucnoticias.com\/wp-content\/uploads\/2024\/04\/whatsapp-image-2024-04-13-at-10.40.31-am.jpeg\" alt=\"\" class=\"wp-image-11308\" srcset=\"https:\/\/elpuucnoticias.com\/wp-content\/uploads\/2024\/04\/whatsapp-image-2024-04-13-at-10.40.31-am.jpeg 720w, https:\/\/elpuucnoticias.com\/wp-content\/uploads\/2024\/04\/whatsapp-image-2024-04-13-at-10.40.31-am-300x200.jpeg 300w, https:\/\/elpuucnoticias.com\/wp-content\/uploads\/2024\/04\/whatsapp-image-2024-04-13-at-10.40.31-am-600x400.jpeg 600w, https:\/\/elpuucnoticias.com\/wp-content\/uploads\/2024\/04\/whatsapp-image-2024-04-13-at-10.40.31-am-320x213.jpeg 320w\" sizes=\"auto, (max-width: 720px) 100vw, 720px\" \/><\/figure>\n\n\n\n<figure class=\"wp-block-image size-large\"><img loading=\"lazy\" decoding=\"async\" width=\"720\" height=\"480\" data-id=\"11309\" src=\"https:\/\/elpuucnoticias.com\/wp-content\/uploads\/2024\/04\/whatsapp-image-2024-04-13-at-10.40.49-am.jpeg\" alt=\"\" class=\"wp-image-11309\" srcset=\"https:\/\/elpuucnoticias.com\/wp-content\/uploads\/2024\/04\/whatsapp-image-2024-04-13-at-10.40.49-am.jpeg 720w, https:\/\/elpuucnoticias.com\/wp-content\/uploads\/2024\/04\/whatsapp-image-2024-04-13-at-10.40.49-am-300x200.jpeg 300w, https:\/\/elpuucnoticias.com\/wp-content\/uploads\/2024\/04\/whatsapp-image-2024-04-13-at-10.40.49-am-600x400.jpeg 600w, https:\/\/elpuucnoticias.com\/wp-content\/uploads\/2024\/04\/whatsapp-image-2024-04-13-at-10.40.49-am-320x213.jpeg 320w\" sizes=\"auto, (max-width: 720px) 100vw, 720px\" \/><\/figure>\n<\/figure>\n\n\n\n<p>Agradezco a las Zapaterias Maricela, Josmary, Aida, Calzado Paola Mx, Brasilia, MJ y a sus propietarios por recibirme, juntos trabajaremos por m\u00e1s inversi\u00f3n, m\u00e1s oportunidades y m\u00e1s cambios para mejorar esta industria \ud83e\udd1c\ud83c\udffb\ud83e\udd1b\ud83c\udffb\u2705.<\/p>\n\n\n\n<h1 class=\"wp-block-heading\">UnidosGanaTicul<\/h1>\n\n\n\n<h1 class=\"wp-block-heading\">UnidosGanaPustunich<\/h1>\n\n\n\n<h1 class=\"wp-block-heading\">UnidosGanaYotholin<\/h1>\n\n\n\n<h1 class=\"wp-block-heading\">UnidosGanamosTodos<\/h1>\n\n\n\n<p><\/p>\n","protected":false},"excerpt":{"rendered":"<p>\u00a1MI COMPROMISO ES FIRME: IMPULSAR LA ZAPATERIA \ud83d\udc60! Agradezco a las Zapaterias Maricela, Josmary, Aida, Calzado Paola Mx,<\/p>\n","protected":false},"author":1,"featured_media":11311,"comment_status":"closed","ping_status":"open","sticky":false,"template":"","format":"standard","meta":{"_monsterinsights_skip_tracking":false,"_monsterinsights_sitenote_active":false,"_monsterinsights_sitenote_note":"","_monsterinsights_sitenote_category":0,"footnotes":""},"categories":[11,26],"tags":[],"class_list":["post-11307","post","type-post","status-publish","format-standard","has-post-thumbnail","hentry","category-noticias","category-politica"],"yoast_head":"<!-- This site is optimized with the Yoast SEO plugin v18.3 - https:\/\/yoast.com\/wordpress\/plugins\/seo\/ -->\n<title>Tete Ucan candidata a la presidencia por el PAN en Ticul se re\u00fane con gente de la industria del Calzado. - El Puuc Noticias<\/title>\n<meta name=\"robots\" content=\"index, follow, max-snippet:-1, max-image-preview:large, max-video-preview:-1\" \/>\n<link rel=\"canonical\" href=\"https:\/\/elpuucnoticias.com\/?p=11307\" \/>\n<meta property=\"og:locale\" content=\"es_ES\" \/>\n<meta property=\"og:type\" content=\"article\" \/>\n<meta property=\"og:title\" content=\"Tete Ucan candidata a la presidencia por el PAN en Ticul se re\u00fane con gente de la industria del Calzado. - El Puuc Noticias\" \/>\n<meta property=\"og:description\" content=\"\u00a1MI COMPROMISO ES FIRME: IMPULSAR LA ZAPATERIA \ud83d\udc60! Agradezco a las Zapaterias Maricela, Josmary, Aida, Calzado Paola Mx,\" \/>\n<meta property=\"og:url\" content=\"https:\/\/elpuucnoticias.com\/?p=11307\" \/>\n<meta property=\"og:site_name\" content=\"El Puuc Noticias\" \/>\n<meta property=\"article:published_time\" content=\"2024-04-13T22:02:10+00:00\" \/>\n<meta property=\"article:modified_time\" content=\"2024-04-13T22:02:12+00:00\" \/>\n<meta property=\"og:image\" content=\"https:\/\/elpuucnoticias.com\/wp-content\/uploads\/2024\/04\/whatsapp-image-2024-04-13-at-10.41.48-am.jpeg\" \/>\n\t<meta property=\"og:image:width\" content=\"720\" \/>\n\t<meta property=\"og:image:height\" content=\"540\" \/>\n\t<meta property=\"og:image:type\" content=\"image\/jpeg\" \/>\n<meta name=\"twitter:card\" content=\"summary_large_image\" \/>\n<meta name=\"twitter:label1\" content=\"Escrito por\" \/>\n\t<meta name=\"twitter:data1\" content=\"elpuucnoticias\" \/>\n\t<meta name=\"twitter:label2\" content=\"Tiempo de lectura\" \/>\n\t<meta name=\"twitter:data2\" content=\"1 minuto\" \/>\n<script type=\"application\/ld+json\" class=\"yoast-schema-graph\">{\"@context\":\"https:\/\/schema.org\",\"@graph\":[{\"@type\":\"WebSite\",\"@id\":\"https:\/\/elpuucnoticias.com\/#website\",\"url\":\"https:\/\/elpuucnoticias.com\/\",\"name\":\"El Puuc Noticias\",\"description\":\"Noticias - Entretenimiento - Deportes\",\"potentialAction\":[{\"@type\":\"SearchAction\",\"target\":{\"@type\":\"EntryPoint\",\"urlTemplate\":\"https:\/\/elpuucnoticias.com\/?s={search_term_string}\"},\"query-input\":\"required name=search_term_string\"}],\"inLanguage\":\"es\"},{\"@type\":\"ImageObject\",\"@id\":\"https:\/\/elpuucnoticias.com\/?p=11307#primaryimage\",\"inLanguage\":\"es\",\"url\":\"https:\/\/elpuucnoticias.com\/wp-content\/uploads\/2024\/04\/whatsapp-image-2024-04-13-at-10.41.48-am.jpeg\",\"contentUrl\":\"https:\/\/elpuucnoticias.com\/wp-content\/uploads\/2024\/04\/whatsapp-image-2024-04-13-at-10.41.48-am.jpeg\",\"width\":720,\"height\":540},{\"@type\":\"WebPage\",\"@id\":\"https:\/\/elpuucnoticias.com\/?p=11307#webpage\",\"url\":\"https:\/\/elpuucnoticias.com\/?p=11307\",\"name\":\"Tete Ucan candidata a la presidencia por el PAN en Ticul se re\u00fane con gente de la industria del Calzado. - El Puuc Noticias\",\"isPartOf\":{\"@id\":\"https:\/\/elpuucnoticias.com\/#website\"},\"primaryImageOfPage\":{\"@id\":\"https:\/\/elpuucnoticias.com\/?p=11307#primaryimage\"},\"datePublished\":\"2024-04-13T22:02:10+00:00\",\"dateModified\":\"2024-04-13T22:02:12+00:00\",\"author\":{\"@id\":\"https:\/\/elpuucnoticias.com\/#\/schema\/person\/d2ea09e4c97f0160b11cdfb1d856bd9e\"},\"breadcrumb\":{\"@id\":\"https:\/\/elpuucnoticias.com\/?p=11307#breadcrumb\"},\"inLanguage\":\"es\",\"potentialAction\":[{\"@type\":\"ReadAction\",\"target\":[\"https:\/\/elpuucnoticias.com\/?p=11307\"]}]},{\"@type\":\"BreadcrumbList\",\"@id\":\"https:\/\/elpuucnoticias.com\/?p=11307#breadcrumb\",\"itemListElement\":[{\"@type\":\"ListItem\",\"position\":1,\"name\":\"Portada\",\"item\":\"https:\/\/elpuucnoticias.com\/\"},{\"@type\":\"ListItem\",\"position\":2,\"name\":\"Tete Ucan candidata a la presidencia por el PAN en Ticul se re\u00fane con gente de la industria del Calzado.\"}]},{\"@type\":\"Person\",\"@id\":\"https:\/\/elpuucnoticias.com\/#\/schema\/person\/d2ea09e4c97f0160b11cdfb1d856bd9e\",\"name\":\"elpuucnoticias\",\"image\":{\"@type\":\"ImageObject\",\"@id\":\"https:\/\/elpuucnoticias.com\/#personlogo\",\"inLanguage\":\"es\",\"url\":\"https:\/\/secure.gravatar.com\/avatar\/5290a43657c74ffa15701dbe5b846bd85cc71930d803c84e91046a7333de6ce2?s=96&d=mm&r=g\",\"contentUrl\":\"https:\/\/secure.gravatar.com\/avatar\/5290a43657c74ffa15701dbe5b846bd85cc71930d803c84e91046a7333de6ce2?s=96&d=mm&r=g\",\"caption\":\"elpuucnoticias\"},\"sameAs\":[\"https:\/\/elpuucnoticias.com\"],\"url\":\"https:\/\/elpuucnoticias.com\/?author=1\"}]}<\/script>\n<!-- \/ Yoast SEO plugin. -->","yoast_head_json":{"title":"Tete Ucan candidata a la presidencia por el PAN en Ticul se re\u00fane con gente de la industria del Calzado. - El Puuc Noticias","robots":{"index":"index","follow":"follow","max-snippet":"max-snippet:-1","max-image-preview":"max-image-preview:large","max-video-preview":"max-video-preview:-1"},"canonical":"https:\/\/elpuucnoticias.com\/?p=11307","og_locale":"es_ES","og_type":"article","og_title":"Tete Ucan candidata a la presidencia por el PAN en Ticul se re\u00fane con gente de la industria del Calzado. - El Puuc Noticias","og_description":"\u00a1MI COMPROMISO ES FIRME: IMPULSAR LA ZAPATERIA \ud83d\udc60! Agradezco a las Zapaterias Maricela, Josmary, Aida, Calzado Paola Mx,","og_url":"https:\/\/elpuucnoticias.com\/?p=11307","og_site_name":"El Puuc Noticias","article_published_time":"2024-04-13T22:02:10+00:00","article_modified_time":"2024-04-13T22:02:12+00:00","og_image":[{"width":720,"height":540,"url":"https:\/\/elpuucnoticias.com\/wp-content\/uploads\/2024\/04\/whatsapp-image-2024-04-13-at-10.41.48-am.jpeg","type":"image\/jpeg"}],"twitter_card":"summary_large_image","twitter_misc":{"Escrito por":"elpuucnoticias","Tiempo de lectura":"1 minuto"},"schema":{"@context":"https:\/\/schema.org","@graph":[{"@type":"WebSite","@id":"https:\/\/elpuucnoticias.com\/#website","url":"https:\/\/elpuucnoticias.com\/","name":"El Puuc Noticias","description":"Noticias - Entretenimiento - Deportes","potentialAction":[{"@type":"SearchAction","target":{"@type":"EntryPoint","urlTemplate":"https:\/\/elpuucnoticias.com\/?s={search_term_string}"},"query-input":"required name=search_term_string"}],"inLanguage":"es"},{"@type":"ImageObject","@id":"https:\/\/elpuucnoticias.com\/?p=11307#primaryimage","inLanguage":"es","url":"https:\/\/elpuucnoticias.com\/wp-content\/uploads\/2024\/04\/whatsapp-image-2024-04-13-at-10.41.48-am.jpeg","contentUrl":"https:\/\/elpuucnoticias.com\/wp-content\/uploads\/2024\/04\/whatsapp-image-2024-04-13-at-10.41.48-am.jpeg","width":720,"height":540},{"@type":"WebPage","@id":"https:\/\/elpuucnoticias.com\/?p=11307#webpage","url":"https:\/\/elpuucnoticias.com\/?p=11307","name":"Tete Ucan candidata a la presidencia por el PAN en Ticul se re\u00fane con gente de la industria del Calzado. - El Puuc Noticias","isPartOf":{"@id":"https:\/\/elpuucnoticias.com\/#website"},"primaryImageOfPage":{"@id":"https:\/\/elpuucnoticias.com\/?p=11307#primaryimage"},"datePublished":"2024-04-13T22:02:10+00:00","dateModified":"2024-04-13T22:02:12+00:00","author":{"@id":"https:\/\/elpuucnoticias.com\/#\/schema\/person\/d2ea09e4c97f0160b11cdfb1d856bd9e"},"breadcrumb":{"@id":"https:\/\/elpuucnoticias.com\/?p=11307#breadcrumb"},"inLanguage":"es","potentialAction":[{"@type":"ReadAction","target":["https:\/\/elpuucnoticias.com\/?p=11307"]}]},{"@type":"BreadcrumbList","@id":"https:\/\/elpuucnoticias.com\/?p=11307#breadcrumb","itemListElement":[{"@type":"ListItem","position":1,"name":"Portada","item":"https:\/\/elpuucnoticias.com\/"},{"@type":"ListItem","position":2,"name":"Tete Ucan candidata a la presidencia por el PAN en Ticul se re\u00fane con gente de la industria del Calzado."}]},{"@type":"Person","@id":"https:\/\/elpuucnoticias.com\/#\/schema\/person\/d2ea09e4c97f0160b11cdfb1d856bd9e","name":"elpuucnoticias","image":{"@type":"ImageObject","@id":"https:\/\/elpuucnoticias.com\/#personlogo","inLanguage":"es","url":"https:\/\/secure.gravatar.com\/avatar\/5290a43657c74ffa15701dbe5b846bd85cc71930d803c84e91046a7333de6ce2?s=96&d=mm&r=g","contentUrl":"https:\/\/secure.gravatar.com\/avatar\/5290a43657c74ffa15701dbe5b846bd85cc71930d803c84e91046a7333de6ce2?s=96&d=mm&r=g","caption":"elpuucnoticias"},"sameAs":["https:\/\/elpuucnoticias.com"],"url":"https:\/\/elpuucnoticias.com\/?author=1"}]}},"_links":{"self":[{"href":"https:\/\/elpuucnoticias.com\/index.php?rest_route=\/wp\/v2\/posts\/11307","targetHints":{"allow":["GET"]}}],"collection":[{"href":"https:\/\/elpuucnoticias.com\/index.php?rest_route=\/wp\/v2\/posts"}],"about":[{"href":"https:\/\/elpuucnoticias.com\/index.php?rest_route=\/wp\/v2\/types\/post"}],"author":[{"embeddable":true,"href":"https:\/\/elpuucnoticias.com\/index.php?rest_route=\/wp\/v2\/users\/1"}],"replies":[{"embeddable":true,"href":"https:\/\/elpuucnoticias.com\/index.php?rest_route=%2Fwp%2Fv2%2Fcomments&post=11307"}],"version-history":[{"count":1,"href":"https:\/\/elpuucnoticias.com\/index.php?rest_route=\/wp\/v2\/posts\/11307\/revisions"}],"predecessor-version":[{"id":11312,"href":"https:\/\/elpuucnoticias.com\/index.php?rest_route=\/wp\/v2\/posts\/11307\/revisions\/11312"}],"wp:featuredmedia":[{"embeddable":true,"href":"https:\/\/elpuucnoticias.com\/index.php?rest_route=\/wp\/v2\/media\/11311"}],"wp:attachment":[{"href":"https:\/\/elpuucnoticias.com\/index.php?rest_route=%2Fwp%2Fv2%2Fmedia&parent=11307"}],"wp:term":[{"taxonomy":"category","embeddable":true,"href":"https:\/\/elpuucnoticias.com\/index.php?rest_route=%2Fwp%2Fv2%2Fcategories&post=11307"},{"taxonomy":"post_tag","embeddable":true,"href":"https:\/\/elpuucnoticias.com\/index.php?rest_route=%2Fwp%2Fv2%2Ftags&post=11307"}],"curies":[{"name":"wp","href":"https:\/\/api.w.org\/{rel}","templated":true}]}}