{"id":11504,"date":"2024-04-17T14:31:39","date_gmt":"2024-04-17T20:31:39","guid":{"rendered":"https:\/\/elpuucnoticias.com\/?p=11504"},"modified":"2024-04-17T14:31:41","modified_gmt":"2024-04-17T20:31:41","slug":"el-regreso-de-los-subsidios-por-consumo-de-energia-creditos-al-campo-y-potenciar-economicamente-al-sur-entre-las-propuesta-de-sheinbaum-pardo-en-su-visita-a-tekax","status":"publish","type":"post","link":"https:\/\/elpuucnoticias.com\/?p=11504","title":{"rendered":"El regreso de los subsidios por consumo de energ\u00eda, cr\u00e9ditos al campo y potenciar econ\u00f3micamente al Sur, entre las propuesta de Sheinbaum Pardo, en su visita a Tekax"},"content":{"rendered":"\n<p><em>Por Nelson Bacab Poot, director de El Puuc Noticias<\/em><\/p>\n\n\n\n<p>La candidata de la coalici\u00f3n Sigamos Haciendo Historia, de Morena, PT y Partido Verde, Claudia Sheinbaum Pardo, visit\u00f3 este mi\u00e9rcoles a los habitantes del Sur del Estado con reuniones en Tekax y Ticul.<\/p>\n\n\n\n<p>La representante de la 4T estuvo a las 10 de la ma\u00f1ana en el campo deportivo La Uni\u00f3n en Tekax ante unas 3 mil personas de varios municipios del Sur de Yucat\u00e1n. La acompa\u00f1\u00f3 el candidato a la alcald\u00eda de Tekax por Morena, Manuel Vallejos Sansores.<\/p>\n\n\n\n<p>En su mensaje, la ex jefa de gobierno de la Ciudad de M\u00e9xico refiri\u00f3 que le quedan muy claras cu\u00e1les son las necesidades para el campo, la pesca y la ganader\u00eda.<\/p>\n\n\n\n<figure class=\"wp-block-image size-large\"><img loading=\"lazy\" decoding=\"async\" width=\"1024\" height=\"675\" src=\"https:\/\/elpuucnoticias.com\/wp-content\/uploads\/2024\/04\/img_9677-1024x675.jpg\" alt=\"\" class=\"wp-image-11506\" srcset=\"https:\/\/elpuucnoticias.com\/wp-content\/uploads\/2024\/04\/img_9677-1024x675.jpg 1024w, https:\/\/elpuucnoticias.com\/wp-content\/uploads\/2024\/04\/img_9677-300x198.jpg 300w, https:\/\/elpuucnoticias.com\/wp-content\/uploads\/2024\/04\/img_9677-768x506.jpg 768w, https:\/\/elpuucnoticias.com\/wp-content\/uploads\/2024\/04\/img_9677-320x211.jpg 320w, https:\/\/elpuucnoticias.com\/wp-content\/uploads\/2024\/04\/img_9677.jpg 1297w\" sizes=\"auto, (max-width: 1024px) 100vw, 1024px\" \/><\/figure>\n\n\n\n<p>\u00abVengo aqu\u00ed con ustedes a comprometerme a decirles que no voy a defraudarles, vamos a seguir el camino marcado por el Presidente Andr\u00e9s Manuel L\u00f3pez Obrador. Tenemos muy claros los principios de nuestro movimiento, porque somos partidos pol\u00edticos, s\u00ed, pero por encima de eso somos la representaci\u00f3n del pueblo de M\u00e9xico\u00bb.<\/p>\n\n\n\n<p>\u00abEs una gran responsabilidad, pero sepan que esa responsabilidad la vamos a cumplir, que no vamos a olvidar de donde venimos y a quien servimos\u00bb.<\/p>\n\n\n\n<p>\u00abHay principios en nuestro movimiento con los que ha gobernado Andr\u00e9s Manuel L\u00f3pez Obrado, el primero que ha dado, adem\u00e1s de ser \u00e9tico, moral y humanista, es que, por el bien de todos, primero los pobres, y as\u00ed vamos a gobernar con el mismo principio\u00bb.<\/p>\n\n\n\n<p>\u00abSabemos que quienes necesitan los recursos deben recibirlos. El cambio profundo que ocurri\u00f3 en el pa\u00eds tiene sustento, pero antes en el pa\u00eds no disminu\u00eda la pobreza, las desigualdades, pero ahora con la cuarta transformaci\u00f3n nuestro peso es la moneda mejor evaluada en todo el mundo\u00bb.<\/p>\n\n\n\n<p>\u00abLa inversi\u00f3n extranjera que dijeron que no iba a haber, est\u00e1 llegando al pa\u00eds, hay creaci\u00f3n de empleos, as\u00ed que vamos a gobernar con este principio\u00bb. <\/p>\n\n\n\n<p>\u00abEl segundo principio es el de Benito Ju\u00e1rez Garc\u00eda, quien ense\u00f1\u00f3 el modelo de la austeridad republicana, dijo que no puede haber gobierno rico con pueblo pobre. Se erradic\u00f3 la corrupci\u00f3n y por eso hay dinero, as\u00ed vamos a gobernar cuando lleguemos a la Presidencia de la Rep\u00fablica con el legado del presidente\u00bb.<\/p>\n\n\n\n<p>\u00abEl tercer principio, es para todos nuestros candidatos, el poder s\u00f3lo es virtud cuando se pone al servicio de los dem\u00e1s. Para qu\u00e9 queremos llegar al poder, \u00bfpara servirnos?, no, es para servir al pueblo de M\u00e9xico, para eso se llega al gobierno, de eso se trata la 4T y adem\u00e1s de lo que existe, lo vamos a consolidar y vamos a seguir avanzando con la cuarta transformaci\u00f3n\u00bb.<\/p>\n\n\n\n<p>\u00abVamos a garantizar la pensi\u00f3n de los adultos mayores y que su aumento siempre est\u00e9 por encima de la inflaci\u00f3n. Ustedes creen que los del prian pueden garantizar los apoyos sociales, si nunca los han dado, porqu\u00e9 les vamos a creer\u00bb.<\/p>\n\n\n\n<figure class=\"wp-block-gallery has-nested-images columns-default is-cropped wp-block-gallery-1 is-layout-flex wp-block-gallery-is-layout-flex\">\n<figure class=\"wp-block-image size-large\"><img loading=\"lazy\" decoding=\"async\" width=\"1024\" height=\"683\" data-id=\"11507\" src=\"https:\/\/elpuucnoticias.com\/wp-content\/uploads\/2024\/04\/img_9663-1024x683.jpg\" alt=\"\" class=\"wp-image-11507\" srcset=\"https:\/\/elpuucnoticias.com\/wp-content\/uploads\/2024\/04\/img_9663-1024x683.jpg 1024w, https:\/\/elpuucnoticias.com\/wp-content\/uploads\/2024\/04\/img_9663-300x200.jpg 300w, https:\/\/elpuucnoticias.com\/wp-content\/uploads\/2024\/04\/img_9663-768x512.jpg 768w, https:\/\/elpuucnoticias.com\/wp-content\/uploads\/2024\/04\/img_9663-1536x1024.jpg 1536w, https:\/\/elpuucnoticias.com\/wp-content\/uploads\/2024\/04\/img_9663-600x400.jpg 600w, https:\/\/elpuucnoticias.com\/wp-content\/uploads\/2024\/04\/img_9663-320x213.jpg 320w, https:\/\/elpuucnoticias.com\/wp-content\/uploads\/2024\/04\/img_9663.jpg 1920w\" sizes=\"auto, (max-width: 1024px) 100vw, 1024px\" \/><\/figure>\n\n\n\n<figure class=\"wp-block-image size-large\"><img loading=\"lazy\" decoding=\"async\" width=\"1024\" height=\"683\" data-id=\"11508\" src=\"https:\/\/elpuucnoticias.com\/wp-content\/uploads\/2024\/04\/img_9629-1024x683.jpg\" alt=\"\" class=\"wp-image-11508\" srcset=\"https:\/\/elpuucnoticias.com\/wp-content\/uploads\/2024\/04\/img_9629-1024x683.jpg 1024w, https:\/\/elpuucnoticias.com\/wp-content\/uploads\/2024\/04\/img_9629-300x200.jpg 300w, https:\/\/elpuucnoticias.com\/wp-content\/uploads\/2024\/04\/img_9629-768x512.jpg 768w, https:\/\/elpuucnoticias.com\/wp-content\/uploads\/2024\/04\/img_9629-1536x1024.jpg 1536w, https:\/\/elpuucnoticias.com\/wp-content\/uploads\/2024\/04\/img_9629-600x400.jpg 600w, https:\/\/elpuucnoticias.com\/wp-content\/uploads\/2024\/04\/img_9629-320x213.jpg 320w, https:\/\/elpuucnoticias.com\/wp-content\/uploads\/2024\/04\/img_9629.jpg 1920w\" sizes=\"auto, (max-width: 1024px) 100vw, 1024px\" \/><\/figure>\n<\/figure>\n\n\n\n<p>\u00abHasta un ex presidente dijo que aquellos que recib\u00edan apoyos sociales son unos flojos. Los adultos mayores son h\u00e9roes de la patria, han dedicado sus vidas a sus familias, pueblos, comisar\u00edas\u00bb.<\/p>\n\n\n\n<p>\u00abNo nos vamos a quedar all\u00ed, vamos a seguir avanzando, les planteo dos programas sociales. El primero, apoyo a todas las mujeres de 60 a 64 a\u00f1os de edad\u00bb.<\/p>\n\n\n\n<p>\u00abEl otro programa social que vamos a desarrollar es de apoyo a todos los ni\u00f1os y ni\u00f1as que van a escuelas p\u00fablicas, beca mensual como la di en la CDMX, a todos\u00bb.<\/p>\n\n\n\n<p>\u00abVamos a apoyar la educaci\u00f3n, m\u00e1s preparatorias, a darle buenos salarios a los profesores, a construir m\u00e1s universidades, que lleguen al Sur de Yucat\u00e1n, vamos a apoyar con la salud, con hospitales y medicamentos\u00bb.<\/p>\n\n\n\n<p>\u00abApoyar con vivienda y el deporte, vamos a hacer un programa de deporte comunitario. Para el campo escucho claramente su solicitud, antes hab\u00edan programas que apoyaban a los de arriba y no llegaban a los productores\u00bb.<\/p>\n\n\n\n<p>\u00abVamos a mantener los apoyos que ya existen, y no nos vamos a esperar a llegar a la Presidencia, le voy a mandar una carta al director de la CFE para que se abra una mesa de trabajo y se regresen los subsidios para pozos agr\u00edcolas y ganaderos, porque es injusto, se pagaba una tarifa y luego lleg\u00f3 cuatro veces lo que se pagaba antes\u00bb.<\/p>\n\n\n\n<p>\u00abSegundo, le voy a mandar una carta al director de la CONAGUA para que se legalicen todas las concesiones de pozos y se permitan todos los apoyos\u00bb.<\/p>\n\n\n\n<p>\u00abTercero vamos a apoyar, con un proyecto conjunto entre el Estado y nosotros, para que se puedan tener p\u00e1neles fotovoltaicos en las casas para que pueda bajar la luz, no solamente con subsidio, para que se consuma menos electricidad, y para pozos agr\u00edcolas\u00bb.<\/p>\n\n\n\n<p>\u00abVamos a apoyar con financiamiento para los prestadores, agricultores, se cerr\u00f3 la financiera agr\u00edcola porque era una corruptela, pero se est\u00e1 recuperando a trav\u00e9s de la financiera para el Bienestar, y cuando lleguemos vamos a dar cr\u00e9ditos con tazas adecuadas, vamos a tecnificar el riego para que mejore la productividad del campo\u00bb.<\/p>\n\n\n\n<p>\u00abVamos a hacer un programa porque esta demanda que me piden de caminos para sacar las cosechas, me lo piden en otras zonas del pa\u00eds, un programa especial para que as\u00ed como hizo el presidente con los caminos artesanales, vamos a recuperar los caminos saca cosechas para recuperar la comercializaci\u00f3n\u00bb.<\/p>\n\n\n\n<p>\u00abOtro punto tiene que ver con que el gobierno sirva para que el intermedialismo deje de operar de esa manera, que haya acuerdos directos con los productores para que haya precios justos. Vamos a apoyar con fertilizantes a productores de c\u00edtricos en Yucat\u00e1n, todo el apoyo que se requiera\u00bb.<\/p>\n\n\n\n<p>\u00abExiste todo el potencial para que la producci\u00f3n agr\u00edcola de Yucat\u00e1n traiga bienestar, si nos organizamos podemos hacer del Sur de Yucat\u00e1n un gran producto para darle todo lo que requiere la Riviera Maya y darle bienestar a los productores\u00bb.<\/p>\n\n\n\n<p>\u00abComo dir\u00eda un poeta, el Sur tambi\u00e9n existe, por primera vez creo, en la historia de M\u00e9xico se hizo una gran inversi\u00f3n, en el tren maya, y todos los apoyos que hacen crecer al Sur como el norte del pa\u00eds. Van a seguir teniendo todos los apoyos para las familias del Sur de Yucat\u00e1n\u00bb.<\/p>\n\n\n\n<p>\u00abLa candidatura del Prian en Yucat\u00e1n lo que presume es que no se va a coordinar con el gobierno federal, que ellos solitos pueden, fijense todo lo que ha apoyado el Presidente a Yucat\u00e1n, pero ahora va ser todav\u00eda m\u00e1s apoyo\u00bb, puntualiz\u00f3. <\/p>\n","protected":false},"excerpt":{"rendered":"<p>Por Nelson Bacab Poot, director de El Puuc Noticias La candidata de la coalici\u00f3n Sigamos Haciendo Historia, de<\/p>\n","protected":false},"author":1,"featured_media":11505,"comment_status":"closed","ping_status":"open","sticky":false,"template":"","format":"standard","meta":{"_monsterinsights_skip_tracking":false,"_monsterinsights_sitenote_active":false,"_monsterinsights_sitenote_note":"","_monsterinsights_sitenote_category":0,"footnotes":""},"categories":[16,11,26,4],"tags":[],"class_list":["post-11504","post","type-post","status-publish","format-standard","has-post-thumbnail","hentry","category-exclusiva","category-noticias","category-politica","category-tekax"],"yoast_head":"<!-- This site is optimized with the Yoast SEO plugin v18.3 - https:\/\/yoast.com\/wordpress\/plugins\/seo\/ -->\n<title>El regreso de los subsidios por consumo de energ\u00eda, cr\u00e9ditos al campo y potenciar econ\u00f3micamente al Sur, entre las propuesta de Sheinbaum Pardo, en su visita a Tekax - El Puuc Noticias<\/title>\n<meta name=\"robots\" content=\"index, follow, max-snippet:-1, max-image-preview:large, max-video-preview:-1\" \/>\n<link rel=\"canonical\" href=\"https:\/\/elpuucnoticias.com\/?p=11504\" \/>\n<meta property=\"og:locale\" content=\"es_ES\" \/>\n<meta property=\"og:type\" content=\"article\" \/>\n<meta property=\"og:title\" content=\"El regreso de los subsidios por consumo de energ\u00eda, cr\u00e9ditos al campo y potenciar econ\u00f3micamente al Sur, entre las propuesta de Sheinbaum Pardo, en su visita a Tekax - El Puuc Noticias\" \/>\n<meta property=\"og:description\" content=\"Por Nelson Bacab Poot, director de El Puuc Noticias La candidata de la coalici\u00f3n Sigamos Haciendo Historia, de\" \/>\n<meta property=\"og:url\" content=\"https:\/\/elpuucnoticias.com\/?p=11504\" \/>\n<meta property=\"og:site_name\" content=\"El Puuc Noticias\" \/>\n<meta property=\"article:published_time\" content=\"2024-04-17T20:31:39+00:00\" \/>\n<meta property=\"article:modified_time\" content=\"2024-04-17T20:31:41+00:00\" \/>\n<meta property=\"og:image\" content=\"https:\/\/elpuucnoticias.com\/wp-content\/uploads\/2024\/04\/img_9652.jpg\" \/>\n\t<meta property=\"og:image:width\" content=\"1920\" \/>\n\t<meta property=\"og:image:height\" content=\"1280\" \/>\n\t<meta property=\"og:image:type\" content=\"image\/jpeg\" \/>\n<meta name=\"twitter:card\" content=\"summary_large_image\" \/>\n<meta name=\"twitter:label1\" content=\"Escrito por\" \/>\n\t<meta name=\"twitter:data1\" content=\"elpuucnoticias\" \/>\n\t<meta name=\"twitter:label2\" content=\"Tiempo de lectura\" \/>\n\t<meta name=\"twitter:data2\" content=\"6 minutos\" \/>\n<script type=\"application\/ld+json\" class=\"yoast-schema-graph\">{\"@context\":\"https:\/\/schema.org\",\"@graph\":[{\"@type\":\"WebSite\",\"@id\":\"https:\/\/elpuucnoticias.com\/#website\",\"url\":\"https:\/\/elpuucnoticias.com\/\",\"name\":\"El Puuc Noticias\",\"description\":\"Noticias - Entretenimiento - Deportes\",\"potentialAction\":[{\"@type\":\"SearchAction\",\"target\":{\"@type\":\"EntryPoint\",\"urlTemplate\":\"https:\/\/elpuucnoticias.com\/?s={search_term_string}\"},\"query-input\":\"required name=search_term_string\"}],\"inLanguage\":\"es\"},{\"@type\":\"ImageObject\",\"@id\":\"https:\/\/elpuucnoticias.com\/?p=11504#primaryimage\",\"inLanguage\":\"es\",\"url\":\"https:\/\/elpuucnoticias.com\/wp-content\/uploads\/2024\/04\/img_9652.jpg\",\"contentUrl\":\"https:\/\/elpuucnoticias.com\/wp-content\/uploads\/2024\/04\/img_9652.jpg\",\"width\":1920,\"height\":1280},{\"@type\":\"WebPage\",\"@id\":\"https:\/\/elpuucnoticias.com\/?p=11504#webpage\",\"url\":\"https:\/\/elpuucnoticias.com\/?p=11504\",\"name\":\"El regreso de los subsidios por consumo de energ\u00eda, cr\u00e9ditos al campo y potenciar econ\u00f3micamente al Sur, entre las propuesta de Sheinbaum Pardo, en su visita a Tekax - El Puuc Noticias\",\"isPartOf\":{\"@id\":\"https:\/\/elpuucnoticias.com\/#website\"},\"primaryImageOfPage\":{\"@id\":\"https:\/\/elpuucnoticias.com\/?p=11504#primaryimage\"},\"datePublished\":\"2024-04-17T20:31:39+00:00\",\"dateModified\":\"2024-04-17T20:31:41+00:00\",\"author\":{\"@id\":\"https:\/\/elpuucnoticias.com\/#\/schema\/person\/d2ea09e4c97f0160b11cdfb1d856bd9e\"},\"breadcrumb\":{\"@id\":\"https:\/\/elpuucnoticias.com\/?p=11504#breadcrumb\"},\"inLanguage\":\"es\",\"potentialAction\":[{\"@type\":\"ReadAction\",\"target\":[\"https:\/\/elpuucnoticias.com\/?p=11504\"]}]},{\"@type\":\"BreadcrumbList\",\"@id\":\"https:\/\/elpuucnoticias.com\/?p=11504#breadcrumb\",\"itemListElement\":[{\"@type\":\"ListItem\",\"position\":1,\"name\":\"Portada\",\"item\":\"https:\/\/elpuucnoticias.com\/\"},{\"@type\":\"ListItem\",\"position\":2,\"name\":\"El regreso de los subsidios por consumo de energ\u00eda, cr\u00e9ditos al campo y potenciar econ\u00f3micamente al Sur, entre las propuesta de Sheinbaum Pardo, en su visita a Tekax\"}]},{\"@type\":\"Person\",\"@id\":\"https:\/\/elpuucnoticias.com\/#\/schema\/person\/d2ea09e4c97f0160b11cdfb1d856bd9e\",\"name\":\"elpuucnoticias\",\"image\":{\"@type\":\"ImageObject\",\"@id\":\"https:\/\/elpuucnoticias.com\/#personlogo\",\"inLanguage\":\"es\",\"url\":\"https:\/\/secure.gravatar.com\/avatar\/5290a43657c74ffa15701dbe5b846bd85cc71930d803c84e91046a7333de6ce2?s=96&d=mm&r=g\",\"contentUrl\":\"https:\/\/secure.gravatar.com\/avatar\/5290a43657c74ffa15701dbe5b846bd85cc71930d803c84e91046a7333de6ce2?s=96&d=mm&r=g\",\"caption\":\"elpuucnoticias\"},\"sameAs\":[\"https:\/\/elpuucnoticias.com\"],\"url\":\"https:\/\/elpuucnoticias.com\/?author=1\"}]}<\/script>\n<!-- \/ Yoast SEO plugin. -->","yoast_head_json":{"title":"El regreso de los subsidios por consumo de energ\u00eda, cr\u00e9ditos al campo y potenciar econ\u00f3micamente al Sur, entre las propuesta de Sheinbaum Pardo, en su visita a Tekax - El Puuc Noticias","robots":{"index":"index","follow":"follow","max-snippet":"max-snippet:-1","max-image-preview":"max-image-preview:large","max-video-preview":"max-video-preview:-1"},"canonical":"https:\/\/elpuucnoticias.com\/?p=11504","og_locale":"es_ES","og_type":"article","og_title":"El regreso de los subsidios por consumo de energ\u00eda, cr\u00e9ditos al campo y potenciar econ\u00f3micamente al Sur, entre las propuesta de Sheinbaum Pardo, en su visita a Tekax - El Puuc Noticias","og_description":"Por Nelson Bacab Poot, director de El Puuc Noticias La candidata de la coalici\u00f3n Sigamos Haciendo Historia, de","og_url":"https:\/\/elpuucnoticias.com\/?p=11504","og_site_name":"El Puuc Noticias","article_published_time":"2024-04-17T20:31:39+00:00","article_modified_time":"2024-04-17T20:31:41+00:00","og_image":[{"width":1920,"height":1280,"url":"https:\/\/elpuucnoticias.com\/wp-content\/uploads\/2024\/04\/img_9652.jpg","type":"image\/jpeg"}],"twitter_card":"summary_large_image","twitter_misc":{"Escrito por":"elpuucnoticias","Tiempo de lectura":"6 minutos"},"schema":{"@context":"https:\/\/schema.org","@graph":[{"@type":"WebSite","@id":"https:\/\/elpuucnoticias.com\/#website","url":"https:\/\/elpuucnoticias.com\/","name":"El Puuc Noticias","description":"Noticias - Entretenimiento - Deportes","potentialAction":[{"@type":"SearchAction","target":{"@type":"EntryPoint","urlTemplate":"https:\/\/elpuucnoticias.com\/?s={search_term_string}"},"query-input":"required name=search_term_string"}],"inLanguage":"es"},{"@type":"ImageObject","@id":"https:\/\/elpuucnoticias.com\/?p=11504#primaryimage","inLanguage":"es","url":"https:\/\/elpuucnoticias.com\/wp-content\/uploads\/2024\/04\/img_9652.jpg","contentUrl":"https:\/\/elpuucnoticias.com\/wp-content\/uploads\/2024\/04\/img_9652.jpg","width":1920,"height":1280},{"@type":"WebPage","@id":"https:\/\/elpuucnoticias.com\/?p=11504#webpage","url":"https:\/\/elpuucnoticias.com\/?p=11504","name":"El regreso de los subsidios por consumo de energ\u00eda, cr\u00e9ditos al campo y potenciar econ\u00f3micamente al Sur, entre las propuesta de Sheinbaum Pardo, en su visita a Tekax - El Puuc Noticias","isPartOf":{"@id":"https:\/\/elpuucnoticias.com\/#website"},"primaryImageOfPage":{"@id":"https:\/\/elpuucnoticias.com\/?p=11504#primaryimage"},"datePublished":"2024-04-17T20:31:39+00:00","dateModified":"2024-04-17T20:31:41+00:00","author":{"@id":"https:\/\/elpuucnoticias.com\/#\/schema\/person\/d2ea09e4c97f0160b11cdfb1d856bd9e"},"breadcrumb":{"@id":"https:\/\/elpuucnoticias.com\/?p=11504#breadcrumb"},"inLanguage":"es","potentialAction":[{"@type":"ReadAction","target":["https:\/\/elpuucnoticias.com\/?p=11504"]}]},{"@type":"BreadcrumbList","@id":"https:\/\/elpuucnoticias.com\/?p=11504#breadcrumb","itemListElement":[{"@type":"ListItem","position":1,"name":"Portada","item":"https:\/\/elpuucnoticias.com\/"},{"@type":"ListItem","position":2,"name":"El regreso de los subsidios por consumo de energ\u00eda, cr\u00e9ditos al campo y potenciar econ\u00f3micamente al Sur, entre las propuesta de Sheinbaum Pardo, en su visita a Tekax"}]},{"@type":"Person","@id":"https:\/\/elpuucnoticias.com\/#\/schema\/person\/d2ea09e4c97f0160b11cdfb1d856bd9e","name":"elpuucnoticias","image":{"@type":"ImageObject","@id":"https:\/\/elpuucnoticias.com\/#personlogo","inLanguage":"es","url":"https:\/\/secure.gravatar.com\/avatar\/5290a43657c74ffa15701dbe5b846bd85cc71930d803c84e91046a7333de6ce2?s=96&d=mm&r=g","contentUrl":"https:\/\/secure.gravatar.com\/avatar\/5290a43657c74ffa15701dbe5b846bd85cc71930d803c84e91046a7333de6ce2?s=96&d=mm&r=g","caption":"elpuucnoticias"},"sameAs":["https:\/\/elpuucnoticias.com"],"url":"https:\/\/elpuucnoticias.com\/?author=1"}]}},"_links":{"self":[{"href":"https:\/\/elpuucnoticias.com\/index.php?rest_route=\/wp\/v2\/posts\/11504","targetHints":{"allow":["GET"]}}],"collection":[{"href":"https:\/\/elpuucnoticias.com\/index.php?rest_route=\/wp\/v2\/posts"}],"about":[{"href":"https:\/\/elpuucnoticias.com\/index.php?rest_route=\/wp\/v2\/types\/post"}],"author":[{"embeddable":true,"href":"https:\/\/elpuucnoticias.com\/index.php?rest_route=\/wp\/v2\/users\/1"}],"replies":[{"embeddable":true,"href":"https:\/\/elpuucnoticias.com\/index.php?rest_route=%2Fwp%2Fv2%2Fcomments&post=11504"}],"version-history":[{"count":1,"href":"https:\/\/elpuucnoticias.com\/index.php?rest_route=\/wp\/v2\/posts\/11504\/revisions"}],"predecessor-version":[{"id":11509,"href":"https:\/\/elpuucnoticias.com\/index.php?rest_route=\/wp\/v2\/posts\/11504\/revisions\/11509"}],"wp:featuredmedia":[{"embeddable":true,"href":"https:\/\/elpuucnoticias.com\/index.php?rest_route=\/wp\/v2\/media\/11505"}],"wp:attachment":[{"href":"https:\/\/elpuucnoticias.com\/index.php?rest_route=%2Fwp%2Fv2%2Fmedia&parent=11504"}],"wp:term":[{"taxonomy":"category","embeddable":true,"href":"https:\/\/elpuucnoticias.com\/index.php?rest_route=%2Fwp%2Fv2%2Fcategories&post=11504"},{"taxonomy":"post_tag","embeddable":true,"href":"https:\/\/elpuucnoticias.com\/index.php?rest_route=%2Fwp%2Fv2%2Ftags&post=11504"}],"curies":[{"name":"wp","href":"https:\/\/api.w.org\/{rel}","templated":true}]}}