{"id":11601,"date":"2024-04-19T15:48:29","date_gmt":"2024-04-19T21:48:29","guid":{"rendered":"https:\/\/elpuucnoticias.com\/?p=11601"},"modified":"2024-04-19T15:48:30","modified_gmt":"2024-04-19T21:48:30","slug":"el-cert-firma-convenio-con-el-centro-de-especialidades-medicas-del-sureste","status":"publish","type":"post","link":"https:\/\/elpuucnoticias.com\/?p=11601","title":{"rendered":"El CERT firma convenio con el Centro de Especialidades M\u00e9dicas del Sureste"},"content":{"rendered":"\n<p>El CERT y el Centro de Especialidades M\u00e9dicas del Sureste (CEM) llevaron a cabo la firma de un convenio para establecer las bases de colaboraci\u00f3n t\u00e9cnica acad\u00e9mica, para la utilizaci\u00f3n de campos cl\u00ednicos para el internado de pregrado de alumnos de la Licenciatura en M\u00e9dico Cirujano.<\/p>\n\n\n\n<p>El Internado de Pregrado es un proceso de ense\u00f1anza a trav\u00e9s del cual se integran los conocimientos b\u00e1sicos y cl\u00ednicos aplic\u00e1ndose en forma conjunta, utilizado lo cognoscitivo en el desarrollo de las habilidades y destrezas, para la conformaci\u00f3n de una actitud en el \u00e1rea afectiva del estudiante de inter\u00e9s y desarrollo profesional en la pr\u00e1ctica de la medicina, complementando de \u00e9sta manera la instrucci\u00f3n adquirida en los diferentes ciclos acad\u00e9micos que integran el plan de estudios de la carrera de M\u00e9dico Cirujano, lo que prepara al estudiante para ejercer con acierto las actividades propias del m\u00e9dico.<\/p>\n\n\n\n<p>Para la firma contamos con la presencia en nuestro pres\u00eddium de nuestro Director General el Mtro. Everth de Jes\u00fas Dzib Peraza, la Dra. Alma Estrella Mart\u00ednez Fern\u00e1ndez coordinadora de la Licenciatura en M\u00e9dico Cirujano del CERT, la Lic. Yurlaine Morales Lozano, Directora administrativa del CEM, el Lic. Jos\u00e9 Manuel Pacheco Gonz\u00e1lez representante legal del CEM, el Dr. Jorge Jonatan Angelares Cruz, Director M\u00e9dico del CEM y la L.E. Leydi Torres Vidal , coordinadora del departamento de programas educativos del CEM.Agradecemos a todos por su asistencia y participaci\u00f3n.<\/p>\n","protected":false},"excerpt":{"rendered":"<p>El CERT y el Centro de Especialidades M\u00e9dicas del Sureste (CEM) llevaron a cabo la firma de un<\/p>\n","protected":false},"author":1,"featured_media":11602,"comment_status":"closed","ping_status":"open","sticky":false,"template":"","format":"standard","meta":{"_monsterinsights_skip_tracking":false,"_monsterinsights_sitenote_active":false,"_monsterinsights_sitenote_note":"","_monsterinsights_sitenote_category":0,"footnotes":""},"categories":[11,13],"tags":[],"class_list":["post-11601","post","type-post","status-publish","format-standard","has-post-thumbnail","hentry","category-noticias","category-ticul"],"yoast_head":"<!-- This site is optimized with the Yoast SEO plugin v18.3 - https:\/\/yoast.com\/wordpress\/plugins\/seo\/ -->\n<title>El CERT firma convenio con el Centro de Especialidades M\u00e9dicas del Sureste - El Puuc Noticias<\/title>\n<meta name=\"robots\" content=\"index, follow, max-snippet:-1, max-image-preview:large, max-video-preview:-1\" \/>\n<link rel=\"canonical\" href=\"https:\/\/elpuucnoticias.com\/?p=11601\" \/>\n<meta property=\"og:locale\" content=\"es_ES\" \/>\n<meta property=\"og:type\" content=\"article\" \/>\n<meta property=\"og:title\" content=\"El CERT firma convenio con el Centro de Especialidades M\u00e9dicas del Sureste - El Puuc Noticias\" \/>\n<meta property=\"og:description\" content=\"El CERT y el Centro de Especialidades M\u00e9dicas del Sureste (CEM) llevaron a cabo la firma de un\" \/>\n<meta property=\"og:url\" content=\"https:\/\/elpuucnoticias.com\/?p=11601\" \/>\n<meta property=\"og:site_name\" content=\"El Puuc Noticias\" \/>\n<meta property=\"article:published_time\" content=\"2024-04-19T21:48:29+00:00\" \/>\n<meta property=\"article:modified_time\" content=\"2024-04-19T21:48:30+00:00\" \/>\n<meta property=\"og:image\" content=\"https:\/\/elpuucnoticias.com\/wp-content\/uploads\/2024\/04\/convenio-cert.jpg\" \/>\n\t<meta property=\"og:image:width\" content=\"2048\" \/>\n\t<meta property=\"og:image:height\" content=\"1152\" \/>\n\t<meta property=\"og:image:type\" content=\"image\/jpeg\" \/>\n<meta name=\"twitter:card\" content=\"summary_large_image\" \/>\n<meta name=\"twitter:label1\" content=\"Escrito por\" \/>\n\t<meta name=\"twitter:data1\" content=\"elpuucnoticias\" \/>\n\t<meta name=\"twitter:label2\" content=\"Tiempo de lectura\" \/>\n\t<meta name=\"twitter:data2\" content=\"2 minutos\" \/>\n<script type=\"application\/ld+json\" class=\"yoast-schema-graph\">{\"@context\":\"https:\/\/schema.org\",\"@graph\":[{\"@type\":\"WebSite\",\"@id\":\"https:\/\/elpuucnoticias.com\/#website\",\"url\":\"https:\/\/elpuucnoticias.com\/\",\"name\":\"El Puuc Noticias\",\"description\":\"Noticias - Entretenimiento - Deportes\",\"potentialAction\":[{\"@type\":\"SearchAction\",\"target\":{\"@type\":\"EntryPoint\",\"urlTemplate\":\"https:\/\/elpuucnoticias.com\/?s={search_term_string}\"},\"query-input\":\"required name=search_term_string\"}],\"inLanguage\":\"es\"},{\"@type\":\"ImageObject\",\"@id\":\"https:\/\/elpuucnoticias.com\/?p=11601#primaryimage\",\"inLanguage\":\"es\",\"url\":\"https:\/\/elpuucnoticias.com\/wp-content\/uploads\/2024\/04\/convenio-cert.jpg\",\"contentUrl\":\"https:\/\/elpuucnoticias.com\/wp-content\/uploads\/2024\/04\/convenio-cert.jpg\",\"width\":2048,\"height\":1152},{\"@type\":\"WebPage\",\"@id\":\"https:\/\/elpuucnoticias.com\/?p=11601#webpage\",\"url\":\"https:\/\/elpuucnoticias.com\/?p=11601\",\"name\":\"El CERT firma convenio con el Centro de Especialidades M\u00e9dicas del Sureste - El Puuc Noticias\",\"isPartOf\":{\"@id\":\"https:\/\/elpuucnoticias.com\/#website\"},\"primaryImageOfPage\":{\"@id\":\"https:\/\/elpuucnoticias.com\/?p=11601#primaryimage\"},\"datePublished\":\"2024-04-19T21:48:29+00:00\",\"dateModified\":\"2024-04-19T21:48:30+00:00\",\"author\":{\"@id\":\"https:\/\/elpuucnoticias.com\/#\/schema\/person\/d2ea09e4c97f0160b11cdfb1d856bd9e\"},\"breadcrumb\":{\"@id\":\"https:\/\/elpuucnoticias.com\/?p=11601#breadcrumb\"},\"inLanguage\":\"es\",\"potentialAction\":[{\"@type\":\"ReadAction\",\"target\":[\"https:\/\/elpuucnoticias.com\/?p=11601\"]}]},{\"@type\":\"BreadcrumbList\",\"@id\":\"https:\/\/elpuucnoticias.com\/?p=11601#breadcrumb\",\"itemListElement\":[{\"@type\":\"ListItem\",\"position\":1,\"name\":\"Portada\",\"item\":\"https:\/\/elpuucnoticias.com\/\"},{\"@type\":\"ListItem\",\"position\":2,\"name\":\"El CERT firma convenio con el Centro de Especialidades M\u00e9dicas del Sureste\"}]},{\"@type\":\"Person\",\"@id\":\"https:\/\/elpuucnoticias.com\/#\/schema\/person\/d2ea09e4c97f0160b11cdfb1d856bd9e\",\"name\":\"elpuucnoticias\",\"image\":{\"@type\":\"ImageObject\",\"@id\":\"https:\/\/elpuucnoticias.com\/#personlogo\",\"inLanguage\":\"es\",\"url\":\"https:\/\/secure.gravatar.com\/avatar\/5290a43657c74ffa15701dbe5b846bd85cc71930d803c84e91046a7333de6ce2?s=96&d=mm&r=g\",\"contentUrl\":\"https:\/\/secure.gravatar.com\/avatar\/5290a43657c74ffa15701dbe5b846bd85cc71930d803c84e91046a7333de6ce2?s=96&d=mm&r=g\",\"caption\":\"elpuucnoticias\"},\"sameAs\":[\"https:\/\/elpuucnoticias.com\"],\"url\":\"https:\/\/elpuucnoticias.com\/?author=1\"}]}<\/script>\n<!-- \/ Yoast SEO plugin. -->","yoast_head_json":{"title":"El CERT firma convenio con el Centro de Especialidades M\u00e9dicas del Sureste - El Puuc Noticias","robots":{"index":"index","follow":"follow","max-snippet":"max-snippet:-1","max-image-preview":"max-image-preview:large","max-video-preview":"max-video-preview:-1"},"canonical":"https:\/\/elpuucnoticias.com\/?p=11601","og_locale":"es_ES","og_type":"article","og_title":"El CERT firma convenio con el Centro de Especialidades M\u00e9dicas del Sureste - El Puuc Noticias","og_description":"El CERT y el Centro de Especialidades M\u00e9dicas del Sureste (CEM) llevaron a cabo la firma de un","og_url":"https:\/\/elpuucnoticias.com\/?p=11601","og_site_name":"El Puuc Noticias","article_published_time":"2024-04-19T21:48:29+00:00","article_modified_time":"2024-04-19T21:48:30+00:00","og_image":[{"width":2048,"height":1152,"url":"https:\/\/elpuucnoticias.com\/wp-content\/uploads\/2024\/04\/convenio-cert.jpg","type":"image\/jpeg"}],"twitter_card":"summary_large_image","twitter_misc":{"Escrito por":"elpuucnoticias","Tiempo de lectura":"2 minutos"},"schema":{"@context":"https:\/\/schema.org","@graph":[{"@type":"WebSite","@id":"https:\/\/elpuucnoticias.com\/#website","url":"https:\/\/elpuucnoticias.com\/","name":"El Puuc Noticias","description":"Noticias - Entretenimiento - Deportes","potentialAction":[{"@type":"SearchAction","target":{"@type":"EntryPoint","urlTemplate":"https:\/\/elpuucnoticias.com\/?s={search_term_string}"},"query-input":"required name=search_term_string"}],"inLanguage":"es"},{"@type":"ImageObject","@id":"https:\/\/elpuucnoticias.com\/?p=11601#primaryimage","inLanguage":"es","url":"https:\/\/elpuucnoticias.com\/wp-content\/uploads\/2024\/04\/convenio-cert.jpg","contentUrl":"https:\/\/elpuucnoticias.com\/wp-content\/uploads\/2024\/04\/convenio-cert.jpg","width":2048,"height":1152},{"@type":"WebPage","@id":"https:\/\/elpuucnoticias.com\/?p=11601#webpage","url":"https:\/\/elpuucnoticias.com\/?p=11601","name":"El CERT firma convenio con el Centro de Especialidades M\u00e9dicas del Sureste - El Puuc Noticias","isPartOf":{"@id":"https:\/\/elpuucnoticias.com\/#website"},"primaryImageOfPage":{"@id":"https:\/\/elpuucnoticias.com\/?p=11601#primaryimage"},"datePublished":"2024-04-19T21:48:29+00:00","dateModified":"2024-04-19T21:48:30+00:00","author":{"@id":"https:\/\/elpuucnoticias.com\/#\/schema\/person\/d2ea09e4c97f0160b11cdfb1d856bd9e"},"breadcrumb":{"@id":"https:\/\/elpuucnoticias.com\/?p=11601#breadcrumb"},"inLanguage":"es","potentialAction":[{"@type":"ReadAction","target":["https:\/\/elpuucnoticias.com\/?p=11601"]}]},{"@type":"BreadcrumbList","@id":"https:\/\/elpuucnoticias.com\/?p=11601#breadcrumb","itemListElement":[{"@type":"ListItem","position":1,"name":"Portada","item":"https:\/\/elpuucnoticias.com\/"},{"@type":"ListItem","position":2,"name":"El CERT firma convenio con el Centro de Especialidades M\u00e9dicas del Sureste"}]},{"@type":"Person","@id":"https:\/\/elpuucnoticias.com\/#\/schema\/person\/d2ea09e4c97f0160b11cdfb1d856bd9e","name":"elpuucnoticias","image":{"@type":"ImageObject","@id":"https:\/\/elpuucnoticias.com\/#personlogo","inLanguage":"es","url":"https:\/\/secure.gravatar.com\/avatar\/5290a43657c74ffa15701dbe5b846bd85cc71930d803c84e91046a7333de6ce2?s=96&d=mm&r=g","contentUrl":"https:\/\/secure.gravatar.com\/avatar\/5290a43657c74ffa15701dbe5b846bd85cc71930d803c84e91046a7333de6ce2?s=96&d=mm&r=g","caption":"elpuucnoticias"},"sameAs":["https:\/\/elpuucnoticias.com"],"url":"https:\/\/elpuucnoticias.com\/?author=1"}]}},"_links":{"self":[{"href":"https:\/\/elpuucnoticias.com\/index.php?rest_route=\/wp\/v2\/posts\/11601","targetHints":{"allow":["GET"]}}],"collection":[{"href":"https:\/\/elpuucnoticias.com\/index.php?rest_route=\/wp\/v2\/posts"}],"about":[{"href":"https:\/\/elpuucnoticias.com\/index.php?rest_route=\/wp\/v2\/types\/post"}],"author":[{"embeddable":true,"href":"https:\/\/elpuucnoticias.com\/index.php?rest_route=\/wp\/v2\/users\/1"}],"replies":[{"embeddable":true,"href":"https:\/\/elpuucnoticias.com\/index.php?rest_route=%2Fwp%2Fv2%2Fcomments&post=11601"}],"version-history":[{"count":1,"href":"https:\/\/elpuucnoticias.com\/index.php?rest_route=\/wp\/v2\/posts\/11601\/revisions"}],"predecessor-version":[{"id":11603,"href":"https:\/\/elpuucnoticias.com\/index.php?rest_route=\/wp\/v2\/posts\/11601\/revisions\/11603"}],"wp:featuredmedia":[{"embeddable":true,"href":"https:\/\/elpuucnoticias.com\/index.php?rest_route=\/wp\/v2\/media\/11602"}],"wp:attachment":[{"href":"https:\/\/elpuucnoticias.com\/index.php?rest_route=%2Fwp%2Fv2%2Fmedia&parent=11601"}],"wp:term":[{"taxonomy":"category","embeddable":true,"href":"https:\/\/elpuucnoticias.com\/index.php?rest_route=%2Fwp%2Fv2%2Fcategories&post=11601"},{"taxonomy":"post_tag","embeddable":true,"href":"https:\/\/elpuucnoticias.com\/index.php?rest_route=%2Fwp%2Fv2%2Ftags&post=11601"}],"curies":[{"name":"wp","href":"https:\/\/api.w.org\/{rel}","templated":true}]}}