{"id":1165,"date":"2022-04-21T00:38:50","date_gmt":"2022-04-21T06:38:50","guid":{"rendered":"https:\/\/elpuucnoticias.com\/?p=1165"},"modified":"2022-04-21T00:38:51","modified_gmt":"2022-04-21T06:38:51","slug":"en-ticum-comisaria-de-tekax-habitantes-participan-en-actividad-para-la-priorizacion-de-obras-y-acciones-para-el-municipio-y-las-comunidades","status":"publish","type":"post","link":"https:\/\/elpuucnoticias.com\/?p=1165","title":{"rendered":"En Ticum, comisar\u00eda de Tekax, habitantes participan en actividad para la priorizaci\u00f3n de obras y acciones para el municipio y las comunidades"},"content":{"rendered":"\n<p>El alcalde de Tekax, Diego Jos\u00e9 \u00c1vila Romero, realiza la priorizaci\u00f3n de acciones con la participaci\u00f3n ciudadana, tanto en la cabecera como en las comisar\u00edas. En d\u00edas pasados acudi\u00f3 en Ticum donde hubo buena participaci\u00f3n; la gente opin\u00f3 sobre las acciones a realizarse en el municipio.<\/p>\n\n\n\n<figure class=\"wp-block-gallery has-nested-images columns-default is-cropped wp-block-gallery-1 is-layout-flex wp-block-gallery-is-layout-flex\">\n<figure class=\"wp-block-image size-large\"><img loading=\"lazy\" decoding=\"async\" width=\"1024\" height=\"683\" data-id=\"1167\" src=\"https:\/\/elpuucnoticias.com\/wp-content\/uploads\/2022\/04\/tekax-priorizacion-4-1024x683.jpeg\" alt=\"\" class=\"wp-image-1167\" srcset=\"https:\/\/elpuucnoticias.com\/wp-content\/uploads\/2022\/04\/tekax-priorizacion-4-1024x683.jpeg 1024w, https:\/\/elpuucnoticias.com\/wp-content\/uploads\/2022\/04\/tekax-priorizacion-4-300x200.jpeg 300w, https:\/\/elpuucnoticias.com\/wp-content\/uploads\/2022\/04\/tekax-priorizacion-4-768x512.jpeg 768w, https:\/\/elpuucnoticias.com\/wp-content\/uploads\/2022\/04\/tekax-priorizacion-4.jpeg 1368w\" sizes=\"auto, (max-width: 1024px) 100vw, 1024px\" \/><\/figure>\n\n\n\n<figure class=\"wp-block-image size-large\"><img loading=\"lazy\" decoding=\"async\" width=\"1024\" height=\"683\" data-id=\"1168\" src=\"https:\/\/elpuucnoticias.com\/wp-content\/uploads\/2022\/04\/tekax-priorizacion-5-1024x683.jpeg\" alt=\"\" class=\"wp-image-1168\" srcset=\"https:\/\/elpuucnoticias.com\/wp-content\/uploads\/2022\/04\/tekax-priorizacion-5-1024x683.jpeg 1024w, https:\/\/elpuucnoticias.com\/wp-content\/uploads\/2022\/04\/tekax-priorizacion-5-300x200.jpeg 300w, https:\/\/elpuucnoticias.com\/wp-content\/uploads\/2022\/04\/tekax-priorizacion-5-768x512.jpeg 768w, https:\/\/elpuucnoticias.com\/wp-content\/uploads\/2022\/04\/tekax-priorizacion-5.jpeg 1368w\" sizes=\"auto, (max-width: 1024px) 100vw, 1024px\" \/><\/figure>\n<\/figure>\n\n\n\n<p>Se inform\u00f3 que esta es una actividad que busca involucrar a la ciudadanos, sobre las decisiones para la realizaci\u00f3n de obras tanto en la cabecera como en las comunidades.<\/p>\n\n\n\n<p>Las autoridades indican que es importante analizar con la comunidad cu\u00e1les ser\u00edan las acciones m\u00e1s adecuadas o prioritarias. Se har\u00eda una elecci\u00f3n p\u00fablica con las opciones de la gente.<\/p>\n\n\n\n<p>\u00abAs\u00ed la gente aporta sus ideas, elige y vigilar\u00e1 de que estas acciones se realicen en el municipio\u00bb.<\/p>\n\n\n\n<figure class=\"wp-block-gallery has-nested-images columns-default is-cropped wp-block-gallery-2 is-layout-flex wp-block-gallery-is-layout-flex\">\n<figure class=\"wp-block-image size-large\"><img loading=\"lazy\" decoding=\"async\" width=\"1024\" height=\"683\" data-id=\"1169\" src=\"https:\/\/elpuucnoticias.com\/wp-content\/uploads\/2022\/04\/tekax-priorizacion-3-1024x683.jpeg\" alt=\"\" class=\"wp-image-1169\" srcset=\"https:\/\/elpuucnoticias.com\/wp-content\/uploads\/2022\/04\/tekax-priorizacion-3-1024x683.jpeg 1024w, https:\/\/elpuucnoticias.com\/wp-content\/uploads\/2022\/04\/tekax-priorizacion-3-300x200.jpeg 300w, https:\/\/elpuucnoticias.com\/wp-content\/uploads\/2022\/04\/tekax-priorizacion-3-768x512.jpeg 768w, https:\/\/elpuucnoticias.com\/wp-content\/uploads\/2022\/04\/tekax-priorizacion-3.jpeg 1368w\" sizes=\"auto, (max-width: 1024px) 100vw, 1024px\" \/><\/figure>\n\n\n\n<figure class=\"wp-block-image size-large\"><img loading=\"lazy\" decoding=\"async\" width=\"1024\" height=\"683\" data-id=\"1170\" src=\"https:\/\/elpuucnoticias.com\/wp-content\/uploads\/2022\/04\/tekax-priorizacion-2-1024x683.jpeg\" alt=\"\" class=\"wp-image-1170\" srcset=\"https:\/\/elpuucnoticias.com\/wp-content\/uploads\/2022\/04\/tekax-priorizacion-2-1024x683.jpeg 1024w, https:\/\/elpuucnoticias.com\/wp-content\/uploads\/2022\/04\/tekax-priorizacion-2-300x200.jpeg 300w, https:\/\/elpuucnoticias.com\/wp-content\/uploads\/2022\/04\/tekax-priorizacion-2-768x512.jpeg 768w, https:\/\/elpuucnoticias.com\/wp-content\/uploads\/2022\/04\/tekax-priorizacion-2.jpeg 1368w\" sizes=\"auto, (max-width: 1024px) 100vw, 1024px\" \/><\/figure>\n<\/figure>\n\n\n\n<p>\u00abEsto es solo el principio, vamos a realizar este ejercicio en todas las comisar\u00edas, para que la ciudadan\u00eda, en coordinaci\u00f3n con el Ayuntamiento de Tekax, decida sobre lo que m\u00e1s se necesita para Tekax. Trabajando en equipo tendremos mejores resultados\u00bb, agrega Diego \u00c1vila Romero.<\/p>\n\n\n\n<p>En la actividad estuvo el titular de la Secretar\u00eda T\u00e9cnica de Planeaci\u00f3n y Evaluaci\u00f3n de Yucat\u00e1n, Jorge Luis Avil\u00e9s Lizama; representantes de la GIZ (Agencia de Cooperaci\u00f3n Alemana), Luciana Renner Macellari, Coordinadora General de Lugares P\u00fablicos y Diego Cuesy Edgar, Especialista en Presupuestos Participativos, adem\u00e1s de autoridades municipales.<\/p>\n\n\n\n<figure class=\"wp-block-image size-large\"><img loading=\"lazy\" decoding=\"async\" width=\"1024\" height=\"683\" src=\"https:\/\/elpuucnoticias.com\/wp-content\/uploads\/2022\/04\/tekax-priorizacion-1-1024x683.jpeg\" alt=\"\" class=\"wp-image-1171\" srcset=\"https:\/\/elpuucnoticias.com\/wp-content\/uploads\/2022\/04\/tekax-priorizacion-1-1024x683.jpeg 1024w, https:\/\/elpuucnoticias.com\/wp-content\/uploads\/2022\/04\/tekax-priorizacion-1-300x200.jpeg 300w, https:\/\/elpuucnoticias.com\/wp-content\/uploads\/2022\/04\/tekax-priorizacion-1-768x512.jpeg 768w, https:\/\/elpuucnoticias.com\/wp-content\/uploads\/2022\/04\/tekax-priorizacion-1.jpeg 1368w\" sizes=\"auto, (max-width: 1024px) 100vw, 1024px\" \/><\/figure>\n\n\n\n<p>\u00abEste es un hecho importante que cambiar\u00e1 la manera de la administraci\u00f3n p\u00fablica en el Sur del Estado. Es de suma importancia que las autoridades y la ciudadan\u00eda trabajen de la mano en el crecimiento y desarrollo del municipio\u00bb, puntualiza el primer edil.\u2014 <em>El Puuc Noticias<\/em><\/p>\n","protected":false},"excerpt":{"rendered":"<p>El alcalde de Tekax, Diego Jos\u00e9 \u00c1vila Romero, realiza la priorizaci\u00f3n de acciones con la participaci\u00f3n ciudadana, tanto<\/p>\n","protected":false},"author":1,"featured_media":1166,"comment_status":"closed","ping_status":"open","sticky":false,"template":"","format":"standard","meta":{"_monsterinsights_skip_tracking":false,"_monsterinsights_sitenote_active":false,"_monsterinsights_sitenote_note":"","_monsterinsights_sitenote_category":0,"footnotes":""},"categories":[11,4],"tags":[],"class_list":["post-1165","post","type-post","status-publish","format-standard","has-post-thumbnail","hentry","category-noticias","category-tekax"],"yoast_head":"<!-- This site is optimized with the Yoast SEO plugin v18.3 - https:\/\/yoast.com\/wordpress\/plugins\/seo\/ -->\n<title>En Ticum, comisar\u00eda de Tekax, habitantes participan en actividad para la priorizaci\u00f3n de obras y acciones para el municipio y las comunidades - El Puuc Noticias<\/title>\n<meta name=\"robots\" content=\"index, follow, max-snippet:-1, max-image-preview:large, max-video-preview:-1\" \/>\n<link rel=\"canonical\" href=\"https:\/\/elpuucnoticias.com\/?p=1165\" \/>\n<meta property=\"og:locale\" content=\"es_ES\" \/>\n<meta property=\"og:type\" content=\"article\" \/>\n<meta property=\"og:title\" content=\"En Ticum, comisar\u00eda de Tekax, habitantes participan en actividad para la priorizaci\u00f3n de obras y acciones para el municipio y las comunidades - El Puuc Noticias\" \/>\n<meta property=\"og:description\" content=\"El alcalde de Tekax, Diego Jos\u00e9 \u00c1vila Romero, realiza la priorizaci\u00f3n de acciones con la participaci\u00f3n ciudadana, tanto\" \/>\n<meta property=\"og:url\" content=\"https:\/\/elpuucnoticias.com\/?p=1165\" \/>\n<meta property=\"og:site_name\" content=\"El Puuc Noticias\" \/>\n<meta property=\"article:published_time\" content=\"2022-04-21T06:38:50+00:00\" \/>\n<meta property=\"article:modified_time\" content=\"2022-04-21T06:38:51+00:00\" \/>\n<meta property=\"og:image\" content=\"https:\/\/elpuucnoticias.com\/wp-content\/uploads\/2022\/04\/tekax-priorizacion-6.jpeg\" \/>\n\t<meta property=\"og:image:width\" content=\"1368\" \/>\n\t<meta property=\"og:image:height\" content=\"912\" \/>\n\t<meta property=\"og:image:type\" content=\"image\/jpeg\" \/>\n<meta name=\"twitter:card\" content=\"summary_large_image\" \/>\n<meta name=\"twitter:label1\" content=\"Escrito por\" \/>\n\t<meta name=\"twitter:data1\" content=\"elpuucnoticias\" \/>\n\t<meta name=\"twitter:label2\" content=\"Tiempo de lectura\" \/>\n\t<meta name=\"twitter:data2\" content=\"3 minutos\" \/>\n<script type=\"application\/ld+json\" class=\"yoast-schema-graph\">{\"@context\":\"https:\/\/schema.org\",\"@graph\":[{\"@type\":\"WebSite\",\"@id\":\"https:\/\/elpuucnoticias.com\/#website\",\"url\":\"https:\/\/elpuucnoticias.com\/\",\"name\":\"El Puuc Noticias\",\"description\":\"Noticias - Entretenimiento - Deportes\",\"potentialAction\":[{\"@type\":\"SearchAction\",\"target\":{\"@type\":\"EntryPoint\",\"urlTemplate\":\"https:\/\/elpuucnoticias.com\/?s={search_term_string}\"},\"query-input\":\"required name=search_term_string\"}],\"inLanguage\":\"es\"},{\"@type\":\"ImageObject\",\"@id\":\"https:\/\/elpuucnoticias.com\/?p=1165#primaryimage\",\"inLanguage\":\"es\",\"url\":\"https:\/\/elpuucnoticias.com\/wp-content\/uploads\/2022\/04\/tekax-priorizacion-6.jpeg\",\"contentUrl\":\"https:\/\/elpuucnoticias.com\/wp-content\/uploads\/2022\/04\/tekax-priorizacion-6.jpeg\",\"width\":1368,\"height\":912},{\"@type\":\"WebPage\",\"@id\":\"https:\/\/elpuucnoticias.com\/?p=1165#webpage\",\"url\":\"https:\/\/elpuucnoticias.com\/?p=1165\",\"name\":\"En Ticum, comisar\u00eda de Tekax, habitantes participan en actividad para la priorizaci\u00f3n de obras y acciones para el municipio y las comunidades - El Puuc Noticias\",\"isPartOf\":{\"@id\":\"https:\/\/elpuucnoticias.com\/#website\"},\"primaryImageOfPage\":{\"@id\":\"https:\/\/elpuucnoticias.com\/?p=1165#primaryimage\"},\"datePublished\":\"2022-04-21T06:38:50+00:00\",\"dateModified\":\"2022-04-21T06:38:51+00:00\",\"author\":{\"@id\":\"https:\/\/elpuucnoticias.com\/#\/schema\/person\/d2ea09e4c97f0160b11cdfb1d856bd9e\"},\"breadcrumb\":{\"@id\":\"https:\/\/elpuucnoticias.com\/?p=1165#breadcrumb\"},\"inLanguage\":\"es\",\"potentialAction\":[{\"@type\":\"ReadAction\",\"target\":[\"https:\/\/elpuucnoticias.com\/?p=1165\"]}]},{\"@type\":\"BreadcrumbList\",\"@id\":\"https:\/\/elpuucnoticias.com\/?p=1165#breadcrumb\",\"itemListElement\":[{\"@type\":\"ListItem\",\"position\":1,\"name\":\"Portada\",\"item\":\"https:\/\/elpuucnoticias.com\/\"},{\"@type\":\"ListItem\",\"position\":2,\"name\":\"En Ticum, comisar\u00eda de Tekax, habitantes participan en actividad para la priorizaci\u00f3n de obras y acciones para el municipio y las comunidades\"}]},{\"@type\":\"Person\",\"@id\":\"https:\/\/elpuucnoticias.com\/#\/schema\/person\/d2ea09e4c97f0160b11cdfb1d856bd9e\",\"name\":\"elpuucnoticias\",\"image\":{\"@type\":\"ImageObject\",\"@id\":\"https:\/\/elpuucnoticias.com\/#personlogo\",\"inLanguage\":\"es\",\"url\":\"https:\/\/secure.gravatar.com\/avatar\/5290a43657c74ffa15701dbe5b846bd85cc71930d803c84e91046a7333de6ce2?s=96&d=mm&r=g\",\"contentUrl\":\"https:\/\/secure.gravatar.com\/avatar\/5290a43657c74ffa15701dbe5b846bd85cc71930d803c84e91046a7333de6ce2?s=96&d=mm&r=g\",\"caption\":\"elpuucnoticias\"},\"sameAs\":[\"https:\/\/elpuucnoticias.com\"],\"url\":\"https:\/\/elpuucnoticias.com\/?author=1\"}]}<\/script>\n<!-- \/ Yoast SEO plugin. -->","yoast_head_json":{"title":"En Ticum, comisar\u00eda de Tekax, habitantes participan en actividad para la priorizaci\u00f3n de obras y acciones para el municipio y las comunidades - El Puuc Noticias","robots":{"index":"index","follow":"follow","max-snippet":"max-snippet:-1","max-image-preview":"max-image-preview:large","max-video-preview":"max-video-preview:-1"},"canonical":"https:\/\/elpuucnoticias.com\/?p=1165","og_locale":"es_ES","og_type":"article","og_title":"En Ticum, comisar\u00eda de Tekax, habitantes participan en actividad para la priorizaci\u00f3n de obras y acciones para el municipio y las comunidades - El Puuc Noticias","og_description":"El alcalde de Tekax, Diego Jos\u00e9 \u00c1vila Romero, realiza la priorizaci\u00f3n de acciones con la participaci\u00f3n ciudadana, tanto","og_url":"https:\/\/elpuucnoticias.com\/?p=1165","og_site_name":"El Puuc Noticias","article_published_time":"2022-04-21T06:38:50+00:00","article_modified_time":"2022-04-21T06:38:51+00:00","og_image":[{"width":1368,"height":912,"url":"https:\/\/elpuucnoticias.com\/wp-content\/uploads\/2022\/04\/tekax-priorizacion-6.jpeg","type":"image\/jpeg"}],"twitter_card":"summary_large_image","twitter_misc":{"Escrito por":"elpuucnoticias","Tiempo de lectura":"3 minutos"},"schema":{"@context":"https:\/\/schema.org","@graph":[{"@type":"WebSite","@id":"https:\/\/elpuucnoticias.com\/#website","url":"https:\/\/elpuucnoticias.com\/","name":"El Puuc Noticias","description":"Noticias - Entretenimiento - Deportes","potentialAction":[{"@type":"SearchAction","target":{"@type":"EntryPoint","urlTemplate":"https:\/\/elpuucnoticias.com\/?s={search_term_string}"},"query-input":"required name=search_term_string"}],"inLanguage":"es"},{"@type":"ImageObject","@id":"https:\/\/elpuucnoticias.com\/?p=1165#primaryimage","inLanguage":"es","url":"https:\/\/elpuucnoticias.com\/wp-content\/uploads\/2022\/04\/tekax-priorizacion-6.jpeg","contentUrl":"https:\/\/elpuucnoticias.com\/wp-content\/uploads\/2022\/04\/tekax-priorizacion-6.jpeg","width":1368,"height":912},{"@type":"WebPage","@id":"https:\/\/elpuucnoticias.com\/?p=1165#webpage","url":"https:\/\/elpuucnoticias.com\/?p=1165","name":"En Ticum, comisar\u00eda de Tekax, habitantes participan en actividad para la priorizaci\u00f3n de obras y acciones para el municipio y las comunidades - El Puuc Noticias","isPartOf":{"@id":"https:\/\/elpuucnoticias.com\/#website"},"primaryImageOfPage":{"@id":"https:\/\/elpuucnoticias.com\/?p=1165#primaryimage"},"datePublished":"2022-04-21T06:38:50+00:00","dateModified":"2022-04-21T06:38:51+00:00","author":{"@id":"https:\/\/elpuucnoticias.com\/#\/schema\/person\/d2ea09e4c97f0160b11cdfb1d856bd9e"},"breadcrumb":{"@id":"https:\/\/elpuucnoticias.com\/?p=1165#breadcrumb"},"inLanguage":"es","potentialAction":[{"@type":"ReadAction","target":["https:\/\/elpuucnoticias.com\/?p=1165"]}]},{"@type":"BreadcrumbList","@id":"https:\/\/elpuucnoticias.com\/?p=1165#breadcrumb","itemListElement":[{"@type":"ListItem","position":1,"name":"Portada","item":"https:\/\/elpuucnoticias.com\/"},{"@type":"ListItem","position":2,"name":"En Ticum, comisar\u00eda de Tekax, habitantes participan en actividad para la priorizaci\u00f3n de obras y acciones para el municipio y las comunidades"}]},{"@type":"Person","@id":"https:\/\/elpuucnoticias.com\/#\/schema\/person\/d2ea09e4c97f0160b11cdfb1d856bd9e","name":"elpuucnoticias","image":{"@type":"ImageObject","@id":"https:\/\/elpuucnoticias.com\/#personlogo","inLanguage":"es","url":"https:\/\/secure.gravatar.com\/avatar\/5290a43657c74ffa15701dbe5b846bd85cc71930d803c84e91046a7333de6ce2?s=96&d=mm&r=g","contentUrl":"https:\/\/secure.gravatar.com\/avatar\/5290a43657c74ffa15701dbe5b846bd85cc71930d803c84e91046a7333de6ce2?s=96&d=mm&r=g","caption":"elpuucnoticias"},"sameAs":["https:\/\/elpuucnoticias.com"],"url":"https:\/\/elpuucnoticias.com\/?author=1"}]}},"_links":{"self":[{"href":"https:\/\/elpuucnoticias.com\/index.php?rest_route=\/wp\/v2\/posts\/1165","targetHints":{"allow":["GET"]}}],"collection":[{"href":"https:\/\/elpuucnoticias.com\/index.php?rest_route=\/wp\/v2\/posts"}],"about":[{"href":"https:\/\/elpuucnoticias.com\/index.php?rest_route=\/wp\/v2\/types\/post"}],"author":[{"embeddable":true,"href":"https:\/\/elpuucnoticias.com\/index.php?rest_route=\/wp\/v2\/users\/1"}],"replies":[{"embeddable":true,"href":"https:\/\/elpuucnoticias.com\/index.php?rest_route=%2Fwp%2Fv2%2Fcomments&post=1165"}],"version-history":[{"count":1,"href":"https:\/\/elpuucnoticias.com\/index.php?rest_route=\/wp\/v2\/posts\/1165\/revisions"}],"predecessor-version":[{"id":1172,"href":"https:\/\/elpuucnoticias.com\/index.php?rest_route=\/wp\/v2\/posts\/1165\/revisions\/1172"}],"wp:featuredmedia":[{"embeddable":true,"href":"https:\/\/elpuucnoticias.com\/index.php?rest_route=\/wp\/v2\/media\/1166"}],"wp:attachment":[{"href":"https:\/\/elpuucnoticias.com\/index.php?rest_route=%2Fwp%2Fv2%2Fmedia&parent=1165"}],"wp:term":[{"taxonomy":"category","embeddable":true,"href":"https:\/\/elpuucnoticias.com\/index.php?rest_route=%2Fwp%2Fv2%2Fcategories&post=1165"},{"taxonomy":"post_tag","embeddable":true,"href":"https:\/\/elpuucnoticias.com\/index.php?rest_route=%2Fwp%2Fv2%2Ftags&post=1165"}],"curies":[{"name":"wp","href":"https:\/\/api.w.org\/{rel}","templated":true}]}}