{"id":11849,"date":"2024-04-27T14:50:47","date_gmt":"2024-04-27T20:50:47","guid":{"rendered":"https:\/\/elpuucnoticias.com\/?p=11849"},"modified":"2024-04-27T14:50:48","modified_gmt":"2024-04-27T20:50:48","slug":"el-candidato-a-diputado-local-del-20-distrito-se-comprometio-a-fortalecer-las-acciones-a-favor-de-la-comunidad-lgbtiq","status":"publish","type":"post","link":"https:\/\/elpuucnoticias.com\/?p=11849","title":{"rendered":"El candidato a diputado local del 20 distrito se comprometi\u00f3 a fortalecer las acciones a favor de la comunidad LGBTIQ+."},"content":{"rendered":"\n<p>Para realizar este compromiso particip\u00f3 en la firma de la carta de la Agenda LGBTQ+ 2024 en una reuni\u00f3n junto a varios colectivos y representantes de esta comunidad.<\/p>\n\n\n\n<p>En el cual se comprometi\u00f3 apoyar y propiciar leyes que integren la participaci\u00f3n y reconocimiento de la comunidad LGBT+ en los municipios del sur del estado.<\/p>\n\n\n\n<figure class=\"wp-block-image size-large\"><img loading=\"lazy\" decoding=\"async\" width=\"1024\" height=\"683\" src=\"https:\/\/elpuucnoticias.com\/wp-content\/uploads\/2024\/04\/whatsapp-image-2024-04-27-at-2.34.34-pm-1024x683.jpeg\" alt=\"\" class=\"wp-image-11854\" srcset=\"https:\/\/elpuucnoticias.com\/wp-content\/uploads\/2024\/04\/whatsapp-image-2024-04-27-at-2.34.34-pm-1024x683.jpeg 1024w, https:\/\/elpuucnoticias.com\/wp-content\/uploads\/2024\/04\/whatsapp-image-2024-04-27-at-2.34.34-pm-300x200.jpeg 300w, https:\/\/elpuucnoticias.com\/wp-content\/uploads\/2024\/04\/whatsapp-image-2024-04-27-at-2.34.34-pm-768x512.jpeg 768w, https:\/\/elpuucnoticias.com\/wp-content\/uploads\/2024\/04\/whatsapp-image-2024-04-27-at-2.34.34-pm-1536x1024.jpeg 1536w, https:\/\/elpuucnoticias.com\/wp-content\/uploads\/2024\/04\/whatsapp-image-2024-04-27-at-2.34.34-pm-2048x1365.jpeg 2048w, https:\/\/elpuucnoticias.com\/wp-content\/uploads\/2024\/04\/whatsapp-image-2024-04-27-at-2.34.34-pm-600x400.jpeg 600w, https:\/\/elpuucnoticias.com\/wp-content\/uploads\/2024\/04\/whatsapp-image-2024-04-27-at-2.34.34-pm-320x213.jpeg 320w\" sizes=\"auto, (max-width: 1024px) 100vw, 1024px\" \/><\/figure>\n\n\n\n<p>Diego Avila se comprometi\u00f3 con esta comunidad lo que responde sin duda, que parte de sus trabajos siempre ha sido escuchar las necesidades de todos los ciudadanos.<\/p>\n\n\n\n<p>Diego Avila resalt\u00f3 los avances que se tiene en Tekax y asi garantizar un trato justo, respetuoso e incluyente.<\/p>\n\n\n\n<p>\u00abSeguir\u00e9 trabajando para darles visibilidad e incluir m\u00e1s temas en la agenda desde el congreso del estado como futuro diputado local\u00bb<\/p>\n\n\n\n<p>El candidato escuch\u00f3 a cada uno de los asistentes e indic\u00f3 que se trata de impulsar leyes y reglamentos de protecci\u00f3n a los derechos, igualdad, no discriminaci\u00f3n, inclusi\u00f3n, accesibilidad y protocolos de actuaci\u00f3n acorde a sus necesidades.<\/p>\n\n\n\n<p>Por su parte varios grupos colectivos LGBT agradecieron al candidato su inter\u00e9s y compromiso.<\/p>\n\n\n\n<p>\u00abSe trata de un trabajo que se ha construido y es importante sumar m\u00e1s propuestas. Ya que es de vital importancia para esta comunidad, garantizar el respeto de los derechos humanos y no discriminaci\u00f3n\u00bb resalt\u00f3 el candidato.<\/p>\n","protected":false},"excerpt":{"rendered":"<p>Para realizar este compromiso particip\u00f3 en la firma de la carta de la Agenda LGBTQ+ 2024 en una<\/p>\n","protected":false},"author":1,"featured_media":11855,"comment_status":"closed","ping_status":"closed","sticky":false,"template":"","format":"standard","meta":{"_monsterinsights_skip_tracking":false,"_monsterinsights_sitenote_active":false,"_monsterinsights_sitenote_note":"","_monsterinsights_sitenote_category":0,"footnotes":""},"categories":[11,26],"tags":[],"class_list":["post-11849","post","type-post","status-publish","format-standard","has-post-thumbnail","hentry","category-noticias","category-politica"],"yoast_head":"<!-- This site is optimized with the Yoast SEO plugin v18.3 - https:\/\/yoast.com\/wordpress\/plugins\/seo\/ -->\n<title>El candidato a diputado local del 20 distrito se comprometi\u00f3 a fortalecer las acciones a favor de la comunidad LGBTIQ+. - El Puuc Noticias<\/title>\n<meta name=\"robots\" content=\"index, follow, max-snippet:-1, max-image-preview:large, max-video-preview:-1\" \/>\n<link rel=\"canonical\" href=\"https:\/\/elpuucnoticias.com\/?p=11849\" \/>\n<meta property=\"og:locale\" content=\"es_ES\" \/>\n<meta property=\"og:type\" content=\"article\" \/>\n<meta property=\"og:title\" content=\"El candidato a diputado local del 20 distrito se comprometi\u00f3 a fortalecer las acciones a favor de la comunidad LGBTIQ+. - El Puuc Noticias\" \/>\n<meta property=\"og:description\" content=\"Para realizar este compromiso particip\u00f3 en la firma de la carta de la Agenda LGBTQ+ 2024 en una\" \/>\n<meta property=\"og:url\" content=\"https:\/\/elpuucnoticias.com\/?p=11849\" \/>\n<meta property=\"og:site_name\" content=\"El Puuc Noticias\" \/>\n<meta property=\"article:published_time\" content=\"2024-04-27T20:50:47+00:00\" \/>\n<meta property=\"article:modified_time\" content=\"2024-04-27T20:50:48+00:00\" \/>\n<meta property=\"og:image\" content=\"https:\/\/elpuucnoticias.com\/wp-content\/uploads\/2024\/04\/whatsapp-image-2024-04-27-at-2.34.34-pm-1-scaled.jpeg\" \/>\n\t<meta property=\"og:image:width\" content=\"2560\" \/>\n\t<meta property=\"og:image:height\" content=\"1707\" \/>\n\t<meta property=\"og:image:type\" content=\"image\/jpeg\" \/>\n<meta name=\"twitter:card\" content=\"summary_large_image\" \/>\n<meta name=\"twitter:label1\" content=\"Escrito por\" \/>\n\t<meta name=\"twitter:data1\" content=\"elpuucnoticias\" \/>\n\t<meta name=\"twitter:label2\" content=\"Tiempo de lectura\" \/>\n\t<meta name=\"twitter:data2\" content=\"2 minutos\" \/>\n<script type=\"application\/ld+json\" class=\"yoast-schema-graph\">{\"@context\":\"https:\/\/schema.org\",\"@graph\":[{\"@type\":\"WebSite\",\"@id\":\"https:\/\/elpuucnoticias.com\/#website\",\"url\":\"https:\/\/elpuucnoticias.com\/\",\"name\":\"El Puuc Noticias\",\"description\":\"Noticias - Entretenimiento - Deportes\",\"potentialAction\":[{\"@type\":\"SearchAction\",\"target\":{\"@type\":\"EntryPoint\",\"urlTemplate\":\"https:\/\/elpuucnoticias.com\/?s={search_term_string}\"},\"query-input\":\"required name=search_term_string\"}],\"inLanguage\":\"es\"},{\"@type\":\"ImageObject\",\"@id\":\"https:\/\/elpuucnoticias.com\/?p=11849#primaryimage\",\"inLanguage\":\"es\",\"url\":\"https:\/\/elpuucnoticias.com\/wp-content\/uploads\/2024\/04\/whatsapp-image-2024-04-27-at-2.34.34-pm-1-scaled.jpeg\",\"contentUrl\":\"https:\/\/elpuucnoticias.com\/wp-content\/uploads\/2024\/04\/whatsapp-image-2024-04-27-at-2.34.34-pm-1-scaled.jpeg\",\"width\":2560,\"height\":1707},{\"@type\":\"WebPage\",\"@id\":\"https:\/\/elpuucnoticias.com\/?p=11849#webpage\",\"url\":\"https:\/\/elpuucnoticias.com\/?p=11849\",\"name\":\"El candidato a diputado local del 20 distrito se comprometi\u00f3 a fortalecer las acciones a favor de la comunidad LGBTIQ+. - El Puuc Noticias\",\"isPartOf\":{\"@id\":\"https:\/\/elpuucnoticias.com\/#website\"},\"primaryImageOfPage\":{\"@id\":\"https:\/\/elpuucnoticias.com\/?p=11849#primaryimage\"},\"datePublished\":\"2024-04-27T20:50:47+00:00\",\"dateModified\":\"2024-04-27T20:50:48+00:00\",\"author\":{\"@id\":\"https:\/\/elpuucnoticias.com\/#\/schema\/person\/d2ea09e4c97f0160b11cdfb1d856bd9e\"},\"breadcrumb\":{\"@id\":\"https:\/\/elpuucnoticias.com\/?p=11849#breadcrumb\"},\"inLanguage\":\"es\",\"potentialAction\":[{\"@type\":\"ReadAction\",\"target\":[\"https:\/\/elpuucnoticias.com\/?p=11849\"]}]},{\"@type\":\"BreadcrumbList\",\"@id\":\"https:\/\/elpuucnoticias.com\/?p=11849#breadcrumb\",\"itemListElement\":[{\"@type\":\"ListItem\",\"position\":1,\"name\":\"Portada\",\"item\":\"https:\/\/elpuucnoticias.com\/\"},{\"@type\":\"ListItem\",\"position\":2,\"name\":\"El candidato a diputado local del 20 distrito se comprometi\u00f3 a fortalecer las acciones a favor de la comunidad LGBTIQ+.\"}]},{\"@type\":\"Person\",\"@id\":\"https:\/\/elpuucnoticias.com\/#\/schema\/person\/d2ea09e4c97f0160b11cdfb1d856bd9e\",\"name\":\"elpuucnoticias\",\"image\":{\"@type\":\"ImageObject\",\"@id\":\"https:\/\/elpuucnoticias.com\/#personlogo\",\"inLanguage\":\"es\",\"url\":\"https:\/\/secure.gravatar.com\/avatar\/5290a43657c74ffa15701dbe5b846bd85cc71930d803c84e91046a7333de6ce2?s=96&d=mm&r=g\",\"contentUrl\":\"https:\/\/secure.gravatar.com\/avatar\/5290a43657c74ffa15701dbe5b846bd85cc71930d803c84e91046a7333de6ce2?s=96&d=mm&r=g\",\"caption\":\"elpuucnoticias\"},\"sameAs\":[\"https:\/\/elpuucnoticias.com\"],\"url\":\"https:\/\/elpuucnoticias.com\/?author=1\"}]}<\/script>\n<!-- \/ Yoast SEO plugin. -->","yoast_head_json":{"title":"El candidato a diputado local del 20 distrito se comprometi\u00f3 a fortalecer las acciones a favor de la comunidad LGBTIQ+. - El Puuc Noticias","robots":{"index":"index","follow":"follow","max-snippet":"max-snippet:-1","max-image-preview":"max-image-preview:large","max-video-preview":"max-video-preview:-1"},"canonical":"https:\/\/elpuucnoticias.com\/?p=11849","og_locale":"es_ES","og_type":"article","og_title":"El candidato a diputado local del 20 distrito se comprometi\u00f3 a fortalecer las acciones a favor de la comunidad LGBTIQ+. - El Puuc Noticias","og_description":"Para realizar este compromiso particip\u00f3 en la firma de la carta de la Agenda LGBTQ+ 2024 en una","og_url":"https:\/\/elpuucnoticias.com\/?p=11849","og_site_name":"El Puuc Noticias","article_published_time":"2024-04-27T20:50:47+00:00","article_modified_time":"2024-04-27T20:50:48+00:00","og_image":[{"width":2560,"height":1707,"url":"https:\/\/elpuucnoticias.com\/wp-content\/uploads\/2024\/04\/whatsapp-image-2024-04-27-at-2.34.34-pm-1-scaled.jpeg","type":"image\/jpeg"}],"twitter_card":"summary_large_image","twitter_misc":{"Escrito por":"elpuucnoticias","Tiempo de lectura":"2 minutos"},"schema":{"@context":"https:\/\/schema.org","@graph":[{"@type":"WebSite","@id":"https:\/\/elpuucnoticias.com\/#website","url":"https:\/\/elpuucnoticias.com\/","name":"El Puuc Noticias","description":"Noticias - Entretenimiento - Deportes","potentialAction":[{"@type":"SearchAction","target":{"@type":"EntryPoint","urlTemplate":"https:\/\/elpuucnoticias.com\/?s={search_term_string}"},"query-input":"required name=search_term_string"}],"inLanguage":"es"},{"@type":"ImageObject","@id":"https:\/\/elpuucnoticias.com\/?p=11849#primaryimage","inLanguage":"es","url":"https:\/\/elpuucnoticias.com\/wp-content\/uploads\/2024\/04\/whatsapp-image-2024-04-27-at-2.34.34-pm-1-scaled.jpeg","contentUrl":"https:\/\/elpuucnoticias.com\/wp-content\/uploads\/2024\/04\/whatsapp-image-2024-04-27-at-2.34.34-pm-1-scaled.jpeg","width":2560,"height":1707},{"@type":"WebPage","@id":"https:\/\/elpuucnoticias.com\/?p=11849#webpage","url":"https:\/\/elpuucnoticias.com\/?p=11849","name":"El candidato a diputado local del 20 distrito se comprometi\u00f3 a fortalecer las acciones a favor de la comunidad LGBTIQ+. - El Puuc Noticias","isPartOf":{"@id":"https:\/\/elpuucnoticias.com\/#website"},"primaryImageOfPage":{"@id":"https:\/\/elpuucnoticias.com\/?p=11849#primaryimage"},"datePublished":"2024-04-27T20:50:47+00:00","dateModified":"2024-04-27T20:50:48+00:00","author":{"@id":"https:\/\/elpuucnoticias.com\/#\/schema\/person\/d2ea09e4c97f0160b11cdfb1d856bd9e"},"breadcrumb":{"@id":"https:\/\/elpuucnoticias.com\/?p=11849#breadcrumb"},"inLanguage":"es","potentialAction":[{"@type":"ReadAction","target":["https:\/\/elpuucnoticias.com\/?p=11849"]}]},{"@type":"BreadcrumbList","@id":"https:\/\/elpuucnoticias.com\/?p=11849#breadcrumb","itemListElement":[{"@type":"ListItem","position":1,"name":"Portada","item":"https:\/\/elpuucnoticias.com\/"},{"@type":"ListItem","position":2,"name":"El candidato a diputado local del 20 distrito se comprometi\u00f3 a fortalecer las acciones a favor de la comunidad LGBTIQ+."}]},{"@type":"Person","@id":"https:\/\/elpuucnoticias.com\/#\/schema\/person\/d2ea09e4c97f0160b11cdfb1d856bd9e","name":"elpuucnoticias","image":{"@type":"ImageObject","@id":"https:\/\/elpuucnoticias.com\/#personlogo","inLanguage":"es","url":"https:\/\/secure.gravatar.com\/avatar\/5290a43657c74ffa15701dbe5b846bd85cc71930d803c84e91046a7333de6ce2?s=96&d=mm&r=g","contentUrl":"https:\/\/secure.gravatar.com\/avatar\/5290a43657c74ffa15701dbe5b846bd85cc71930d803c84e91046a7333de6ce2?s=96&d=mm&r=g","caption":"elpuucnoticias"},"sameAs":["https:\/\/elpuucnoticias.com"],"url":"https:\/\/elpuucnoticias.com\/?author=1"}]}},"_links":{"self":[{"href":"https:\/\/elpuucnoticias.com\/index.php?rest_route=\/wp\/v2\/posts\/11849","targetHints":{"allow":["GET"]}}],"collection":[{"href":"https:\/\/elpuucnoticias.com\/index.php?rest_route=\/wp\/v2\/posts"}],"about":[{"href":"https:\/\/elpuucnoticias.com\/index.php?rest_route=\/wp\/v2\/types\/post"}],"author":[{"embeddable":true,"href":"https:\/\/elpuucnoticias.com\/index.php?rest_route=\/wp\/v2\/users\/1"}],"replies":[{"embeddable":true,"href":"https:\/\/elpuucnoticias.com\/index.php?rest_route=%2Fwp%2Fv2%2Fcomments&post=11849"}],"version-history":[{"count":1,"href":"https:\/\/elpuucnoticias.com\/index.php?rest_route=\/wp\/v2\/posts\/11849\/revisions"}],"predecessor-version":[{"id":11856,"href":"https:\/\/elpuucnoticias.com\/index.php?rest_route=\/wp\/v2\/posts\/11849\/revisions\/11856"}],"wp:featuredmedia":[{"embeddable":true,"href":"https:\/\/elpuucnoticias.com\/index.php?rest_route=\/wp\/v2\/media\/11855"}],"wp:attachment":[{"href":"https:\/\/elpuucnoticias.com\/index.php?rest_route=%2Fwp%2Fv2%2Fmedia&parent=11849"}],"wp:term":[{"taxonomy":"category","embeddable":true,"href":"https:\/\/elpuucnoticias.com\/index.php?rest_route=%2Fwp%2Fv2%2Fcategories&post=11849"},{"taxonomy":"post_tag","embeddable":true,"href":"https:\/\/elpuucnoticias.com\/index.php?rest_route=%2Fwp%2Fv2%2Ftags&post=11849"}],"curies":[{"name":"wp","href":"https:\/\/api.w.org\/{rel}","templated":true}]}}