{"id":1187,"date":"2022-04-21T14:30:40","date_gmt":"2022-04-21T20:30:40","guid":{"rendered":"https:\/\/elpuucnoticias.com\/?p=1187"},"modified":"2022-04-21T14:30:42","modified_gmt":"2022-04-21T20:30:42","slug":"oxkutzcab-celebrara-a-la-santa-cruz-del-21-al-26-de-abril-proteccion-civil-realiza-la-verificacion-de-los-palcos-para-las-corridas","status":"publish","type":"post","link":"https:\/\/elpuucnoticias.com\/?p=1187","title":{"rendered":"Oxkutzcab celebrar\u00e1 a la Santa Cruz del 21 al 26 de abril. Protecci\u00f3n Civil realiza la verificaci\u00f3n de los palcos para las corridas"},"content":{"rendered":"\n<p>La Unidad Municipal de Protecci\u00f3n Civil de Oxkutzcab realiza la verificaci\u00f3n de los palcos para las corridas que se realizar\u00e1n durante la fiesta en honor a la Santa Cruz.<\/p>\n\n\n\n<p>La fiesta tradicional del barrio de La Mejorada se realizar\u00e1 del 21 al 26 de abril. Durante el recorrido se hicieron varias observaciones que deber\u00e1n ser atendidas, informa el director de Protecci\u00f3n Civil, Juan<br>Vela G\u00f3mez.<\/p>\n\n\n\n<figure class=\"wp-block-image size-large\"><img loading=\"lazy\" decoding=\"async\" width=\"1024\" height=\"768\" src=\"https:\/\/elpuucnoticias.com\/wp-content\/uploads\/2022\/04\/Palco04-1024x768.jpg\" alt=\"\" class=\"wp-image-1189\" srcset=\"https:\/\/elpuucnoticias.com\/wp-content\/uploads\/2022\/04\/Palco04-1024x768.jpg 1024w, https:\/\/elpuucnoticias.com\/wp-content\/uploads\/2022\/04\/Palco04-300x225.jpg 300w, https:\/\/elpuucnoticias.com\/wp-content\/uploads\/2022\/04\/Palco04-768x576.jpg 768w, https:\/\/elpuucnoticias.com\/wp-content\/uploads\/2022\/04\/Palco04-1536x1152.jpg 1536w, https:\/\/elpuucnoticias.com\/wp-content\/uploads\/2022\/04\/Palco04.jpg 1600w\" sizes=\"auto, (max-width: 1024px) 100vw, 1024px\" \/><\/figure>\n\n\n\n<p>Durante el recorrido estuvo el presidente de los palqueros, Mario Antonio Pacheco \u00c1vila, y el Consejo de Vigilancia, encabezado por Manuel Maga\u00f1a Cuxim, adem\u00e1s de otras personas como Antonio Ram\u00edrez Maga\u00f1a y Orlando G\u00f3mez Ram\u00edrez.<\/p>\n\n\n\n<p>Las festividades inician este jueves con una vaquer\u00eda que ser\u00e1 amenizada por la orquesta \u201cPerla del Sur\u201d. El viernes se realizar\u00e1 la primera corrida y habr\u00e1 tardeada.<\/p>\n\n\n\n<p>Para la noche se anuncia un baile con \u00abChico Che Chico\u00bb, alternando con Genaro y sus aventureros. Al d\u00eda siguiente, el s\u00e1bado ser\u00e1 la segunda corrida y baile de luz y sonido.<\/p>\n\n\n\n<p>El domingo ser\u00e1 la corrida de promesas, con baile popular y para el martes est\u00e1 programada el \u00abDuelo de Ganader\u00edas\u00bb.\u2014 <em>El Puuc Noticias<\/em>\u00a0<\/p>\n","protected":false},"excerpt":{"rendered":"<p>La Unidad Municipal de Protecci\u00f3n Civil de Oxkutzcab realiza la verificaci\u00f3n de los palcos para las corridas que<\/p>\n","protected":false},"author":1,"featured_media":1188,"comment_status":"closed","ping_status":"open","sticky":false,"template":"","format":"standard","meta":{"_monsterinsights_skip_tracking":false,"_monsterinsights_sitenote_active":false,"_monsterinsights_sitenote_note":"","_monsterinsights_sitenote_category":0,"footnotes":""},"categories":[11,14],"tags":[],"class_list":["post-1187","post","type-post","status-publish","format-standard","has-post-thumbnail","hentry","category-noticias","category-oxkutzcab"],"yoast_head":"<!-- This site is optimized with the Yoast SEO plugin v18.3 - https:\/\/yoast.com\/wordpress\/plugins\/seo\/ -->\n<title>Oxkutzcab celebrar\u00e1 a la Santa Cruz del 21 al 26 de abril. Protecci\u00f3n Civil realiza la verificaci\u00f3n de los palcos para las corridas - El Puuc Noticias<\/title>\n<meta name=\"robots\" content=\"index, follow, max-snippet:-1, max-image-preview:large, max-video-preview:-1\" \/>\n<link rel=\"canonical\" href=\"https:\/\/elpuucnoticias.com\/?p=1187\" \/>\n<meta property=\"og:locale\" content=\"es_ES\" \/>\n<meta property=\"og:type\" content=\"article\" \/>\n<meta property=\"og:title\" content=\"Oxkutzcab celebrar\u00e1 a la Santa Cruz del 21 al 26 de abril. Protecci\u00f3n Civil realiza la verificaci\u00f3n de los palcos para las corridas - El Puuc Noticias\" \/>\n<meta property=\"og:description\" content=\"La Unidad Municipal de Protecci\u00f3n Civil de Oxkutzcab realiza la verificaci\u00f3n de los palcos para las corridas que\" \/>\n<meta property=\"og:url\" content=\"https:\/\/elpuucnoticias.com\/?p=1187\" \/>\n<meta property=\"og:site_name\" content=\"El Puuc Noticias\" \/>\n<meta property=\"article:published_time\" content=\"2022-04-21T20:30:40+00:00\" \/>\n<meta property=\"article:modified_time\" content=\"2022-04-21T20:30:42+00:00\" \/>\n<meta property=\"og:image\" content=\"https:\/\/elpuucnoticias.com\/wp-content\/uploads\/2022\/04\/Palco01.jpg\" \/>\n\t<meta property=\"og:image:width\" content=\"1280\" \/>\n\t<meta property=\"og:image:height\" content=\"960\" \/>\n\t<meta property=\"og:image:type\" content=\"image\/jpeg\" \/>\n<meta name=\"twitter:card\" content=\"summary_large_image\" \/>\n<meta name=\"twitter:label1\" content=\"Escrito por\" \/>\n\t<meta name=\"twitter:data1\" content=\"elpuucnoticias\" \/>\n\t<meta name=\"twitter:label2\" content=\"Tiempo de lectura\" \/>\n\t<meta name=\"twitter:data2\" content=\"2 minutos\" \/>\n<script type=\"application\/ld+json\" class=\"yoast-schema-graph\">{\"@context\":\"https:\/\/schema.org\",\"@graph\":[{\"@type\":\"WebSite\",\"@id\":\"https:\/\/elpuucnoticias.com\/#website\",\"url\":\"https:\/\/elpuucnoticias.com\/\",\"name\":\"El Puuc Noticias\",\"description\":\"Noticias - Entretenimiento - Deportes\",\"potentialAction\":[{\"@type\":\"SearchAction\",\"target\":{\"@type\":\"EntryPoint\",\"urlTemplate\":\"https:\/\/elpuucnoticias.com\/?s={search_term_string}\"},\"query-input\":\"required name=search_term_string\"}],\"inLanguage\":\"es\"},{\"@type\":\"ImageObject\",\"@id\":\"https:\/\/elpuucnoticias.com\/?p=1187#primaryimage\",\"inLanguage\":\"es\",\"url\":\"https:\/\/elpuucnoticias.com\/wp-content\/uploads\/2022\/04\/Palco01.jpg\",\"contentUrl\":\"https:\/\/elpuucnoticias.com\/wp-content\/uploads\/2022\/04\/Palco01.jpg\",\"width\":1280,\"height\":960},{\"@type\":\"WebPage\",\"@id\":\"https:\/\/elpuucnoticias.com\/?p=1187#webpage\",\"url\":\"https:\/\/elpuucnoticias.com\/?p=1187\",\"name\":\"Oxkutzcab celebrar\u00e1 a la Santa Cruz del 21 al 26 de abril. Protecci\u00f3n Civil realiza la verificaci\u00f3n de los palcos para las corridas - El Puuc Noticias\",\"isPartOf\":{\"@id\":\"https:\/\/elpuucnoticias.com\/#website\"},\"primaryImageOfPage\":{\"@id\":\"https:\/\/elpuucnoticias.com\/?p=1187#primaryimage\"},\"datePublished\":\"2022-04-21T20:30:40+00:00\",\"dateModified\":\"2022-04-21T20:30:42+00:00\",\"author\":{\"@id\":\"https:\/\/elpuucnoticias.com\/#\/schema\/person\/d2ea09e4c97f0160b11cdfb1d856bd9e\"},\"breadcrumb\":{\"@id\":\"https:\/\/elpuucnoticias.com\/?p=1187#breadcrumb\"},\"inLanguage\":\"es\",\"potentialAction\":[{\"@type\":\"ReadAction\",\"target\":[\"https:\/\/elpuucnoticias.com\/?p=1187\"]}]},{\"@type\":\"BreadcrumbList\",\"@id\":\"https:\/\/elpuucnoticias.com\/?p=1187#breadcrumb\",\"itemListElement\":[{\"@type\":\"ListItem\",\"position\":1,\"name\":\"Portada\",\"item\":\"https:\/\/elpuucnoticias.com\/\"},{\"@type\":\"ListItem\",\"position\":2,\"name\":\"Oxkutzcab celebrar\u00e1 a la Santa Cruz del 21 al 26 de abril. Protecci\u00f3n Civil realiza la verificaci\u00f3n de los palcos para las corridas\"}]},{\"@type\":\"Person\",\"@id\":\"https:\/\/elpuucnoticias.com\/#\/schema\/person\/d2ea09e4c97f0160b11cdfb1d856bd9e\",\"name\":\"elpuucnoticias\",\"image\":{\"@type\":\"ImageObject\",\"@id\":\"https:\/\/elpuucnoticias.com\/#personlogo\",\"inLanguage\":\"es\",\"url\":\"https:\/\/secure.gravatar.com\/avatar\/5290a43657c74ffa15701dbe5b846bd85cc71930d803c84e91046a7333de6ce2?s=96&d=mm&r=g\",\"contentUrl\":\"https:\/\/secure.gravatar.com\/avatar\/5290a43657c74ffa15701dbe5b846bd85cc71930d803c84e91046a7333de6ce2?s=96&d=mm&r=g\",\"caption\":\"elpuucnoticias\"},\"sameAs\":[\"https:\/\/elpuucnoticias.com\"],\"url\":\"https:\/\/elpuucnoticias.com\/?author=1\"}]}<\/script>\n<!-- \/ Yoast SEO plugin. -->","yoast_head_json":{"title":"Oxkutzcab celebrar\u00e1 a la Santa Cruz del 21 al 26 de abril. Protecci\u00f3n Civil realiza la verificaci\u00f3n de los palcos para las corridas - El Puuc Noticias","robots":{"index":"index","follow":"follow","max-snippet":"max-snippet:-1","max-image-preview":"max-image-preview:large","max-video-preview":"max-video-preview:-1"},"canonical":"https:\/\/elpuucnoticias.com\/?p=1187","og_locale":"es_ES","og_type":"article","og_title":"Oxkutzcab celebrar\u00e1 a la Santa Cruz del 21 al 26 de abril. Protecci\u00f3n Civil realiza la verificaci\u00f3n de los palcos para las corridas - El Puuc Noticias","og_description":"La Unidad Municipal de Protecci\u00f3n Civil de Oxkutzcab realiza la verificaci\u00f3n de los palcos para las corridas que","og_url":"https:\/\/elpuucnoticias.com\/?p=1187","og_site_name":"El Puuc Noticias","article_published_time":"2022-04-21T20:30:40+00:00","article_modified_time":"2022-04-21T20:30:42+00:00","og_image":[{"width":1280,"height":960,"url":"https:\/\/elpuucnoticias.com\/wp-content\/uploads\/2022\/04\/Palco01.jpg","type":"image\/jpeg"}],"twitter_card":"summary_large_image","twitter_misc":{"Escrito por":"elpuucnoticias","Tiempo de lectura":"2 minutos"},"schema":{"@context":"https:\/\/schema.org","@graph":[{"@type":"WebSite","@id":"https:\/\/elpuucnoticias.com\/#website","url":"https:\/\/elpuucnoticias.com\/","name":"El Puuc Noticias","description":"Noticias - Entretenimiento - Deportes","potentialAction":[{"@type":"SearchAction","target":{"@type":"EntryPoint","urlTemplate":"https:\/\/elpuucnoticias.com\/?s={search_term_string}"},"query-input":"required name=search_term_string"}],"inLanguage":"es"},{"@type":"ImageObject","@id":"https:\/\/elpuucnoticias.com\/?p=1187#primaryimage","inLanguage":"es","url":"https:\/\/elpuucnoticias.com\/wp-content\/uploads\/2022\/04\/Palco01.jpg","contentUrl":"https:\/\/elpuucnoticias.com\/wp-content\/uploads\/2022\/04\/Palco01.jpg","width":1280,"height":960},{"@type":"WebPage","@id":"https:\/\/elpuucnoticias.com\/?p=1187#webpage","url":"https:\/\/elpuucnoticias.com\/?p=1187","name":"Oxkutzcab celebrar\u00e1 a la Santa Cruz del 21 al 26 de abril. Protecci\u00f3n Civil realiza la verificaci\u00f3n de los palcos para las corridas - El Puuc Noticias","isPartOf":{"@id":"https:\/\/elpuucnoticias.com\/#website"},"primaryImageOfPage":{"@id":"https:\/\/elpuucnoticias.com\/?p=1187#primaryimage"},"datePublished":"2022-04-21T20:30:40+00:00","dateModified":"2022-04-21T20:30:42+00:00","author":{"@id":"https:\/\/elpuucnoticias.com\/#\/schema\/person\/d2ea09e4c97f0160b11cdfb1d856bd9e"},"breadcrumb":{"@id":"https:\/\/elpuucnoticias.com\/?p=1187#breadcrumb"},"inLanguage":"es","potentialAction":[{"@type":"ReadAction","target":["https:\/\/elpuucnoticias.com\/?p=1187"]}]},{"@type":"BreadcrumbList","@id":"https:\/\/elpuucnoticias.com\/?p=1187#breadcrumb","itemListElement":[{"@type":"ListItem","position":1,"name":"Portada","item":"https:\/\/elpuucnoticias.com\/"},{"@type":"ListItem","position":2,"name":"Oxkutzcab celebrar\u00e1 a la Santa Cruz del 21 al 26 de abril. Protecci\u00f3n Civil realiza la verificaci\u00f3n de los palcos para las corridas"}]},{"@type":"Person","@id":"https:\/\/elpuucnoticias.com\/#\/schema\/person\/d2ea09e4c97f0160b11cdfb1d856bd9e","name":"elpuucnoticias","image":{"@type":"ImageObject","@id":"https:\/\/elpuucnoticias.com\/#personlogo","inLanguage":"es","url":"https:\/\/secure.gravatar.com\/avatar\/5290a43657c74ffa15701dbe5b846bd85cc71930d803c84e91046a7333de6ce2?s=96&d=mm&r=g","contentUrl":"https:\/\/secure.gravatar.com\/avatar\/5290a43657c74ffa15701dbe5b846bd85cc71930d803c84e91046a7333de6ce2?s=96&d=mm&r=g","caption":"elpuucnoticias"},"sameAs":["https:\/\/elpuucnoticias.com"],"url":"https:\/\/elpuucnoticias.com\/?author=1"}]}},"_links":{"self":[{"href":"https:\/\/elpuucnoticias.com\/index.php?rest_route=\/wp\/v2\/posts\/1187","targetHints":{"allow":["GET"]}}],"collection":[{"href":"https:\/\/elpuucnoticias.com\/index.php?rest_route=\/wp\/v2\/posts"}],"about":[{"href":"https:\/\/elpuucnoticias.com\/index.php?rest_route=\/wp\/v2\/types\/post"}],"author":[{"embeddable":true,"href":"https:\/\/elpuucnoticias.com\/index.php?rest_route=\/wp\/v2\/users\/1"}],"replies":[{"embeddable":true,"href":"https:\/\/elpuucnoticias.com\/index.php?rest_route=%2Fwp%2Fv2%2Fcomments&post=1187"}],"version-history":[{"count":1,"href":"https:\/\/elpuucnoticias.com\/index.php?rest_route=\/wp\/v2\/posts\/1187\/revisions"}],"predecessor-version":[{"id":1190,"href":"https:\/\/elpuucnoticias.com\/index.php?rest_route=\/wp\/v2\/posts\/1187\/revisions\/1190"}],"wp:featuredmedia":[{"embeddable":true,"href":"https:\/\/elpuucnoticias.com\/index.php?rest_route=\/wp\/v2\/media\/1188"}],"wp:attachment":[{"href":"https:\/\/elpuucnoticias.com\/index.php?rest_route=%2Fwp%2Fv2%2Fmedia&parent=1187"}],"wp:term":[{"taxonomy":"category","embeddable":true,"href":"https:\/\/elpuucnoticias.com\/index.php?rest_route=%2Fwp%2Fv2%2Fcategories&post=1187"},{"taxonomy":"post_tag","embeddable":true,"href":"https:\/\/elpuucnoticias.com\/index.php?rest_route=%2Fwp%2Fv2%2Ftags&post=1187"}],"curies":[{"name":"wp","href":"https:\/\/api.w.org\/{rel}","templated":true}]}}