{"id":11879,"date":"2024-04-29T13:41:27","date_gmt":"2024-04-29T19:41:27","guid":{"rendered":"https:\/\/elpuucnoticias.com\/?p=11879"},"modified":"2024-04-29T13:41:29","modified_gmt":"2024-04-29T19:41:29","slug":"a-4-semanas-de-iniciar-las-campanas-politicas-diego-avila-fortalece-su-candidatura-a-diputado-local","status":"publish","type":"post","link":"https:\/\/elpuucnoticias.com\/?p=11879","title":{"rendered":"A 4 semanas de iniciar las campa\u00f1as politicas, Diego Avila fortalece su candidatura a diputado local."},"content":{"rendered":"\n<figure class=\"wp-block-image size-large\"><img loading=\"lazy\" decoding=\"async\" width=\"1024\" height=\"683\" src=\"https:\/\/elpuucnoticias.com\/wp-content\/uploads\/2024\/04\/whatsapp-image-2024-04-29-at-1.09.33-pm-1024x683.jpeg\" alt=\"\" class=\"wp-image-11892\" srcset=\"https:\/\/elpuucnoticias.com\/wp-content\/uploads\/2024\/04\/whatsapp-image-2024-04-29-at-1.09.33-pm-1024x683.jpeg 1024w, https:\/\/elpuucnoticias.com\/wp-content\/uploads\/2024\/04\/whatsapp-image-2024-04-29-at-1.09.33-pm-300x200.jpeg 300w, https:\/\/elpuucnoticias.com\/wp-content\/uploads\/2024\/04\/whatsapp-image-2024-04-29-at-1.09.33-pm-768x512.jpeg 768w, https:\/\/elpuucnoticias.com\/wp-content\/uploads\/2024\/04\/whatsapp-image-2024-04-29-at-1.09.33-pm-1536x1024.jpeg 1536w, https:\/\/elpuucnoticias.com\/wp-content\/uploads\/2024\/04\/whatsapp-image-2024-04-29-at-1.09.33-pm-2048x1365.jpeg 2048w, https:\/\/elpuucnoticias.com\/wp-content\/uploads\/2024\/04\/whatsapp-image-2024-04-29-at-1.09.33-pm-600x400.jpeg 600w, https:\/\/elpuucnoticias.com\/wp-content\/uploads\/2024\/04\/whatsapp-image-2024-04-29-at-1.09.33-pm-320x213.jpeg 320w\" sizes=\"auto, (max-width: 1024px) 100vw, 1024px\" \/><\/figure>\n\n\n\n<p>El candidato Diego \u00c1vila ha tenido una campa\u00f1a exitosa a 4 semanas de haber iniciado esta contienda politica por la diputaci\u00f3n local.<\/p>\n\n\n\n<p>Su campa\u00f1a es bien recibida por los ciudadanos y familias, quienes se han sumado a sus ideales.<\/p>\n\n\n\n<p>\u00abA cuatro semanas de esta campa\u00f1a nos hemos posicionado gracias al apoyo de los ciudadanos. Ya que hemos recorrido los 8 municipios que conforman este distrito\u00bb coment\u00f3.<\/p>\n\n\n\n<p>Desde el arranque de su campa\u00f1a ha visitado los municipios de Tekax, Peto, Chacsinkin, Tahdziu, Akil, Tixmehuac, Tzucacab y Teabo. En cada uno de estos lugares ha dado a conocer parte de su trabajo y lo que realizar\u00e1 por el sur del estado.<\/p>\n\n\n\n<p>Avila Romero plante\u00f3 que en cada uno de los municipios ha recibido el respaldo de las familias y de la militancia de su partido. Esto lo tiene convencido de que al sumar esfuerzos con los candidatos municipales se ver\u00e1 reflejado en las urnas el pr\u00f3ximo 02 de junio.<\/p>\n\n\n\n<p>Destac\u00f3 que promete ser un diputado cercano a la gente y al ganar las elecciones volver\u00e1 a cada uno de estos lugares para comenzar a trabajar en beneficio de estas familias.<\/p>\n\n\n\n<p>Prometi\u00f3 que el sur del estado contar\u00e1 con nuevos proyectos, ya que toda la gente merece mayores oportunidades. Por ello en el Congreso del Estado tendr\u00e1n un aliado con quien contar.<\/p>\n\n\n\n<p>\u00abAgradezco a cada una de las familias que nos han abierto las puertas de sus hogares y a quienes tambi\u00e9n se han sumado a nuestro proyecto por el sur, sabemos que unidos podremos lograr el cambio que el distrito 20 necesita\u00bb concluy\u00f3.<\/p>\n\n\n\n<p>A 4 semanas de iniciar las campa\u00f1as politicas, Diego Avila fortalece su candidatura a diputado local.<\/p>\n\n\n\n<p>El candidato Diego \u00c1vila ha tenido una campa\u00f1a exitosa a 4 semanas de haber iniciado esta contienda politica por la diputaci\u00f3n local.<\/p>\n\n\n\n<p>Su campa\u00f1a es bien recibida por los ciudadanos y familias, quienes se han sumado a sus ideales.<\/p>\n\n\n\n<p>\u00abA cuatro semanas de esta campa\u00f1a nos hemos posicionado gracias al apoyo de los ciudadanos. Ya que hemos recorrido los 8 municipios que conforman este distrito\u00bb coment\u00f3.<\/p>\n\n\n\n<p>Desde el arranque de su campa\u00f1a ha visitado los municipios de Tekax, Peto, Chacsinkin, Tahdziu, Akil, Tixmehuac, Tzucacab y Teabo. En cada uno de estos lugares ha dado a conocer parte de su trabajo y lo que realizar\u00e1 por el sur del estado.<\/p>\n\n\n\n<p>Avila Romero plante\u00f3 que en cada uno de los municipios ha recibido el respaldo de las familias y de la militancia de su partido. Esto lo tiene convencido de que al sumar esfuerzos con los candidatos municipales se ver\u00e1 reflejado en las urnas el pr\u00f3ximo 02 de junio.<\/p>\n\n\n\n<p>Destac\u00f3 que promete ser un diputado cercano a la gente y al ganar las elecciones volver\u00e1 a cada uno de estos lugares para comenzar a trabajar en beneficio de estas familias.<\/p>\n\n\n\n<p>Prometi\u00f3 que el sur del estado contar\u00e1 con nuevos proyectos, ya que toda la gente merece mayores oportunidades. Por ello en el Congreso del Estado tendr\u00e1n un aliado con quien contar.<\/p>\n\n\n\n<p>\u00abAgradezco a cada una de las familias que nos han abierto las puertas de sus hogares y a quienes tambi\u00e9n se han sumado a nuestro proyecto por el sur, sabemos que unidos podremos lograr el cambio que el distrito 20 necesita\u00bb concluy\u00f3.<\/p>\n","protected":false},"excerpt":{"rendered":"<p>El candidato Diego \u00c1vila ha tenido una campa\u00f1a exitosa a 4 semanas de haber iniciado esta contienda politica<\/p>\n","protected":false},"author":1,"featured_media":11893,"comment_status":"closed","ping_status":"open","sticky":false,"template":"","format":"standard","meta":{"_monsterinsights_skip_tracking":false,"_monsterinsights_sitenote_active":false,"_monsterinsights_sitenote_note":"","_monsterinsights_sitenote_category":0,"footnotes":""},"categories":[11,26],"tags":[],"class_list":["post-11879","post","type-post","status-publish","format-standard","has-post-thumbnail","hentry","category-noticias","category-politica"],"yoast_head":"<!-- This site is optimized with the Yoast SEO plugin v18.3 - https:\/\/yoast.com\/wordpress\/plugins\/seo\/ -->\n<title>A 4 semanas de iniciar las campa\u00f1as politicas, Diego Avila fortalece su candidatura a diputado local. - El Puuc Noticias<\/title>\n<meta name=\"robots\" content=\"index, follow, max-snippet:-1, max-image-preview:large, max-video-preview:-1\" \/>\n<link rel=\"canonical\" href=\"https:\/\/elpuucnoticias.com\/?p=11879\" \/>\n<meta property=\"og:locale\" content=\"es_ES\" \/>\n<meta property=\"og:type\" content=\"article\" \/>\n<meta property=\"og:title\" content=\"A 4 semanas de iniciar las campa\u00f1as politicas, Diego Avila fortalece su candidatura a diputado local. - El Puuc Noticias\" \/>\n<meta property=\"og:description\" content=\"El candidato Diego \u00c1vila ha tenido una campa\u00f1a exitosa a 4 semanas de haber iniciado esta contienda politica\" \/>\n<meta property=\"og:url\" content=\"https:\/\/elpuucnoticias.com\/?p=11879\" \/>\n<meta property=\"og:site_name\" content=\"El Puuc Noticias\" \/>\n<meta property=\"article:published_time\" content=\"2024-04-29T19:41:27+00:00\" \/>\n<meta property=\"article:modified_time\" content=\"2024-04-29T19:41:29+00:00\" \/>\n<meta property=\"og:image\" content=\"https:\/\/elpuucnoticias.com\/wp-content\/uploads\/2024\/04\/whatsapp-image-2024-04-29-at-1.09.33-pm-1-scaled.jpeg\" \/>\n\t<meta property=\"og:image:width\" content=\"2560\" \/>\n\t<meta property=\"og:image:height\" content=\"1706\" \/>\n\t<meta property=\"og:image:type\" content=\"image\/jpeg\" \/>\n<meta name=\"twitter:card\" content=\"summary_large_image\" \/>\n<meta name=\"twitter:label1\" content=\"Escrito por\" \/>\n\t<meta name=\"twitter:data1\" content=\"elpuucnoticias\" \/>\n\t<meta name=\"twitter:label2\" content=\"Tiempo de lectura\" \/>\n\t<meta name=\"twitter:data2\" content=\"3 minutos\" \/>\n<script type=\"application\/ld+json\" class=\"yoast-schema-graph\">{\"@context\":\"https:\/\/schema.org\",\"@graph\":[{\"@type\":\"WebSite\",\"@id\":\"https:\/\/elpuucnoticias.com\/#website\",\"url\":\"https:\/\/elpuucnoticias.com\/\",\"name\":\"El Puuc Noticias\",\"description\":\"Noticias - Entretenimiento - Deportes\",\"potentialAction\":[{\"@type\":\"SearchAction\",\"target\":{\"@type\":\"EntryPoint\",\"urlTemplate\":\"https:\/\/elpuucnoticias.com\/?s={search_term_string}\"},\"query-input\":\"required name=search_term_string\"}],\"inLanguage\":\"es\"},{\"@type\":\"ImageObject\",\"@id\":\"https:\/\/elpuucnoticias.com\/?p=11879#primaryimage\",\"inLanguage\":\"es\",\"url\":\"https:\/\/elpuucnoticias.com\/wp-content\/uploads\/2024\/04\/whatsapp-image-2024-04-29-at-1.09.33-pm-1-scaled.jpeg\",\"contentUrl\":\"https:\/\/elpuucnoticias.com\/wp-content\/uploads\/2024\/04\/whatsapp-image-2024-04-29-at-1.09.33-pm-1-scaled.jpeg\",\"width\":2560,\"height\":1706},{\"@type\":\"WebPage\",\"@id\":\"https:\/\/elpuucnoticias.com\/?p=11879#webpage\",\"url\":\"https:\/\/elpuucnoticias.com\/?p=11879\",\"name\":\"A 4 semanas de iniciar las campa\u00f1as politicas, Diego Avila fortalece su candidatura a diputado local. - El Puuc Noticias\",\"isPartOf\":{\"@id\":\"https:\/\/elpuucnoticias.com\/#website\"},\"primaryImageOfPage\":{\"@id\":\"https:\/\/elpuucnoticias.com\/?p=11879#primaryimage\"},\"datePublished\":\"2024-04-29T19:41:27+00:00\",\"dateModified\":\"2024-04-29T19:41:29+00:00\",\"author\":{\"@id\":\"https:\/\/elpuucnoticias.com\/#\/schema\/person\/d2ea09e4c97f0160b11cdfb1d856bd9e\"},\"breadcrumb\":{\"@id\":\"https:\/\/elpuucnoticias.com\/?p=11879#breadcrumb\"},\"inLanguage\":\"es\",\"potentialAction\":[{\"@type\":\"ReadAction\",\"target\":[\"https:\/\/elpuucnoticias.com\/?p=11879\"]}]},{\"@type\":\"BreadcrumbList\",\"@id\":\"https:\/\/elpuucnoticias.com\/?p=11879#breadcrumb\",\"itemListElement\":[{\"@type\":\"ListItem\",\"position\":1,\"name\":\"Portada\",\"item\":\"https:\/\/elpuucnoticias.com\/\"},{\"@type\":\"ListItem\",\"position\":2,\"name\":\"A 4 semanas de iniciar las campa\u00f1as politicas, Diego Avila fortalece su candidatura a diputado local.\"}]},{\"@type\":\"Person\",\"@id\":\"https:\/\/elpuucnoticias.com\/#\/schema\/person\/d2ea09e4c97f0160b11cdfb1d856bd9e\",\"name\":\"elpuucnoticias\",\"image\":{\"@type\":\"ImageObject\",\"@id\":\"https:\/\/elpuucnoticias.com\/#personlogo\",\"inLanguage\":\"es\",\"url\":\"https:\/\/secure.gravatar.com\/avatar\/5290a43657c74ffa15701dbe5b846bd85cc71930d803c84e91046a7333de6ce2?s=96&d=mm&r=g\",\"contentUrl\":\"https:\/\/secure.gravatar.com\/avatar\/5290a43657c74ffa15701dbe5b846bd85cc71930d803c84e91046a7333de6ce2?s=96&d=mm&r=g\",\"caption\":\"elpuucnoticias\"},\"sameAs\":[\"https:\/\/elpuucnoticias.com\"],\"url\":\"https:\/\/elpuucnoticias.com\/?author=1\"}]}<\/script>\n<!-- \/ Yoast SEO plugin. -->","yoast_head_json":{"title":"A 4 semanas de iniciar las campa\u00f1as politicas, Diego Avila fortalece su candidatura a diputado local. - El Puuc Noticias","robots":{"index":"index","follow":"follow","max-snippet":"max-snippet:-1","max-image-preview":"max-image-preview:large","max-video-preview":"max-video-preview:-1"},"canonical":"https:\/\/elpuucnoticias.com\/?p=11879","og_locale":"es_ES","og_type":"article","og_title":"A 4 semanas de iniciar las campa\u00f1as politicas, Diego Avila fortalece su candidatura a diputado local. - El Puuc Noticias","og_description":"El candidato Diego \u00c1vila ha tenido una campa\u00f1a exitosa a 4 semanas de haber iniciado esta contienda politica","og_url":"https:\/\/elpuucnoticias.com\/?p=11879","og_site_name":"El Puuc Noticias","article_published_time":"2024-04-29T19:41:27+00:00","article_modified_time":"2024-04-29T19:41:29+00:00","og_image":[{"width":2560,"height":1706,"url":"https:\/\/elpuucnoticias.com\/wp-content\/uploads\/2024\/04\/whatsapp-image-2024-04-29-at-1.09.33-pm-1-scaled.jpeg","type":"image\/jpeg"}],"twitter_card":"summary_large_image","twitter_misc":{"Escrito por":"elpuucnoticias","Tiempo de lectura":"3 minutos"},"schema":{"@context":"https:\/\/schema.org","@graph":[{"@type":"WebSite","@id":"https:\/\/elpuucnoticias.com\/#website","url":"https:\/\/elpuucnoticias.com\/","name":"El Puuc Noticias","description":"Noticias - Entretenimiento - Deportes","potentialAction":[{"@type":"SearchAction","target":{"@type":"EntryPoint","urlTemplate":"https:\/\/elpuucnoticias.com\/?s={search_term_string}"},"query-input":"required name=search_term_string"}],"inLanguage":"es"},{"@type":"ImageObject","@id":"https:\/\/elpuucnoticias.com\/?p=11879#primaryimage","inLanguage":"es","url":"https:\/\/elpuucnoticias.com\/wp-content\/uploads\/2024\/04\/whatsapp-image-2024-04-29-at-1.09.33-pm-1-scaled.jpeg","contentUrl":"https:\/\/elpuucnoticias.com\/wp-content\/uploads\/2024\/04\/whatsapp-image-2024-04-29-at-1.09.33-pm-1-scaled.jpeg","width":2560,"height":1706},{"@type":"WebPage","@id":"https:\/\/elpuucnoticias.com\/?p=11879#webpage","url":"https:\/\/elpuucnoticias.com\/?p=11879","name":"A 4 semanas de iniciar las campa\u00f1as politicas, Diego Avila fortalece su candidatura a diputado local. - El Puuc Noticias","isPartOf":{"@id":"https:\/\/elpuucnoticias.com\/#website"},"primaryImageOfPage":{"@id":"https:\/\/elpuucnoticias.com\/?p=11879#primaryimage"},"datePublished":"2024-04-29T19:41:27+00:00","dateModified":"2024-04-29T19:41:29+00:00","author":{"@id":"https:\/\/elpuucnoticias.com\/#\/schema\/person\/d2ea09e4c97f0160b11cdfb1d856bd9e"},"breadcrumb":{"@id":"https:\/\/elpuucnoticias.com\/?p=11879#breadcrumb"},"inLanguage":"es","potentialAction":[{"@type":"ReadAction","target":["https:\/\/elpuucnoticias.com\/?p=11879"]}]},{"@type":"BreadcrumbList","@id":"https:\/\/elpuucnoticias.com\/?p=11879#breadcrumb","itemListElement":[{"@type":"ListItem","position":1,"name":"Portada","item":"https:\/\/elpuucnoticias.com\/"},{"@type":"ListItem","position":2,"name":"A 4 semanas de iniciar las campa\u00f1as politicas, Diego Avila fortalece su candidatura a diputado local."}]},{"@type":"Person","@id":"https:\/\/elpuucnoticias.com\/#\/schema\/person\/d2ea09e4c97f0160b11cdfb1d856bd9e","name":"elpuucnoticias","image":{"@type":"ImageObject","@id":"https:\/\/elpuucnoticias.com\/#personlogo","inLanguage":"es","url":"https:\/\/secure.gravatar.com\/avatar\/5290a43657c74ffa15701dbe5b846bd85cc71930d803c84e91046a7333de6ce2?s=96&d=mm&r=g","contentUrl":"https:\/\/secure.gravatar.com\/avatar\/5290a43657c74ffa15701dbe5b846bd85cc71930d803c84e91046a7333de6ce2?s=96&d=mm&r=g","caption":"elpuucnoticias"},"sameAs":["https:\/\/elpuucnoticias.com"],"url":"https:\/\/elpuucnoticias.com\/?author=1"}]}},"_links":{"self":[{"href":"https:\/\/elpuucnoticias.com\/index.php?rest_route=\/wp\/v2\/posts\/11879","targetHints":{"allow":["GET"]}}],"collection":[{"href":"https:\/\/elpuucnoticias.com\/index.php?rest_route=\/wp\/v2\/posts"}],"about":[{"href":"https:\/\/elpuucnoticias.com\/index.php?rest_route=\/wp\/v2\/types\/post"}],"author":[{"embeddable":true,"href":"https:\/\/elpuucnoticias.com\/index.php?rest_route=\/wp\/v2\/users\/1"}],"replies":[{"embeddable":true,"href":"https:\/\/elpuucnoticias.com\/index.php?rest_route=%2Fwp%2Fv2%2Fcomments&post=11879"}],"version-history":[{"count":1,"href":"https:\/\/elpuucnoticias.com\/index.php?rest_route=\/wp\/v2\/posts\/11879\/revisions"}],"predecessor-version":[{"id":11894,"href":"https:\/\/elpuucnoticias.com\/index.php?rest_route=\/wp\/v2\/posts\/11879\/revisions\/11894"}],"wp:featuredmedia":[{"embeddable":true,"href":"https:\/\/elpuucnoticias.com\/index.php?rest_route=\/wp\/v2\/media\/11893"}],"wp:attachment":[{"href":"https:\/\/elpuucnoticias.com\/index.php?rest_route=%2Fwp%2Fv2%2Fmedia&parent=11879"}],"wp:term":[{"taxonomy":"category","embeddable":true,"href":"https:\/\/elpuucnoticias.com\/index.php?rest_route=%2Fwp%2Fv2%2Fcategories&post=11879"},{"taxonomy":"post_tag","embeddable":true,"href":"https:\/\/elpuucnoticias.com\/index.php?rest_route=%2Fwp%2Fv2%2Ftags&post=11879"}],"curies":[{"name":"wp","href":"https:\/\/api.w.org\/{rel}","templated":true}]}}