{"id":1206,"date":"2022-04-23T02:35:14","date_gmt":"2022-04-23T08:35:14","guid":{"rendered":"https:\/\/elpuucnoticias.com\/?p=1206"},"modified":"2022-04-23T02:35:16","modified_gmt":"2022-04-23T08:35:16","slug":"tras-dos-anos-de-pandemia-el-barrio-de-la-mejorada-de-oxkutzcab-vuelve-a-celebrar-su-fiesta-tradicional","status":"publish","type":"post","link":"https:\/\/elpuucnoticias.com\/?p=1206","title":{"rendered":"Tras dos a\u00f1os de pandemia, el barrio de La Mejorada de Oxkutzcab vuelve a celebrar su fiesta tradicional"},"content":{"rendered":"\n<p>Con la coronaci\u00f3n de Guadalupe Ram\u00edrez Dzul, como reina de la Fiesta Tradicional del Barrio de la Mejorada, a cargo del alcalde, Juan Jos\u00e9 Mart\u00edn Fragoso y su esposa \u00c1ngeles Novelo Caamal, presidenta del DIF Municipal, se retomaron las festividades tradicionales en Oxkutzcab tras dos a\u00f1os de pandemia.<\/p>\n\n\n\n<figure class=\"wp-block-image size-large\"><img loading=\"lazy\" decoding=\"async\" width=\"1024\" height=\"819\" src=\"https:\/\/elpuucnoticias.com\/wp-content\/uploads\/2022\/04\/IMG_0927-1024x819.jpg\" alt=\"\" class=\"wp-image-1208\" srcset=\"https:\/\/elpuucnoticias.com\/wp-content\/uploads\/2022\/04\/IMG_0927-1024x819.jpg 1024w, https:\/\/elpuucnoticias.com\/wp-content\/uploads\/2022\/04\/IMG_0927-300x240.jpg 300w, https:\/\/elpuucnoticias.com\/wp-content\/uploads\/2022\/04\/IMG_0927-768x614.jpg 768w, https:\/\/elpuucnoticias.com\/wp-content\/uploads\/2022\/04\/IMG_0927-1536x1229.jpg 1536w, https:\/\/elpuucnoticias.com\/wp-content\/uploads\/2022\/04\/IMG_0927-2048x1639.jpg 2048w\" sizes=\"auto, (max-width: 1024px) 100vw, 1024px\" \/><\/figure>\n\n\n\n<p>Tras el corte de list\u00f3n, el presidente municipal, Juan Mart\u00edn Fragoso, se agradeci\u00f3 la invitaci\u00f3n de los organizadores, Mario Antonio Pacheco \u00c1vila, Manuel Maga\u00f1a Cuxim y Antonio Ram\u00edrez Maga\u00f1a, porque luego de dos a\u00f1os regresan las fiestas populares.<\/p>\n\n\n\n<p>El primer edil pidi\u00f3 que los eventos se realicen con responsabilidad, para cuidar a las familias que acuden a divertirse y as\u00ed darle realce a las tradiciones.<\/p>\n\n\n\n<figure class=\"wp-block-image size-large\"><img loading=\"lazy\" decoding=\"async\" width=\"1024\" height=\"819\" src=\"https:\/\/elpuucnoticias.com\/wp-content\/uploads\/2022\/04\/IMG_0973-1024x819.jpg\" alt=\"\" class=\"wp-image-1209\" srcset=\"https:\/\/elpuucnoticias.com\/wp-content\/uploads\/2022\/04\/IMG_0973-1024x819.jpg 1024w, https:\/\/elpuucnoticias.com\/wp-content\/uploads\/2022\/04\/IMG_0973-300x240.jpg 300w, https:\/\/elpuucnoticias.com\/wp-content\/uploads\/2022\/04\/IMG_0973-768x614.jpg 768w, https:\/\/elpuucnoticias.com\/wp-content\/uploads\/2022\/04\/IMG_0973-1536x1229.jpg 1536w, https:\/\/elpuucnoticias.com\/wp-content\/uploads\/2022\/04\/IMG_0973-2048x1638.jpg 2048w\" sizes=\"auto, (max-width: 1024px) 100vw, 1024px\" \/><\/figure>\n\n\n\n<p>La festividad dio inicio con una vaquer\u00eda amenizada por la orquesta jaranera La Perla del Sur, con una nutrida participaci\u00f3n de jaraneros del Sur.<\/p>\n\n\n\n<p>Se anuncian adem\u00e1s, corridas de toros, bailes populares, tardeadas, entre otras actividades.\u2014 <em>El Puuc Noticias<\/em><\/p>\n","protected":false},"excerpt":{"rendered":"<p>Con la coronaci\u00f3n de Guadalupe Ram\u00edrez Dzul, como reina de la Fiesta Tradicional del Barrio de la Mejorada,<\/p>\n","protected":false},"author":1,"featured_media":1207,"comment_status":"closed","ping_status":"open","sticky":false,"template":"","format":"standard","meta":{"_monsterinsights_skip_tracking":false,"_monsterinsights_sitenote_active":false,"_monsterinsights_sitenote_note":"","_monsterinsights_sitenote_category":0,"footnotes":""},"categories":[11,14],"tags":[],"class_list":["post-1206","post","type-post","status-publish","format-standard","has-post-thumbnail","hentry","category-noticias","category-oxkutzcab"],"yoast_head":"<!-- This site is optimized with the Yoast SEO plugin v18.3 - https:\/\/yoast.com\/wordpress\/plugins\/seo\/ -->\n<title>Tras dos a\u00f1os de pandemia, el barrio de La Mejorada de Oxkutzcab vuelve a celebrar su fiesta tradicional - El Puuc Noticias<\/title>\n<meta name=\"robots\" content=\"index, follow, max-snippet:-1, max-image-preview:large, max-video-preview:-1\" \/>\n<link rel=\"canonical\" href=\"https:\/\/elpuucnoticias.com\/?p=1206\" \/>\n<meta property=\"og:locale\" content=\"es_ES\" \/>\n<meta property=\"og:type\" content=\"article\" \/>\n<meta property=\"og:title\" content=\"Tras dos a\u00f1os de pandemia, el barrio de La Mejorada de Oxkutzcab vuelve a celebrar su fiesta tradicional - El Puuc Noticias\" \/>\n<meta property=\"og:description\" content=\"Con la coronaci\u00f3n de Guadalupe Ram\u00edrez Dzul, como reina de la Fiesta Tradicional del Barrio de la Mejorada,\" \/>\n<meta property=\"og:url\" content=\"https:\/\/elpuucnoticias.com\/?p=1206\" \/>\n<meta property=\"og:site_name\" content=\"El Puuc Noticias\" \/>\n<meta property=\"article:published_time\" content=\"2022-04-23T08:35:14+00:00\" \/>\n<meta property=\"article:modified_time\" content=\"2022-04-23T08:35:16+00:00\" \/>\n<meta property=\"og:image\" content=\"https:\/\/elpuucnoticias.com\/wp-content\/uploads\/2022\/04\/IMG_0949-scaled.jpg\" \/>\n\t<meta property=\"og:image:width\" content=\"2560\" \/>\n\t<meta property=\"og:image:height\" content=\"2048\" \/>\n\t<meta property=\"og:image:type\" content=\"image\/jpeg\" \/>\n<meta name=\"twitter:card\" content=\"summary_large_image\" \/>\n<meta name=\"twitter:label1\" content=\"Escrito por\" \/>\n\t<meta name=\"twitter:data1\" content=\"elpuucnoticias\" \/>\n\t<meta name=\"twitter:label2\" content=\"Tiempo de lectura\" \/>\n\t<meta name=\"twitter:data2\" content=\"2 minutos\" \/>\n<script type=\"application\/ld+json\" class=\"yoast-schema-graph\">{\"@context\":\"https:\/\/schema.org\",\"@graph\":[{\"@type\":\"WebSite\",\"@id\":\"https:\/\/elpuucnoticias.com\/#website\",\"url\":\"https:\/\/elpuucnoticias.com\/\",\"name\":\"El Puuc Noticias\",\"description\":\"Noticias - Entretenimiento - Deportes\",\"potentialAction\":[{\"@type\":\"SearchAction\",\"target\":{\"@type\":\"EntryPoint\",\"urlTemplate\":\"https:\/\/elpuucnoticias.com\/?s={search_term_string}\"},\"query-input\":\"required name=search_term_string\"}],\"inLanguage\":\"es\"},{\"@type\":\"ImageObject\",\"@id\":\"https:\/\/elpuucnoticias.com\/?p=1206#primaryimage\",\"inLanguage\":\"es\",\"url\":\"https:\/\/elpuucnoticias.com\/wp-content\/uploads\/2022\/04\/IMG_0949-scaled.jpg\",\"contentUrl\":\"https:\/\/elpuucnoticias.com\/wp-content\/uploads\/2022\/04\/IMG_0949-scaled.jpg\",\"width\":2560,\"height\":2048},{\"@type\":\"WebPage\",\"@id\":\"https:\/\/elpuucnoticias.com\/?p=1206#webpage\",\"url\":\"https:\/\/elpuucnoticias.com\/?p=1206\",\"name\":\"Tras dos a\u00f1os de pandemia, el barrio de La Mejorada de Oxkutzcab vuelve a celebrar su fiesta tradicional - El Puuc Noticias\",\"isPartOf\":{\"@id\":\"https:\/\/elpuucnoticias.com\/#website\"},\"primaryImageOfPage\":{\"@id\":\"https:\/\/elpuucnoticias.com\/?p=1206#primaryimage\"},\"datePublished\":\"2022-04-23T08:35:14+00:00\",\"dateModified\":\"2022-04-23T08:35:16+00:00\",\"author\":{\"@id\":\"https:\/\/elpuucnoticias.com\/#\/schema\/person\/d2ea09e4c97f0160b11cdfb1d856bd9e\"},\"breadcrumb\":{\"@id\":\"https:\/\/elpuucnoticias.com\/?p=1206#breadcrumb\"},\"inLanguage\":\"es\",\"potentialAction\":[{\"@type\":\"ReadAction\",\"target\":[\"https:\/\/elpuucnoticias.com\/?p=1206\"]}]},{\"@type\":\"BreadcrumbList\",\"@id\":\"https:\/\/elpuucnoticias.com\/?p=1206#breadcrumb\",\"itemListElement\":[{\"@type\":\"ListItem\",\"position\":1,\"name\":\"Portada\",\"item\":\"https:\/\/elpuucnoticias.com\/\"},{\"@type\":\"ListItem\",\"position\":2,\"name\":\"Tras dos a\u00f1os de pandemia, el barrio de La Mejorada de Oxkutzcab vuelve a celebrar su fiesta tradicional\"}]},{\"@type\":\"Person\",\"@id\":\"https:\/\/elpuucnoticias.com\/#\/schema\/person\/d2ea09e4c97f0160b11cdfb1d856bd9e\",\"name\":\"elpuucnoticias\",\"image\":{\"@type\":\"ImageObject\",\"@id\":\"https:\/\/elpuucnoticias.com\/#personlogo\",\"inLanguage\":\"es\",\"url\":\"https:\/\/secure.gravatar.com\/avatar\/5290a43657c74ffa15701dbe5b846bd85cc71930d803c84e91046a7333de6ce2?s=96&d=mm&r=g\",\"contentUrl\":\"https:\/\/secure.gravatar.com\/avatar\/5290a43657c74ffa15701dbe5b846bd85cc71930d803c84e91046a7333de6ce2?s=96&d=mm&r=g\",\"caption\":\"elpuucnoticias\"},\"sameAs\":[\"https:\/\/elpuucnoticias.com\"],\"url\":\"https:\/\/elpuucnoticias.com\/?author=1\"}]}<\/script>\n<!-- \/ Yoast SEO plugin. -->","yoast_head_json":{"title":"Tras dos a\u00f1os de pandemia, el barrio de La Mejorada de Oxkutzcab vuelve a celebrar su fiesta tradicional - El Puuc Noticias","robots":{"index":"index","follow":"follow","max-snippet":"max-snippet:-1","max-image-preview":"max-image-preview:large","max-video-preview":"max-video-preview:-1"},"canonical":"https:\/\/elpuucnoticias.com\/?p=1206","og_locale":"es_ES","og_type":"article","og_title":"Tras dos a\u00f1os de pandemia, el barrio de La Mejorada de Oxkutzcab vuelve a celebrar su fiesta tradicional - El Puuc Noticias","og_description":"Con la coronaci\u00f3n de Guadalupe Ram\u00edrez Dzul, como reina de la Fiesta Tradicional del Barrio de la Mejorada,","og_url":"https:\/\/elpuucnoticias.com\/?p=1206","og_site_name":"El Puuc Noticias","article_published_time":"2022-04-23T08:35:14+00:00","article_modified_time":"2022-04-23T08:35:16+00:00","og_image":[{"width":2560,"height":2048,"url":"https:\/\/elpuucnoticias.com\/wp-content\/uploads\/2022\/04\/IMG_0949-scaled.jpg","type":"image\/jpeg"}],"twitter_card":"summary_large_image","twitter_misc":{"Escrito por":"elpuucnoticias","Tiempo de lectura":"2 minutos"},"schema":{"@context":"https:\/\/schema.org","@graph":[{"@type":"WebSite","@id":"https:\/\/elpuucnoticias.com\/#website","url":"https:\/\/elpuucnoticias.com\/","name":"El Puuc Noticias","description":"Noticias - Entretenimiento - Deportes","potentialAction":[{"@type":"SearchAction","target":{"@type":"EntryPoint","urlTemplate":"https:\/\/elpuucnoticias.com\/?s={search_term_string}"},"query-input":"required name=search_term_string"}],"inLanguage":"es"},{"@type":"ImageObject","@id":"https:\/\/elpuucnoticias.com\/?p=1206#primaryimage","inLanguage":"es","url":"https:\/\/elpuucnoticias.com\/wp-content\/uploads\/2022\/04\/IMG_0949-scaled.jpg","contentUrl":"https:\/\/elpuucnoticias.com\/wp-content\/uploads\/2022\/04\/IMG_0949-scaled.jpg","width":2560,"height":2048},{"@type":"WebPage","@id":"https:\/\/elpuucnoticias.com\/?p=1206#webpage","url":"https:\/\/elpuucnoticias.com\/?p=1206","name":"Tras dos a\u00f1os de pandemia, el barrio de La Mejorada de Oxkutzcab vuelve a celebrar su fiesta tradicional - El Puuc Noticias","isPartOf":{"@id":"https:\/\/elpuucnoticias.com\/#website"},"primaryImageOfPage":{"@id":"https:\/\/elpuucnoticias.com\/?p=1206#primaryimage"},"datePublished":"2022-04-23T08:35:14+00:00","dateModified":"2022-04-23T08:35:16+00:00","author":{"@id":"https:\/\/elpuucnoticias.com\/#\/schema\/person\/d2ea09e4c97f0160b11cdfb1d856bd9e"},"breadcrumb":{"@id":"https:\/\/elpuucnoticias.com\/?p=1206#breadcrumb"},"inLanguage":"es","potentialAction":[{"@type":"ReadAction","target":["https:\/\/elpuucnoticias.com\/?p=1206"]}]},{"@type":"BreadcrumbList","@id":"https:\/\/elpuucnoticias.com\/?p=1206#breadcrumb","itemListElement":[{"@type":"ListItem","position":1,"name":"Portada","item":"https:\/\/elpuucnoticias.com\/"},{"@type":"ListItem","position":2,"name":"Tras dos a\u00f1os de pandemia, el barrio de La Mejorada de Oxkutzcab vuelve a celebrar su fiesta tradicional"}]},{"@type":"Person","@id":"https:\/\/elpuucnoticias.com\/#\/schema\/person\/d2ea09e4c97f0160b11cdfb1d856bd9e","name":"elpuucnoticias","image":{"@type":"ImageObject","@id":"https:\/\/elpuucnoticias.com\/#personlogo","inLanguage":"es","url":"https:\/\/secure.gravatar.com\/avatar\/5290a43657c74ffa15701dbe5b846bd85cc71930d803c84e91046a7333de6ce2?s=96&d=mm&r=g","contentUrl":"https:\/\/secure.gravatar.com\/avatar\/5290a43657c74ffa15701dbe5b846bd85cc71930d803c84e91046a7333de6ce2?s=96&d=mm&r=g","caption":"elpuucnoticias"},"sameAs":["https:\/\/elpuucnoticias.com"],"url":"https:\/\/elpuucnoticias.com\/?author=1"}]}},"_links":{"self":[{"href":"https:\/\/elpuucnoticias.com\/index.php?rest_route=\/wp\/v2\/posts\/1206","targetHints":{"allow":["GET"]}}],"collection":[{"href":"https:\/\/elpuucnoticias.com\/index.php?rest_route=\/wp\/v2\/posts"}],"about":[{"href":"https:\/\/elpuucnoticias.com\/index.php?rest_route=\/wp\/v2\/types\/post"}],"author":[{"embeddable":true,"href":"https:\/\/elpuucnoticias.com\/index.php?rest_route=\/wp\/v2\/users\/1"}],"replies":[{"embeddable":true,"href":"https:\/\/elpuucnoticias.com\/index.php?rest_route=%2Fwp%2Fv2%2Fcomments&post=1206"}],"version-history":[{"count":1,"href":"https:\/\/elpuucnoticias.com\/index.php?rest_route=\/wp\/v2\/posts\/1206\/revisions"}],"predecessor-version":[{"id":1210,"href":"https:\/\/elpuucnoticias.com\/index.php?rest_route=\/wp\/v2\/posts\/1206\/revisions\/1210"}],"wp:featuredmedia":[{"embeddable":true,"href":"https:\/\/elpuucnoticias.com\/index.php?rest_route=\/wp\/v2\/media\/1207"}],"wp:attachment":[{"href":"https:\/\/elpuucnoticias.com\/index.php?rest_route=%2Fwp%2Fv2%2Fmedia&parent=1206"}],"wp:term":[{"taxonomy":"category","embeddable":true,"href":"https:\/\/elpuucnoticias.com\/index.php?rest_route=%2Fwp%2Fv2%2Fcategories&post=1206"},{"taxonomy":"post_tag","embeddable":true,"href":"https:\/\/elpuucnoticias.com\/index.php?rest_route=%2Fwp%2Fv2%2Ftags&post=1206"}],"curies":[{"name":"wp","href":"https:\/\/api.w.org\/{rel}","templated":true}]}}