{"id":12124,"date":"2024-05-07T11:23:54","date_gmt":"2024-05-07T17:23:54","guid":{"rendered":"https:\/\/elpuucnoticias.com\/?p=12124"},"modified":"2024-05-07T11:23:55","modified_gmt":"2024-05-07T17:23:55","slug":"la-primaria-onofre-bacelis-conmemora-la-batalla-de-puebla","status":"publish","type":"post","link":"https:\/\/elpuucnoticias.com\/?p=12124","title":{"rendered":"La primaria Onofre bacelis conmemora la Batalla de Puebla"},"content":{"rendered":"\n<p>El d\u00eda de hoy durante los honores a la bandera en<br>la escuela primaria estatal \u201cOnofre bacelis\u201d se rindi\u00f3 un homenaje en conmemoraci\u00f3n de la<br>batalla de Puebla del pasado 5 de mayo, al t\u00e9rmino de la misma el director Jairo Valent\u00edn<br>G\u00f3ngora Chan reconoci\u00f3 la destacada participaci\u00f3n de la alumna Karen Renata Canche Uc en<br>el concurso de las \u201cOlimpiadas de las Matem\u00e1ticas\u201d.<\/p>\n\n\n\n<figure class=\"wp-block-gallery has-nested-images columns-default is-cropped wp-block-gallery-1 is-layout-flex wp-block-gallery-is-layout-flex\">\n<figure class=\"wp-block-image size-large\"><img loading=\"lazy\" decoding=\"async\" width=\"576\" height=\"1024\" data-id=\"12125\" src=\"https:\/\/elpuucnoticias.com\/wp-content\/uploads\/2024\/05\/whatsapp-image-2024-05-07-at-11.04.20-am-1-576x1024.jpeg\" alt=\"\" class=\"wp-image-12125\" srcset=\"https:\/\/elpuucnoticias.com\/wp-content\/uploads\/2024\/05\/whatsapp-image-2024-05-07-at-11.04.20-am-1-576x1024.jpeg 576w, https:\/\/elpuucnoticias.com\/wp-content\/uploads\/2024\/05\/whatsapp-image-2024-05-07-at-11.04.20-am-1-169x300.jpeg 169w, https:\/\/elpuucnoticias.com\/wp-content\/uploads\/2024\/05\/whatsapp-image-2024-05-07-at-11.04.20-am-1-768x1365.jpeg 768w, https:\/\/elpuucnoticias.com\/wp-content\/uploads\/2024\/05\/whatsapp-image-2024-05-07-at-11.04.20-am-1-864x1536.jpeg 864w, https:\/\/elpuucnoticias.com\/wp-content\/uploads\/2024\/05\/whatsapp-image-2024-05-07-at-11.04.20-am-1-180x320.jpeg 180w, https:\/\/elpuucnoticias.com\/wp-content\/uploads\/2024\/05\/whatsapp-image-2024-05-07-at-11.04.20-am-1.jpeg 900w\" sizes=\"auto, (max-width: 576px) 100vw, 576px\" \/><\/figure>\n\n\n\n<figure class=\"wp-block-image size-large\"><img loading=\"lazy\" decoding=\"async\" width=\"576\" height=\"1024\" data-id=\"12126\" src=\"https:\/\/elpuucnoticias.com\/wp-content\/uploads\/2024\/05\/whatsapp-image-2024-05-07-at-11.04.21-am-576x1024.jpeg\" alt=\"\" class=\"wp-image-12126\" srcset=\"https:\/\/elpuucnoticias.com\/wp-content\/uploads\/2024\/05\/whatsapp-image-2024-05-07-at-11.04.21-am-576x1024.jpeg 576w, https:\/\/elpuucnoticias.com\/wp-content\/uploads\/2024\/05\/whatsapp-image-2024-05-07-at-11.04.21-am-169x300.jpeg 169w, https:\/\/elpuucnoticias.com\/wp-content\/uploads\/2024\/05\/whatsapp-image-2024-05-07-at-11.04.21-am-768x1365.jpeg 768w, https:\/\/elpuucnoticias.com\/wp-content\/uploads\/2024\/05\/whatsapp-image-2024-05-07-at-11.04.21-am-864x1536.jpeg 864w, https:\/\/elpuucnoticias.com\/wp-content\/uploads\/2024\/05\/whatsapp-image-2024-05-07-at-11.04.21-am-180x320.jpeg 180w, https:\/\/elpuucnoticias.com\/wp-content\/uploads\/2024\/05\/whatsapp-image-2024-05-07-at-11.04.21-am.jpeg 900w\" sizes=\"auto, (max-width: 576px) 100vw, 576px\" \/><\/figure>\n<\/figure>\n\n\n\n<p><br>En primera instancia fue seleccionada en<br>la fase escolar, seguidamente particip\u00f3 en la fase zona y, el pasado 20 de abril del a\u00f1o en<br>curso represent\u00f3 a la zona 081 en la fase estatal, en el cual obtuvo un lugar entre los ganadores.<\/p>\n\n\n\n<p><br>Estar\u00e1 en preparaci\u00f3n por medio de curso-taller impartido por la Facultad de Matem\u00e1ticas de la Universidad Aut\u00f3noma de Yucat\u00e1n, con la intenci\u00f3n de ser seleccionado para representar al estado en la fase nacional de las olimpiadas matem\u00e1ticas.<\/p>\n\n\n\n<p><br>Karen destaca entre los mejores 10 matem\u00e1ticos infantiles de escuelas publicas y privadas del estado. <\/p>\n\n\n\n<p>Cabe mencionar que la alumna es<br>hija del maestro en matem\u00e1ticas Ren\u00e9 Aar\u00f3n Canch\u00e9, destacado docente en la ciudad de<br>Tekax, qui\u00e9n recibi\u00f3 un asesoramiento para el merecido logro, aunado a eso es alumna<br>destacada de la escuela arriba mencionada y est\u00e1 inscrita en el 5\u00b0 \u201cA\u201d con la maestra Lourdes<br>Victoria Mendoza P\u00e9rez, quien tambi\u00e9n recibi\u00f3 una orientaci\u00f3n y capacitaci\u00f3n para la<br>encomienda realizada.<\/p>\n\n\n\n<p>La escuela \u201cOnofre Bacelis\u201d hace p\u00fablico este reconocimiento y valora<br>el logro alcanzado por la estudiante, poniendo en alto el nombre de Tekax y la comunidad estudiantil del sureste.<\/p>\n","protected":false},"excerpt":{"rendered":"<p>El d\u00eda de hoy durante los honores a la bandera enla escuela primaria estatal \u201cOnofre bacelis\u201d se rindi\u00f3<\/p>\n","protected":false},"author":1,"featured_media":12127,"comment_status":"closed","ping_status":"open","sticky":false,"template":"","format":"standard","meta":{"_monsterinsights_skip_tracking":false,"_monsterinsights_sitenote_active":false,"_monsterinsights_sitenote_note":"","_monsterinsights_sitenote_category":0,"footnotes":""},"categories":[11,4],"tags":[],"class_list":["post-12124","post","type-post","status-publish","format-standard","has-post-thumbnail","hentry","category-noticias","category-tekax"],"yoast_head":"<!-- This site is optimized with the Yoast SEO plugin v18.3 - https:\/\/yoast.com\/wordpress\/plugins\/seo\/ -->\n<title>La primaria Onofre bacelis conmemora la Batalla de Puebla - El Puuc Noticias<\/title>\n<meta name=\"robots\" content=\"index, follow, max-snippet:-1, max-image-preview:large, max-video-preview:-1\" \/>\n<link rel=\"canonical\" href=\"https:\/\/elpuucnoticias.com\/?p=12124\" \/>\n<meta property=\"og:locale\" content=\"es_ES\" \/>\n<meta property=\"og:type\" content=\"article\" \/>\n<meta property=\"og:title\" content=\"La primaria Onofre bacelis conmemora la Batalla de Puebla - El Puuc Noticias\" \/>\n<meta property=\"og:description\" content=\"El d\u00eda de hoy durante los honores a la bandera enla escuela primaria estatal \u201cOnofre bacelis\u201d se rindi\u00f3\" \/>\n<meta property=\"og:url\" content=\"https:\/\/elpuucnoticias.com\/?p=12124\" \/>\n<meta property=\"og:site_name\" content=\"El Puuc Noticias\" \/>\n<meta property=\"article:published_time\" content=\"2024-05-07T17:23:54+00:00\" \/>\n<meta property=\"article:modified_time\" content=\"2024-05-07T17:23:55+00:00\" \/>\n<meta property=\"og:image\" content=\"https:\/\/elpuucnoticias.com\/wp-content\/uploads\/2024\/05\/whatsapp-image-2024-05-07-at-11.04.20-am.jpeg\" \/>\n\t<meta property=\"og:image:width\" content=\"1600\" \/>\n\t<meta property=\"og:image:height\" content=\"900\" \/>\n\t<meta property=\"og:image:type\" content=\"image\/jpeg\" \/>\n<meta name=\"twitter:card\" content=\"summary_large_image\" \/>\n<meta name=\"twitter:label1\" content=\"Escrito por\" \/>\n\t<meta name=\"twitter:data1\" content=\"elpuucnoticias\" \/>\n\t<meta name=\"twitter:label2\" content=\"Tiempo de lectura\" \/>\n\t<meta name=\"twitter:data2\" content=\"2 minutos\" \/>\n<script type=\"application\/ld+json\" class=\"yoast-schema-graph\">{\"@context\":\"https:\/\/schema.org\",\"@graph\":[{\"@type\":\"WebSite\",\"@id\":\"https:\/\/elpuucnoticias.com\/#website\",\"url\":\"https:\/\/elpuucnoticias.com\/\",\"name\":\"El Puuc Noticias\",\"description\":\"Noticias - Entretenimiento - Deportes\",\"potentialAction\":[{\"@type\":\"SearchAction\",\"target\":{\"@type\":\"EntryPoint\",\"urlTemplate\":\"https:\/\/elpuucnoticias.com\/?s={search_term_string}\"},\"query-input\":\"required name=search_term_string\"}],\"inLanguage\":\"es\"},{\"@type\":\"ImageObject\",\"@id\":\"https:\/\/elpuucnoticias.com\/?p=12124#primaryimage\",\"inLanguage\":\"es\",\"url\":\"https:\/\/elpuucnoticias.com\/wp-content\/uploads\/2024\/05\/whatsapp-image-2024-05-07-at-11.04.20-am.jpeg\",\"contentUrl\":\"https:\/\/elpuucnoticias.com\/wp-content\/uploads\/2024\/05\/whatsapp-image-2024-05-07-at-11.04.20-am.jpeg\",\"width\":1600,\"height\":900},{\"@type\":\"WebPage\",\"@id\":\"https:\/\/elpuucnoticias.com\/?p=12124#webpage\",\"url\":\"https:\/\/elpuucnoticias.com\/?p=12124\",\"name\":\"La primaria Onofre bacelis conmemora la Batalla de Puebla - El Puuc Noticias\",\"isPartOf\":{\"@id\":\"https:\/\/elpuucnoticias.com\/#website\"},\"primaryImageOfPage\":{\"@id\":\"https:\/\/elpuucnoticias.com\/?p=12124#primaryimage\"},\"datePublished\":\"2024-05-07T17:23:54+00:00\",\"dateModified\":\"2024-05-07T17:23:55+00:00\",\"author\":{\"@id\":\"https:\/\/elpuucnoticias.com\/#\/schema\/person\/d2ea09e4c97f0160b11cdfb1d856bd9e\"},\"breadcrumb\":{\"@id\":\"https:\/\/elpuucnoticias.com\/?p=12124#breadcrumb\"},\"inLanguage\":\"es\",\"potentialAction\":[{\"@type\":\"ReadAction\",\"target\":[\"https:\/\/elpuucnoticias.com\/?p=12124\"]}]},{\"@type\":\"BreadcrumbList\",\"@id\":\"https:\/\/elpuucnoticias.com\/?p=12124#breadcrumb\",\"itemListElement\":[{\"@type\":\"ListItem\",\"position\":1,\"name\":\"Portada\",\"item\":\"https:\/\/elpuucnoticias.com\/\"},{\"@type\":\"ListItem\",\"position\":2,\"name\":\"La primaria Onofre bacelis conmemora la Batalla de Puebla\"}]},{\"@type\":\"Person\",\"@id\":\"https:\/\/elpuucnoticias.com\/#\/schema\/person\/d2ea09e4c97f0160b11cdfb1d856bd9e\",\"name\":\"elpuucnoticias\",\"image\":{\"@type\":\"ImageObject\",\"@id\":\"https:\/\/elpuucnoticias.com\/#personlogo\",\"inLanguage\":\"es\",\"url\":\"https:\/\/secure.gravatar.com\/avatar\/5290a43657c74ffa15701dbe5b846bd85cc71930d803c84e91046a7333de6ce2?s=96&d=mm&r=g\",\"contentUrl\":\"https:\/\/secure.gravatar.com\/avatar\/5290a43657c74ffa15701dbe5b846bd85cc71930d803c84e91046a7333de6ce2?s=96&d=mm&r=g\",\"caption\":\"elpuucnoticias\"},\"sameAs\":[\"https:\/\/elpuucnoticias.com\"],\"url\":\"https:\/\/elpuucnoticias.com\/?author=1\"}]}<\/script>\n<!-- \/ Yoast SEO plugin. -->","yoast_head_json":{"title":"La primaria Onofre bacelis conmemora la Batalla de Puebla - El Puuc Noticias","robots":{"index":"index","follow":"follow","max-snippet":"max-snippet:-1","max-image-preview":"max-image-preview:large","max-video-preview":"max-video-preview:-1"},"canonical":"https:\/\/elpuucnoticias.com\/?p=12124","og_locale":"es_ES","og_type":"article","og_title":"La primaria Onofre bacelis conmemora la Batalla de Puebla - El Puuc Noticias","og_description":"El d\u00eda de hoy durante los honores a la bandera enla escuela primaria estatal \u201cOnofre bacelis\u201d se rindi\u00f3","og_url":"https:\/\/elpuucnoticias.com\/?p=12124","og_site_name":"El Puuc Noticias","article_published_time":"2024-05-07T17:23:54+00:00","article_modified_time":"2024-05-07T17:23:55+00:00","og_image":[{"width":1600,"height":900,"url":"https:\/\/elpuucnoticias.com\/wp-content\/uploads\/2024\/05\/whatsapp-image-2024-05-07-at-11.04.20-am.jpeg","type":"image\/jpeg"}],"twitter_card":"summary_large_image","twitter_misc":{"Escrito por":"elpuucnoticias","Tiempo de lectura":"2 minutos"},"schema":{"@context":"https:\/\/schema.org","@graph":[{"@type":"WebSite","@id":"https:\/\/elpuucnoticias.com\/#website","url":"https:\/\/elpuucnoticias.com\/","name":"El Puuc Noticias","description":"Noticias - Entretenimiento - Deportes","potentialAction":[{"@type":"SearchAction","target":{"@type":"EntryPoint","urlTemplate":"https:\/\/elpuucnoticias.com\/?s={search_term_string}"},"query-input":"required name=search_term_string"}],"inLanguage":"es"},{"@type":"ImageObject","@id":"https:\/\/elpuucnoticias.com\/?p=12124#primaryimage","inLanguage":"es","url":"https:\/\/elpuucnoticias.com\/wp-content\/uploads\/2024\/05\/whatsapp-image-2024-05-07-at-11.04.20-am.jpeg","contentUrl":"https:\/\/elpuucnoticias.com\/wp-content\/uploads\/2024\/05\/whatsapp-image-2024-05-07-at-11.04.20-am.jpeg","width":1600,"height":900},{"@type":"WebPage","@id":"https:\/\/elpuucnoticias.com\/?p=12124#webpage","url":"https:\/\/elpuucnoticias.com\/?p=12124","name":"La primaria Onofre bacelis conmemora la Batalla de Puebla - El Puuc Noticias","isPartOf":{"@id":"https:\/\/elpuucnoticias.com\/#website"},"primaryImageOfPage":{"@id":"https:\/\/elpuucnoticias.com\/?p=12124#primaryimage"},"datePublished":"2024-05-07T17:23:54+00:00","dateModified":"2024-05-07T17:23:55+00:00","author":{"@id":"https:\/\/elpuucnoticias.com\/#\/schema\/person\/d2ea09e4c97f0160b11cdfb1d856bd9e"},"breadcrumb":{"@id":"https:\/\/elpuucnoticias.com\/?p=12124#breadcrumb"},"inLanguage":"es","potentialAction":[{"@type":"ReadAction","target":["https:\/\/elpuucnoticias.com\/?p=12124"]}]},{"@type":"BreadcrumbList","@id":"https:\/\/elpuucnoticias.com\/?p=12124#breadcrumb","itemListElement":[{"@type":"ListItem","position":1,"name":"Portada","item":"https:\/\/elpuucnoticias.com\/"},{"@type":"ListItem","position":2,"name":"La primaria Onofre bacelis conmemora la Batalla de Puebla"}]},{"@type":"Person","@id":"https:\/\/elpuucnoticias.com\/#\/schema\/person\/d2ea09e4c97f0160b11cdfb1d856bd9e","name":"elpuucnoticias","image":{"@type":"ImageObject","@id":"https:\/\/elpuucnoticias.com\/#personlogo","inLanguage":"es","url":"https:\/\/secure.gravatar.com\/avatar\/5290a43657c74ffa15701dbe5b846bd85cc71930d803c84e91046a7333de6ce2?s=96&d=mm&r=g","contentUrl":"https:\/\/secure.gravatar.com\/avatar\/5290a43657c74ffa15701dbe5b846bd85cc71930d803c84e91046a7333de6ce2?s=96&d=mm&r=g","caption":"elpuucnoticias"},"sameAs":["https:\/\/elpuucnoticias.com"],"url":"https:\/\/elpuucnoticias.com\/?author=1"}]}},"_links":{"self":[{"href":"https:\/\/elpuucnoticias.com\/index.php?rest_route=\/wp\/v2\/posts\/12124","targetHints":{"allow":["GET"]}}],"collection":[{"href":"https:\/\/elpuucnoticias.com\/index.php?rest_route=\/wp\/v2\/posts"}],"about":[{"href":"https:\/\/elpuucnoticias.com\/index.php?rest_route=\/wp\/v2\/types\/post"}],"author":[{"embeddable":true,"href":"https:\/\/elpuucnoticias.com\/index.php?rest_route=\/wp\/v2\/users\/1"}],"replies":[{"embeddable":true,"href":"https:\/\/elpuucnoticias.com\/index.php?rest_route=%2Fwp%2Fv2%2Fcomments&post=12124"}],"version-history":[{"count":1,"href":"https:\/\/elpuucnoticias.com\/index.php?rest_route=\/wp\/v2\/posts\/12124\/revisions"}],"predecessor-version":[{"id":12128,"href":"https:\/\/elpuucnoticias.com\/index.php?rest_route=\/wp\/v2\/posts\/12124\/revisions\/12128"}],"wp:featuredmedia":[{"embeddable":true,"href":"https:\/\/elpuucnoticias.com\/index.php?rest_route=\/wp\/v2\/media\/12127"}],"wp:attachment":[{"href":"https:\/\/elpuucnoticias.com\/index.php?rest_route=%2Fwp%2Fv2%2Fmedia&parent=12124"}],"wp:term":[{"taxonomy":"category","embeddable":true,"href":"https:\/\/elpuucnoticias.com\/index.php?rest_route=%2Fwp%2Fv2%2Fcategories&post=12124"},{"taxonomy":"post_tag","embeddable":true,"href":"https:\/\/elpuucnoticias.com\/index.php?rest_route=%2Fwp%2Fv2%2Ftags&post=12124"}],"curies":[{"name":"wp","href":"https:\/\/api.w.org\/{rel}","templated":true}]}}