{"id":1224,"date":"2022-04-25T01:41:21","date_gmt":"2022-04-25T07:41:21","guid":{"rendered":"https:\/\/elpuucnoticias.com\/?p=1224"},"modified":"2022-04-25T01:41:21","modified_gmt":"2022-04-25T07:41:21","slug":"atletas-de-oxkutzcab-destacan-en-el-macro-regional-de-atletismo-en-el-estadio-salvador-alvarado-de-merida","status":"publish","type":"post","link":"https:\/\/elpuucnoticias.com\/?p=1224","title":{"rendered":"Atletas de Oxkutzcab destacan en el Macro Regional de Atletismo en el Estadio Salvador Alvarado de M\u00e9rida"},"content":{"rendered":"\n<p>El alcalde de Oxkutzcab, Juan Jos\u00e9 Mart\u00edn Fragoso, felicita a j\u00f3venes deportistas \u00a0que pusieron en alto el nombre del municipio en el Macro Regional de Atletismo efectuado en el Estadio Salvador Alvarado en<br>la ciudad de M\u00e9rida.<\/p>\n\n\n\n<p>Los atletas destacados son: Emanuel Espinosa, primer lugar en bala y segundo en lanzamiento de jabalina; Jairo Espinosa, segundo en bala y cuarto en disco; Ami Trujeque, tercero en 200 y quinto en 100 metros; Katia Baeza, cuarto en jabalina; Jos\u00e9 Ram\u00edrez, cuarto en disco y sexto en bala; Omar Ruiz<br>quinto en disco y sexto en bala; Brayan Cetina s\u00e9ptimo en Disco.<\/p>\n\n\n\n<figure class=\"wp-block-image size-large\"><img loading=\"lazy\" decoding=\"async\" width=\"1024\" height=\"819\" src=\"https:\/\/elpuucnoticias.com\/wp-content\/uploads\/2022\/04\/Deporte01-1024x819.jpg\" alt=\"\" class=\"wp-image-1226\" srcset=\"https:\/\/elpuucnoticias.com\/wp-content\/uploads\/2022\/04\/Deporte01-1024x819.jpg 1024w, https:\/\/elpuucnoticias.com\/wp-content\/uploads\/2022\/04\/Deporte01-300x240.jpg 300w, https:\/\/elpuucnoticias.com\/wp-content\/uploads\/2022\/04\/Deporte01-768x614.jpg 768w, https:\/\/elpuucnoticias.com\/wp-content\/uploads\/2022\/04\/Deporte01.jpg 1200w\" sizes=\"auto, (max-width: 1024px) 100vw, 1024px\" \/><\/figure>\n\n\n\n<p>Estos j\u00f3venes compitieron con atletas de Oaxaca, Puebla, Veracruz, de la UNAM, Chiapas, Tabasco, Campeche, Quintana Roo y Yucat\u00e1n.<\/p>\n\n\n\n<p>Emanuel Espinosa obtuvo su pase directo a la siguiente fase y Jairo Espinosa esperar\u00e1 resultados para ver saber si fue seleccionado para el nacional que se realizar\u00e1 en Sonora.<\/p>\n\n\n\n<p>El entrenador Enrique Cer\u00f3n Espinosa, agradeci\u00f3 al alcalde de Oxkutzcab, Juan Jos\u00e9 Mart\u00edn Fragoso, por su apoyo para viaje de los atletas.\u2014 <em>El Puuc Noticias<\/em> \u00a0<\/p>\n","protected":false},"excerpt":{"rendered":"<p>El alcalde de Oxkutzcab, Juan Jos\u00e9 Mart\u00edn Fragoso, felicita a j\u00f3venes deportistas \u00a0que pusieron en alto el nombre<\/p>\n","protected":false},"author":1,"featured_media":1225,"comment_status":"closed","ping_status":"open","sticky":false,"template":"","format":"standard","meta":{"_monsterinsights_skip_tracking":false,"_monsterinsights_sitenote_active":false,"_monsterinsights_sitenote_note":"","_monsterinsights_sitenote_category":0,"footnotes":""},"categories":[7,11,14],"tags":[],"class_list":["post-1224","post","type-post","status-publish","format-standard","has-post-thumbnail","hentry","category-impacto-deportivo","category-noticias","category-oxkutzcab"],"yoast_head":"<!-- This site is optimized with the Yoast SEO plugin v18.3 - https:\/\/yoast.com\/wordpress\/plugins\/seo\/ -->\n<title>Atletas de Oxkutzcab destacan en el Macro Regional de Atletismo en el Estadio Salvador Alvarado de M\u00e9rida - El Puuc Noticias<\/title>\n<meta name=\"robots\" content=\"index, follow, max-snippet:-1, max-image-preview:large, max-video-preview:-1\" \/>\n<link rel=\"canonical\" href=\"https:\/\/elpuucnoticias.com\/?p=1224\" \/>\n<meta property=\"og:locale\" content=\"es_ES\" \/>\n<meta property=\"og:type\" content=\"article\" \/>\n<meta property=\"og:title\" content=\"Atletas de Oxkutzcab destacan en el Macro Regional de Atletismo en el Estadio Salvador Alvarado de M\u00e9rida - El Puuc Noticias\" \/>\n<meta property=\"og:description\" content=\"El alcalde de Oxkutzcab, Juan Jos\u00e9 Mart\u00edn Fragoso, felicita a j\u00f3venes deportistas \u00a0que pusieron en alto el nombre\" \/>\n<meta property=\"og:url\" content=\"https:\/\/elpuucnoticias.com\/?p=1224\" \/>\n<meta property=\"og:site_name\" content=\"El Puuc Noticias\" \/>\n<meta property=\"article:published_time\" content=\"2022-04-25T07:41:21+00:00\" \/>\n<meta property=\"og:image\" content=\"https:\/\/elpuucnoticias.com\/wp-content\/uploads\/2022\/04\/Deporte.jpg\" \/>\n\t<meta property=\"og:image:width\" content=\"1080\" \/>\n\t<meta property=\"og:image:height\" content=\"810\" \/>\n\t<meta property=\"og:image:type\" content=\"image\/jpeg\" \/>\n<meta name=\"twitter:card\" content=\"summary_large_image\" \/>\n<meta name=\"twitter:label1\" content=\"Escrito por\" \/>\n\t<meta name=\"twitter:data1\" content=\"elpuucnoticias\" \/>\n\t<meta name=\"twitter:label2\" content=\"Tiempo de lectura\" \/>\n\t<meta name=\"twitter:data2\" content=\"1 minuto\" \/>\n<script type=\"application\/ld+json\" class=\"yoast-schema-graph\">{\"@context\":\"https:\/\/schema.org\",\"@graph\":[{\"@type\":\"WebSite\",\"@id\":\"https:\/\/elpuucnoticias.com\/#website\",\"url\":\"https:\/\/elpuucnoticias.com\/\",\"name\":\"El Puuc Noticias\",\"description\":\"Noticias - Entretenimiento - Deportes\",\"potentialAction\":[{\"@type\":\"SearchAction\",\"target\":{\"@type\":\"EntryPoint\",\"urlTemplate\":\"https:\/\/elpuucnoticias.com\/?s={search_term_string}\"},\"query-input\":\"required name=search_term_string\"}],\"inLanguage\":\"es\"},{\"@type\":\"ImageObject\",\"@id\":\"https:\/\/elpuucnoticias.com\/?p=1224#primaryimage\",\"inLanguage\":\"es\",\"url\":\"https:\/\/elpuucnoticias.com\/wp-content\/uploads\/2022\/04\/Deporte.jpg\",\"contentUrl\":\"https:\/\/elpuucnoticias.com\/wp-content\/uploads\/2022\/04\/Deporte.jpg\",\"width\":1080,\"height\":810},{\"@type\":\"WebPage\",\"@id\":\"https:\/\/elpuucnoticias.com\/?p=1224#webpage\",\"url\":\"https:\/\/elpuucnoticias.com\/?p=1224\",\"name\":\"Atletas de Oxkutzcab destacan en el Macro Regional de Atletismo en el Estadio Salvador Alvarado de M\u00e9rida - El Puuc Noticias\",\"isPartOf\":{\"@id\":\"https:\/\/elpuucnoticias.com\/#website\"},\"primaryImageOfPage\":{\"@id\":\"https:\/\/elpuucnoticias.com\/?p=1224#primaryimage\"},\"datePublished\":\"2022-04-25T07:41:21+00:00\",\"dateModified\":\"2022-04-25T07:41:21+00:00\",\"author\":{\"@id\":\"https:\/\/elpuucnoticias.com\/#\/schema\/person\/d2ea09e4c97f0160b11cdfb1d856bd9e\"},\"breadcrumb\":{\"@id\":\"https:\/\/elpuucnoticias.com\/?p=1224#breadcrumb\"},\"inLanguage\":\"es\",\"potentialAction\":[{\"@type\":\"ReadAction\",\"target\":[\"https:\/\/elpuucnoticias.com\/?p=1224\"]}]},{\"@type\":\"BreadcrumbList\",\"@id\":\"https:\/\/elpuucnoticias.com\/?p=1224#breadcrumb\",\"itemListElement\":[{\"@type\":\"ListItem\",\"position\":1,\"name\":\"Portada\",\"item\":\"https:\/\/elpuucnoticias.com\/\"},{\"@type\":\"ListItem\",\"position\":2,\"name\":\"Atletas de Oxkutzcab destacan en el Macro Regional de Atletismo en el Estadio Salvador Alvarado de M\u00e9rida\"}]},{\"@type\":\"Person\",\"@id\":\"https:\/\/elpuucnoticias.com\/#\/schema\/person\/d2ea09e4c97f0160b11cdfb1d856bd9e\",\"name\":\"elpuucnoticias\",\"image\":{\"@type\":\"ImageObject\",\"@id\":\"https:\/\/elpuucnoticias.com\/#personlogo\",\"inLanguage\":\"es\",\"url\":\"https:\/\/secure.gravatar.com\/avatar\/5290a43657c74ffa15701dbe5b846bd85cc71930d803c84e91046a7333de6ce2?s=96&d=mm&r=g\",\"contentUrl\":\"https:\/\/secure.gravatar.com\/avatar\/5290a43657c74ffa15701dbe5b846bd85cc71930d803c84e91046a7333de6ce2?s=96&d=mm&r=g\",\"caption\":\"elpuucnoticias\"},\"sameAs\":[\"https:\/\/elpuucnoticias.com\"],\"url\":\"https:\/\/elpuucnoticias.com\/?author=1\"}]}<\/script>\n<!-- \/ Yoast SEO plugin. -->","yoast_head_json":{"title":"Atletas de Oxkutzcab destacan en el Macro Regional de Atletismo en el Estadio Salvador Alvarado de M\u00e9rida - El Puuc Noticias","robots":{"index":"index","follow":"follow","max-snippet":"max-snippet:-1","max-image-preview":"max-image-preview:large","max-video-preview":"max-video-preview:-1"},"canonical":"https:\/\/elpuucnoticias.com\/?p=1224","og_locale":"es_ES","og_type":"article","og_title":"Atletas de Oxkutzcab destacan en el Macro Regional de Atletismo en el Estadio Salvador Alvarado de M\u00e9rida - El Puuc Noticias","og_description":"El alcalde de Oxkutzcab, Juan Jos\u00e9 Mart\u00edn Fragoso, felicita a j\u00f3venes deportistas \u00a0que pusieron en alto el nombre","og_url":"https:\/\/elpuucnoticias.com\/?p=1224","og_site_name":"El Puuc Noticias","article_published_time":"2022-04-25T07:41:21+00:00","og_image":[{"width":1080,"height":810,"url":"https:\/\/elpuucnoticias.com\/wp-content\/uploads\/2022\/04\/Deporte.jpg","type":"image\/jpeg"}],"twitter_card":"summary_large_image","twitter_misc":{"Escrito por":"elpuucnoticias","Tiempo de lectura":"1 minuto"},"schema":{"@context":"https:\/\/schema.org","@graph":[{"@type":"WebSite","@id":"https:\/\/elpuucnoticias.com\/#website","url":"https:\/\/elpuucnoticias.com\/","name":"El Puuc Noticias","description":"Noticias - Entretenimiento - Deportes","potentialAction":[{"@type":"SearchAction","target":{"@type":"EntryPoint","urlTemplate":"https:\/\/elpuucnoticias.com\/?s={search_term_string}"},"query-input":"required name=search_term_string"}],"inLanguage":"es"},{"@type":"ImageObject","@id":"https:\/\/elpuucnoticias.com\/?p=1224#primaryimage","inLanguage":"es","url":"https:\/\/elpuucnoticias.com\/wp-content\/uploads\/2022\/04\/Deporte.jpg","contentUrl":"https:\/\/elpuucnoticias.com\/wp-content\/uploads\/2022\/04\/Deporte.jpg","width":1080,"height":810},{"@type":"WebPage","@id":"https:\/\/elpuucnoticias.com\/?p=1224#webpage","url":"https:\/\/elpuucnoticias.com\/?p=1224","name":"Atletas de Oxkutzcab destacan en el Macro Regional de Atletismo en el Estadio Salvador Alvarado de M\u00e9rida - El Puuc Noticias","isPartOf":{"@id":"https:\/\/elpuucnoticias.com\/#website"},"primaryImageOfPage":{"@id":"https:\/\/elpuucnoticias.com\/?p=1224#primaryimage"},"datePublished":"2022-04-25T07:41:21+00:00","dateModified":"2022-04-25T07:41:21+00:00","author":{"@id":"https:\/\/elpuucnoticias.com\/#\/schema\/person\/d2ea09e4c97f0160b11cdfb1d856bd9e"},"breadcrumb":{"@id":"https:\/\/elpuucnoticias.com\/?p=1224#breadcrumb"},"inLanguage":"es","potentialAction":[{"@type":"ReadAction","target":["https:\/\/elpuucnoticias.com\/?p=1224"]}]},{"@type":"BreadcrumbList","@id":"https:\/\/elpuucnoticias.com\/?p=1224#breadcrumb","itemListElement":[{"@type":"ListItem","position":1,"name":"Portada","item":"https:\/\/elpuucnoticias.com\/"},{"@type":"ListItem","position":2,"name":"Atletas de Oxkutzcab destacan en el Macro Regional de Atletismo en el Estadio Salvador Alvarado de M\u00e9rida"}]},{"@type":"Person","@id":"https:\/\/elpuucnoticias.com\/#\/schema\/person\/d2ea09e4c97f0160b11cdfb1d856bd9e","name":"elpuucnoticias","image":{"@type":"ImageObject","@id":"https:\/\/elpuucnoticias.com\/#personlogo","inLanguage":"es","url":"https:\/\/secure.gravatar.com\/avatar\/5290a43657c74ffa15701dbe5b846bd85cc71930d803c84e91046a7333de6ce2?s=96&d=mm&r=g","contentUrl":"https:\/\/secure.gravatar.com\/avatar\/5290a43657c74ffa15701dbe5b846bd85cc71930d803c84e91046a7333de6ce2?s=96&d=mm&r=g","caption":"elpuucnoticias"},"sameAs":["https:\/\/elpuucnoticias.com"],"url":"https:\/\/elpuucnoticias.com\/?author=1"}]}},"_links":{"self":[{"href":"https:\/\/elpuucnoticias.com\/index.php?rest_route=\/wp\/v2\/posts\/1224","targetHints":{"allow":["GET"]}}],"collection":[{"href":"https:\/\/elpuucnoticias.com\/index.php?rest_route=\/wp\/v2\/posts"}],"about":[{"href":"https:\/\/elpuucnoticias.com\/index.php?rest_route=\/wp\/v2\/types\/post"}],"author":[{"embeddable":true,"href":"https:\/\/elpuucnoticias.com\/index.php?rest_route=\/wp\/v2\/users\/1"}],"replies":[{"embeddable":true,"href":"https:\/\/elpuucnoticias.com\/index.php?rest_route=%2Fwp%2Fv2%2Fcomments&post=1224"}],"version-history":[{"count":1,"href":"https:\/\/elpuucnoticias.com\/index.php?rest_route=\/wp\/v2\/posts\/1224\/revisions"}],"predecessor-version":[{"id":1227,"href":"https:\/\/elpuucnoticias.com\/index.php?rest_route=\/wp\/v2\/posts\/1224\/revisions\/1227"}],"wp:featuredmedia":[{"embeddable":true,"href":"https:\/\/elpuucnoticias.com\/index.php?rest_route=\/wp\/v2\/media\/1225"}],"wp:attachment":[{"href":"https:\/\/elpuucnoticias.com\/index.php?rest_route=%2Fwp%2Fv2%2Fmedia&parent=1224"}],"wp:term":[{"taxonomy":"category","embeddable":true,"href":"https:\/\/elpuucnoticias.com\/index.php?rest_route=%2Fwp%2Fv2%2Fcategories&post=1224"},{"taxonomy":"post_tag","embeddable":true,"href":"https:\/\/elpuucnoticias.com\/index.php?rest_route=%2Fwp%2Fv2%2Ftags&post=1224"}],"curies":[{"name":"wp","href":"https:\/\/api.w.org\/{rel}","templated":true}]}}