{"id":12256,"date":"2024-05-13T12:17:31","date_gmt":"2024-05-13T18:17:31","guid":{"rendered":"https:\/\/elpuucnoticias.com\/?p=12256"},"modified":"2024-05-13T12:17:32","modified_gmt":"2024-05-13T18:17:32","slug":"reconoce-gobernadora-mara-lezama-dedicacion-y-profesionalismo-de-las-enfermeras-y-enfermeros-de-quintana-roo-en-el-dia-internacional-de-la-enfermeria","status":"publish","type":"post","link":"https:\/\/elpuucnoticias.com\/?p=12256","title":{"rendered":"Reconoce Gobernadora Mara Lezama dedicaci\u00f3n y profesionalismo de las enfermeras y enfermeros de Quintana Roo en el D\u00eda Internacional de la Enfermer\u00eda"},"content":{"rendered":"\n<p>En conmemoraci\u00f3n del D\u00eda Internacional de la Enfermer\u00eda, la Gobernadora de Quintana Roo, Mara Lezama Espinosa, envi\u00f3 una felicitaci\u00f3n para todas las enfermeras y enfermeros de Quintana Roo por esta profesi\u00f3n que realizan con amor, vocaci\u00f3n, entrega y profesionalismo.<\/p>\n\n\n\n<p>\u201cMe encuentro aqu\u00ed en su centro de trabajo, en el Hospital General de Canc\u00fan &#8216;Jes\u00fas Kumate Rodr\u00edguez&#8217;, donde enfermeras y enfermeros hacen todo para aliviar, curar, cuidar y acompa\u00f1ar a sus pacientes, siendo ese pilar en la recuperaci\u00f3n de los seres humanos\u201d, expres\u00f3 la Jefa del Ejecutivo a trav\u00e9s de un mensaje en sus redes sociales.<\/p>\n\n\n\n<p>\u201cPor todo lo que hacen, quiero felicitarlos, pero sobre todo quiero agradecerles por todo el amor, por ese cari\u00f1o con el que ejercen su profesi\u00f3n. Gracias por no perder de vista que el centro de todo son las personas, que nos une un mismo compromiso de servir a las y los quintanarroenses\u201d, a\u00f1adi\u00f3.<\/p>\n\n\n\n<p>Todos los d\u00edas en Quintana Roo, cientos de enfermeras y enfermeros desempe\u00f1an un papel clave en la promoci\u00f3n de la salud y la prevenci\u00f3n de enfermedades en las 76 unidades de los Servicios Estatales de Salud de los 11 municipios, entre Hospitales Generales, Maternos, Integrales, Unidades de Especialidades M\u00e9dicas (UNEME), bancos de sangre, as\u00ed como Centros de Salud Urbanos y Rurales.<\/p>\n\n\n\n<p>Cabe destacar que el 12 de mayo se conmemora el D\u00eda Internacional de la Enfermer\u00eda como un homenaje al natalicio de Florence Nightingale, enfermera a la que se le atribuye la creaci\u00f3n de la Enfermer\u00eda&nbsp;Profesional.<\/p>\n","protected":false},"excerpt":{"rendered":"<p>En conmemoraci\u00f3n del D\u00eda Internacional de la Enfermer\u00eda, la Gobernadora de Quintana Roo, Mara Lezama Espinosa, envi\u00f3 una<\/p>\n","protected":false},"author":4,"featured_media":12259,"comment_status":"closed","ping_status":"open","sticky":false,"template":"","format":"standard","meta":{"_monsterinsights_skip_tracking":false,"_monsterinsights_sitenote_active":false,"_monsterinsights_sitenote_note":"","_monsterinsights_sitenote_category":0,"footnotes":""},"categories":[11,26,24],"tags":[],"class_list":["post-12256","post","type-post","status-publish","format-standard","has-post-thumbnail","hentry","category-noticias","category-politica","category-quintana-roo"],"yoast_head":"<!-- This site is optimized with the Yoast SEO plugin v18.3 - https:\/\/yoast.com\/wordpress\/plugins\/seo\/ -->\n<title>Reconoce Gobernadora Mara Lezama dedicaci\u00f3n y profesionalismo de las enfermeras y enfermeros de Quintana Roo en el D\u00eda Internacional de la Enfermer\u00eda - El Puuc Noticias<\/title>\n<meta name=\"robots\" content=\"index, follow, max-snippet:-1, max-image-preview:large, max-video-preview:-1\" \/>\n<link rel=\"canonical\" href=\"https:\/\/elpuucnoticias.com\/?p=12256\" \/>\n<meta property=\"og:locale\" content=\"es_ES\" \/>\n<meta property=\"og:type\" content=\"article\" \/>\n<meta property=\"og:title\" content=\"Reconoce Gobernadora Mara Lezama dedicaci\u00f3n y profesionalismo de las enfermeras y enfermeros de Quintana Roo en el D\u00eda Internacional de la Enfermer\u00eda - El Puuc Noticias\" \/>\n<meta property=\"og:description\" content=\"En conmemoraci\u00f3n del D\u00eda Internacional de la Enfermer\u00eda, la Gobernadora de Quintana Roo, Mara Lezama Espinosa, envi\u00f3 una\" \/>\n<meta property=\"og:url\" content=\"https:\/\/elpuucnoticias.com\/?p=12256\" \/>\n<meta property=\"og:site_name\" content=\"El Puuc Noticias\" \/>\n<meta property=\"article:published_time\" content=\"2024-05-13T18:17:31+00:00\" \/>\n<meta property=\"article:modified_time\" content=\"2024-05-13T18:17:32+00:00\" \/>\n<meta property=\"og:image\" content=\"https:\/\/elpuucnoticias.com\/wp-content\/uploads\/2024\/05\/imagen-de-whatsapp-2024-05-13-a-las-11.53.29_f1e3fca8.jpg\" \/>\n\t<meta property=\"og:image:width\" content=\"1600\" \/>\n\t<meta property=\"og:image:height\" content=\"1066\" \/>\n\t<meta property=\"og:image:type\" content=\"image\/jpeg\" \/>\n<meta name=\"twitter:card\" content=\"summary_large_image\" \/>\n<meta name=\"twitter:label1\" content=\"Escrito por\" \/>\n\t<meta name=\"twitter:data1\" content=\"Marissa Carolina Tun Le\u00f3n\" \/>\n\t<meta name=\"twitter:label2\" content=\"Tiempo de lectura\" \/>\n\t<meta name=\"twitter:data2\" content=\"2 minutos\" \/>\n<script type=\"application\/ld+json\" class=\"yoast-schema-graph\">{\"@context\":\"https:\/\/schema.org\",\"@graph\":[{\"@type\":\"WebSite\",\"@id\":\"https:\/\/elpuucnoticias.com\/#website\",\"url\":\"https:\/\/elpuucnoticias.com\/\",\"name\":\"El Puuc Noticias\",\"description\":\"Noticias - Entretenimiento - Deportes\",\"potentialAction\":[{\"@type\":\"SearchAction\",\"target\":{\"@type\":\"EntryPoint\",\"urlTemplate\":\"https:\/\/elpuucnoticias.com\/?s={search_term_string}\"},\"query-input\":\"required name=search_term_string\"}],\"inLanguage\":\"es\"},{\"@type\":\"ImageObject\",\"@id\":\"https:\/\/elpuucnoticias.com\/?p=12256#primaryimage\",\"inLanguage\":\"es\",\"url\":\"https:\/\/elpuucnoticias.com\/wp-content\/uploads\/2024\/05\/imagen-de-whatsapp-2024-05-13-a-las-11.53.29_f1e3fca8.jpg\",\"contentUrl\":\"https:\/\/elpuucnoticias.com\/wp-content\/uploads\/2024\/05\/imagen-de-whatsapp-2024-05-13-a-las-11.53.29_f1e3fca8.jpg\",\"width\":1600,\"height\":1066},{\"@type\":\"WebPage\",\"@id\":\"https:\/\/elpuucnoticias.com\/?p=12256#webpage\",\"url\":\"https:\/\/elpuucnoticias.com\/?p=12256\",\"name\":\"Reconoce Gobernadora Mara Lezama dedicaci\u00f3n y profesionalismo de las enfermeras y enfermeros de Quintana Roo en el D\u00eda Internacional de la Enfermer\u00eda - El Puuc Noticias\",\"isPartOf\":{\"@id\":\"https:\/\/elpuucnoticias.com\/#website\"},\"primaryImageOfPage\":{\"@id\":\"https:\/\/elpuucnoticias.com\/?p=12256#primaryimage\"},\"datePublished\":\"2024-05-13T18:17:31+00:00\",\"dateModified\":\"2024-05-13T18:17:32+00:00\",\"author\":{\"@id\":\"https:\/\/elpuucnoticias.com\/#\/schema\/person\/6bf483935f39c2ab585693dc517dc76d\"},\"breadcrumb\":{\"@id\":\"https:\/\/elpuucnoticias.com\/?p=12256#breadcrumb\"},\"inLanguage\":\"es\",\"potentialAction\":[{\"@type\":\"ReadAction\",\"target\":[\"https:\/\/elpuucnoticias.com\/?p=12256\"]}]},{\"@type\":\"BreadcrumbList\",\"@id\":\"https:\/\/elpuucnoticias.com\/?p=12256#breadcrumb\",\"itemListElement\":[{\"@type\":\"ListItem\",\"position\":1,\"name\":\"Portada\",\"item\":\"https:\/\/elpuucnoticias.com\/\"},{\"@type\":\"ListItem\",\"position\":2,\"name\":\"Reconoce Gobernadora Mara Lezama dedicaci\u00f3n y profesionalismo de las enfermeras y enfermeros de Quintana Roo en el D\u00eda Internacional de la Enfermer\u00eda\"}]},{\"@type\":\"Person\",\"@id\":\"https:\/\/elpuucnoticias.com\/#\/schema\/person\/6bf483935f39c2ab585693dc517dc76d\",\"name\":\"Marissa Carolina Tun Le\u00f3n\",\"image\":{\"@type\":\"ImageObject\",\"@id\":\"https:\/\/elpuucnoticias.com\/#personlogo\",\"inLanguage\":\"es\",\"url\":\"https:\/\/secure.gravatar.com\/avatar\/be67e5e97e8acf16111e83789a437c992dd20d7d1663fbbd9fc7c2ef0de53772?s=96&d=mm&r=g\",\"contentUrl\":\"https:\/\/secure.gravatar.com\/avatar\/be67e5e97e8acf16111e83789a437c992dd20d7d1663fbbd9fc7c2ef0de53772?s=96&d=mm&r=g\",\"caption\":\"Marissa Carolina Tun Le\u00f3n\"},\"url\":\"https:\/\/elpuucnoticias.com\/?author=4\"}]}<\/script>\n<!-- \/ Yoast SEO plugin. -->","yoast_head_json":{"title":"Reconoce Gobernadora Mara Lezama dedicaci\u00f3n y profesionalismo de las enfermeras y enfermeros de Quintana Roo en el D\u00eda Internacional de la Enfermer\u00eda - El Puuc Noticias","robots":{"index":"index","follow":"follow","max-snippet":"max-snippet:-1","max-image-preview":"max-image-preview:large","max-video-preview":"max-video-preview:-1"},"canonical":"https:\/\/elpuucnoticias.com\/?p=12256","og_locale":"es_ES","og_type":"article","og_title":"Reconoce Gobernadora Mara Lezama dedicaci\u00f3n y profesionalismo de las enfermeras y enfermeros de Quintana Roo en el D\u00eda Internacional de la Enfermer\u00eda - El Puuc Noticias","og_description":"En conmemoraci\u00f3n del D\u00eda Internacional de la Enfermer\u00eda, la Gobernadora de Quintana Roo, Mara Lezama Espinosa, envi\u00f3 una","og_url":"https:\/\/elpuucnoticias.com\/?p=12256","og_site_name":"El Puuc Noticias","article_published_time":"2024-05-13T18:17:31+00:00","article_modified_time":"2024-05-13T18:17:32+00:00","og_image":[{"width":1600,"height":1066,"url":"https:\/\/elpuucnoticias.com\/wp-content\/uploads\/2024\/05\/imagen-de-whatsapp-2024-05-13-a-las-11.53.29_f1e3fca8.jpg","type":"image\/jpeg"}],"twitter_card":"summary_large_image","twitter_misc":{"Escrito por":"Marissa Carolina Tun Le\u00f3n","Tiempo de lectura":"2 minutos"},"schema":{"@context":"https:\/\/schema.org","@graph":[{"@type":"WebSite","@id":"https:\/\/elpuucnoticias.com\/#website","url":"https:\/\/elpuucnoticias.com\/","name":"El Puuc Noticias","description":"Noticias - Entretenimiento - Deportes","potentialAction":[{"@type":"SearchAction","target":{"@type":"EntryPoint","urlTemplate":"https:\/\/elpuucnoticias.com\/?s={search_term_string}"},"query-input":"required name=search_term_string"}],"inLanguage":"es"},{"@type":"ImageObject","@id":"https:\/\/elpuucnoticias.com\/?p=12256#primaryimage","inLanguage":"es","url":"https:\/\/elpuucnoticias.com\/wp-content\/uploads\/2024\/05\/imagen-de-whatsapp-2024-05-13-a-las-11.53.29_f1e3fca8.jpg","contentUrl":"https:\/\/elpuucnoticias.com\/wp-content\/uploads\/2024\/05\/imagen-de-whatsapp-2024-05-13-a-las-11.53.29_f1e3fca8.jpg","width":1600,"height":1066},{"@type":"WebPage","@id":"https:\/\/elpuucnoticias.com\/?p=12256#webpage","url":"https:\/\/elpuucnoticias.com\/?p=12256","name":"Reconoce Gobernadora Mara Lezama dedicaci\u00f3n y profesionalismo de las enfermeras y enfermeros de Quintana Roo en el D\u00eda Internacional de la Enfermer\u00eda - El Puuc Noticias","isPartOf":{"@id":"https:\/\/elpuucnoticias.com\/#website"},"primaryImageOfPage":{"@id":"https:\/\/elpuucnoticias.com\/?p=12256#primaryimage"},"datePublished":"2024-05-13T18:17:31+00:00","dateModified":"2024-05-13T18:17:32+00:00","author":{"@id":"https:\/\/elpuucnoticias.com\/#\/schema\/person\/6bf483935f39c2ab585693dc517dc76d"},"breadcrumb":{"@id":"https:\/\/elpuucnoticias.com\/?p=12256#breadcrumb"},"inLanguage":"es","potentialAction":[{"@type":"ReadAction","target":["https:\/\/elpuucnoticias.com\/?p=12256"]}]},{"@type":"BreadcrumbList","@id":"https:\/\/elpuucnoticias.com\/?p=12256#breadcrumb","itemListElement":[{"@type":"ListItem","position":1,"name":"Portada","item":"https:\/\/elpuucnoticias.com\/"},{"@type":"ListItem","position":2,"name":"Reconoce Gobernadora Mara Lezama dedicaci\u00f3n y profesionalismo de las enfermeras y enfermeros de Quintana Roo en el D\u00eda Internacional de la Enfermer\u00eda"}]},{"@type":"Person","@id":"https:\/\/elpuucnoticias.com\/#\/schema\/person\/6bf483935f39c2ab585693dc517dc76d","name":"Marissa Carolina Tun Le\u00f3n","image":{"@type":"ImageObject","@id":"https:\/\/elpuucnoticias.com\/#personlogo","inLanguage":"es","url":"https:\/\/secure.gravatar.com\/avatar\/be67e5e97e8acf16111e83789a437c992dd20d7d1663fbbd9fc7c2ef0de53772?s=96&d=mm&r=g","contentUrl":"https:\/\/secure.gravatar.com\/avatar\/be67e5e97e8acf16111e83789a437c992dd20d7d1663fbbd9fc7c2ef0de53772?s=96&d=mm&r=g","caption":"Marissa Carolina Tun Le\u00f3n"},"url":"https:\/\/elpuucnoticias.com\/?author=4"}]}},"_links":{"self":[{"href":"https:\/\/elpuucnoticias.com\/index.php?rest_route=\/wp\/v2\/posts\/12256","targetHints":{"allow":["GET"]}}],"collection":[{"href":"https:\/\/elpuucnoticias.com\/index.php?rest_route=\/wp\/v2\/posts"}],"about":[{"href":"https:\/\/elpuucnoticias.com\/index.php?rest_route=\/wp\/v2\/types\/post"}],"author":[{"embeddable":true,"href":"https:\/\/elpuucnoticias.com\/index.php?rest_route=\/wp\/v2\/users\/4"}],"replies":[{"embeddable":true,"href":"https:\/\/elpuucnoticias.com\/index.php?rest_route=%2Fwp%2Fv2%2Fcomments&post=12256"}],"version-history":[{"count":1,"href":"https:\/\/elpuucnoticias.com\/index.php?rest_route=\/wp\/v2\/posts\/12256\/revisions"}],"predecessor-version":[{"id":12260,"href":"https:\/\/elpuucnoticias.com\/index.php?rest_route=\/wp\/v2\/posts\/12256\/revisions\/12260"}],"wp:featuredmedia":[{"embeddable":true,"href":"https:\/\/elpuucnoticias.com\/index.php?rest_route=\/wp\/v2\/media\/12259"}],"wp:attachment":[{"href":"https:\/\/elpuucnoticias.com\/index.php?rest_route=%2Fwp%2Fv2%2Fmedia&parent=12256"}],"wp:term":[{"taxonomy":"category","embeddable":true,"href":"https:\/\/elpuucnoticias.com\/index.php?rest_route=%2Fwp%2Fv2%2Fcategories&post=12256"},{"taxonomy":"post_tag","embeddable":true,"href":"https:\/\/elpuucnoticias.com\/index.php?rest_route=%2Fwp%2Fv2%2Ftags&post=12256"}],"curies":[{"name":"wp","href":"https:\/\/api.w.org\/{rel}","templated":true}]}}