{"id":12293,"date":"2024-05-13T16:31:13","date_gmt":"2024-05-13T22:31:13","guid":{"rendered":"https:\/\/elpuucnoticias.com\/?p=12293"},"modified":"2024-05-13T16:31:14","modified_gmt":"2024-05-13T22:31:14","slug":"estudiantes-de-las-escuelas-primaria-pertenecientes-a-la-zona-081-de-tekax-se-congregaron-en-las-instalaciones-de-la-primaria-estatal-onofre-bacelis-para-celebrar-la-olimpiada-de-conocimientos-infan","status":"publish","type":"post","link":"https:\/\/elpuucnoticias.com\/?p=12293","title":{"rendered":"Estudiantes de las escuelas primaria, pertenecientes a la Zona 081 de Tekax, se congregaron en las instalaciones de la primaria estatal Onofre Bacelis para celebrar la Olimpiada de Conocimientos Infantil"},"content":{"rendered":"\n<p>El Lunes 13 de Mayo del a\u00f1o en curso, los estudiantes de las escuelas primaria, pertenecientes a la Zona 081 de Tekax, se congregaron en las instalaciones de la primaria estatal Onofre Bacelis para celebrar la Olimpiada de Conocimientos Infantil, en la que cada escuela llev\u00f3 a su representante de 6\u00b0 para ser evaluados en una prueba que mide los conocimientos aprendidos a trav\u00e9s del ciclo escolar 23-24.<\/p>\n\n\n\n<figure class=\"wp-block-gallery has-nested-images columns-default is-cropped wp-block-gallery-1 is-layout-flex wp-block-gallery-is-layout-flex\">\n<figure class=\"wp-block-image size-large\"><img loading=\"lazy\" decoding=\"async\" width=\"1024\" height=\"769\" data-id=\"12296\" src=\"https:\/\/elpuucnoticias.com\/wp-content\/uploads\/2024\/05\/whatsapp-image-2024-05-13-at-2.22.12-pm-1024x769.jpeg\" alt=\"\" class=\"wp-image-12296\" srcset=\"https:\/\/elpuucnoticias.com\/wp-content\/uploads\/2024\/05\/whatsapp-image-2024-05-13-at-2.22.12-pm-1024x769.jpeg 1024w, https:\/\/elpuucnoticias.com\/wp-content\/uploads\/2024\/05\/whatsapp-image-2024-05-13-at-2.22.12-pm-300x225.jpeg 300w, https:\/\/elpuucnoticias.com\/wp-content\/uploads\/2024\/05\/whatsapp-image-2024-05-13-at-2.22.12-pm-768x577.jpeg 768w, https:\/\/elpuucnoticias.com\/wp-content\/uploads\/2024\/05\/whatsapp-image-2024-05-13-at-2.22.12-pm-800x600.jpeg 800w, https:\/\/elpuucnoticias.com\/wp-content\/uploads\/2024\/05\/whatsapp-image-2024-05-13-at-2.22.12-pm-320x240.jpeg 320w, https:\/\/elpuucnoticias.com\/wp-content\/uploads\/2024\/05\/whatsapp-image-2024-05-13-at-2.22.12-pm.jpeg 1156w\" sizes=\"auto, (max-width: 1024px) 100vw, 1024px\" \/><\/figure>\n\n\n\n<figure class=\"wp-block-image size-large\"><img loading=\"lazy\" decoding=\"async\" width=\"769\" height=\"1024\" data-id=\"12294\" src=\"https:\/\/elpuucnoticias.com\/wp-content\/uploads\/2024\/05\/whatsapp-image-2024-05-13-at-2.22.10-pm-1-769x1024.jpeg\" alt=\"\" class=\"wp-image-12294\" srcset=\"https:\/\/elpuucnoticias.com\/wp-content\/uploads\/2024\/05\/whatsapp-image-2024-05-13-at-2.22.10-pm-1-769x1024.jpeg 769w, https:\/\/elpuucnoticias.com\/wp-content\/uploads\/2024\/05\/whatsapp-image-2024-05-13-at-2.22.10-pm-1-225x300.jpeg 225w, https:\/\/elpuucnoticias.com\/wp-content\/uploads\/2024\/05\/whatsapp-image-2024-05-13-at-2.22.10-pm-1-768x1023.jpeg 768w, https:\/\/elpuucnoticias.com\/wp-content\/uploads\/2024\/05\/whatsapp-image-2024-05-13-at-2.22.10-pm-1-240x320.jpeg 240w, https:\/\/elpuucnoticias.com\/wp-content\/uploads\/2024\/05\/whatsapp-image-2024-05-13-at-2.22.10-pm-1.jpeg 868w\" sizes=\"auto, (max-width: 769px) 100vw, 769px\" \/><\/figure>\n\n\n\n<figure class=\"wp-block-image size-large\"><img loading=\"lazy\" decoding=\"async\" width=\"769\" height=\"1024\" data-id=\"12295\" src=\"https:\/\/elpuucnoticias.com\/wp-content\/uploads\/2024\/05\/whatsapp-image-2024-05-13-at-2.22.07-pm-769x1024.jpeg\" alt=\"\" class=\"wp-image-12295\" srcset=\"https:\/\/elpuucnoticias.com\/wp-content\/uploads\/2024\/05\/whatsapp-image-2024-05-13-at-2.22.07-pm-769x1024.jpeg 769w, https:\/\/elpuucnoticias.com\/wp-content\/uploads\/2024\/05\/whatsapp-image-2024-05-13-at-2.22.07-pm-225x300.jpeg 225w, https:\/\/elpuucnoticias.com\/wp-content\/uploads\/2024\/05\/whatsapp-image-2024-05-13-at-2.22.07-pm-768x1023.jpeg 768w, https:\/\/elpuucnoticias.com\/wp-content\/uploads\/2024\/05\/whatsapp-image-2024-05-13-at-2.22.07-pm-240x320.jpeg 240w, https:\/\/elpuucnoticias.com\/wp-content\/uploads\/2024\/05\/whatsapp-image-2024-05-13-at-2.22.07-pm.jpeg 868w\" sizes=\"auto, (max-width: 769px) 100vw, 769px\" \/><\/figure>\n<\/figure>\n\n\n\n<p><br>Las escuelas que conforman la zona 081 a cargo del supervisor Jorge Ojeda Acosta son las escuelas Antonio Granados Maldonado del maestro Mart\u00edn Puch Koh de Canek con la alumna Amy Chan Xool, Salvador Alvarado del maestro Remigio Carvajal de Kancab con el alumno Eymer Chan Cauich, Enrique \u00c1vila V\u00e1squez de la maestra Arely Palomino con el alumno Robert Chan Cauich, Benito Ju\u00e1rez Garc\u00eda del maestro Samuel G\u00f3ngora de San Marcos con la alumna Eymi Tun Dzul, Ricardo Flores Mag\u00f3n Turno Matutino del maestro Sal\u00edn Saenz con la alumna Amaia Calder\u00f3n Barrera, Cirilo Montes de Oca del maestro Roger Navarrete con el alumno Dominic Sagredo Buenfil, Fabian Sansores del maestro Juan Catzin con el alumno<br>Mois\u00e9s \u00c1lvarez G\u00f3ngora, Ricardo Flores Mag\u00f3n Turno Vespertino del maestro Gaspar Serralta con el alumno Andr\u00e9 Ku Ek y la Onofre Bacelis del maestro Jairo G\u00f3ngora con la alumna Gisselle Boj\u00f3rquez \u00c1vila.<\/p>\n\n\n\n<p><br>La prueba de la olimpiada de conocimientos que promueve la Secretar\u00eda de Educaci\u00f3n P\u00fablica Nacional, eval\u00faa asignaturas y campos formativos relacionados a la comunicaci\u00f3n, dominio del lenguaje, conocimiento de procesos matem\u00e1ticos, acercamiento al entorno escolar y social, as\u00ed como actitudes c\u00edvicas y dominio de conceptos hist\u00f3ricos.<\/p>\n\n\n\n<p><br>Despu\u00e9s de una jornada de aproximadamente 4 horas que incluyeron presentaci\u00f3n, prueba y calificaci\u00f3n de la misma, los alumnos que representar\u00e1n a la zona 081 de Tekax en la etapa sector son Gisselle Boj\u00f3rquez \u00c1vila de la Onofre Bacelis en la modalidad Urbana y Amy Chan Xool de la Antonio Granados Maldonado en la modalidad Rural.<\/p>\n\n\n\n<p><br>Los docentes titulares de 6&#8242; se mostraron satisfechos con los resultados obtenidos, el maestro Gabriel Noh Chan, docente titular de la alumna de la Onofre Bacelis, se mostr\u00f3 feliz por ser el docente de la alumna que acudir\u00e1 a representar a la zona.<\/p>\n\n\n\n<p><br>La etapa sector, ser\u00e1 celebrada el d\u00eda en las instalaciones de la escuela primaria 20 de Noviembre de Akil.<\/p>\n","protected":false},"excerpt":{"rendered":"<p>El Lunes 13 de Mayo del a\u00f1o en curso, los estudiantes de las escuelas primaria, pertenecientes a la<\/p>\n","protected":false},"author":1,"featured_media":12297,"comment_status":"closed","ping_status":"open","sticky":false,"template":"","format":"standard","meta":{"_monsterinsights_skip_tracking":false,"_monsterinsights_sitenote_active":false,"_monsterinsights_sitenote_note":"","_monsterinsights_sitenote_category":0,"footnotes":""},"categories":[11,4],"tags":[],"class_list":["post-12293","post","type-post","status-publish","format-standard","has-post-thumbnail","hentry","category-noticias","category-tekax"],"yoast_head":"<!-- This site is optimized with the Yoast SEO plugin v18.3 - https:\/\/yoast.com\/wordpress\/plugins\/seo\/ -->\n<title>Estudiantes de las escuelas primaria, pertenecientes a la Zona 081 de Tekax, se congregaron en las instalaciones de la primaria estatal Onofre Bacelis para celebrar la Olimpiada de Conocimientos Infantil - El Puuc Noticias<\/title>\n<meta name=\"robots\" content=\"index, follow, max-snippet:-1, max-image-preview:large, max-video-preview:-1\" \/>\n<link rel=\"canonical\" href=\"https:\/\/elpuucnoticias.com\/?p=12293\" \/>\n<meta property=\"og:locale\" content=\"es_ES\" \/>\n<meta property=\"og:type\" content=\"article\" \/>\n<meta property=\"og:title\" content=\"Estudiantes de las escuelas primaria, pertenecientes a la Zona 081 de Tekax, se congregaron en las instalaciones de la primaria estatal Onofre Bacelis para celebrar la Olimpiada de Conocimientos Infantil - El Puuc Noticias\" \/>\n<meta property=\"og:description\" content=\"El Lunes 13 de Mayo del a\u00f1o en curso, los estudiantes de las escuelas primaria, pertenecientes a la\" \/>\n<meta property=\"og:url\" content=\"https:\/\/elpuucnoticias.com\/?p=12293\" \/>\n<meta property=\"og:site_name\" content=\"El Puuc Noticias\" \/>\n<meta property=\"article:published_time\" content=\"2024-05-13T22:31:13+00:00\" \/>\n<meta property=\"article:modified_time\" content=\"2024-05-13T22:31:14+00:00\" \/>\n<meta property=\"og:image\" content=\"https:\/\/elpuucnoticias.com\/wp-content\/uploads\/2024\/05\/whatsapp-image-2024-05-13-at-2.22.11-pm.jpeg\" \/>\n\t<meta property=\"og:image:width\" content=\"1156\" \/>\n\t<meta property=\"og:image:height\" content=\"868\" \/>\n\t<meta property=\"og:image:type\" content=\"image\/jpeg\" \/>\n<meta name=\"twitter:card\" content=\"summary_large_image\" \/>\n<meta name=\"twitter:label1\" content=\"Escrito por\" \/>\n\t<meta name=\"twitter:data1\" content=\"elpuucnoticias\" \/>\n\t<meta name=\"twitter:label2\" content=\"Tiempo de lectura\" \/>\n\t<meta name=\"twitter:data2\" content=\"3 minutos\" \/>\n<script type=\"application\/ld+json\" class=\"yoast-schema-graph\">{\"@context\":\"https:\/\/schema.org\",\"@graph\":[{\"@type\":\"WebSite\",\"@id\":\"https:\/\/elpuucnoticias.com\/#website\",\"url\":\"https:\/\/elpuucnoticias.com\/\",\"name\":\"El Puuc Noticias\",\"description\":\"Noticias - Entretenimiento - Deportes\",\"potentialAction\":[{\"@type\":\"SearchAction\",\"target\":{\"@type\":\"EntryPoint\",\"urlTemplate\":\"https:\/\/elpuucnoticias.com\/?s={search_term_string}\"},\"query-input\":\"required name=search_term_string\"}],\"inLanguage\":\"es\"},{\"@type\":\"ImageObject\",\"@id\":\"https:\/\/elpuucnoticias.com\/?p=12293#primaryimage\",\"inLanguage\":\"es\",\"url\":\"https:\/\/elpuucnoticias.com\/wp-content\/uploads\/2024\/05\/whatsapp-image-2024-05-13-at-2.22.11-pm.jpeg\",\"contentUrl\":\"https:\/\/elpuucnoticias.com\/wp-content\/uploads\/2024\/05\/whatsapp-image-2024-05-13-at-2.22.11-pm.jpeg\",\"width\":1156,\"height\":868},{\"@type\":\"WebPage\",\"@id\":\"https:\/\/elpuucnoticias.com\/?p=12293#webpage\",\"url\":\"https:\/\/elpuucnoticias.com\/?p=12293\",\"name\":\"Estudiantes de las escuelas primaria, pertenecientes a la Zona 081 de Tekax, se congregaron en las instalaciones de la primaria estatal Onofre Bacelis para celebrar la Olimpiada de Conocimientos Infantil - El Puuc Noticias\",\"isPartOf\":{\"@id\":\"https:\/\/elpuucnoticias.com\/#website\"},\"primaryImageOfPage\":{\"@id\":\"https:\/\/elpuucnoticias.com\/?p=12293#primaryimage\"},\"datePublished\":\"2024-05-13T22:31:13+00:00\",\"dateModified\":\"2024-05-13T22:31:14+00:00\",\"author\":{\"@id\":\"https:\/\/elpuucnoticias.com\/#\/schema\/person\/d2ea09e4c97f0160b11cdfb1d856bd9e\"},\"breadcrumb\":{\"@id\":\"https:\/\/elpuucnoticias.com\/?p=12293#breadcrumb\"},\"inLanguage\":\"es\",\"potentialAction\":[{\"@type\":\"ReadAction\",\"target\":[\"https:\/\/elpuucnoticias.com\/?p=12293\"]}]},{\"@type\":\"BreadcrumbList\",\"@id\":\"https:\/\/elpuucnoticias.com\/?p=12293#breadcrumb\",\"itemListElement\":[{\"@type\":\"ListItem\",\"position\":1,\"name\":\"Portada\",\"item\":\"https:\/\/elpuucnoticias.com\/\"},{\"@type\":\"ListItem\",\"position\":2,\"name\":\"Estudiantes de las escuelas primaria, pertenecientes a la Zona 081 de Tekax, se congregaron en las instalaciones de la primaria estatal Onofre Bacelis para celebrar la Olimpiada de Conocimientos Infantil\"}]},{\"@type\":\"Person\",\"@id\":\"https:\/\/elpuucnoticias.com\/#\/schema\/person\/d2ea09e4c97f0160b11cdfb1d856bd9e\",\"name\":\"elpuucnoticias\",\"image\":{\"@type\":\"ImageObject\",\"@id\":\"https:\/\/elpuucnoticias.com\/#personlogo\",\"inLanguage\":\"es\",\"url\":\"https:\/\/secure.gravatar.com\/avatar\/5290a43657c74ffa15701dbe5b846bd85cc71930d803c84e91046a7333de6ce2?s=96&d=mm&r=g\",\"contentUrl\":\"https:\/\/secure.gravatar.com\/avatar\/5290a43657c74ffa15701dbe5b846bd85cc71930d803c84e91046a7333de6ce2?s=96&d=mm&r=g\",\"caption\":\"elpuucnoticias\"},\"sameAs\":[\"https:\/\/elpuucnoticias.com\"],\"url\":\"https:\/\/elpuucnoticias.com\/?author=1\"}]}<\/script>\n<!-- \/ Yoast SEO plugin. -->","yoast_head_json":{"title":"Estudiantes de las escuelas primaria, pertenecientes a la Zona 081 de Tekax, se congregaron en las instalaciones de la primaria estatal Onofre Bacelis para celebrar la Olimpiada de Conocimientos Infantil - El Puuc Noticias","robots":{"index":"index","follow":"follow","max-snippet":"max-snippet:-1","max-image-preview":"max-image-preview:large","max-video-preview":"max-video-preview:-1"},"canonical":"https:\/\/elpuucnoticias.com\/?p=12293","og_locale":"es_ES","og_type":"article","og_title":"Estudiantes de las escuelas primaria, pertenecientes a la Zona 081 de Tekax, se congregaron en las instalaciones de la primaria estatal Onofre Bacelis para celebrar la Olimpiada de Conocimientos Infantil - El Puuc Noticias","og_description":"El Lunes 13 de Mayo del a\u00f1o en curso, los estudiantes de las escuelas primaria, pertenecientes a la","og_url":"https:\/\/elpuucnoticias.com\/?p=12293","og_site_name":"El Puuc Noticias","article_published_time":"2024-05-13T22:31:13+00:00","article_modified_time":"2024-05-13T22:31:14+00:00","og_image":[{"width":1156,"height":868,"url":"https:\/\/elpuucnoticias.com\/wp-content\/uploads\/2024\/05\/whatsapp-image-2024-05-13-at-2.22.11-pm.jpeg","type":"image\/jpeg"}],"twitter_card":"summary_large_image","twitter_misc":{"Escrito por":"elpuucnoticias","Tiempo de lectura":"3 minutos"},"schema":{"@context":"https:\/\/schema.org","@graph":[{"@type":"WebSite","@id":"https:\/\/elpuucnoticias.com\/#website","url":"https:\/\/elpuucnoticias.com\/","name":"El Puuc Noticias","description":"Noticias - Entretenimiento - Deportes","potentialAction":[{"@type":"SearchAction","target":{"@type":"EntryPoint","urlTemplate":"https:\/\/elpuucnoticias.com\/?s={search_term_string}"},"query-input":"required name=search_term_string"}],"inLanguage":"es"},{"@type":"ImageObject","@id":"https:\/\/elpuucnoticias.com\/?p=12293#primaryimage","inLanguage":"es","url":"https:\/\/elpuucnoticias.com\/wp-content\/uploads\/2024\/05\/whatsapp-image-2024-05-13-at-2.22.11-pm.jpeg","contentUrl":"https:\/\/elpuucnoticias.com\/wp-content\/uploads\/2024\/05\/whatsapp-image-2024-05-13-at-2.22.11-pm.jpeg","width":1156,"height":868},{"@type":"WebPage","@id":"https:\/\/elpuucnoticias.com\/?p=12293#webpage","url":"https:\/\/elpuucnoticias.com\/?p=12293","name":"Estudiantes de las escuelas primaria, pertenecientes a la Zona 081 de Tekax, se congregaron en las instalaciones de la primaria estatal Onofre Bacelis para celebrar la Olimpiada de Conocimientos Infantil - El Puuc Noticias","isPartOf":{"@id":"https:\/\/elpuucnoticias.com\/#website"},"primaryImageOfPage":{"@id":"https:\/\/elpuucnoticias.com\/?p=12293#primaryimage"},"datePublished":"2024-05-13T22:31:13+00:00","dateModified":"2024-05-13T22:31:14+00:00","author":{"@id":"https:\/\/elpuucnoticias.com\/#\/schema\/person\/d2ea09e4c97f0160b11cdfb1d856bd9e"},"breadcrumb":{"@id":"https:\/\/elpuucnoticias.com\/?p=12293#breadcrumb"},"inLanguage":"es","potentialAction":[{"@type":"ReadAction","target":["https:\/\/elpuucnoticias.com\/?p=12293"]}]},{"@type":"BreadcrumbList","@id":"https:\/\/elpuucnoticias.com\/?p=12293#breadcrumb","itemListElement":[{"@type":"ListItem","position":1,"name":"Portada","item":"https:\/\/elpuucnoticias.com\/"},{"@type":"ListItem","position":2,"name":"Estudiantes de las escuelas primaria, pertenecientes a la Zona 081 de Tekax, se congregaron en las instalaciones de la primaria estatal Onofre Bacelis para celebrar la Olimpiada de Conocimientos Infantil"}]},{"@type":"Person","@id":"https:\/\/elpuucnoticias.com\/#\/schema\/person\/d2ea09e4c97f0160b11cdfb1d856bd9e","name":"elpuucnoticias","image":{"@type":"ImageObject","@id":"https:\/\/elpuucnoticias.com\/#personlogo","inLanguage":"es","url":"https:\/\/secure.gravatar.com\/avatar\/5290a43657c74ffa15701dbe5b846bd85cc71930d803c84e91046a7333de6ce2?s=96&d=mm&r=g","contentUrl":"https:\/\/secure.gravatar.com\/avatar\/5290a43657c74ffa15701dbe5b846bd85cc71930d803c84e91046a7333de6ce2?s=96&d=mm&r=g","caption":"elpuucnoticias"},"sameAs":["https:\/\/elpuucnoticias.com"],"url":"https:\/\/elpuucnoticias.com\/?author=1"}]}},"_links":{"self":[{"href":"https:\/\/elpuucnoticias.com\/index.php?rest_route=\/wp\/v2\/posts\/12293","targetHints":{"allow":["GET"]}}],"collection":[{"href":"https:\/\/elpuucnoticias.com\/index.php?rest_route=\/wp\/v2\/posts"}],"about":[{"href":"https:\/\/elpuucnoticias.com\/index.php?rest_route=\/wp\/v2\/types\/post"}],"author":[{"embeddable":true,"href":"https:\/\/elpuucnoticias.com\/index.php?rest_route=\/wp\/v2\/users\/1"}],"replies":[{"embeddable":true,"href":"https:\/\/elpuucnoticias.com\/index.php?rest_route=%2Fwp%2Fv2%2Fcomments&post=12293"}],"version-history":[{"count":1,"href":"https:\/\/elpuucnoticias.com\/index.php?rest_route=\/wp\/v2\/posts\/12293\/revisions"}],"predecessor-version":[{"id":12298,"href":"https:\/\/elpuucnoticias.com\/index.php?rest_route=\/wp\/v2\/posts\/12293\/revisions\/12298"}],"wp:featuredmedia":[{"embeddable":true,"href":"https:\/\/elpuucnoticias.com\/index.php?rest_route=\/wp\/v2\/media\/12297"}],"wp:attachment":[{"href":"https:\/\/elpuucnoticias.com\/index.php?rest_route=%2Fwp%2Fv2%2Fmedia&parent=12293"}],"wp:term":[{"taxonomy":"category","embeddable":true,"href":"https:\/\/elpuucnoticias.com\/index.php?rest_route=%2Fwp%2Fv2%2Fcategories&post=12293"},{"taxonomy":"post_tag","embeddable":true,"href":"https:\/\/elpuucnoticias.com\/index.php?rest_route=%2Fwp%2Fv2%2Ftags&post=12293"}],"curies":[{"name":"wp","href":"https:\/\/api.w.org\/{rel}","templated":true}]}}