{"id":12313,"date":"2024-05-14T11:14:54","date_gmt":"2024-05-14T17:14:54","guid":{"rendered":"https:\/\/elpuucnoticias.com\/?p=12313"},"modified":"2024-05-14T11:14:54","modified_gmt":"2024-05-14T17:14:54","slug":"quintana-roo-reactiva-la-conexion-aerea-regional-cancun-cozumel-con-la-aerolinea-aerus","status":"publish","type":"post","link":"https:\/\/elpuucnoticias.com\/?p=12313","title":{"rendered":"Quintana Roo reactiva la conexi\u00f3n a\u00e9rea regional Canc\u00fan-Cozumel con la aerol\u00ednea Aerus"},"content":{"rendered":"\n<p>El puente a\u00e9reo entre Canc\u00fan y Cozumel fue recuperado hoy con la inauguraci\u00f3n del primer vuelo de la aerol\u00ednea Aerus, que a partir de este d\u00eda conecta ambos puntos con 5 vuelos diarios y a Canc\u00fan con M\u00e9rida con 7 vuelos a la semana.<\/p>\n\n\n\n<p>A partir del 1 de julio se pondr\u00e1 en servicio la ruta Canc\u00fan-Chetumal, con una frecuencia diaria. Est\u00e1 contemplado tambi\u00e9n un vuelo diario a Chich\u00e9n Itz\u00e1. Con estas nuevas rutas se fortalece la conectividad entre el norte, centro y sur del estado, as\u00ed como el desarrollo regional.<\/p>\n\n\n\n<p>La gobernadora Mara Lezama Espinosa, quien estuvo en el primer vuelo inaugural de Canc\u00fan a Cozumel, acompa\u00f1ada del presidente de Consejo de Aerus, Filiberto Rafael Herrera Andr\u00e9s, afirm\u00f3 que este es un d\u00eda hist\u00f3rico para Quintana Roo, porque se recupera este puente a\u00e9reo. Agradeci\u00f3 esta inversi\u00f3n privada que contribuye a la atracci\u00f3n de m\u00e1s turismo a la isla.<\/p>\n\n\n\n<p>\u201cEsta ruta no es s\u00f3lo un avance en nuestra oferta de transporte y la conectividad que queremos fortalecer en el estado y en la regi\u00f3n, sino una nueva herramienta para promover el turismo, la unidad entre nuestras comunidades y para consolidar a Quintana Roo en el coraz\u00f3n del turismo y la innovaci\u00f3n en M\u00e9xico\u201d afirm\u00f3 la titular del Ejecutivo durante la ceremonia oficial de inauguraci\u00f3n.<\/p>\n\n\n\n<p>Con la presencia del director general de Aerus, Javier Herrera Garc\u00eda; del administrador del aeropuerto de Cozumel, Jorge Carlos Campos Romero; y la presidenta municipal, Juanita Alonso Marrufo, la Gobernadora precis\u00f3 que estas nuevas rutas a\u00e9reas fortalecer\u00e1n la econom\u00eda local, crear\u00e1n empleos y abrir\u00e1n un sinf\u00edn de oportunidades para todas y todos. \u201cEstamos volando juntas y juntos hacia un futuro a\u00fan m\u00e1s prometedor en esta la nueva era del turismo del caribe mexicano\u201d, dijo.<\/p>\n\n\n\n<p>Aerus operar\u00e1 mensualmente 416 vuelos en los aeropuertos de Quintana Roo, Aeropuerto Internacional de Cozumel, Aeropuerto Internacional de Canc\u00fan y Aeropuerto Internacional de Chetumal.<\/p>\n\n\n\n<p>La presidenta de Cozumel Juanita Alonso Marrufo agradeci\u00f3 a todas y todos por confiar en este destino, por creer en Cozumel. \u201cLa presencia de empresas, como Aerus, es muestra de la confianza del sector privado para invertir en Quintana Roo y en Cozumel\u201d, dijo.<\/p>\n\n\n\n<p>A\u00f1adi\u00f3 que la decisi\u00f3n de tener un centro de operaciones con 5 aeronaves por el momento, as\u00ed como pilotos, t\u00e9cnicos, personal de rampa y administrativo, con un hangar privado \u00fanico en Quintana Roo, pondr\u00e1 a Cozumel, como Pueblo M\u00e1gico, en el centro de inter\u00e9s de visitantes potenciales.<\/p>\n\n\n\n<p>Por su parte, Javier Herrera Garc\u00eda, Director Aerus, explic\u00f3 que esta es una aerol\u00ednea basada en Monterrey e inici\u00f3 el 27 de abril de 2023, por lo que pr\u00e1cticamente est\u00e1 celebrando su primer aniversario con esta apertura. Anunci\u00f3 que habr\u00e1 tarifa local para Cozumel.<\/p>\n\n\n\n<p>La inauguraci\u00f3n de estas nuevas rutas a\u00e9reas en Cozumel incluy\u00f3 el corte&nbsp;del&nbsp;list\u00f3n.<\/p>\n","protected":false},"excerpt":{"rendered":"<p>El puente a\u00e9reo entre Canc\u00fan y Cozumel fue recuperado hoy con la inauguraci\u00f3n del primer vuelo de la<\/p>\n","protected":false},"author":4,"featured_media":12334,"comment_status":"closed","ping_status":"open","sticky":false,"template":"","format":"standard","meta":{"_monsterinsights_skip_tracking":false,"_monsterinsights_sitenote_active":false,"_monsterinsights_sitenote_note":"","_monsterinsights_sitenote_category":0,"footnotes":""},"categories":[11,24],"tags":[],"class_list":["post-12313","post","type-post","status-publish","format-standard","has-post-thumbnail","hentry","category-noticias","category-quintana-roo"],"yoast_head":"<!-- This site is optimized with the Yoast SEO plugin v18.3 - https:\/\/yoast.com\/wordpress\/plugins\/seo\/ -->\n<title>Quintana Roo reactiva la conexi\u00f3n a\u00e9rea regional Canc\u00fan-Cozumel con la aerol\u00ednea Aerus - El Puuc Noticias<\/title>\n<meta name=\"robots\" content=\"index, follow, max-snippet:-1, max-image-preview:large, max-video-preview:-1\" \/>\n<link rel=\"canonical\" href=\"https:\/\/elpuucnoticias.com\/?p=12313\" \/>\n<meta property=\"og:locale\" content=\"es_ES\" \/>\n<meta property=\"og:type\" content=\"article\" \/>\n<meta property=\"og:title\" content=\"Quintana Roo reactiva la conexi\u00f3n a\u00e9rea regional Canc\u00fan-Cozumel con la aerol\u00ednea Aerus - El Puuc Noticias\" \/>\n<meta property=\"og:description\" content=\"El puente a\u00e9reo entre Canc\u00fan y Cozumel fue recuperado hoy con la inauguraci\u00f3n del primer vuelo de la\" \/>\n<meta property=\"og:url\" content=\"https:\/\/elpuucnoticias.com\/?p=12313\" \/>\n<meta property=\"og:site_name\" content=\"El Puuc Noticias\" \/>\n<meta property=\"article:published_time\" content=\"2024-05-14T17:14:54+00:00\" \/>\n<meta property=\"og:image\" content=\"https:\/\/elpuucnoticias.com\/wp-content\/uploads\/2024\/05\/imagen-de-whatsapp-2024-05-14-a-las-11.09.30_e3a111d9.jpg\" \/>\n\t<meta property=\"og:image:width\" content=\"1600\" \/>\n\t<meta property=\"og:image:height\" content=\"1066\" \/>\n\t<meta property=\"og:image:type\" content=\"image\/jpeg\" \/>\n<meta name=\"twitter:card\" content=\"summary_large_image\" \/>\n<meta name=\"twitter:label1\" content=\"Escrito por\" \/>\n\t<meta name=\"twitter:data1\" content=\"Marissa Carolina Tun Le\u00f3n\" \/>\n\t<meta name=\"twitter:label2\" content=\"Tiempo de lectura\" \/>\n\t<meta name=\"twitter:data2\" content=\"3 minutos\" \/>\n<script type=\"application\/ld+json\" class=\"yoast-schema-graph\">{\"@context\":\"https:\/\/schema.org\",\"@graph\":[{\"@type\":\"WebSite\",\"@id\":\"https:\/\/elpuucnoticias.com\/#website\",\"url\":\"https:\/\/elpuucnoticias.com\/\",\"name\":\"El Puuc Noticias\",\"description\":\"Noticias - Entretenimiento - Deportes\",\"potentialAction\":[{\"@type\":\"SearchAction\",\"target\":{\"@type\":\"EntryPoint\",\"urlTemplate\":\"https:\/\/elpuucnoticias.com\/?s={search_term_string}\"},\"query-input\":\"required name=search_term_string\"}],\"inLanguage\":\"es\"},{\"@type\":\"ImageObject\",\"@id\":\"https:\/\/elpuucnoticias.com\/?p=12313#primaryimage\",\"inLanguage\":\"es\",\"url\":\"https:\/\/elpuucnoticias.com\/wp-content\/uploads\/2024\/05\/imagen-de-whatsapp-2024-05-14-a-las-11.09.30_e3a111d9.jpg\",\"contentUrl\":\"https:\/\/elpuucnoticias.com\/wp-content\/uploads\/2024\/05\/imagen-de-whatsapp-2024-05-14-a-las-11.09.30_e3a111d9.jpg\",\"width\":1600,\"height\":1066},{\"@type\":\"WebPage\",\"@id\":\"https:\/\/elpuucnoticias.com\/?p=12313#webpage\",\"url\":\"https:\/\/elpuucnoticias.com\/?p=12313\",\"name\":\"Quintana Roo reactiva la conexi\u00f3n a\u00e9rea regional Canc\u00fan-Cozumel con la aerol\u00ednea Aerus - El Puuc Noticias\",\"isPartOf\":{\"@id\":\"https:\/\/elpuucnoticias.com\/#website\"},\"primaryImageOfPage\":{\"@id\":\"https:\/\/elpuucnoticias.com\/?p=12313#primaryimage\"},\"datePublished\":\"2024-05-14T17:14:54+00:00\",\"dateModified\":\"2024-05-14T17:14:54+00:00\",\"author\":{\"@id\":\"https:\/\/elpuucnoticias.com\/#\/schema\/person\/6bf483935f39c2ab585693dc517dc76d\"},\"breadcrumb\":{\"@id\":\"https:\/\/elpuucnoticias.com\/?p=12313#breadcrumb\"},\"inLanguage\":\"es\",\"potentialAction\":[{\"@type\":\"ReadAction\",\"target\":[\"https:\/\/elpuucnoticias.com\/?p=12313\"]}]},{\"@type\":\"BreadcrumbList\",\"@id\":\"https:\/\/elpuucnoticias.com\/?p=12313#breadcrumb\",\"itemListElement\":[{\"@type\":\"ListItem\",\"position\":1,\"name\":\"Portada\",\"item\":\"https:\/\/elpuucnoticias.com\/\"},{\"@type\":\"ListItem\",\"position\":2,\"name\":\"Quintana Roo reactiva la conexi\u00f3n a\u00e9rea regional Canc\u00fan-Cozumel con la aerol\u00ednea Aerus\"}]},{\"@type\":\"Person\",\"@id\":\"https:\/\/elpuucnoticias.com\/#\/schema\/person\/6bf483935f39c2ab585693dc517dc76d\",\"name\":\"Marissa Carolina Tun Le\u00f3n\",\"image\":{\"@type\":\"ImageObject\",\"@id\":\"https:\/\/elpuucnoticias.com\/#personlogo\",\"inLanguage\":\"es\",\"url\":\"https:\/\/secure.gravatar.com\/avatar\/be67e5e97e8acf16111e83789a437c992dd20d7d1663fbbd9fc7c2ef0de53772?s=96&d=mm&r=g\",\"contentUrl\":\"https:\/\/secure.gravatar.com\/avatar\/be67e5e97e8acf16111e83789a437c992dd20d7d1663fbbd9fc7c2ef0de53772?s=96&d=mm&r=g\",\"caption\":\"Marissa Carolina Tun Le\u00f3n\"},\"url\":\"https:\/\/elpuucnoticias.com\/?author=4\"}]}<\/script>\n<!-- \/ Yoast SEO plugin. -->","yoast_head_json":{"title":"Quintana Roo reactiva la conexi\u00f3n a\u00e9rea regional Canc\u00fan-Cozumel con la aerol\u00ednea Aerus - El Puuc Noticias","robots":{"index":"index","follow":"follow","max-snippet":"max-snippet:-1","max-image-preview":"max-image-preview:large","max-video-preview":"max-video-preview:-1"},"canonical":"https:\/\/elpuucnoticias.com\/?p=12313","og_locale":"es_ES","og_type":"article","og_title":"Quintana Roo reactiva la conexi\u00f3n a\u00e9rea regional Canc\u00fan-Cozumel con la aerol\u00ednea Aerus - El Puuc Noticias","og_description":"El puente a\u00e9reo entre Canc\u00fan y Cozumel fue recuperado hoy con la inauguraci\u00f3n del primer vuelo de la","og_url":"https:\/\/elpuucnoticias.com\/?p=12313","og_site_name":"El Puuc Noticias","article_published_time":"2024-05-14T17:14:54+00:00","og_image":[{"width":1600,"height":1066,"url":"https:\/\/elpuucnoticias.com\/wp-content\/uploads\/2024\/05\/imagen-de-whatsapp-2024-05-14-a-las-11.09.30_e3a111d9.jpg","type":"image\/jpeg"}],"twitter_card":"summary_large_image","twitter_misc":{"Escrito por":"Marissa Carolina Tun Le\u00f3n","Tiempo de lectura":"3 minutos"},"schema":{"@context":"https:\/\/schema.org","@graph":[{"@type":"WebSite","@id":"https:\/\/elpuucnoticias.com\/#website","url":"https:\/\/elpuucnoticias.com\/","name":"El Puuc Noticias","description":"Noticias - Entretenimiento - Deportes","potentialAction":[{"@type":"SearchAction","target":{"@type":"EntryPoint","urlTemplate":"https:\/\/elpuucnoticias.com\/?s={search_term_string}"},"query-input":"required name=search_term_string"}],"inLanguage":"es"},{"@type":"ImageObject","@id":"https:\/\/elpuucnoticias.com\/?p=12313#primaryimage","inLanguage":"es","url":"https:\/\/elpuucnoticias.com\/wp-content\/uploads\/2024\/05\/imagen-de-whatsapp-2024-05-14-a-las-11.09.30_e3a111d9.jpg","contentUrl":"https:\/\/elpuucnoticias.com\/wp-content\/uploads\/2024\/05\/imagen-de-whatsapp-2024-05-14-a-las-11.09.30_e3a111d9.jpg","width":1600,"height":1066},{"@type":"WebPage","@id":"https:\/\/elpuucnoticias.com\/?p=12313#webpage","url":"https:\/\/elpuucnoticias.com\/?p=12313","name":"Quintana Roo reactiva la conexi\u00f3n a\u00e9rea regional Canc\u00fan-Cozumel con la aerol\u00ednea Aerus - El Puuc Noticias","isPartOf":{"@id":"https:\/\/elpuucnoticias.com\/#website"},"primaryImageOfPage":{"@id":"https:\/\/elpuucnoticias.com\/?p=12313#primaryimage"},"datePublished":"2024-05-14T17:14:54+00:00","dateModified":"2024-05-14T17:14:54+00:00","author":{"@id":"https:\/\/elpuucnoticias.com\/#\/schema\/person\/6bf483935f39c2ab585693dc517dc76d"},"breadcrumb":{"@id":"https:\/\/elpuucnoticias.com\/?p=12313#breadcrumb"},"inLanguage":"es","potentialAction":[{"@type":"ReadAction","target":["https:\/\/elpuucnoticias.com\/?p=12313"]}]},{"@type":"BreadcrumbList","@id":"https:\/\/elpuucnoticias.com\/?p=12313#breadcrumb","itemListElement":[{"@type":"ListItem","position":1,"name":"Portada","item":"https:\/\/elpuucnoticias.com\/"},{"@type":"ListItem","position":2,"name":"Quintana Roo reactiva la conexi\u00f3n a\u00e9rea regional Canc\u00fan-Cozumel con la aerol\u00ednea Aerus"}]},{"@type":"Person","@id":"https:\/\/elpuucnoticias.com\/#\/schema\/person\/6bf483935f39c2ab585693dc517dc76d","name":"Marissa Carolina Tun Le\u00f3n","image":{"@type":"ImageObject","@id":"https:\/\/elpuucnoticias.com\/#personlogo","inLanguage":"es","url":"https:\/\/secure.gravatar.com\/avatar\/be67e5e97e8acf16111e83789a437c992dd20d7d1663fbbd9fc7c2ef0de53772?s=96&d=mm&r=g","contentUrl":"https:\/\/secure.gravatar.com\/avatar\/be67e5e97e8acf16111e83789a437c992dd20d7d1663fbbd9fc7c2ef0de53772?s=96&d=mm&r=g","caption":"Marissa Carolina Tun Le\u00f3n"},"url":"https:\/\/elpuucnoticias.com\/?author=4"}]}},"_links":{"self":[{"href":"https:\/\/elpuucnoticias.com\/index.php?rest_route=\/wp\/v2\/posts\/12313","targetHints":{"allow":["GET"]}}],"collection":[{"href":"https:\/\/elpuucnoticias.com\/index.php?rest_route=\/wp\/v2\/posts"}],"about":[{"href":"https:\/\/elpuucnoticias.com\/index.php?rest_route=\/wp\/v2\/types\/post"}],"author":[{"embeddable":true,"href":"https:\/\/elpuucnoticias.com\/index.php?rest_route=\/wp\/v2\/users\/4"}],"replies":[{"embeddable":true,"href":"https:\/\/elpuucnoticias.com\/index.php?rest_route=%2Fwp%2Fv2%2Fcomments&post=12313"}],"version-history":[{"count":1,"href":"https:\/\/elpuucnoticias.com\/index.php?rest_route=\/wp\/v2\/posts\/12313\/revisions"}],"predecessor-version":[{"id":12337,"href":"https:\/\/elpuucnoticias.com\/index.php?rest_route=\/wp\/v2\/posts\/12313\/revisions\/12337"}],"wp:featuredmedia":[{"embeddable":true,"href":"https:\/\/elpuucnoticias.com\/index.php?rest_route=\/wp\/v2\/media\/12334"}],"wp:attachment":[{"href":"https:\/\/elpuucnoticias.com\/index.php?rest_route=%2Fwp%2Fv2%2Fmedia&parent=12313"}],"wp:term":[{"taxonomy":"category","embeddable":true,"href":"https:\/\/elpuucnoticias.com\/index.php?rest_route=%2Fwp%2Fv2%2Fcategories&post=12313"},{"taxonomy":"post_tag","embeddable":true,"href":"https:\/\/elpuucnoticias.com\/index.php?rest_route=%2Fwp%2Fv2%2Ftags&post=12313"}],"curies":[{"name":"wp","href":"https:\/\/api.w.org\/{rel}","templated":true}]}}