{"id":12344,"date":"2024-05-14T11:28:51","date_gmt":"2024-05-14T17:28:51","guid":{"rendered":"https:\/\/elpuucnoticias.com\/?p=12344"},"modified":"2024-05-14T11:28:52","modified_gmt":"2024-05-14T17:28:52","slug":"el-museo-de-la-isla-inaugurara-la-exposicion-somos-consciencia-viva-del-artista-jonnathan-cesaretti-el-17-de-mayo","status":"publish","type":"post","link":"https:\/\/elpuucnoticias.com\/?p=12344","title":{"rendered":"El Museo de la Isla inaugurar\u00e1 la exposici\u00f3n \u201cSomos Consciencia Viva\u201d, del artista Jonnathan Cesaretti el 17 de mayo."},"content":{"rendered":"\n<p>La Fundaci\u00f3n de Parques y Museos de Cozumel (FPMC) inaugurar\u00e1 la exposici\u00f3n pict\u00f3rica \u201cSomos Consciencia Viva\u201d, del artista Jonnathan Cesaretti. El evento ser\u00e1 el pr\u00f3ximo viernes 17 de mayo, a las ocho de la noche, en el Museo de la Isla y la entrada es libre para todo el p\u00fablico.<\/p>\n\n\n\n<p>El director general de la FPMC, Alejandro March\u00e1n Pay\u00e1n, destac\u00f3 que la Instituci\u00f3n mantiene un programa permanente de fomento de la cultura y el arte para que la poblaci\u00f3n cozumele\u00f1a y visitantes est\u00e9n en contacto constante con las diferentes disciplinas art\u00edsticas, como son la pintura, fotograf\u00eda, escultura e incluso instalaciones art\u00edsticas que se exhiben en el recinto museogr\u00e1fico.<\/p>\n\n\n\n<p>Por su parte, la directora del Museo de la Isla, Isela Carrillo Cupul, inform\u00f3 que el artista Jonnathan Cesaretti, es originario del estado de Durango y desde muy temprana edad mostr\u00f3 dotes en diversas disciplinas de las artes, que lo llevaron a formarse como comunic\u00f3logo, pintor, actor, DJ y ahora tambi\u00e9n como practicante y maestro de yoga.<\/p>\n\n\n\n<p>Coment\u00f3 que la exposici\u00f3n pict\u00f3rica \u201cSomos Consciencia Viva\u201d, integrada por 11 obras de arte, se centra en temas m\u00edsticos y espirituales de la yoga que fueron pintados con acr\u00edlico, utilizando colores vivos y fuertes, as\u00ed como el ne\u00f3n y tornasol, logrando fusionar elementos del art pop, el arte visionario y el arte figurativo.<\/p>\n\n\n\n<p>Para finalizar, Carrillo Cupul reiter\u00f3 la invitaci\u00f3n al p\u00fablico cozumele\u00f1o para acompa\u00f1ar a Jonnathan Cesaretti a su primera exposici\u00f3n individual en el Museo de la Isla, que se realizar\u00e1 este viernes 17 de mayo, a las ocho de la noche, la entrada es libre.<\/p>\n","protected":false},"excerpt":{"rendered":"<p>La Fundaci\u00f3n de Parques y Museos de Cozumel (FPMC) inaugurar\u00e1 la exposici\u00f3n pict\u00f3rica \u201cSomos Consciencia Viva\u201d, del artista<\/p>\n","protected":false},"author":4,"featured_media":12345,"comment_status":"closed","ping_status":"open","sticky":false,"template":"","format":"standard","meta":{"_monsterinsights_skip_tracking":false,"_monsterinsights_sitenote_active":false,"_monsterinsights_sitenote_note":"","_monsterinsights_sitenote_category":0,"footnotes":""},"categories":[11],"tags":[],"class_list":["post-12344","post","type-post","status-publish","format-standard","has-post-thumbnail","hentry","category-noticias"],"yoast_head":"<!-- This site is optimized with the Yoast SEO plugin v18.3 - https:\/\/yoast.com\/wordpress\/plugins\/seo\/ -->\n<title>El Museo de la Isla inaugurar\u00e1 la exposici\u00f3n \u201cSomos Consciencia Viva\u201d, del artista Jonnathan Cesaretti el 17 de mayo. - El Puuc Noticias<\/title>\n<meta name=\"robots\" content=\"index, follow, max-snippet:-1, max-image-preview:large, max-video-preview:-1\" \/>\n<link rel=\"canonical\" href=\"https:\/\/elpuucnoticias.com\/?p=12344\" \/>\n<meta property=\"og:locale\" content=\"es_ES\" \/>\n<meta property=\"og:type\" content=\"article\" \/>\n<meta property=\"og:title\" content=\"El Museo de la Isla inaugurar\u00e1 la exposici\u00f3n \u201cSomos Consciencia Viva\u201d, del artista Jonnathan Cesaretti el 17 de mayo. - El Puuc Noticias\" \/>\n<meta property=\"og:description\" content=\"La Fundaci\u00f3n de Parques y Museos de Cozumel (FPMC) inaugurar\u00e1 la exposici\u00f3n pict\u00f3rica \u201cSomos Consciencia Viva\u201d, del artista\" \/>\n<meta property=\"og:url\" content=\"https:\/\/elpuucnoticias.com\/?p=12344\" \/>\n<meta property=\"og:site_name\" content=\"El Puuc Noticias\" \/>\n<meta property=\"article:published_time\" content=\"2024-05-14T17:28:51+00:00\" \/>\n<meta property=\"article:modified_time\" content=\"2024-05-14T17:28:52+00:00\" \/>\n<meta property=\"og:image\" content=\"https:\/\/elpuucnoticias.com\/wp-content\/uploads\/2024\/05\/imagen-de-whatsapp-2024-05-14-a-las-11.26.43_78a1b34d.jpg\" \/>\n\t<meta property=\"og:image:width\" content=\"1600\" \/>\n\t<meta property=\"og:image:height\" content=\"1011\" \/>\n\t<meta property=\"og:image:type\" content=\"image\/jpeg\" \/>\n<meta name=\"twitter:card\" content=\"summary_large_image\" \/>\n<meta name=\"twitter:label1\" content=\"Escrito por\" \/>\n\t<meta name=\"twitter:data1\" content=\"Marissa Carolina Tun Le\u00f3n\" \/>\n\t<meta name=\"twitter:label2\" content=\"Tiempo de lectura\" \/>\n\t<meta name=\"twitter:data2\" content=\"2 minutos\" \/>\n<script type=\"application\/ld+json\" class=\"yoast-schema-graph\">{\"@context\":\"https:\/\/schema.org\",\"@graph\":[{\"@type\":\"WebSite\",\"@id\":\"https:\/\/elpuucnoticias.com\/#website\",\"url\":\"https:\/\/elpuucnoticias.com\/\",\"name\":\"El Puuc Noticias\",\"description\":\"Noticias - Entretenimiento - Deportes\",\"potentialAction\":[{\"@type\":\"SearchAction\",\"target\":{\"@type\":\"EntryPoint\",\"urlTemplate\":\"https:\/\/elpuucnoticias.com\/?s={search_term_string}\"},\"query-input\":\"required name=search_term_string\"}],\"inLanguage\":\"es\"},{\"@type\":\"ImageObject\",\"@id\":\"https:\/\/elpuucnoticias.com\/?p=12344#primaryimage\",\"inLanguage\":\"es\",\"url\":\"https:\/\/elpuucnoticias.com\/wp-content\/uploads\/2024\/05\/imagen-de-whatsapp-2024-05-14-a-las-11.26.43_78a1b34d.jpg\",\"contentUrl\":\"https:\/\/elpuucnoticias.com\/wp-content\/uploads\/2024\/05\/imagen-de-whatsapp-2024-05-14-a-las-11.26.43_78a1b34d.jpg\",\"width\":1600,\"height\":1011},{\"@type\":\"WebPage\",\"@id\":\"https:\/\/elpuucnoticias.com\/?p=12344#webpage\",\"url\":\"https:\/\/elpuucnoticias.com\/?p=12344\",\"name\":\"El Museo de la Isla inaugurar\u00e1 la exposici\u00f3n \u201cSomos Consciencia Viva\u201d, del artista Jonnathan Cesaretti el 17 de mayo. - El Puuc Noticias\",\"isPartOf\":{\"@id\":\"https:\/\/elpuucnoticias.com\/#website\"},\"primaryImageOfPage\":{\"@id\":\"https:\/\/elpuucnoticias.com\/?p=12344#primaryimage\"},\"datePublished\":\"2024-05-14T17:28:51+00:00\",\"dateModified\":\"2024-05-14T17:28:52+00:00\",\"author\":{\"@id\":\"https:\/\/elpuucnoticias.com\/#\/schema\/person\/6bf483935f39c2ab585693dc517dc76d\"},\"breadcrumb\":{\"@id\":\"https:\/\/elpuucnoticias.com\/?p=12344#breadcrumb\"},\"inLanguage\":\"es\",\"potentialAction\":[{\"@type\":\"ReadAction\",\"target\":[\"https:\/\/elpuucnoticias.com\/?p=12344\"]}]},{\"@type\":\"BreadcrumbList\",\"@id\":\"https:\/\/elpuucnoticias.com\/?p=12344#breadcrumb\",\"itemListElement\":[{\"@type\":\"ListItem\",\"position\":1,\"name\":\"Portada\",\"item\":\"https:\/\/elpuucnoticias.com\/\"},{\"@type\":\"ListItem\",\"position\":2,\"name\":\"El Museo de la Isla inaugurar\u00e1 la exposici\u00f3n \u201cSomos Consciencia Viva\u201d, del artista Jonnathan Cesaretti el 17 de mayo.\"}]},{\"@type\":\"Person\",\"@id\":\"https:\/\/elpuucnoticias.com\/#\/schema\/person\/6bf483935f39c2ab585693dc517dc76d\",\"name\":\"Marissa Carolina Tun Le\u00f3n\",\"image\":{\"@type\":\"ImageObject\",\"@id\":\"https:\/\/elpuucnoticias.com\/#personlogo\",\"inLanguage\":\"es\",\"url\":\"https:\/\/secure.gravatar.com\/avatar\/be67e5e97e8acf16111e83789a437c992dd20d7d1663fbbd9fc7c2ef0de53772?s=96&d=mm&r=g\",\"contentUrl\":\"https:\/\/secure.gravatar.com\/avatar\/be67e5e97e8acf16111e83789a437c992dd20d7d1663fbbd9fc7c2ef0de53772?s=96&d=mm&r=g\",\"caption\":\"Marissa Carolina Tun Le\u00f3n\"},\"url\":\"https:\/\/elpuucnoticias.com\/?author=4\"}]}<\/script>\n<!-- \/ Yoast SEO plugin. -->","yoast_head_json":{"title":"El Museo de la Isla inaugurar\u00e1 la exposici\u00f3n \u201cSomos Consciencia Viva\u201d, del artista Jonnathan Cesaretti el 17 de mayo. - El Puuc Noticias","robots":{"index":"index","follow":"follow","max-snippet":"max-snippet:-1","max-image-preview":"max-image-preview:large","max-video-preview":"max-video-preview:-1"},"canonical":"https:\/\/elpuucnoticias.com\/?p=12344","og_locale":"es_ES","og_type":"article","og_title":"El Museo de la Isla inaugurar\u00e1 la exposici\u00f3n \u201cSomos Consciencia Viva\u201d, del artista Jonnathan Cesaretti el 17 de mayo. - El Puuc Noticias","og_description":"La Fundaci\u00f3n de Parques y Museos de Cozumel (FPMC) inaugurar\u00e1 la exposici\u00f3n pict\u00f3rica \u201cSomos Consciencia Viva\u201d, del artista","og_url":"https:\/\/elpuucnoticias.com\/?p=12344","og_site_name":"El Puuc Noticias","article_published_time":"2024-05-14T17:28:51+00:00","article_modified_time":"2024-05-14T17:28:52+00:00","og_image":[{"width":1600,"height":1011,"url":"https:\/\/elpuucnoticias.com\/wp-content\/uploads\/2024\/05\/imagen-de-whatsapp-2024-05-14-a-las-11.26.43_78a1b34d.jpg","type":"image\/jpeg"}],"twitter_card":"summary_large_image","twitter_misc":{"Escrito por":"Marissa Carolina Tun Le\u00f3n","Tiempo de lectura":"2 minutos"},"schema":{"@context":"https:\/\/schema.org","@graph":[{"@type":"WebSite","@id":"https:\/\/elpuucnoticias.com\/#website","url":"https:\/\/elpuucnoticias.com\/","name":"El Puuc Noticias","description":"Noticias - Entretenimiento - Deportes","potentialAction":[{"@type":"SearchAction","target":{"@type":"EntryPoint","urlTemplate":"https:\/\/elpuucnoticias.com\/?s={search_term_string}"},"query-input":"required name=search_term_string"}],"inLanguage":"es"},{"@type":"ImageObject","@id":"https:\/\/elpuucnoticias.com\/?p=12344#primaryimage","inLanguage":"es","url":"https:\/\/elpuucnoticias.com\/wp-content\/uploads\/2024\/05\/imagen-de-whatsapp-2024-05-14-a-las-11.26.43_78a1b34d.jpg","contentUrl":"https:\/\/elpuucnoticias.com\/wp-content\/uploads\/2024\/05\/imagen-de-whatsapp-2024-05-14-a-las-11.26.43_78a1b34d.jpg","width":1600,"height":1011},{"@type":"WebPage","@id":"https:\/\/elpuucnoticias.com\/?p=12344#webpage","url":"https:\/\/elpuucnoticias.com\/?p=12344","name":"El Museo de la Isla inaugurar\u00e1 la exposici\u00f3n \u201cSomos Consciencia Viva\u201d, del artista Jonnathan Cesaretti el 17 de mayo. - El Puuc Noticias","isPartOf":{"@id":"https:\/\/elpuucnoticias.com\/#website"},"primaryImageOfPage":{"@id":"https:\/\/elpuucnoticias.com\/?p=12344#primaryimage"},"datePublished":"2024-05-14T17:28:51+00:00","dateModified":"2024-05-14T17:28:52+00:00","author":{"@id":"https:\/\/elpuucnoticias.com\/#\/schema\/person\/6bf483935f39c2ab585693dc517dc76d"},"breadcrumb":{"@id":"https:\/\/elpuucnoticias.com\/?p=12344#breadcrumb"},"inLanguage":"es","potentialAction":[{"@type":"ReadAction","target":["https:\/\/elpuucnoticias.com\/?p=12344"]}]},{"@type":"BreadcrumbList","@id":"https:\/\/elpuucnoticias.com\/?p=12344#breadcrumb","itemListElement":[{"@type":"ListItem","position":1,"name":"Portada","item":"https:\/\/elpuucnoticias.com\/"},{"@type":"ListItem","position":2,"name":"El Museo de la Isla inaugurar\u00e1 la exposici\u00f3n \u201cSomos Consciencia Viva\u201d, del artista Jonnathan Cesaretti el 17 de mayo."}]},{"@type":"Person","@id":"https:\/\/elpuucnoticias.com\/#\/schema\/person\/6bf483935f39c2ab585693dc517dc76d","name":"Marissa Carolina Tun Le\u00f3n","image":{"@type":"ImageObject","@id":"https:\/\/elpuucnoticias.com\/#personlogo","inLanguage":"es","url":"https:\/\/secure.gravatar.com\/avatar\/be67e5e97e8acf16111e83789a437c992dd20d7d1663fbbd9fc7c2ef0de53772?s=96&d=mm&r=g","contentUrl":"https:\/\/secure.gravatar.com\/avatar\/be67e5e97e8acf16111e83789a437c992dd20d7d1663fbbd9fc7c2ef0de53772?s=96&d=mm&r=g","caption":"Marissa Carolina Tun Le\u00f3n"},"url":"https:\/\/elpuucnoticias.com\/?author=4"}]}},"_links":{"self":[{"href":"https:\/\/elpuucnoticias.com\/index.php?rest_route=\/wp\/v2\/posts\/12344","targetHints":{"allow":["GET"]}}],"collection":[{"href":"https:\/\/elpuucnoticias.com\/index.php?rest_route=\/wp\/v2\/posts"}],"about":[{"href":"https:\/\/elpuucnoticias.com\/index.php?rest_route=\/wp\/v2\/types\/post"}],"author":[{"embeddable":true,"href":"https:\/\/elpuucnoticias.com\/index.php?rest_route=\/wp\/v2\/users\/4"}],"replies":[{"embeddable":true,"href":"https:\/\/elpuucnoticias.com\/index.php?rest_route=%2Fwp%2Fv2%2Fcomments&post=12344"}],"version-history":[{"count":1,"href":"https:\/\/elpuucnoticias.com\/index.php?rest_route=\/wp\/v2\/posts\/12344\/revisions"}],"predecessor-version":[{"id":12346,"href":"https:\/\/elpuucnoticias.com\/index.php?rest_route=\/wp\/v2\/posts\/12344\/revisions\/12346"}],"wp:featuredmedia":[{"embeddable":true,"href":"https:\/\/elpuucnoticias.com\/index.php?rest_route=\/wp\/v2\/media\/12345"}],"wp:attachment":[{"href":"https:\/\/elpuucnoticias.com\/index.php?rest_route=%2Fwp%2Fv2%2Fmedia&parent=12344"}],"wp:term":[{"taxonomy":"category","embeddable":true,"href":"https:\/\/elpuucnoticias.com\/index.php?rest_route=%2Fwp%2Fv2%2Fcategories&post=12344"},{"taxonomy":"post_tag","embeddable":true,"href":"https:\/\/elpuucnoticias.com\/index.php?rest_route=%2Fwp%2Fv2%2Ftags&post=12344"}],"curies":[{"name":"wp","href":"https:\/\/api.w.org\/{rel}","templated":true}]}}