{"id":12411,"date":"2024-05-15T13:38:56","date_gmt":"2024-05-15T19:38:56","guid":{"rendered":"https:\/\/elpuucnoticias.com\/?p=12411"},"modified":"2024-05-15T13:38:57","modified_gmt":"2024-05-15T19:38:57","slug":"autoridades-encabezados-por-la-gobernadora-mara-lezama-inician-las-celebraciones-en-ocasion-del-dia-de-la-maestra-y-el-maestro-en-la-capital-del-estado","status":"publish","type":"post","link":"https:\/\/elpuucnoticias.com\/?p=12411","title":{"rendered":"Autoridades, encabezados por la gobernadora Mara Lezama, inician las celebraciones en ocasi\u00f3n del D\u00eda de la Maestra y el Maestro en la capital del estado"},"content":{"rendered":"\n<p>En el Parque al Maestro de esta capital se deposit\u00f3 una ofrenda floral y se hizo una guardia de honor en ocasi\u00f3n del D\u00eda de la Maestra y del Maestro, en donde la gobernadora Mara Lezama Espinosa transmiti\u00f3 a los docentes el reconocimiento de todas y todos los quintanarroenses, quienes los admiran y respetan.<\/p>\n\n\n\n<p>\u201cUstedes son los protagonistas de este tiempo din\u00e1mico y vertiginoso; y los necesitamos con toda su capacidad, formaci\u00f3n, empe\u00f1o y dedicaci\u00f3n para que sigamos formando a una juventud que tenga un mejor porvenir y futuro\u201d expres\u00f3 la Gobernadora en el mensaje alusivo.<\/p>\n\n\n\n<p>En esta ceremonia c\u00edvica destac\u00f3 que si hoy estamos construyendo un mejor estado, se le debe en gran medida a los maestros y las maestras quienes dan lo mejor para la formaci\u00f3n de los ciudadanos. \u201cPor ello, su labor merece reconocimiento, respeto y apoyo inquebrantable\u201d, cit\u00f3 la titular&nbsp;del&nbsp;Ejecutivo.<\/p>\n","protected":false},"excerpt":{"rendered":"<p>En el Parque al Maestro de esta capital se deposit\u00f3 una ofrenda floral y se hizo una guardia<\/p>\n","protected":false},"author":4,"featured_media":12412,"comment_status":"closed","ping_status":"open","sticky":false,"template":"","format":"standard","meta":{"_monsterinsights_skip_tracking":false,"_monsterinsights_sitenote_active":false,"_monsterinsights_sitenote_note":"","_monsterinsights_sitenote_category":0,"footnotes":""},"categories":[11],"tags":[],"class_list":["post-12411","post","type-post","status-publish","format-standard","has-post-thumbnail","hentry","category-noticias"],"yoast_head":"<!-- This site is optimized with the Yoast SEO plugin v18.3 - https:\/\/yoast.com\/wordpress\/plugins\/seo\/ -->\n<title>Autoridades, encabezados por la gobernadora Mara Lezama, inician las celebraciones en ocasi\u00f3n del D\u00eda de la Maestra y el Maestro en la capital del estado - El Puuc Noticias<\/title>\n<meta name=\"robots\" content=\"index, follow, max-snippet:-1, max-image-preview:large, max-video-preview:-1\" \/>\n<link rel=\"canonical\" href=\"https:\/\/elpuucnoticias.com\/?p=12411\" \/>\n<meta property=\"og:locale\" content=\"es_ES\" \/>\n<meta property=\"og:type\" content=\"article\" \/>\n<meta property=\"og:title\" content=\"Autoridades, encabezados por la gobernadora Mara Lezama, inician las celebraciones en ocasi\u00f3n del D\u00eda de la Maestra y el Maestro en la capital del estado - El Puuc Noticias\" \/>\n<meta property=\"og:description\" content=\"En el Parque al Maestro de esta capital se deposit\u00f3 una ofrenda floral y se hizo una guardia\" \/>\n<meta property=\"og:url\" content=\"https:\/\/elpuucnoticias.com\/?p=12411\" \/>\n<meta property=\"og:site_name\" content=\"El Puuc Noticias\" \/>\n<meta property=\"article:published_time\" content=\"2024-05-15T19:38:56+00:00\" \/>\n<meta property=\"article:modified_time\" content=\"2024-05-15T19:38:57+00:00\" \/>\n<meta property=\"og:image\" content=\"https:\/\/elpuucnoticias.com\/wp-content\/uploads\/2024\/05\/imagen-de-whatsapp-2024-05-15-a-las-12.33.13_2418e25e.jpg\" \/>\n\t<meta property=\"og:image:width\" content=\"1600\" \/>\n\t<meta property=\"og:image:height\" content=\"1066\" \/>\n\t<meta property=\"og:image:type\" content=\"image\/jpeg\" \/>\n<meta name=\"twitter:card\" content=\"summary_large_image\" \/>\n<meta name=\"twitter:label1\" content=\"Escrito por\" \/>\n\t<meta name=\"twitter:data1\" content=\"Marissa Carolina Tun Le\u00f3n\" \/>\n\t<meta name=\"twitter:label2\" content=\"Tiempo de lectura\" \/>\n\t<meta name=\"twitter:data2\" content=\"1 minuto\" \/>\n<script type=\"application\/ld+json\" class=\"yoast-schema-graph\">{\"@context\":\"https:\/\/schema.org\",\"@graph\":[{\"@type\":\"WebSite\",\"@id\":\"https:\/\/elpuucnoticias.com\/#website\",\"url\":\"https:\/\/elpuucnoticias.com\/\",\"name\":\"El Puuc Noticias\",\"description\":\"Noticias - Entretenimiento - Deportes\",\"potentialAction\":[{\"@type\":\"SearchAction\",\"target\":{\"@type\":\"EntryPoint\",\"urlTemplate\":\"https:\/\/elpuucnoticias.com\/?s={search_term_string}\"},\"query-input\":\"required name=search_term_string\"}],\"inLanguage\":\"es\"},{\"@type\":\"ImageObject\",\"@id\":\"https:\/\/elpuucnoticias.com\/?p=12411#primaryimage\",\"inLanguage\":\"es\",\"url\":\"https:\/\/elpuucnoticias.com\/wp-content\/uploads\/2024\/05\/imagen-de-whatsapp-2024-05-15-a-las-12.33.13_2418e25e.jpg\",\"contentUrl\":\"https:\/\/elpuucnoticias.com\/wp-content\/uploads\/2024\/05\/imagen-de-whatsapp-2024-05-15-a-las-12.33.13_2418e25e.jpg\",\"width\":1600,\"height\":1066},{\"@type\":\"WebPage\",\"@id\":\"https:\/\/elpuucnoticias.com\/?p=12411#webpage\",\"url\":\"https:\/\/elpuucnoticias.com\/?p=12411\",\"name\":\"Autoridades, encabezados por la gobernadora Mara Lezama, inician las celebraciones en ocasi\u00f3n del D\u00eda de la Maestra y el Maestro en la capital del estado - El Puuc Noticias\",\"isPartOf\":{\"@id\":\"https:\/\/elpuucnoticias.com\/#website\"},\"primaryImageOfPage\":{\"@id\":\"https:\/\/elpuucnoticias.com\/?p=12411#primaryimage\"},\"datePublished\":\"2024-05-15T19:38:56+00:00\",\"dateModified\":\"2024-05-15T19:38:57+00:00\",\"author\":{\"@id\":\"https:\/\/elpuucnoticias.com\/#\/schema\/person\/6bf483935f39c2ab585693dc517dc76d\"},\"breadcrumb\":{\"@id\":\"https:\/\/elpuucnoticias.com\/?p=12411#breadcrumb\"},\"inLanguage\":\"es\",\"potentialAction\":[{\"@type\":\"ReadAction\",\"target\":[\"https:\/\/elpuucnoticias.com\/?p=12411\"]}]},{\"@type\":\"BreadcrumbList\",\"@id\":\"https:\/\/elpuucnoticias.com\/?p=12411#breadcrumb\",\"itemListElement\":[{\"@type\":\"ListItem\",\"position\":1,\"name\":\"Portada\",\"item\":\"https:\/\/elpuucnoticias.com\/\"},{\"@type\":\"ListItem\",\"position\":2,\"name\":\"Autoridades, encabezados por la gobernadora Mara Lezama, inician las celebraciones en ocasi\u00f3n del D\u00eda de la Maestra y el Maestro en la capital del estado\"}]},{\"@type\":\"Person\",\"@id\":\"https:\/\/elpuucnoticias.com\/#\/schema\/person\/6bf483935f39c2ab585693dc517dc76d\",\"name\":\"Marissa Carolina Tun Le\u00f3n\",\"image\":{\"@type\":\"ImageObject\",\"@id\":\"https:\/\/elpuucnoticias.com\/#personlogo\",\"inLanguage\":\"es\",\"url\":\"https:\/\/secure.gravatar.com\/avatar\/be67e5e97e8acf16111e83789a437c992dd20d7d1663fbbd9fc7c2ef0de53772?s=96&d=mm&r=g\",\"contentUrl\":\"https:\/\/secure.gravatar.com\/avatar\/be67e5e97e8acf16111e83789a437c992dd20d7d1663fbbd9fc7c2ef0de53772?s=96&d=mm&r=g\",\"caption\":\"Marissa Carolina Tun Le\u00f3n\"},\"url\":\"https:\/\/elpuucnoticias.com\/?author=4\"}]}<\/script>\n<!-- \/ Yoast SEO plugin. -->","yoast_head_json":{"title":"Autoridades, encabezados por la gobernadora Mara Lezama, inician las celebraciones en ocasi\u00f3n del D\u00eda de la Maestra y el Maestro en la capital del estado - El Puuc Noticias","robots":{"index":"index","follow":"follow","max-snippet":"max-snippet:-1","max-image-preview":"max-image-preview:large","max-video-preview":"max-video-preview:-1"},"canonical":"https:\/\/elpuucnoticias.com\/?p=12411","og_locale":"es_ES","og_type":"article","og_title":"Autoridades, encabezados por la gobernadora Mara Lezama, inician las celebraciones en ocasi\u00f3n del D\u00eda de la Maestra y el Maestro en la capital del estado - El Puuc Noticias","og_description":"En el Parque al Maestro de esta capital se deposit\u00f3 una ofrenda floral y se hizo una guardia","og_url":"https:\/\/elpuucnoticias.com\/?p=12411","og_site_name":"El Puuc Noticias","article_published_time":"2024-05-15T19:38:56+00:00","article_modified_time":"2024-05-15T19:38:57+00:00","og_image":[{"width":1600,"height":1066,"url":"https:\/\/elpuucnoticias.com\/wp-content\/uploads\/2024\/05\/imagen-de-whatsapp-2024-05-15-a-las-12.33.13_2418e25e.jpg","type":"image\/jpeg"}],"twitter_card":"summary_large_image","twitter_misc":{"Escrito por":"Marissa Carolina Tun Le\u00f3n","Tiempo de lectura":"1 minuto"},"schema":{"@context":"https:\/\/schema.org","@graph":[{"@type":"WebSite","@id":"https:\/\/elpuucnoticias.com\/#website","url":"https:\/\/elpuucnoticias.com\/","name":"El Puuc Noticias","description":"Noticias - Entretenimiento - Deportes","potentialAction":[{"@type":"SearchAction","target":{"@type":"EntryPoint","urlTemplate":"https:\/\/elpuucnoticias.com\/?s={search_term_string}"},"query-input":"required name=search_term_string"}],"inLanguage":"es"},{"@type":"ImageObject","@id":"https:\/\/elpuucnoticias.com\/?p=12411#primaryimage","inLanguage":"es","url":"https:\/\/elpuucnoticias.com\/wp-content\/uploads\/2024\/05\/imagen-de-whatsapp-2024-05-15-a-las-12.33.13_2418e25e.jpg","contentUrl":"https:\/\/elpuucnoticias.com\/wp-content\/uploads\/2024\/05\/imagen-de-whatsapp-2024-05-15-a-las-12.33.13_2418e25e.jpg","width":1600,"height":1066},{"@type":"WebPage","@id":"https:\/\/elpuucnoticias.com\/?p=12411#webpage","url":"https:\/\/elpuucnoticias.com\/?p=12411","name":"Autoridades, encabezados por la gobernadora Mara Lezama, inician las celebraciones en ocasi\u00f3n del D\u00eda de la Maestra y el Maestro en la capital del estado - El Puuc Noticias","isPartOf":{"@id":"https:\/\/elpuucnoticias.com\/#website"},"primaryImageOfPage":{"@id":"https:\/\/elpuucnoticias.com\/?p=12411#primaryimage"},"datePublished":"2024-05-15T19:38:56+00:00","dateModified":"2024-05-15T19:38:57+00:00","author":{"@id":"https:\/\/elpuucnoticias.com\/#\/schema\/person\/6bf483935f39c2ab585693dc517dc76d"},"breadcrumb":{"@id":"https:\/\/elpuucnoticias.com\/?p=12411#breadcrumb"},"inLanguage":"es","potentialAction":[{"@type":"ReadAction","target":["https:\/\/elpuucnoticias.com\/?p=12411"]}]},{"@type":"BreadcrumbList","@id":"https:\/\/elpuucnoticias.com\/?p=12411#breadcrumb","itemListElement":[{"@type":"ListItem","position":1,"name":"Portada","item":"https:\/\/elpuucnoticias.com\/"},{"@type":"ListItem","position":2,"name":"Autoridades, encabezados por la gobernadora Mara Lezama, inician las celebraciones en ocasi\u00f3n del D\u00eda de la Maestra y el Maestro en la capital del estado"}]},{"@type":"Person","@id":"https:\/\/elpuucnoticias.com\/#\/schema\/person\/6bf483935f39c2ab585693dc517dc76d","name":"Marissa Carolina Tun Le\u00f3n","image":{"@type":"ImageObject","@id":"https:\/\/elpuucnoticias.com\/#personlogo","inLanguage":"es","url":"https:\/\/secure.gravatar.com\/avatar\/be67e5e97e8acf16111e83789a437c992dd20d7d1663fbbd9fc7c2ef0de53772?s=96&d=mm&r=g","contentUrl":"https:\/\/secure.gravatar.com\/avatar\/be67e5e97e8acf16111e83789a437c992dd20d7d1663fbbd9fc7c2ef0de53772?s=96&d=mm&r=g","caption":"Marissa Carolina Tun Le\u00f3n"},"url":"https:\/\/elpuucnoticias.com\/?author=4"}]}},"_links":{"self":[{"href":"https:\/\/elpuucnoticias.com\/index.php?rest_route=\/wp\/v2\/posts\/12411","targetHints":{"allow":["GET"]}}],"collection":[{"href":"https:\/\/elpuucnoticias.com\/index.php?rest_route=\/wp\/v2\/posts"}],"about":[{"href":"https:\/\/elpuucnoticias.com\/index.php?rest_route=\/wp\/v2\/types\/post"}],"author":[{"embeddable":true,"href":"https:\/\/elpuucnoticias.com\/index.php?rest_route=\/wp\/v2\/users\/4"}],"replies":[{"embeddable":true,"href":"https:\/\/elpuucnoticias.com\/index.php?rest_route=%2Fwp%2Fv2%2Fcomments&post=12411"}],"version-history":[{"count":1,"href":"https:\/\/elpuucnoticias.com\/index.php?rest_route=\/wp\/v2\/posts\/12411\/revisions"}],"predecessor-version":[{"id":12413,"href":"https:\/\/elpuucnoticias.com\/index.php?rest_route=\/wp\/v2\/posts\/12411\/revisions\/12413"}],"wp:featuredmedia":[{"embeddable":true,"href":"https:\/\/elpuucnoticias.com\/index.php?rest_route=\/wp\/v2\/media\/12412"}],"wp:attachment":[{"href":"https:\/\/elpuucnoticias.com\/index.php?rest_route=%2Fwp%2Fv2%2Fmedia&parent=12411"}],"wp:term":[{"taxonomy":"category","embeddable":true,"href":"https:\/\/elpuucnoticias.com\/index.php?rest_route=%2Fwp%2Fv2%2Fcategories&post=12411"},{"taxonomy":"post_tag","embeddable":true,"href":"https:\/\/elpuucnoticias.com\/index.php?rest_route=%2Fwp%2Fv2%2Ftags&post=12411"}],"curies":[{"name":"wp","href":"https:\/\/api.w.org\/{rel}","templated":true}]}}