{"id":1247,"date":"2022-04-25T16:47:38","date_gmt":"2022-04-25T22:47:38","guid":{"rendered":"https:\/\/elpuucnoticias.com\/?p=1247"},"modified":"2022-04-25T16:47:40","modified_gmt":"2022-04-25T22:47:40","slug":"realizan-la-sesion-solemne-de-cabildo-y-un-festival-cultural-con-motivo-del-xviii-aniversario-de-oxkutzcab-como-ciudad","status":"publish","type":"post","link":"https:\/\/elpuucnoticias.com\/?p=1247","title":{"rendered":"Realizan la sesi\u00f3n solemne de cabildo y un festival cultural con motivo del XVIII aniversario de Oxkutzcab como ciudad"},"content":{"rendered":"\n<p>Con el llamado de que \u00abjuntos Sociedad y Gobierno tenemos \u00a0la labor de hacer \u00a0la ciudad que merecemos\u201d, el alcalde Juan Jos\u00e9 Mart\u00edn Fragoso, encabez\u00f3 este domingo la sesi\u00f3n solemne para celebrar el XVIII Aniversario de Oxkutzcab como ciudad.<\/p>\n\n\n\n<p>La ceremonia empez\u00f3 con los honores a la Bandera a cargo de la escolta de la Preparatoria Estatal No. 9 \u201cV\u00edctor Cervera Pacheco\u201d. El secretario municipal, Alan Enmanuel Vera Torres, realiz\u00f3 el pase de lista y con nueve de los 11 regidores, se realiz\u00f3 la sesi\u00f3n solemne de cabildo.<\/p>\n\n\n\n<figure class=\"wp-block-image size-full\"><img loading=\"lazy\" decoding=\"async\" width=\"853\" height=\"682\" src=\"https:\/\/elpuucnoticias.com\/wp-content\/uploads\/2022\/04\/Ciudad03.jpg\" alt=\"\" class=\"wp-image-1249\" srcset=\"https:\/\/elpuucnoticias.com\/wp-content\/uploads\/2022\/04\/Ciudad03.jpg 853w, https:\/\/elpuucnoticias.com\/wp-content\/uploads\/2022\/04\/Ciudad03-300x240.jpg 300w, https:\/\/elpuucnoticias.com\/wp-content\/uploads\/2022\/04\/Ciudad03-768x614.jpg 768w\" sizes=\"auto, (max-width: 853px) 100vw, 853px\" \/><\/figure>\n\n\n\n<p>La remembranza de la ciudad estuvo a cargo del regidor, W\u00edlberth Antonio Cach Yah, quien refiri\u00f3 que Oxkutzcab fue fundada en la \u00e9poca prehisp\u00e1nica, por un grupo de los mayas encabezados por la familia Xiu, un pueblo din\u00e1mico y en constante crecimiento lo que ocasiono que alcance el grado de ciudad en 2004.<\/p>\n\n\n\n<p>En mensaje del maestro, Freddy de Jes\u00fas G\u00f3ngora Cabrera, se dijo que este d\u00eda marca un acontecimiento hist\u00f3rico de Oxkutzcab que se celebra con alegr\u00eda; posteriormente recibi\u00f3 reconocimientos por parte del alcalde y la directora del ITSSY, Yesenia Polanco\u00a0Ross.<\/p>\n\n\n\n<p>El primer edil agradeci\u00f3 la asistencia de invitados, entre ellos algunos ex regidores que tuvieron la sesi\u00f3n solemne en 2004 cuando ciudad recibi\u00f3 el nombramiento de ciudad.<\/p>\n\n\n\n<figure class=\"wp-block-image size-large\"><img loading=\"lazy\" decoding=\"async\" width=\"1024\" height=\"683\" src=\"https:\/\/elpuucnoticias.com\/wp-content\/uploads\/2022\/04\/IMG_2764-1024x683.jpg\" alt=\"\" class=\"wp-image-1250\" srcset=\"https:\/\/elpuucnoticias.com\/wp-content\/uploads\/2022\/04\/IMG_2764-1024x683.jpg 1024w, https:\/\/elpuucnoticias.com\/wp-content\/uploads\/2022\/04\/IMG_2764-300x200.jpg 300w, https:\/\/elpuucnoticias.com\/wp-content\/uploads\/2022\/04\/IMG_2764-768x512.jpg 768w, https:\/\/elpuucnoticias.com\/wp-content\/uploads\/2022\/04\/IMG_2764-1536x1024.jpg 1536w, https:\/\/elpuucnoticias.com\/wp-content\/uploads\/2022\/04\/IMG_2764.jpg 1920w\" sizes=\"auto, (max-width: 1024px) 100vw, 1024px\" \/><\/figure>\n\n\n\n<p>\u00abLa ciudad la conforman los que amamos y aman Oxkutzcab, los que habitamos este espacio, esta morada. Ser ciudad nos hace conscientes de que somos un pueblo de campo y comercio por lo tanto juntos tenemos esa labor de hacer la ciudad, entre sociedad y gobierno\u00bb.<\/p>\n\n\n\n<p>\u00abTal como lo pens\u00f3 el ex alcalde Gualberto Ayora C\u00e1mara (finado), cuando tuvo la iniciativa de declarar a Oxkutzcab como ciudad, en sesi\u00f3n solemne de cabildo el 16 de abril de 2004.\u00a0Quer\u00eda que nuestro  municipio mirara hacia el futuro de nuestros hijos\u00bb.<\/p>\n\n\n\n<p>\u00abEn memoria de ese gran ciudadano seguiremos su ejemplo y de muchos paisanos honorables, para una mejor oportunidad para todos\u00bb.<\/p>\n\n\n\n<p>Acompa\u00f1aron al alcalde, \u00c1ngeles Novelo Caamal, presidenta del DIF Municipal; Crescencio Guti\u00e9rrez Gonz\u00e1lez, diputado local; \u00c1lvaro Trujeque Dom\u00ednguez, director de la Preparatoria V\u00edctor Cervera Pacheco; Aracely B\u00e1rcenas Morales, viuda de Gualberto Ayora; la Se\u00f1orita Aniversario 2022, Adriana Guadalupe G\u00f3ngora Ix; \u00a0entre otros.\u2014 <em>El Puuc Noticias<\/em><\/p>\n","protected":false},"excerpt":{"rendered":"<p>Con el llamado de que \u00abjuntos Sociedad y Gobierno tenemos \u00a0la labor de hacer \u00a0la ciudad que merecemos\u201d,<\/p>\n","protected":false},"author":1,"featured_media":1248,"comment_status":"closed","ping_status":"open","sticky":false,"template":"","format":"standard","meta":{"_monsterinsights_skip_tracking":false,"_monsterinsights_sitenote_active":false,"_monsterinsights_sitenote_note":"","_monsterinsights_sitenote_category":0,"footnotes":""},"categories":[11,14],"tags":[],"class_list":["post-1247","post","type-post","status-publish","format-standard","has-post-thumbnail","hentry","category-noticias","category-oxkutzcab"],"yoast_head":"<!-- This site is optimized with the Yoast SEO plugin v18.3 - https:\/\/yoast.com\/wordpress\/plugins\/seo\/ -->\n<title>Realizan la sesi\u00f3n solemne de cabildo y un festival cultural con motivo del XVIII aniversario de Oxkutzcab como ciudad - El Puuc Noticias<\/title>\n<meta name=\"robots\" content=\"index, follow, max-snippet:-1, max-image-preview:large, max-video-preview:-1\" \/>\n<link rel=\"canonical\" href=\"https:\/\/elpuucnoticias.com\/?p=1247\" \/>\n<meta property=\"og:locale\" content=\"es_ES\" \/>\n<meta property=\"og:type\" content=\"article\" \/>\n<meta property=\"og:title\" content=\"Realizan la sesi\u00f3n solemne de cabildo y un festival cultural con motivo del XVIII aniversario de Oxkutzcab como ciudad - El Puuc Noticias\" \/>\n<meta property=\"og:description\" content=\"Con el llamado de que \u00abjuntos Sociedad y Gobierno tenemos \u00a0la labor de hacer \u00a0la ciudad que merecemos\u201d,\" \/>\n<meta property=\"og:url\" content=\"https:\/\/elpuucnoticias.com\/?p=1247\" \/>\n<meta property=\"og:site_name\" content=\"El Puuc Noticias\" \/>\n<meta property=\"article:published_time\" content=\"2022-04-25T22:47:38+00:00\" \/>\n<meta property=\"article:modified_time\" content=\"2022-04-25T22:47:40+00:00\" \/>\n<meta property=\"og:image\" content=\"https:\/\/elpuucnoticias.com\/wp-content\/uploads\/2022\/04\/Ciudad02.jpg\" \/>\n\t<meta property=\"og:image:width\" content=\"869\" \/>\n\t<meta property=\"og:image:height\" content=\"579\" \/>\n\t<meta property=\"og:image:type\" content=\"image\/jpeg\" \/>\n<meta name=\"twitter:card\" content=\"summary_large_image\" \/>\n<meta name=\"twitter:label1\" content=\"Escrito por\" \/>\n\t<meta name=\"twitter:data1\" content=\"elpuucnoticias\" \/>\n\t<meta name=\"twitter:label2\" content=\"Tiempo de lectura\" \/>\n\t<meta name=\"twitter:data2\" content=\"3 minutos\" \/>\n<script type=\"application\/ld+json\" class=\"yoast-schema-graph\">{\"@context\":\"https:\/\/schema.org\",\"@graph\":[{\"@type\":\"WebSite\",\"@id\":\"https:\/\/elpuucnoticias.com\/#website\",\"url\":\"https:\/\/elpuucnoticias.com\/\",\"name\":\"El Puuc Noticias\",\"description\":\"Noticias - Entretenimiento - Deportes\",\"potentialAction\":[{\"@type\":\"SearchAction\",\"target\":{\"@type\":\"EntryPoint\",\"urlTemplate\":\"https:\/\/elpuucnoticias.com\/?s={search_term_string}\"},\"query-input\":\"required name=search_term_string\"}],\"inLanguage\":\"es\"},{\"@type\":\"ImageObject\",\"@id\":\"https:\/\/elpuucnoticias.com\/?p=1247#primaryimage\",\"inLanguage\":\"es\",\"url\":\"https:\/\/elpuucnoticias.com\/wp-content\/uploads\/2022\/04\/Ciudad02.jpg\",\"contentUrl\":\"https:\/\/elpuucnoticias.com\/wp-content\/uploads\/2022\/04\/Ciudad02.jpg\",\"width\":869,\"height\":579},{\"@type\":\"WebPage\",\"@id\":\"https:\/\/elpuucnoticias.com\/?p=1247#webpage\",\"url\":\"https:\/\/elpuucnoticias.com\/?p=1247\",\"name\":\"Realizan la sesi\u00f3n solemne de cabildo y un festival cultural con motivo del XVIII aniversario de Oxkutzcab como ciudad - El Puuc Noticias\",\"isPartOf\":{\"@id\":\"https:\/\/elpuucnoticias.com\/#website\"},\"primaryImageOfPage\":{\"@id\":\"https:\/\/elpuucnoticias.com\/?p=1247#primaryimage\"},\"datePublished\":\"2022-04-25T22:47:38+00:00\",\"dateModified\":\"2022-04-25T22:47:40+00:00\",\"author\":{\"@id\":\"https:\/\/elpuucnoticias.com\/#\/schema\/person\/d2ea09e4c97f0160b11cdfb1d856bd9e\"},\"breadcrumb\":{\"@id\":\"https:\/\/elpuucnoticias.com\/?p=1247#breadcrumb\"},\"inLanguage\":\"es\",\"potentialAction\":[{\"@type\":\"ReadAction\",\"target\":[\"https:\/\/elpuucnoticias.com\/?p=1247\"]}]},{\"@type\":\"BreadcrumbList\",\"@id\":\"https:\/\/elpuucnoticias.com\/?p=1247#breadcrumb\",\"itemListElement\":[{\"@type\":\"ListItem\",\"position\":1,\"name\":\"Portada\",\"item\":\"https:\/\/elpuucnoticias.com\/\"},{\"@type\":\"ListItem\",\"position\":2,\"name\":\"Realizan la sesi\u00f3n solemne de cabildo y un festival cultural con motivo del XVIII aniversario de Oxkutzcab como ciudad\"}]},{\"@type\":\"Person\",\"@id\":\"https:\/\/elpuucnoticias.com\/#\/schema\/person\/d2ea09e4c97f0160b11cdfb1d856bd9e\",\"name\":\"elpuucnoticias\",\"image\":{\"@type\":\"ImageObject\",\"@id\":\"https:\/\/elpuucnoticias.com\/#personlogo\",\"inLanguage\":\"es\",\"url\":\"https:\/\/secure.gravatar.com\/avatar\/5290a43657c74ffa15701dbe5b846bd85cc71930d803c84e91046a7333de6ce2?s=96&d=mm&r=g\",\"contentUrl\":\"https:\/\/secure.gravatar.com\/avatar\/5290a43657c74ffa15701dbe5b846bd85cc71930d803c84e91046a7333de6ce2?s=96&d=mm&r=g\",\"caption\":\"elpuucnoticias\"},\"sameAs\":[\"https:\/\/elpuucnoticias.com\"],\"url\":\"https:\/\/elpuucnoticias.com\/?author=1\"}]}<\/script>\n<!-- \/ Yoast SEO plugin. -->","yoast_head_json":{"title":"Realizan la sesi\u00f3n solemne de cabildo y un festival cultural con motivo del XVIII aniversario de Oxkutzcab como ciudad - El Puuc Noticias","robots":{"index":"index","follow":"follow","max-snippet":"max-snippet:-1","max-image-preview":"max-image-preview:large","max-video-preview":"max-video-preview:-1"},"canonical":"https:\/\/elpuucnoticias.com\/?p=1247","og_locale":"es_ES","og_type":"article","og_title":"Realizan la sesi\u00f3n solemne de cabildo y un festival cultural con motivo del XVIII aniversario de Oxkutzcab como ciudad - El Puuc Noticias","og_description":"Con el llamado de que \u00abjuntos Sociedad y Gobierno tenemos \u00a0la labor de hacer \u00a0la ciudad que merecemos\u201d,","og_url":"https:\/\/elpuucnoticias.com\/?p=1247","og_site_name":"El Puuc Noticias","article_published_time":"2022-04-25T22:47:38+00:00","article_modified_time":"2022-04-25T22:47:40+00:00","og_image":[{"width":869,"height":579,"url":"https:\/\/elpuucnoticias.com\/wp-content\/uploads\/2022\/04\/Ciudad02.jpg","type":"image\/jpeg"}],"twitter_card":"summary_large_image","twitter_misc":{"Escrito por":"elpuucnoticias","Tiempo de lectura":"3 minutos"},"schema":{"@context":"https:\/\/schema.org","@graph":[{"@type":"WebSite","@id":"https:\/\/elpuucnoticias.com\/#website","url":"https:\/\/elpuucnoticias.com\/","name":"El Puuc Noticias","description":"Noticias - Entretenimiento - Deportes","potentialAction":[{"@type":"SearchAction","target":{"@type":"EntryPoint","urlTemplate":"https:\/\/elpuucnoticias.com\/?s={search_term_string}"},"query-input":"required name=search_term_string"}],"inLanguage":"es"},{"@type":"ImageObject","@id":"https:\/\/elpuucnoticias.com\/?p=1247#primaryimage","inLanguage":"es","url":"https:\/\/elpuucnoticias.com\/wp-content\/uploads\/2022\/04\/Ciudad02.jpg","contentUrl":"https:\/\/elpuucnoticias.com\/wp-content\/uploads\/2022\/04\/Ciudad02.jpg","width":869,"height":579},{"@type":"WebPage","@id":"https:\/\/elpuucnoticias.com\/?p=1247#webpage","url":"https:\/\/elpuucnoticias.com\/?p=1247","name":"Realizan la sesi\u00f3n solemne de cabildo y un festival cultural con motivo del XVIII aniversario de Oxkutzcab como ciudad - El Puuc Noticias","isPartOf":{"@id":"https:\/\/elpuucnoticias.com\/#website"},"primaryImageOfPage":{"@id":"https:\/\/elpuucnoticias.com\/?p=1247#primaryimage"},"datePublished":"2022-04-25T22:47:38+00:00","dateModified":"2022-04-25T22:47:40+00:00","author":{"@id":"https:\/\/elpuucnoticias.com\/#\/schema\/person\/d2ea09e4c97f0160b11cdfb1d856bd9e"},"breadcrumb":{"@id":"https:\/\/elpuucnoticias.com\/?p=1247#breadcrumb"},"inLanguage":"es","potentialAction":[{"@type":"ReadAction","target":["https:\/\/elpuucnoticias.com\/?p=1247"]}]},{"@type":"BreadcrumbList","@id":"https:\/\/elpuucnoticias.com\/?p=1247#breadcrumb","itemListElement":[{"@type":"ListItem","position":1,"name":"Portada","item":"https:\/\/elpuucnoticias.com\/"},{"@type":"ListItem","position":2,"name":"Realizan la sesi\u00f3n solemne de cabildo y un festival cultural con motivo del XVIII aniversario de Oxkutzcab como ciudad"}]},{"@type":"Person","@id":"https:\/\/elpuucnoticias.com\/#\/schema\/person\/d2ea09e4c97f0160b11cdfb1d856bd9e","name":"elpuucnoticias","image":{"@type":"ImageObject","@id":"https:\/\/elpuucnoticias.com\/#personlogo","inLanguage":"es","url":"https:\/\/secure.gravatar.com\/avatar\/5290a43657c74ffa15701dbe5b846bd85cc71930d803c84e91046a7333de6ce2?s=96&d=mm&r=g","contentUrl":"https:\/\/secure.gravatar.com\/avatar\/5290a43657c74ffa15701dbe5b846bd85cc71930d803c84e91046a7333de6ce2?s=96&d=mm&r=g","caption":"elpuucnoticias"},"sameAs":["https:\/\/elpuucnoticias.com"],"url":"https:\/\/elpuucnoticias.com\/?author=1"}]}},"_links":{"self":[{"href":"https:\/\/elpuucnoticias.com\/index.php?rest_route=\/wp\/v2\/posts\/1247","targetHints":{"allow":["GET"]}}],"collection":[{"href":"https:\/\/elpuucnoticias.com\/index.php?rest_route=\/wp\/v2\/posts"}],"about":[{"href":"https:\/\/elpuucnoticias.com\/index.php?rest_route=\/wp\/v2\/types\/post"}],"author":[{"embeddable":true,"href":"https:\/\/elpuucnoticias.com\/index.php?rest_route=\/wp\/v2\/users\/1"}],"replies":[{"embeddable":true,"href":"https:\/\/elpuucnoticias.com\/index.php?rest_route=%2Fwp%2Fv2%2Fcomments&post=1247"}],"version-history":[{"count":1,"href":"https:\/\/elpuucnoticias.com\/index.php?rest_route=\/wp\/v2\/posts\/1247\/revisions"}],"predecessor-version":[{"id":1251,"href":"https:\/\/elpuucnoticias.com\/index.php?rest_route=\/wp\/v2\/posts\/1247\/revisions\/1251"}],"wp:featuredmedia":[{"embeddable":true,"href":"https:\/\/elpuucnoticias.com\/index.php?rest_route=\/wp\/v2\/media\/1248"}],"wp:attachment":[{"href":"https:\/\/elpuucnoticias.com\/index.php?rest_route=%2Fwp%2Fv2%2Fmedia&parent=1247"}],"wp:term":[{"taxonomy":"category","embeddable":true,"href":"https:\/\/elpuucnoticias.com\/index.php?rest_route=%2Fwp%2Fv2%2Fcategories&post=1247"},{"taxonomy":"post_tag","embeddable":true,"href":"https:\/\/elpuucnoticias.com\/index.php?rest_route=%2Fwp%2Fv2%2Ftags&post=1247"}],"curies":[{"name":"wp","href":"https:\/\/api.w.org\/{rel}","templated":true}]}}