{"id":1258,"date":"2022-04-25T17:36:29","date_gmt":"2022-04-25T23:36:29","guid":{"rendered":"https:\/\/elpuucnoticias.com\/?p=1258"},"modified":"2022-04-25T17:36:31","modified_gmt":"2022-04-25T23:36:31","slug":"el-alcalde-de-peto-renan-jimenez-tah-participa-en-la-plantacion-de-arboles-en-el-parque-del-nino-perdido-con-motivo-del-dia-internacional-de-la-madre-tierra","status":"publish","type":"post","link":"https:\/\/elpuucnoticias.com\/?p=1258","title":{"rendered":"El alcalde de Peto, Ren\u00e1n Jim\u00e9nez Tah, participa en la plantaci\u00f3n de \u00e1rboles en el parque del Ni\u00f1o Perdido, con motivo del D\u00eda Internacional de la Madre Tierra"},"content":{"rendered":"\n<p>En Peto, en el marco del D\u00eda Internacional de la Madre Tierra se realizaron varias actividades a fin de generar conciencia sobre el cuidado de la tierra.<\/p>\n\n\n\n<figure class=\"wp-block-image size-large\"><img loading=\"lazy\" decoding=\"async\" width=\"1024\" height=\"682\" src=\"https:\/\/elpuucnoticias.com\/wp-content\/uploads\/2022\/04\/peto-plantas-2-1024x682.jpeg\" alt=\"\" class=\"wp-image-1260\" srcset=\"https:\/\/elpuucnoticias.com\/wp-content\/uploads\/2022\/04\/peto-plantas-2-1024x682.jpeg 1024w, https:\/\/elpuucnoticias.com\/wp-content\/uploads\/2022\/04\/peto-plantas-2-300x200.jpeg 300w, https:\/\/elpuucnoticias.com\/wp-content\/uploads\/2022\/04\/peto-plantas-2-768x512.jpeg 768w, https:\/\/elpuucnoticias.com\/wp-content\/uploads\/2022\/04\/peto-plantas-2.jpeg 1280w\" sizes=\"auto, (max-width: 1024px) 100vw, 1024px\" \/><\/figure>\n\n\n\n<p>El alcalde, Ren\u00e1n Jim\u00e9nez Tah, en coordinaci\u00f3n con el Departamento de Educaci\u00f3n del municipio, particip\u00f3 en la plantaci\u00f3n de \u00e1rboles en el parque del Ni\u00f1o Perdido.<\/p>\n\n\n\n<p>Inform\u00f3 que de esta manera buscan crear conciencia sobre la importancia de cuidar a la Madre Tierra, sobre todo invitar a la ciudadan\u00eda a realizar acciones que lleven al cuidado del planeta.<\/p>\n\n\n\n<figure class=\"wp-block-image size-large\"><img loading=\"lazy\" decoding=\"async\" width=\"1024\" height=\"682\" src=\"https:\/\/elpuucnoticias.com\/wp-content\/uploads\/2022\/04\/peto-plantas-4-1024x682.jpeg\" alt=\"\" class=\"wp-image-1261\" srcset=\"https:\/\/elpuucnoticias.com\/wp-content\/uploads\/2022\/04\/peto-plantas-4-1024x682.jpeg 1024w, https:\/\/elpuucnoticias.com\/wp-content\/uploads\/2022\/04\/peto-plantas-4-300x200.jpeg 300w, https:\/\/elpuucnoticias.com\/wp-content\/uploads\/2022\/04\/peto-plantas-4-768x512.jpeg 768w, https:\/\/elpuucnoticias.com\/wp-content\/uploads\/2022\/04\/peto-plantas-4.jpeg 1280w\" sizes=\"auto, (max-width: 1024px) 100vw, 1024px\" \/><\/figure>\n\n\n\n<p>En los diferentes espacios del parque del Ni\u00f1o Perdido se sembraron \u00e1rboles, por lo que esperan que los vecinos de ese sector los cuiden.\u2014 <em>El Puuc Noticias<\/em><\/p>\n","protected":false},"excerpt":{"rendered":"<p>En Peto, en el marco del D\u00eda Internacional de la Madre Tierra se realizaron varias actividades a fin<\/p>\n","protected":false},"author":1,"featured_media":1259,"comment_status":"closed","ping_status":"open","sticky":false,"template":"","format":"standard","meta":{"_monsterinsights_skip_tracking":false,"_monsterinsights_sitenote_active":false,"_monsterinsights_sitenote_note":"","_monsterinsights_sitenote_category":0,"footnotes":""},"categories":[11,20],"tags":[],"class_list":["post-1258","post","type-post","status-publish","format-standard","has-post-thumbnail","hentry","category-noticias","category-peto"],"yoast_head":"<!-- This site is optimized with the Yoast SEO plugin v18.3 - https:\/\/yoast.com\/wordpress\/plugins\/seo\/ -->\n<title>El alcalde de Peto, Ren\u00e1n Jim\u00e9nez Tah, participa en la plantaci\u00f3n de \u00e1rboles en el parque del Ni\u00f1o Perdido, con motivo del D\u00eda Internacional de la Madre Tierra - El Puuc Noticias<\/title>\n<meta name=\"robots\" content=\"index, follow, max-snippet:-1, max-image-preview:large, max-video-preview:-1\" \/>\n<link rel=\"canonical\" href=\"https:\/\/elpuucnoticias.com\/?p=1258\" \/>\n<meta property=\"og:locale\" content=\"es_ES\" \/>\n<meta property=\"og:type\" content=\"article\" \/>\n<meta property=\"og:title\" content=\"El alcalde de Peto, Ren\u00e1n Jim\u00e9nez Tah, participa en la plantaci\u00f3n de \u00e1rboles en el parque del Ni\u00f1o Perdido, con motivo del D\u00eda Internacional de la Madre Tierra - El Puuc Noticias\" \/>\n<meta property=\"og:description\" content=\"En Peto, en el marco del D\u00eda Internacional de la Madre Tierra se realizaron varias actividades a fin\" \/>\n<meta property=\"og:url\" content=\"https:\/\/elpuucnoticias.com\/?p=1258\" \/>\n<meta property=\"og:site_name\" content=\"El Puuc Noticias\" \/>\n<meta property=\"article:published_time\" content=\"2022-04-25T23:36:29+00:00\" \/>\n<meta property=\"article:modified_time\" content=\"2022-04-25T23:36:31+00:00\" \/>\n<meta property=\"og:image\" content=\"https:\/\/elpuucnoticias.com\/wp-content\/uploads\/2022\/04\/peto-plantas-3.jpeg\" \/>\n\t<meta property=\"og:image:width\" content=\"1280\" \/>\n\t<meta property=\"og:image:height\" content=\"853\" \/>\n\t<meta property=\"og:image:type\" content=\"image\/jpeg\" \/>\n<meta name=\"twitter:card\" content=\"summary_large_image\" \/>\n<meta name=\"twitter:label1\" content=\"Escrito por\" \/>\n\t<meta name=\"twitter:data1\" content=\"elpuucnoticias\" \/>\n\t<meta name=\"twitter:label2\" content=\"Tiempo de lectura\" \/>\n\t<meta name=\"twitter:data2\" content=\"1 minuto\" \/>\n<script type=\"application\/ld+json\" class=\"yoast-schema-graph\">{\"@context\":\"https:\/\/schema.org\",\"@graph\":[{\"@type\":\"WebSite\",\"@id\":\"https:\/\/elpuucnoticias.com\/#website\",\"url\":\"https:\/\/elpuucnoticias.com\/\",\"name\":\"El Puuc Noticias\",\"description\":\"Noticias - Entretenimiento - Deportes\",\"potentialAction\":[{\"@type\":\"SearchAction\",\"target\":{\"@type\":\"EntryPoint\",\"urlTemplate\":\"https:\/\/elpuucnoticias.com\/?s={search_term_string}\"},\"query-input\":\"required name=search_term_string\"}],\"inLanguage\":\"es\"},{\"@type\":\"ImageObject\",\"@id\":\"https:\/\/elpuucnoticias.com\/?p=1258#primaryimage\",\"inLanguage\":\"es\",\"url\":\"https:\/\/elpuucnoticias.com\/wp-content\/uploads\/2022\/04\/peto-plantas-3.jpeg\",\"contentUrl\":\"https:\/\/elpuucnoticias.com\/wp-content\/uploads\/2022\/04\/peto-plantas-3.jpeg\",\"width\":1280,\"height\":853},{\"@type\":\"WebPage\",\"@id\":\"https:\/\/elpuucnoticias.com\/?p=1258#webpage\",\"url\":\"https:\/\/elpuucnoticias.com\/?p=1258\",\"name\":\"El alcalde de Peto, Ren\u00e1n Jim\u00e9nez Tah, participa en la plantaci\u00f3n de \u00e1rboles en el parque del Ni\u00f1o Perdido, con motivo del D\u00eda Internacional de la Madre Tierra - El Puuc Noticias\",\"isPartOf\":{\"@id\":\"https:\/\/elpuucnoticias.com\/#website\"},\"primaryImageOfPage\":{\"@id\":\"https:\/\/elpuucnoticias.com\/?p=1258#primaryimage\"},\"datePublished\":\"2022-04-25T23:36:29+00:00\",\"dateModified\":\"2022-04-25T23:36:31+00:00\",\"author\":{\"@id\":\"https:\/\/elpuucnoticias.com\/#\/schema\/person\/d2ea09e4c97f0160b11cdfb1d856bd9e\"},\"breadcrumb\":{\"@id\":\"https:\/\/elpuucnoticias.com\/?p=1258#breadcrumb\"},\"inLanguage\":\"es\",\"potentialAction\":[{\"@type\":\"ReadAction\",\"target\":[\"https:\/\/elpuucnoticias.com\/?p=1258\"]}]},{\"@type\":\"BreadcrumbList\",\"@id\":\"https:\/\/elpuucnoticias.com\/?p=1258#breadcrumb\",\"itemListElement\":[{\"@type\":\"ListItem\",\"position\":1,\"name\":\"Portada\",\"item\":\"https:\/\/elpuucnoticias.com\/\"},{\"@type\":\"ListItem\",\"position\":2,\"name\":\"El alcalde de Peto, Ren\u00e1n Jim\u00e9nez Tah, participa en la plantaci\u00f3n de \u00e1rboles en el parque del Ni\u00f1o Perdido, con motivo del D\u00eda Internacional de la Madre Tierra\"}]},{\"@type\":\"Person\",\"@id\":\"https:\/\/elpuucnoticias.com\/#\/schema\/person\/d2ea09e4c97f0160b11cdfb1d856bd9e\",\"name\":\"elpuucnoticias\",\"image\":{\"@type\":\"ImageObject\",\"@id\":\"https:\/\/elpuucnoticias.com\/#personlogo\",\"inLanguage\":\"es\",\"url\":\"https:\/\/secure.gravatar.com\/avatar\/5290a43657c74ffa15701dbe5b846bd85cc71930d803c84e91046a7333de6ce2?s=96&d=mm&r=g\",\"contentUrl\":\"https:\/\/secure.gravatar.com\/avatar\/5290a43657c74ffa15701dbe5b846bd85cc71930d803c84e91046a7333de6ce2?s=96&d=mm&r=g\",\"caption\":\"elpuucnoticias\"},\"sameAs\":[\"https:\/\/elpuucnoticias.com\"],\"url\":\"https:\/\/elpuucnoticias.com\/?author=1\"}]}<\/script>\n<!-- \/ Yoast SEO plugin. -->","yoast_head_json":{"title":"El alcalde de Peto, Ren\u00e1n Jim\u00e9nez Tah, participa en la plantaci\u00f3n de \u00e1rboles en el parque del Ni\u00f1o Perdido, con motivo del D\u00eda Internacional de la Madre Tierra - El Puuc Noticias","robots":{"index":"index","follow":"follow","max-snippet":"max-snippet:-1","max-image-preview":"max-image-preview:large","max-video-preview":"max-video-preview:-1"},"canonical":"https:\/\/elpuucnoticias.com\/?p=1258","og_locale":"es_ES","og_type":"article","og_title":"El alcalde de Peto, Ren\u00e1n Jim\u00e9nez Tah, participa en la plantaci\u00f3n de \u00e1rboles en el parque del Ni\u00f1o Perdido, con motivo del D\u00eda Internacional de la Madre Tierra - El Puuc Noticias","og_description":"En Peto, en el marco del D\u00eda Internacional de la Madre Tierra se realizaron varias actividades a fin","og_url":"https:\/\/elpuucnoticias.com\/?p=1258","og_site_name":"El Puuc Noticias","article_published_time":"2022-04-25T23:36:29+00:00","article_modified_time":"2022-04-25T23:36:31+00:00","og_image":[{"width":1280,"height":853,"url":"https:\/\/elpuucnoticias.com\/wp-content\/uploads\/2022\/04\/peto-plantas-3.jpeg","type":"image\/jpeg"}],"twitter_card":"summary_large_image","twitter_misc":{"Escrito por":"elpuucnoticias","Tiempo de lectura":"1 minuto"},"schema":{"@context":"https:\/\/schema.org","@graph":[{"@type":"WebSite","@id":"https:\/\/elpuucnoticias.com\/#website","url":"https:\/\/elpuucnoticias.com\/","name":"El Puuc Noticias","description":"Noticias - Entretenimiento - Deportes","potentialAction":[{"@type":"SearchAction","target":{"@type":"EntryPoint","urlTemplate":"https:\/\/elpuucnoticias.com\/?s={search_term_string}"},"query-input":"required name=search_term_string"}],"inLanguage":"es"},{"@type":"ImageObject","@id":"https:\/\/elpuucnoticias.com\/?p=1258#primaryimage","inLanguage":"es","url":"https:\/\/elpuucnoticias.com\/wp-content\/uploads\/2022\/04\/peto-plantas-3.jpeg","contentUrl":"https:\/\/elpuucnoticias.com\/wp-content\/uploads\/2022\/04\/peto-plantas-3.jpeg","width":1280,"height":853},{"@type":"WebPage","@id":"https:\/\/elpuucnoticias.com\/?p=1258#webpage","url":"https:\/\/elpuucnoticias.com\/?p=1258","name":"El alcalde de Peto, Ren\u00e1n Jim\u00e9nez Tah, participa en la plantaci\u00f3n de \u00e1rboles en el parque del Ni\u00f1o Perdido, con motivo del D\u00eda Internacional de la Madre Tierra - El Puuc Noticias","isPartOf":{"@id":"https:\/\/elpuucnoticias.com\/#website"},"primaryImageOfPage":{"@id":"https:\/\/elpuucnoticias.com\/?p=1258#primaryimage"},"datePublished":"2022-04-25T23:36:29+00:00","dateModified":"2022-04-25T23:36:31+00:00","author":{"@id":"https:\/\/elpuucnoticias.com\/#\/schema\/person\/d2ea09e4c97f0160b11cdfb1d856bd9e"},"breadcrumb":{"@id":"https:\/\/elpuucnoticias.com\/?p=1258#breadcrumb"},"inLanguage":"es","potentialAction":[{"@type":"ReadAction","target":["https:\/\/elpuucnoticias.com\/?p=1258"]}]},{"@type":"BreadcrumbList","@id":"https:\/\/elpuucnoticias.com\/?p=1258#breadcrumb","itemListElement":[{"@type":"ListItem","position":1,"name":"Portada","item":"https:\/\/elpuucnoticias.com\/"},{"@type":"ListItem","position":2,"name":"El alcalde de Peto, Ren\u00e1n Jim\u00e9nez Tah, participa en la plantaci\u00f3n de \u00e1rboles en el parque del Ni\u00f1o Perdido, con motivo del D\u00eda Internacional de la Madre Tierra"}]},{"@type":"Person","@id":"https:\/\/elpuucnoticias.com\/#\/schema\/person\/d2ea09e4c97f0160b11cdfb1d856bd9e","name":"elpuucnoticias","image":{"@type":"ImageObject","@id":"https:\/\/elpuucnoticias.com\/#personlogo","inLanguage":"es","url":"https:\/\/secure.gravatar.com\/avatar\/5290a43657c74ffa15701dbe5b846bd85cc71930d803c84e91046a7333de6ce2?s=96&d=mm&r=g","contentUrl":"https:\/\/secure.gravatar.com\/avatar\/5290a43657c74ffa15701dbe5b846bd85cc71930d803c84e91046a7333de6ce2?s=96&d=mm&r=g","caption":"elpuucnoticias"},"sameAs":["https:\/\/elpuucnoticias.com"],"url":"https:\/\/elpuucnoticias.com\/?author=1"}]}},"_links":{"self":[{"href":"https:\/\/elpuucnoticias.com\/index.php?rest_route=\/wp\/v2\/posts\/1258","targetHints":{"allow":["GET"]}}],"collection":[{"href":"https:\/\/elpuucnoticias.com\/index.php?rest_route=\/wp\/v2\/posts"}],"about":[{"href":"https:\/\/elpuucnoticias.com\/index.php?rest_route=\/wp\/v2\/types\/post"}],"author":[{"embeddable":true,"href":"https:\/\/elpuucnoticias.com\/index.php?rest_route=\/wp\/v2\/users\/1"}],"replies":[{"embeddable":true,"href":"https:\/\/elpuucnoticias.com\/index.php?rest_route=%2Fwp%2Fv2%2Fcomments&post=1258"}],"version-history":[{"count":1,"href":"https:\/\/elpuucnoticias.com\/index.php?rest_route=\/wp\/v2\/posts\/1258\/revisions"}],"predecessor-version":[{"id":1262,"href":"https:\/\/elpuucnoticias.com\/index.php?rest_route=\/wp\/v2\/posts\/1258\/revisions\/1262"}],"wp:featuredmedia":[{"embeddable":true,"href":"https:\/\/elpuucnoticias.com\/index.php?rest_route=\/wp\/v2\/media\/1259"}],"wp:attachment":[{"href":"https:\/\/elpuucnoticias.com\/index.php?rest_route=%2Fwp%2Fv2%2Fmedia&parent=1258"}],"wp:term":[{"taxonomy":"category","embeddable":true,"href":"https:\/\/elpuucnoticias.com\/index.php?rest_route=%2Fwp%2Fv2%2Fcategories&post=1258"},{"taxonomy":"post_tag","embeddable":true,"href":"https:\/\/elpuucnoticias.com\/index.php?rest_route=%2Fwp%2Fv2%2Ftags&post=1258"}],"curies":[{"name":"wp","href":"https:\/\/api.w.org\/{rel}","templated":true}]}}