{"id":12631,"date":"2024-05-21T12:33:12","date_gmt":"2024-05-21T18:33:12","guid":{"rendered":"https:\/\/elpuucnoticias.com\/?p=12631"},"modified":"2024-05-21T12:33:18","modified_gmt":"2024-05-21T18:33:18","slug":"le-formulan-cargos-por-robo-calificado-en-valladolid","status":"publish","type":"post","link":"https:\/\/elpuucnoticias.com\/?p=12631","title":{"rendered":"Le formulan cargos por robo calificado en Valladolid"},"content":{"rendered":"\n<p>La Fiscal\u00eda General del Estado (FGE) formul\u00f3 la imputaci\u00f3n al ciudadano J.R.E.A. por el delito de robo calificado, denunciado tras los hechos ocurridos la semana pasada en una tienda de la colonia San Carlos, en Valladolid.<\/p>\n\n\n\n<p>Durante la audiencia celebrada en el Centro de Justicia Oral de Valladolid, esta representaci\u00f3n social formul\u00f3 la imputaci\u00f3n del delito y a continuaci\u00f3n argument\u00f3 los datos y elementos reunidos en la causa penal 43\/2024 para solicitar la vinculaci\u00f3n a proceso del acusado, quien se acogi\u00f3 a la ampliaci\u00f3n del t\u00e9rmino constitucional para resolver su situaci\u00f3n jur\u00eddica, por lo que la Juez de Control del Quinto Distrito cit\u00f3 a las partes para reanudar la audiencia inicial el pr\u00f3ximo 24 de mayo.<\/p>\n\n\n\n<p>Con relaci\u00f3n a los hechos, los especialistas de la Fiscal\u00eda lograron establecer que ocurrieron el pasado 16 de mayo, cuando el acusado se apoder\u00f3 de diversos art\u00edculos en el interior de la tienda comercial e intent\u00f3 salir sin pagarlos, pero fue detenido por personal de seguridad del establecimiento y entregado a las autoridades para la integraci\u00f3n de la carpeta de investigaci\u00f3n correspondiente.<\/p>\n\n\n\n<p>Finalmente, antes de dar por concluida la audiencia, los fiscales de litigaci\u00f3n expusieron argumentos y solicitaron la imposici\u00f3n de medidas cautelares, por lo que la Juez de Control, tras valorarlos, estableci\u00f3 que el acusado deber\u00e1 acudir peri\u00f3dicamente a firmar en la agencia de la FGE en Valladolid, presentar una garant\u00eda econ\u00f3mica y tiene prohibido salir de la Pen\u00ednsula sin autorizaci\u00f3n judicial, todas estas medidas se mantendr\u00e1n vigentes por todo el tiempo que dure el proceso.<\/p>\n\n\n\n<h6 class=\"wp-block-heading\"><\/h6>\n","protected":false},"excerpt":{"rendered":"<p>La Fiscal\u00eda General del Estado (FGE) formul\u00f3 la imputaci\u00f3n al ciudadano J.R.E.A. por el delito de robo calificado,<\/p>\n","protected":false},"author":1,"featured_media":9249,"comment_status":"closed","ping_status":"open","sticky":false,"template":"","format":"standard","meta":{"_monsterinsights_skip_tracking":false,"_monsterinsights_sitenote_active":false,"_monsterinsights_sitenote_note":"","_monsterinsights_sitenote_category":0,"footnotes":""},"categories":[11,3],"tags":[],"class_list":["post-12631","post","type-post","status-publish","format-standard","has-post-thumbnail","hentry","category-noticias","category-policiacas"],"yoast_head":"<!-- This site is optimized with the Yoast SEO plugin v18.3 - https:\/\/yoast.com\/wordpress\/plugins\/seo\/ -->\n<title>Le formulan cargos por robo calificado en Valladolid - El Puuc Noticias<\/title>\n<meta name=\"robots\" content=\"index, follow, max-snippet:-1, max-image-preview:large, max-video-preview:-1\" \/>\n<link rel=\"canonical\" href=\"https:\/\/elpuucnoticias.com\/?p=12631\" \/>\n<meta property=\"og:locale\" content=\"es_ES\" \/>\n<meta property=\"og:type\" content=\"article\" \/>\n<meta property=\"og:title\" content=\"Le formulan cargos por robo calificado en Valladolid - El Puuc Noticias\" \/>\n<meta property=\"og:description\" content=\"La Fiscal\u00eda General del Estado (FGE) formul\u00f3 la imputaci\u00f3n al ciudadano J.R.E.A. por el delito de robo calificado,\" \/>\n<meta property=\"og:url\" content=\"https:\/\/elpuucnoticias.com\/?p=12631\" \/>\n<meta property=\"og:site_name\" content=\"El Puuc Noticias\" \/>\n<meta property=\"article:published_time\" content=\"2024-05-21T18:33:12+00:00\" \/>\n<meta property=\"article:modified_time\" content=\"2024-05-21T18:33:18+00:00\" \/>\n<meta property=\"og:image\" content=\"https:\/\/elpuucnoticias.com\/wp-content\/uploads\/2023\/09\/fiscalia-8.jpg\" \/>\n\t<meta property=\"og:image:width\" content=\"1467\" \/>\n\t<meta property=\"og:image:height\" content=\"978\" \/>\n\t<meta property=\"og:image:type\" content=\"image\/jpeg\" \/>\n<meta name=\"twitter:card\" content=\"summary_large_image\" \/>\n<meta name=\"twitter:label1\" content=\"Escrito por\" \/>\n\t<meta name=\"twitter:data1\" content=\"elpuucnoticias\" \/>\n\t<meta name=\"twitter:label2\" content=\"Tiempo de lectura\" \/>\n\t<meta name=\"twitter:data2\" content=\"2 minutos\" \/>\n<script type=\"application\/ld+json\" class=\"yoast-schema-graph\">{\"@context\":\"https:\/\/schema.org\",\"@graph\":[{\"@type\":\"WebSite\",\"@id\":\"https:\/\/elpuucnoticias.com\/#website\",\"url\":\"https:\/\/elpuucnoticias.com\/\",\"name\":\"El Puuc Noticias\",\"description\":\"Noticias - Entretenimiento - Deportes\",\"potentialAction\":[{\"@type\":\"SearchAction\",\"target\":{\"@type\":\"EntryPoint\",\"urlTemplate\":\"https:\/\/elpuucnoticias.com\/?s={search_term_string}\"},\"query-input\":\"required name=search_term_string\"}],\"inLanguage\":\"es\"},{\"@type\":\"ImageObject\",\"@id\":\"https:\/\/elpuucnoticias.com\/?p=12631#primaryimage\",\"inLanguage\":\"es\",\"url\":\"https:\/\/elpuucnoticias.com\/wp-content\/uploads\/2023\/09\/fiscalia-8.jpg\",\"contentUrl\":\"https:\/\/elpuucnoticias.com\/wp-content\/uploads\/2023\/09\/fiscalia-8.jpg\",\"width\":1467,\"height\":978},{\"@type\":\"WebPage\",\"@id\":\"https:\/\/elpuucnoticias.com\/?p=12631#webpage\",\"url\":\"https:\/\/elpuucnoticias.com\/?p=12631\",\"name\":\"Le formulan cargos por robo calificado en Valladolid - El Puuc Noticias\",\"isPartOf\":{\"@id\":\"https:\/\/elpuucnoticias.com\/#website\"},\"primaryImageOfPage\":{\"@id\":\"https:\/\/elpuucnoticias.com\/?p=12631#primaryimage\"},\"datePublished\":\"2024-05-21T18:33:12+00:00\",\"dateModified\":\"2024-05-21T18:33:18+00:00\",\"author\":{\"@id\":\"https:\/\/elpuucnoticias.com\/#\/schema\/person\/d2ea09e4c97f0160b11cdfb1d856bd9e\"},\"breadcrumb\":{\"@id\":\"https:\/\/elpuucnoticias.com\/?p=12631#breadcrumb\"},\"inLanguage\":\"es\",\"potentialAction\":[{\"@type\":\"ReadAction\",\"target\":[\"https:\/\/elpuucnoticias.com\/?p=12631\"]}]},{\"@type\":\"BreadcrumbList\",\"@id\":\"https:\/\/elpuucnoticias.com\/?p=12631#breadcrumb\",\"itemListElement\":[{\"@type\":\"ListItem\",\"position\":1,\"name\":\"Portada\",\"item\":\"https:\/\/elpuucnoticias.com\/\"},{\"@type\":\"ListItem\",\"position\":2,\"name\":\"Le formulan cargos por robo calificado en Valladolid\"}]},{\"@type\":\"Person\",\"@id\":\"https:\/\/elpuucnoticias.com\/#\/schema\/person\/d2ea09e4c97f0160b11cdfb1d856bd9e\",\"name\":\"elpuucnoticias\",\"image\":{\"@type\":\"ImageObject\",\"@id\":\"https:\/\/elpuucnoticias.com\/#personlogo\",\"inLanguage\":\"es\",\"url\":\"https:\/\/secure.gravatar.com\/avatar\/5290a43657c74ffa15701dbe5b846bd85cc71930d803c84e91046a7333de6ce2?s=96&d=mm&r=g\",\"contentUrl\":\"https:\/\/secure.gravatar.com\/avatar\/5290a43657c74ffa15701dbe5b846bd85cc71930d803c84e91046a7333de6ce2?s=96&d=mm&r=g\",\"caption\":\"elpuucnoticias\"},\"sameAs\":[\"https:\/\/elpuucnoticias.com\"],\"url\":\"https:\/\/elpuucnoticias.com\/?author=1\"}]}<\/script>\n<!-- \/ Yoast SEO plugin. -->","yoast_head_json":{"title":"Le formulan cargos por robo calificado en Valladolid - El Puuc Noticias","robots":{"index":"index","follow":"follow","max-snippet":"max-snippet:-1","max-image-preview":"max-image-preview:large","max-video-preview":"max-video-preview:-1"},"canonical":"https:\/\/elpuucnoticias.com\/?p=12631","og_locale":"es_ES","og_type":"article","og_title":"Le formulan cargos por robo calificado en Valladolid - El Puuc Noticias","og_description":"La Fiscal\u00eda General del Estado (FGE) formul\u00f3 la imputaci\u00f3n al ciudadano J.R.E.A. por el delito de robo calificado,","og_url":"https:\/\/elpuucnoticias.com\/?p=12631","og_site_name":"El Puuc Noticias","article_published_time":"2024-05-21T18:33:12+00:00","article_modified_time":"2024-05-21T18:33:18+00:00","og_image":[{"width":1467,"height":978,"url":"https:\/\/elpuucnoticias.com\/wp-content\/uploads\/2023\/09\/fiscalia-8.jpg","type":"image\/jpeg"}],"twitter_card":"summary_large_image","twitter_misc":{"Escrito por":"elpuucnoticias","Tiempo de lectura":"2 minutos"},"schema":{"@context":"https:\/\/schema.org","@graph":[{"@type":"WebSite","@id":"https:\/\/elpuucnoticias.com\/#website","url":"https:\/\/elpuucnoticias.com\/","name":"El Puuc Noticias","description":"Noticias - Entretenimiento - Deportes","potentialAction":[{"@type":"SearchAction","target":{"@type":"EntryPoint","urlTemplate":"https:\/\/elpuucnoticias.com\/?s={search_term_string}"},"query-input":"required name=search_term_string"}],"inLanguage":"es"},{"@type":"ImageObject","@id":"https:\/\/elpuucnoticias.com\/?p=12631#primaryimage","inLanguage":"es","url":"https:\/\/elpuucnoticias.com\/wp-content\/uploads\/2023\/09\/fiscalia-8.jpg","contentUrl":"https:\/\/elpuucnoticias.com\/wp-content\/uploads\/2023\/09\/fiscalia-8.jpg","width":1467,"height":978},{"@type":"WebPage","@id":"https:\/\/elpuucnoticias.com\/?p=12631#webpage","url":"https:\/\/elpuucnoticias.com\/?p=12631","name":"Le formulan cargos por robo calificado en Valladolid - El Puuc Noticias","isPartOf":{"@id":"https:\/\/elpuucnoticias.com\/#website"},"primaryImageOfPage":{"@id":"https:\/\/elpuucnoticias.com\/?p=12631#primaryimage"},"datePublished":"2024-05-21T18:33:12+00:00","dateModified":"2024-05-21T18:33:18+00:00","author":{"@id":"https:\/\/elpuucnoticias.com\/#\/schema\/person\/d2ea09e4c97f0160b11cdfb1d856bd9e"},"breadcrumb":{"@id":"https:\/\/elpuucnoticias.com\/?p=12631#breadcrumb"},"inLanguage":"es","potentialAction":[{"@type":"ReadAction","target":["https:\/\/elpuucnoticias.com\/?p=12631"]}]},{"@type":"BreadcrumbList","@id":"https:\/\/elpuucnoticias.com\/?p=12631#breadcrumb","itemListElement":[{"@type":"ListItem","position":1,"name":"Portada","item":"https:\/\/elpuucnoticias.com\/"},{"@type":"ListItem","position":2,"name":"Le formulan cargos por robo calificado en Valladolid"}]},{"@type":"Person","@id":"https:\/\/elpuucnoticias.com\/#\/schema\/person\/d2ea09e4c97f0160b11cdfb1d856bd9e","name":"elpuucnoticias","image":{"@type":"ImageObject","@id":"https:\/\/elpuucnoticias.com\/#personlogo","inLanguage":"es","url":"https:\/\/secure.gravatar.com\/avatar\/5290a43657c74ffa15701dbe5b846bd85cc71930d803c84e91046a7333de6ce2?s=96&d=mm&r=g","contentUrl":"https:\/\/secure.gravatar.com\/avatar\/5290a43657c74ffa15701dbe5b846bd85cc71930d803c84e91046a7333de6ce2?s=96&d=mm&r=g","caption":"elpuucnoticias"},"sameAs":["https:\/\/elpuucnoticias.com"],"url":"https:\/\/elpuucnoticias.com\/?author=1"}]}},"_links":{"self":[{"href":"https:\/\/elpuucnoticias.com\/index.php?rest_route=\/wp\/v2\/posts\/12631","targetHints":{"allow":["GET"]}}],"collection":[{"href":"https:\/\/elpuucnoticias.com\/index.php?rest_route=\/wp\/v2\/posts"}],"about":[{"href":"https:\/\/elpuucnoticias.com\/index.php?rest_route=\/wp\/v2\/types\/post"}],"author":[{"embeddable":true,"href":"https:\/\/elpuucnoticias.com\/index.php?rest_route=\/wp\/v2\/users\/1"}],"replies":[{"embeddable":true,"href":"https:\/\/elpuucnoticias.com\/index.php?rest_route=%2Fwp%2Fv2%2Fcomments&post=12631"}],"version-history":[{"count":1,"href":"https:\/\/elpuucnoticias.com\/index.php?rest_route=\/wp\/v2\/posts\/12631\/revisions"}],"predecessor-version":[{"id":12632,"href":"https:\/\/elpuucnoticias.com\/index.php?rest_route=\/wp\/v2\/posts\/12631\/revisions\/12632"}],"wp:featuredmedia":[{"embeddable":true,"href":"https:\/\/elpuucnoticias.com\/index.php?rest_route=\/wp\/v2\/media\/9249"}],"wp:attachment":[{"href":"https:\/\/elpuucnoticias.com\/index.php?rest_route=%2Fwp%2Fv2%2Fmedia&parent=12631"}],"wp:term":[{"taxonomy":"category","embeddable":true,"href":"https:\/\/elpuucnoticias.com\/index.php?rest_route=%2Fwp%2Fv2%2Fcategories&post=12631"},{"taxonomy":"post_tag","embeddable":true,"href":"https:\/\/elpuucnoticias.com\/index.php?rest_route=%2Fwp%2Fv2%2Ftags&post=12631"}],"curies":[{"name":"wp","href":"https:\/\/api.w.org\/{rel}","templated":true}]}}