{"id":12699,"date":"2024-05-23T10:54:23","date_gmt":"2024-05-23T16:54:23","guid":{"rendered":"https:\/\/elpuucnoticias.com\/?p=12699"},"modified":"2024-05-23T10:54:24","modified_gmt":"2024-05-23T16:54:24","slug":"sentenciado-a-prision-en-juicio-abreviado-por-robo-con-violencia","status":"publish","type":"post","link":"https:\/\/elpuucnoticias.com\/?p=12699","title":{"rendered":"Sentenciado a prisi\u00f3n en juicio abreviado por robo con violencia"},"content":{"rendered":"\n<p>Una vez que se cont\u00f3 con la anuencia de las partes involucradas, se celebr\u00f3 un procedimiento de juicio abreviado, donde la Fiscal\u00eda General del Estado (FGE) aport\u00f3 los datos de prueba suficientes para que J.L.G.G. fuera declarado penalmente responsable del delito de robo calificado cometido con violencia y sentenciado a dos a\u00f1os de prisi\u00f3n.<\/p>\n\n\n\n<p>En la audiencia celebrada en el Centro de Justicia Oral de Kanas\u00edn, los fiscales de litigaci\u00f3n aportaron los datos de prueba reunidos en la causa penal 106\/2023, los cuales fueron suficientes para que la Juez de Control dictara el fallo condenatorio en contra del imputado al comprobarse su responsabilidad en los hechos ocurridos el mes de julio del a\u00f1o 2023.<\/p>\n\n\n\n<p>De la indagatoria realizada por la Fiscal\u00eda se desprende que los hechos ocurrieron el 25 de julio del a\u00f1o pasado, cuando el imputado ingres\u00f3 con violencia al domicilio de la v\u00edctima, donde intimid\u00f3 a la denunciante para apoderarse de dinero en efectivo que hab\u00eda en el interior del predio, para despu\u00e9s intentar darse a la fuga, pero fue detenido momentos despu\u00e9s y turnado a esta representaci\u00f3n social, donde se comenz\u00f3 con la integraci\u00f3n de la carpeta de investigaci\u00f3n correspondiente.<\/p>\n\n\n\n<p>Cabe precisar que adem\u00e1s de la pena privativa de la libertad, el acusado fue sentenciado al pago de la reparaci\u00f3n del da\u00f1o, el pago de una multa con valor de 20 d\u00edas de salario, adem\u00e1s de recibir amonestaci\u00f3n p\u00fablica, se le suspendieron sus derechos pol\u00edticos y tiene prohibido acercarse a la v\u00edctima, su domicilio y cualquier lugar donde se encuentre y ser\u00e1 de manera permanente.<\/p>\n","protected":false},"excerpt":{"rendered":"<p>Una vez que se cont\u00f3 con la anuencia de las partes involucradas, se celebr\u00f3 un procedimiento de juicio<\/p>\n","protected":false},"author":1,"featured_media":2976,"comment_status":"closed","ping_status":"open","sticky":false,"template":"","format":"standard","meta":{"_monsterinsights_skip_tracking":false,"_monsterinsights_sitenote_active":false,"_monsterinsights_sitenote_note":"","_monsterinsights_sitenote_category":0,"footnotes":""},"categories":[11,3],"tags":[],"class_list":["post-12699","post","type-post","status-publish","format-standard","has-post-thumbnail","hentry","category-noticias","category-policiacas"],"yoast_head":"<!-- This site is optimized with the Yoast SEO plugin v18.3 - https:\/\/yoast.com\/wordpress\/plugins\/seo\/ -->\n<title>Sentenciado a prisi\u00f3n en juicio abreviado por robo con violencia - El Puuc Noticias<\/title>\n<meta name=\"robots\" content=\"index, follow, max-snippet:-1, max-image-preview:large, max-video-preview:-1\" \/>\n<link rel=\"canonical\" href=\"https:\/\/elpuucnoticias.com\/?p=12699\" \/>\n<meta property=\"og:locale\" content=\"es_ES\" \/>\n<meta property=\"og:type\" content=\"article\" \/>\n<meta property=\"og:title\" content=\"Sentenciado a prisi\u00f3n en juicio abreviado por robo con violencia - El Puuc Noticias\" \/>\n<meta property=\"og:description\" content=\"Una vez que se cont\u00f3 con la anuencia de las partes involucradas, se celebr\u00f3 un procedimiento de juicio\" \/>\n<meta property=\"og:url\" content=\"https:\/\/elpuucnoticias.com\/?p=12699\" \/>\n<meta property=\"og:site_name\" content=\"El Puuc Noticias\" \/>\n<meta property=\"article:published_time\" content=\"2024-05-23T16:54:23+00:00\" \/>\n<meta property=\"article:modified_time\" content=\"2024-05-23T16:54:24+00:00\" \/>\n<meta property=\"og:image\" content=\"https:\/\/elpuucnoticias.com\/wp-content\/uploads\/2022\/08\/fiscalia-4.jpg\" \/>\n\t<meta property=\"og:image:width\" content=\"1467\" \/>\n\t<meta property=\"og:image:height\" content=\"979\" \/>\n\t<meta property=\"og:image:type\" content=\"image\/jpeg\" \/>\n<meta name=\"twitter:card\" content=\"summary_large_image\" \/>\n<meta name=\"twitter:label1\" content=\"Escrito por\" \/>\n\t<meta name=\"twitter:data1\" content=\"elpuucnoticias\" \/>\n\t<meta name=\"twitter:label2\" content=\"Tiempo de lectura\" \/>\n\t<meta name=\"twitter:data2\" content=\"2 minutos\" \/>\n<script type=\"application\/ld+json\" class=\"yoast-schema-graph\">{\"@context\":\"https:\/\/schema.org\",\"@graph\":[{\"@type\":\"WebSite\",\"@id\":\"https:\/\/elpuucnoticias.com\/#website\",\"url\":\"https:\/\/elpuucnoticias.com\/\",\"name\":\"El Puuc Noticias\",\"description\":\"Noticias - Entretenimiento - Deportes\",\"potentialAction\":[{\"@type\":\"SearchAction\",\"target\":{\"@type\":\"EntryPoint\",\"urlTemplate\":\"https:\/\/elpuucnoticias.com\/?s={search_term_string}\"},\"query-input\":\"required name=search_term_string\"}],\"inLanguage\":\"es\"},{\"@type\":\"ImageObject\",\"@id\":\"https:\/\/elpuucnoticias.com\/?p=12699#primaryimage\",\"inLanguage\":\"es\",\"url\":\"https:\/\/elpuucnoticias.com\/wp-content\/uploads\/2022\/08\/fiscalia-4.jpg\",\"contentUrl\":\"https:\/\/elpuucnoticias.com\/wp-content\/uploads\/2022\/08\/fiscalia-4.jpg\",\"width\":1467,\"height\":979},{\"@type\":\"WebPage\",\"@id\":\"https:\/\/elpuucnoticias.com\/?p=12699#webpage\",\"url\":\"https:\/\/elpuucnoticias.com\/?p=12699\",\"name\":\"Sentenciado a prisi\u00f3n en juicio abreviado por robo con violencia - El Puuc Noticias\",\"isPartOf\":{\"@id\":\"https:\/\/elpuucnoticias.com\/#website\"},\"primaryImageOfPage\":{\"@id\":\"https:\/\/elpuucnoticias.com\/?p=12699#primaryimage\"},\"datePublished\":\"2024-05-23T16:54:23+00:00\",\"dateModified\":\"2024-05-23T16:54:24+00:00\",\"author\":{\"@id\":\"https:\/\/elpuucnoticias.com\/#\/schema\/person\/d2ea09e4c97f0160b11cdfb1d856bd9e\"},\"breadcrumb\":{\"@id\":\"https:\/\/elpuucnoticias.com\/?p=12699#breadcrumb\"},\"inLanguage\":\"es\",\"potentialAction\":[{\"@type\":\"ReadAction\",\"target\":[\"https:\/\/elpuucnoticias.com\/?p=12699\"]}]},{\"@type\":\"BreadcrumbList\",\"@id\":\"https:\/\/elpuucnoticias.com\/?p=12699#breadcrumb\",\"itemListElement\":[{\"@type\":\"ListItem\",\"position\":1,\"name\":\"Portada\",\"item\":\"https:\/\/elpuucnoticias.com\/\"},{\"@type\":\"ListItem\",\"position\":2,\"name\":\"Sentenciado a prisi\u00f3n en juicio abreviado por robo con violencia\"}]},{\"@type\":\"Person\",\"@id\":\"https:\/\/elpuucnoticias.com\/#\/schema\/person\/d2ea09e4c97f0160b11cdfb1d856bd9e\",\"name\":\"elpuucnoticias\",\"image\":{\"@type\":\"ImageObject\",\"@id\":\"https:\/\/elpuucnoticias.com\/#personlogo\",\"inLanguage\":\"es\",\"url\":\"https:\/\/secure.gravatar.com\/avatar\/5290a43657c74ffa15701dbe5b846bd85cc71930d803c84e91046a7333de6ce2?s=96&d=mm&r=g\",\"contentUrl\":\"https:\/\/secure.gravatar.com\/avatar\/5290a43657c74ffa15701dbe5b846bd85cc71930d803c84e91046a7333de6ce2?s=96&d=mm&r=g\",\"caption\":\"elpuucnoticias\"},\"sameAs\":[\"https:\/\/elpuucnoticias.com\"],\"url\":\"https:\/\/elpuucnoticias.com\/?author=1\"}]}<\/script>\n<!-- \/ Yoast SEO plugin. -->","yoast_head_json":{"title":"Sentenciado a prisi\u00f3n en juicio abreviado por robo con violencia - El Puuc Noticias","robots":{"index":"index","follow":"follow","max-snippet":"max-snippet:-1","max-image-preview":"max-image-preview:large","max-video-preview":"max-video-preview:-1"},"canonical":"https:\/\/elpuucnoticias.com\/?p=12699","og_locale":"es_ES","og_type":"article","og_title":"Sentenciado a prisi\u00f3n en juicio abreviado por robo con violencia - El Puuc Noticias","og_description":"Una vez que se cont\u00f3 con la anuencia de las partes involucradas, se celebr\u00f3 un procedimiento de juicio","og_url":"https:\/\/elpuucnoticias.com\/?p=12699","og_site_name":"El Puuc Noticias","article_published_time":"2024-05-23T16:54:23+00:00","article_modified_time":"2024-05-23T16:54:24+00:00","og_image":[{"width":1467,"height":979,"url":"https:\/\/elpuucnoticias.com\/wp-content\/uploads\/2022\/08\/fiscalia-4.jpg","type":"image\/jpeg"}],"twitter_card":"summary_large_image","twitter_misc":{"Escrito por":"elpuucnoticias","Tiempo de lectura":"2 minutos"},"schema":{"@context":"https:\/\/schema.org","@graph":[{"@type":"WebSite","@id":"https:\/\/elpuucnoticias.com\/#website","url":"https:\/\/elpuucnoticias.com\/","name":"El Puuc Noticias","description":"Noticias - Entretenimiento - Deportes","potentialAction":[{"@type":"SearchAction","target":{"@type":"EntryPoint","urlTemplate":"https:\/\/elpuucnoticias.com\/?s={search_term_string}"},"query-input":"required name=search_term_string"}],"inLanguage":"es"},{"@type":"ImageObject","@id":"https:\/\/elpuucnoticias.com\/?p=12699#primaryimage","inLanguage":"es","url":"https:\/\/elpuucnoticias.com\/wp-content\/uploads\/2022\/08\/fiscalia-4.jpg","contentUrl":"https:\/\/elpuucnoticias.com\/wp-content\/uploads\/2022\/08\/fiscalia-4.jpg","width":1467,"height":979},{"@type":"WebPage","@id":"https:\/\/elpuucnoticias.com\/?p=12699#webpage","url":"https:\/\/elpuucnoticias.com\/?p=12699","name":"Sentenciado a prisi\u00f3n en juicio abreviado por robo con violencia - El Puuc Noticias","isPartOf":{"@id":"https:\/\/elpuucnoticias.com\/#website"},"primaryImageOfPage":{"@id":"https:\/\/elpuucnoticias.com\/?p=12699#primaryimage"},"datePublished":"2024-05-23T16:54:23+00:00","dateModified":"2024-05-23T16:54:24+00:00","author":{"@id":"https:\/\/elpuucnoticias.com\/#\/schema\/person\/d2ea09e4c97f0160b11cdfb1d856bd9e"},"breadcrumb":{"@id":"https:\/\/elpuucnoticias.com\/?p=12699#breadcrumb"},"inLanguage":"es","potentialAction":[{"@type":"ReadAction","target":["https:\/\/elpuucnoticias.com\/?p=12699"]}]},{"@type":"BreadcrumbList","@id":"https:\/\/elpuucnoticias.com\/?p=12699#breadcrumb","itemListElement":[{"@type":"ListItem","position":1,"name":"Portada","item":"https:\/\/elpuucnoticias.com\/"},{"@type":"ListItem","position":2,"name":"Sentenciado a prisi\u00f3n en juicio abreviado por robo con violencia"}]},{"@type":"Person","@id":"https:\/\/elpuucnoticias.com\/#\/schema\/person\/d2ea09e4c97f0160b11cdfb1d856bd9e","name":"elpuucnoticias","image":{"@type":"ImageObject","@id":"https:\/\/elpuucnoticias.com\/#personlogo","inLanguage":"es","url":"https:\/\/secure.gravatar.com\/avatar\/5290a43657c74ffa15701dbe5b846bd85cc71930d803c84e91046a7333de6ce2?s=96&d=mm&r=g","contentUrl":"https:\/\/secure.gravatar.com\/avatar\/5290a43657c74ffa15701dbe5b846bd85cc71930d803c84e91046a7333de6ce2?s=96&d=mm&r=g","caption":"elpuucnoticias"},"sameAs":["https:\/\/elpuucnoticias.com"],"url":"https:\/\/elpuucnoticias.com\/?author=1"}]}},"_links":{"self":[{"href":"https:\/\/elpuucnoticias.com\/index.php?rest_route=\/wp\/v2\/posts\/12699","targetHints":{"allow":["GET"]}}],"collection":[{"href":"https:\/\/elpuucnoticias.com\/index.php?rest_route=\/wp\/v2\/posts"}],"about":[{"href":"https:\/\/elpuucnoticias.com\/index.php?rest_route=\/wp\/v2\/types\/post"}],"author":[{"embeddable":true,"href":"https:\/\/elpuucnoticias.com\/index.php?rest_route=\/wp\/v2\/users\/1"}],"replies":[{"embeddable":true,"href":"https:\/\/elpuucnoticias.com\/index.php?rest_route=%2Fwp%2Fv2%2Fcomments&post=12699"}],"version-history":[{"count":1,"href":"https:\/\/elpuucnoticias.com\/index.php?rest_route=\/wp\/v2\/posts\/12699\/revisions"}],"predecessor-version":[{"id":12700,"href":"https:\/\/elpuucnoticias.com\/index.php?rest_route=\/wp\/v2\/posts\/12699\/revisions\/12700"}],"wp:featuredmedia":[{"embeddable":true,"href":"https:\/\/elpuucnoticias.com\/index.php?rest_route=\/wp\/v2\/media\/2976"}],"wp:attachment":[{"href":"https:\/\/elpuucnoticias.com\/index.php?rest_route=%2Fwp%2Fv2%2Fmedia&parent=12699"}],"wp:term":[{"taxonomy":"category","embeddable":true,"href":"https:\/\/elpuucnoticias.com\/index.php?rest_route=%2Fwp%2Fv2%2Fcategories&post=12699"},{"taxonomy":"post_tag","embeddable":true,"href":"https:\/\/elpuucnoticias.com\/index.php?rest_route=%2Fwp%2Fv2%2Ftags&post=12699"}],"curies":[{"name":"wp","href":"https:\/\/api.w.org\/{rel}","templated":true}]}}