{"id":12762,"date":"2024-05-24T11:07:27","date_gmt":"2024-05-24T17:07:27","guid":{"rendered":"https:\/\/elpuucnoticias.com\/?p=12762"},"modified":"2024-05-24T11:07:28","modified_gmt":"2024-05-24T17:07:28","slug":"el-emblematico-edificio-del-f-u-t-v-amanecio-con-la-imagen-del-candidato-de-morena-a-la-alcaldia-humberto-parra-como-muestra-de-apoyo","status":"publish","type":"post","link":"https:\/\/elpuucnoticias.com\/?p=12762","title":{"rendered":"El emblem\u00e1tico edificio del F \u00da T V amaneci\u00f3 con la imagen del candidato de Morena a la alcald\u00eda Humberto Parra, como muestra de apoyo."},"content":{"rendered":"\n<p>A unos d\u00edas de las elecciones del 2 de Junio, el emblem\u00e1tico edificio del Frente \u00danico de Trabajadores del. Volante, amaneci\u00f3 con la imagen del candidato de Morena a la alcald\u00eda Beto Parra, como muestra de apoyo.<\/p>\n\n\n\n<figure class=\"wp-block-gallery has-nested-images columns-default is-cropped wp-block-gallery-1 is-layout-flex wp-block-gallery-is-layout-flex\">\n<figure class=\"wp-block-image size-large\"><img loading=\"lazy\" decoding=\"async\" width=\"720\" height=\"405\" data-id=\"12763\" src=\"https:\/\/elpuucnoticias.com\/wp-content\/uploads\/2024\/05\/whatsapp-image-2024-05-24-at-10.18.00-am-2.jpeg\" alt=\"\" class=\"wp-image-12763\" srcset=\"https:\/\/elpuucnoticias.com\/wp-content\/uploads\/2024\/05\/whatsapp-image-2024-05-24-at-10.18.00-am-2.jpeg 720w, https:\/\/elpuucnoticias.com\/wp-content\/uploads\/2024\/05\/whatsapp-image-2024-05-24-at-10.18.00-am-2-300x169.jpeg 300w, https:\/\/elpuucnoticias.com\/wp-content\/uploads\/2024\/05\/whatsapp-image-2024-05-24-at-10.18.00-am-2-320x180.jpeg 320w\" sizes=\"auto, (max-width: 720px) 100vw, 720px\" \/><\/figure>\n\n\n\n<figure class=\"wp-block-image size-large\"><img loading=\"lazy\" decoding=\"async\" width=\"960\" height=\"540\" data-id=\"12764\" src=\"https:\/\/elpuucnoticias.com\/wp-content\/uploads\/2024\/05\/whatsapp-image-2024-05-24-at-10.18.00-am.jpeg\" alt=\"\" class=\"wp-image-12764\" srcset=\"https:\/\/elpuucnoticias.com\/wp-content\/uploads\/2024\/05\/whatsapp-image-2024-05-24-at-10.18.00-am.jpeg 960w, https:\/\/elpuucnoticias.com\/wp-content\/uploads\/2024\/05\/whatsapp-image-2024-05-24-at-10.18.00-am-300x169.jpeg 300w, https:\/\/elpuucnoticias.com\/wp-content\/uploads\/2024\/05\/whatsapp-image-2024-05-24-at-10.18.00-am-768x432.jpeg 768w, https:\/\/elpuucnoticias.com\/wp-content\/uploads\/2024\/05\/whatsapp-image-2024-05-24-at-10.18.00-am-320x180.jpeg 320w\" sizes=\"auto, (max-width: 960px) 100vw, 960px\" \/><\/figure>\n<\/figure>\n\n\n\n<p>El FUTV es un sector importante de la Perla del Sur y hoy le han dado su respaldo y apoyo al candidato de la Cuarta Transformaci\u00f3n.<\/p>\n\n\n\n<p>En reuni\u00f3n con todos los socios y operadores se lo han manifestado a trav\u00e9s de su delegado don Wilder Carrillo y dem\u00e1s socios<\/p>\n","protected":false},"excerpt":{"rendered":"<p>A unos d\u00edas de las elecciones del 2 de Junio, el emblem\u00e1tico edificio del Frente \u00danico de Trabajadores<\/p>\n","protected":false},"author":1,"featured_media":12765,"comment_status":"closed","ping_status":"open","sticky":false,"template":"","format":"standard","meta":{"_monsterinsights_skip_tracking":false,"_monsterinsights_sitenote_active":false,"_monsterinsights_sitenote_note":"","_monsterinsights_sitenote_category":0,"footnotes":""},"categories":[11,26],"tags":[],"class_list":["post-12762","post","type-post","status-publish","format-standard","has-post-thumbnail","hentry","category-noticias","category-politica"],"yoast_head":"<!-- This site is optimized with the Yoast SEO plugin v18.3 - https:\/\/yoast.com\/wordpress\/plugins\/seo\/ -->\n<title>El emblem\u00e1tico edificio del F \u00da T V amaneci\u00f3 con la imagen del candidato de Morena a la alcald\u00eda Humberto Parra, como muestra de apoyo. - El Puuc Noticias<\/title>\n<meta name=\"robots\" content=\"index, follow, max-snippet:-1, max-image-preview:large, max-video-preview:-1\" \/>\n<link rel=\"canonical\" href=\"https:\/\/elpuucnoticias.com\/?p=12762\" \/>\n<meta property=\"og:locale\" content=\"es_ES\" \/>\n<meta property=\"og:type\" content=\"article\" \/>\n<meta property=\"og:title\" content=\"El emblem\u00e1tico edificio del F \u00da T V amaneci\u00f3 con la imagen del candidato de Morena a la alcald\u00eda Humberto Parra, como muestra de apoyo. - El Puuc Noticias\" \/>\n<meta property=\"og:description\" content=\"A unos d\u00edas de las elecciones del 2 de Junio, el emblem\u00e1tico edificio del Frente \u00danico de Trabajadores\" \/>\n<meta property=\"og:url\" content=\"https:\/\/elpuucnoticias.com\/?p=12762\" \/>\n<meta property=\"og:site_name\" content=\"El Puuc Noticias\" \/>\n<meta property=\"article:published_time\" content=\"2024-05-24T17:07:27+00:00\" \/>\n<meta property=\"article:modified_time\" content=\"2024-05-24T17:07:28+00:00\" \/>\n<meta property=\"og:image\" content=\"https:\/\/elpuucnoticias.com\/wp-content\/uploads\/2024\/05\/whatsapp-image-2024-05-24-at-10.17.59-am.jpeg\" \/>\n\t<meta property=\"og:image:width\" content=\"720\" \/>\n\t<meta property=\"og:image:height\" content=\"960\" \/>\n\t<meta property=\"og:image:type\" content=\"image\/jpeg\" \/>\n<meta name=\"twitter:card\" content=\"summary_large_image\" \/>\n<meta name=\"twitter:label1\" content=\"Escrito por\" \/>\n\t<meta name=\"twitter:data1\" content=\"elpuucnoticias\" \/>\n\t<meta name=\"twitter:label2\" content=\"Tiempo de lectura\" \/>\n\t<meta name=\"twitter:data2\" content=\"1 minuto\" \/>\n<script type=\"application\/ld+json\" class=\"yoast-schema-graph\">{\"@context\":\"https:\/\/schema.org\",\"@graph\":[{\"@type\":\"WebSite\",\"@id\":\"https:\/\/elpuucnoticias.com\/#website\",\"url\":\"https:\/\/elpuucnoticias.com\/\",\"name\":\"El Puuc Noticias\",\"description\":\"Noticias - Entretenimiento - Deportes\",\"potentialAction\":[{\"@type\":\"SearchAction\",\"target\":{\"@type\":\"EntryPoint\",\"urlTemplate\":\"https:\/\/elpuucnoticias.com\/?s={search_term_string}\"},\"query-input\":\"required name=search_term_string\"}],\"inLanguage\":\"es\"},{\"@type\":\"ImageObject\",\"@id\":\"https:\/\/elpuucnoticias.com\/?p=12762#primaryimage\",\"inLanguage\":\"es\",\"url\":\"https:\/\/elpuucnoticias.com\/wp-content\/uploads\/2024\/05\/whatsapp-image-2024-05-24-at-10.17.59-am.jpeg\",\"contentUrl\":\"https:\/\/elpuucnoticias.com\/wp-content\/uploads\/2024\/05\/whatsapp-image-2024-05-24-at-10.17.59-am.jpeg\",\"width\":720,\"height\":960},{\"@type\":\"WebPage\",\"@id\":\"https:\/\/elpuucnoticias.com\/?p=12762#webpage\",\"url\":\"https:\/\/elpuucnoticias.com\/?p=12762\",\"name\":\"El emblem\u00e1tico edificio del F \u00da T V amaneci\u00f3 con la imagen del candidato de Morena a la alcald\u00eda Humberto Parra, como muestra de apoyo. - El Puuc Noticias\",\"isPartOf\":{\"@id\":\"https:\/\/elpuucnoticias.com\/#website\"},\"primaryImageOfPage\":{\"@id\":\"https:\/\/elpuucnoticias.com\/?p=12762#primaryimage\"},\"datePublished\":\"2024-05-24T17:07:27+00:00\",\"dateModified\":\"2024-05-24T17:07:28+00:00\",\"author\":{\"@id\":\"https:\/\/elpuucnoticias.com\/#\/schema\/person\/d2ea09e4c97f0160b11cdfb1d856bd9e\"},\"breadcrumb\":{\"@id\":\"https:\/\/elpuucnoticias.com\/?p=12762#breadcrumb\"},\"inLanguage\":\"es\",\"potentialAction\":[{\"@type\":\"ReadAction\",\"target\":[\"https:\/\/elpuucnoticias.com\/?p=12762\"]}]},{\"@type\":\"BreadcrumbList\",\"@id\":\"https:\/\/elpuucnoticias.com\/?p=12762#breadcrumb\",\"itemListElement\":[{\"@type\":\"ListItem\",\"position\":1,\"name\":\"Portada\",\"item\":\"https:\/\/elpuucnoticias.com\/\"},{\"@type\":\"ListItem\",\"position\":2,\"name\":\"El emblem\u00e1tico edificio del F \u00da T V amaneci\u00f3 con la imagen del candidato de Morena a la alcald\u00eda Humberto Parra, como muestra de apoyo.\"}]},{\"@type\":\"Person\",\"@id\":\"https:\/\/elpuucnoticias.com\/#\/schema\/person\/d2ea09e4c97f0160b11cdfb1d856bd9e\",\"name\":\"elpuucnoticias\",\"image\":{\"@type\":\"ImageObject\",\"@id\":\"https:\/\/elpuucnoticias.com\/#personlogo\",\"inLanguage\":\"es\",\"url\":\"https:\/\/secure.gravatar.com\/avatar\/5290a43657c74ffa15701dbe5b846bd85cc71930d803c84e91046a7333de6ce2?s=96&d=mm&r=g\",\"contentUrl\":\"https:\/\/secure.gravatar.com\/avatar\/5290a43657c74ffa15701dbe5b846bd85cc71930d803c84e91046a7333de6ce2?s=96&d=mm&r=g\",\"caption\":\"elpuucnoticias\"},\"sameAs\":[\"https:\/\/elpuucnoticias.com\"],\"url\":\"https:\/\/elpuucnoticias.com\/?author=1\"}]}<\/script>\n<!-- \/ Yoast SEO plugin. -->","yoast_head_json":{"title":"El emblem\u00e1tico edificio del F \u00da T V amaneci\u00f3 con la imagen del candidato de Morena a la alcald\u00eda Humberto Parra, como muestra de apoyo. - El Puuc Noticias","robots":{"index":"index","follow":"follow","max-snippet":"max-snippet:-1","max-image-preview":"max-image-preview:large","max-video-preview":"max-video-preview:-1"},"canonical":"https:\/\/elpuucnoticias.com\/?p=12762","og_locale":"es_ES","og_type":"article","og_title":"El emblem\u00e1tico edificio del F \u00da T V amaneci\u00f3 con la imagen del candidato de Morena a la alcald\u00eda Humberto Parra, como muestra de apoyo. - El Puuc Noticias","og_description":"A unos d\u00edas de las elecciones del 2 de Junio, el emblem\u00e1tico edificio del Frente \u00danico de Trabajadores","og_url":"https:\/\/elpuucnoticias.com\/?p=12762","og_site_name":"El Puuc Noticias","article_published_time":"2024-05-24T17:07:27+00:00","article_modified_time":"2024-05-24T17:07:28+00:00","og_image":[{"width":720,"height":960,"url":"https:\/\/elpuucnoticias.com\/wp-content\/uploads\/2024\/05\/whatsapp-image-2024-05-24-at-10.17.59-am.jpeg","type":"image\/jpeg"}],"twitter_card":"summary_large_image","twitter_misc":{"Escrito por":"elpuucnoticias","Tiempo de lectura":"1 minuto"},"schema":{"@context":"https:\/\/schema.org","@graph":[{"@type":"WebSite","@id":"https:\/\/elpuucnoticias.com\/#website","url":"https:\/\/elpuucnoticias.com\/","name":"El Puuc Noticias","description":"Noticias - Entretenimiento - Deportes","potentialAction":[{"@type":"SearchAction","target":{"@type":"EntryPoint","urlTemplate":"https:\/\/elpuucnoticias.com\/?s={search_term_string}"},"query-input":"required name=search_term_string"}],"inLanguage":"es"},{"@type":"ImageObject","@id":"https:\/\/elpuucnoticias.com\/?p=12762#primaryimage","inLanguage":"es","url":"https:\/\/elpuucnoticias.com\/wp-content\/uploads\/2024\/05\/whatsapp-image-2024-05-24-at-10.17.59-am.jpeg","contentUrl":"https:\/\/elpuucnoticias.com\/wp-content\/uploads\/2024\/05\/whatsapp-image-2024-05-24-at-10.17.59-am.jpeg","width":720,"height":960},{"@type":"WebPage","@id":"https:\/\/elpuucnoticias.com\/?p=12762#webpage","url":"https:\/\/elpuucnoticias.com\/?p=12762","name":"El emblem\u00e1tico edificio del F \u00da T V amaneci\u00f3 con la imagen del candidato de Morena a la alcald\u00eda Humberto Parra, como muestra de apoyo. - El Puuc Noticias","isPartOf":{"@id":"https:\/\/elpuucnoticias.com\/#website"},"primaryImageOfPage":{"@id":"https:\/\/elpuucnoticias.com\/?p=12762#primaryimage"},"datePublished":"2024-05-24T17:07:27+00:00","dateModified":"2024-05-24T17:07:28+00:00","author":{"@id":"https:\/\/elpuucnoticias.com\/#\/schema\/person\/d2ea09e4c97f0160b11cdfb1d856bd9e"},"breadcrumb":{"@id":"https:\/\/elpuucnoticias.com\/?p=12762#breadcrumb"},"inLanguage":"es","potentialAction":[{"@type":"ReadAction","target":["https:\/\/elpuucnoticias.com\/?p=12762"]}]},{"@type":"BreadcrumbList","@id":"https:\/\/elpuucnoticias.com\/?p=12762#breadcrumb","itemListElement":[{"@type":"ListItem","position":1,"name":"Portada","item":"https:\/\/elpuucnoticias.com\/"},{"@type":"ListItem","position":2,"name":"El emblem\u00e1tico edificio del F \u00da T V amaneci\u00f3 con la imagen del candidato de Morena a la alcald\u00eda Humberto Parra, como muestra de apoyo."}]},{"@type":"Person","@id":"https:\/\/elpuucnoticias.com\/#\/schema\/person\/d2ea09e4c97f0160b11cdfb1d856bd9e","name":"elpuucnoticias","image":{"@type":"ImageObject","@id":"https:\/\/elpuucnoticias.com\/#personlogo","inLanguage":"es","url":"https:\/\/secure.gravatar.com\/avatar\/5290a43657c74ffa15701dbe5b846bd85cc71930d803c84e91046a7333de6ce2?s=96&d=mm&r=g","contentUrl":"https:\/\/secure.gravatar.com\/avatar\/5290a43657c74ffa15701dbe5b846bd85cc71930d803c84e91046a7333de6ce2?s=96&d=mm&r=g","caption":"elpuucnoticias"},"sameAs":["https:\/\/elpuucnoticias.com"],"url":"https:\/\/elpuucnoticias.com\/?author=1"}]}},"_links":{"self":[{"href":"https:\/\/elpuucnoticias.com\/index.php?rest_route=\/wp\/v2\/posts\/12762","targetHints":{"allow":["GET"]}}],"collection":[{"href":"https:\/\/elpuucnoticias.com\/index.php?rest_route=\/wp\/v2\/posts"}],"about":[{"href":"https:\/\/elpuucnoticias.com\/index.php?rest_route=\/wp\/v2\/types\/post"}],"author":[{"embeddable":true,"href":"https:\/\/elpuucnoticias.com\/index.php?rest_route=\/wp\/v2\/users\/1"}],"replies":[{"embeddable":true,"href":"https:\/\/elpuucnoticias.com\/index.php?rest_route=%2Fwp%2Fv2%2Fcomments&post=12762"}],"version-history":[{"count":1,"href":"https:\/\/elpuucnoticias.com\/index.php?rest_route=\/wp\/v2\/posts\/12762\/revisions"}],"predecessor-version":[{"id":12766,"href":"https:\/\/elpuucnoticias.com\/index.php?rest_route=\/wp\/v2\/posts\/12762\/revisions\/12766"}],"wp:featuredmedia":[{"embeddable":true,"href":"https:\/\/elpuucnoticias.com\/index.php?rest_route=\/wp\/v2\/media\/12765"}],"wp:attachment":[{"href":"https:\/\/elpuucnoticias.com\/index.php?rest_route=%2Fwp%2Fv2%2Fmedia&parent=12762"}],"wp:term":[{"taxonomy":"category","embeddable":true,"href":"https:\/\/elpuucnoticias.com\/index.php?rest_route=%2Fwp%2Fv2%2Fcategories&post=12762"},{"taxonomy":"post_tag","embeddable":true,"href":"https:\/\/elpuucnoticias.com\/index.php?rest_route=%2Fwp%2Fv2%2Ftags&post=12762"}],"curies":[{"name":"wp","href":"https:\/\/api.w.org\/{rel}","templated":true}]}}