{"id":12787,"date":"2024-05-24T11:39:57","date_gmt":"2024-05-24T17:39:57","guid":{"rendered":"https:\/\/elpuucnoticias.com\/?p=12787"},"modified":"2024-05-24T11:39:59","modified_gmt":"2024-05-24T17:39:59","slug":"ticul-realiza-matrogimnasia-con-ninas-ninos-y-padres-de-familia-de-preescolares","status":"publish","type":"post","link":"https:\/\/elpuucnoticias.com\/?p=12787","title":{"rendered":"Ticul realiza  Matrogimnasia con ni\u00f1as, ni\u00f1os y padres de familia de Preescolares"},"content":{"rendered":"\n<p>Para promover los v\u00ednculos afectivos entre estudiantes, madres y padres de familia, la Secretar\u00eda de Educaci\u00f3n del Gobierno del Estado a trav\u00e9s de la Coordinaci\u00f3n de Educaci\u00f3n F\u00edsica y el H. Ayuntamiento de Ticul, realiz\u00f3 en el municipio esta ma\u00f1ana, una jornada de matrogimnasia, como parte de la agenda de la estrategia \u201cSegey en tu comunidad\u201d.<\/p>\n\n\n\n<figure class=\"wp-block-gallery has-nested-images columns-default is-cropped wp-block-gallery-1 is-layout-flex wp-block-gallery-is-layout-flex\">\n<figure class=\"wp-block-image size-large\"><img loading=\"lazy\" decoding=\"async\" width=\"1024\" height=\"683\" data-id=\"12788\" src=\"https:\/\/elpuucnoticias.com\/wp-content\/uploads\/2024\/05\/whatsapp-image-2024-05-24-at-11.29.33-am-1024x683.jpeg\" alt=\"\" class=\"wp-image-12788\" srcset=\"https:\/\/elpuucnoticias.com\/wp-content\/uploads\/2024\/05\/whatsapp-image-2024-05-24-at-11.29.33-am-1024x683.jpeg 1024w, https:\/\/elpuucnoticias.com\/wp-content\/uploads\/2024\/05\/whatsapp-image-2024-05-24-at-11.29.33-am-300x200.jpeg 300w, https:\/\/elpuucnoticias.com\/wp-content\/uploads\/2024\/05\/whatsapp-image-2024-05-24-at-11.29.33-am-768x512.jpeg 768w, https:\/\/elpuucnoticias.com\/wp-content\/uploads\/2024\/05\/whatsapp-image-2024-05-24-at-11.29.33-am-600x400.jpeg 600w, https:\/\/elpuucnoticias.com\/wp-content\/uploads\/2024\/05\/whatsapp-image-2024-05-24-at-11.29.33-am-320x213.jpeg 320w, https:\/\/elpuucnoticias.com\/wp-content\/uploads\/2024\/05\/whatsapp-image-2024-05-24-at-11.29.33-am.jpeg 1500w\" sizes=\"auto, (max-width: 1024px) 100vw, 1024px\" \/><\/figure>\n\n\n\n<figure class=\"wp-block-image size-large\"><img loading=\"lazy\" decoding=\"async\" width=\"1024\" height=\"683\" data-id=\"12790\" src=\"https:\/\/elpuucnoticias.com\/wp-content\/uploads\/2024\/05\/whatsapp-image-2024-05-24-at-11.29.32-am-1024x683.jpeg\" alt=\"\" class=\"wp-image-12790\" srcset=\"https:\/\/elpuucnoticias.com\/wp-content\/uploads\/2024\/05\/whatsapp-image-2024-05-24-at-11.29.32-am-1024x683.jpeg 1024w, https:\/\/elpuucnoticias.com\/wp-content\/uploads\/2024\/05\/whatsapp-image-2024-05-24-at-11.29.32-am-300x200.jpeg 300w, https:\/\/elpuucnoticias.com\/wp-content\/uploads\/2024\/05\/whatsapp-image-2024-05-24-at-11.29.32-am-768x512.jpeg 768w, https:\/\/elpuucnoticias.com\/wp-content\/uploads\/2024\/05\/whatsapp-image-2024-05-24-at-11.29.32-am-600x400.jpeg 600w, https:\/\/elpuucnoticias.com\/wp-content\/uploads\/2024\/05\/whatsapp-image-2024-05-24-at-11.29.32-am-320x213.jpeg 320w, https:\/\/elpuucnoticias.com\/wp-content\/uploads\/2024\/05\/whatsapp-image-2024-05-24-at-11.29.32-am.jpeg 1500w\" sizes=\"auto, (max-width: 1024px) 100vw, 1024px\" \/><\/figure>\n\n\n\n<figure class=\"wp-block-image size-large\"><img loading=\"lazy\" decoding=\"async\" width=\"1024\" height=\"683\" data-id=\"12789\" src=\"https:\/\/elpuucnoticias.com\/wp-content\/uploads\/2024\/05\/whatsapp-image-2024-05-24-at-11.29.33-am-1-1024x683.jpeg\" alt=\"\" class=\"wp-image-12789\" srcset=\"https:\/\/elpuucnoticias.com\/wp-content\/uploads\/2024\/05\/whatsapp-image-2024-05-24-at-11.29.33-am-1-1024x683.jpeg 1024w, https:\/\/elpuucnoticias.com\/wp-content\/uploads\/2024\/05\/whatsapp-image-2024-05-24-at-11.29.33-am-1-300x200.jpeg 300w, https:\/\/elpuucnoticias.com\/wp-content\/uploads\/2024\/05\/whatsapp-image-2024-05-24-at-11.29.33-am-1-768x512.jpeg 768w, https:\/\/elpuucnoticias.com\/wp-content\/uploads\/2024\/05\/whatsapp-image-2024-05-24-at-11.29.33-am-1-600x400.jpeg 600w, https:\/\/elpuucnoticias.com\/wp-content\/uploads\/2024\/05\/whatsapp-image-2024-05-24-at-11.29.33-am-1-320x213.jpeg 320w, https:\/\/elpuucnoticias.com\/wp-content\/uploads\/2024\/05\/whatsapp-image-2024-05-24-at-11.29.33-am-1.jpeg 1500w\" sizes=\"auto, (max-width: 1024px) 100vw, 1024px\" \/><\/figure>\n<\/figure>\n\n\n\n<p><br>La Coordinadora de Educaci\u00f3n F\u00edsica de la SEGEY, Mtra. Mar\u00eda Fernanda Ju\u00e1rez Canul, quien acudi\u00f3 en representaci\u00f3n del secretario de Educaci\u00f3n Liborio Vidal Aguilar, recalc\u00f3 el compromiso de la dependencia con estas actividades y programas creados con el fin de procurar el bienestar de colectivos escolares en los municipios del interior del estado. <\/p>\n\n\n\n<p>Por su parte el Alcalde Interino de Ticul, Ing. Rangel P\u00e9rez Jim\u00e9nez recalc\u00f3 la importancia de fomentar en nuestras infancias estas actividades deportivas y l\u00fadicas que buscan fortalecer los v\u00ednculos afectivos, brindando como ayuntamiento los espacios aptos y las facilidades para que nuestras ni\u00f1as y ni\u00f1os, padres de familia y personal educativo se desenvuelvan de la mejor manera.<\/p>\n\n\n\n<p><br>La actividad se desarroll\u00f3 en Centro Deportivo y Cultural, ubicado en el centro de la ciudad, donde participaron decenas de madres, padres, tutores y docentes, acompa\u00f1ando a los alumnos de preescolar, realizando las din\u00e1micas y disfrutando de esta jornada de activaci\u00f3n f\u00edsica, cuyo objetivo es fortalecer los v\u00ednculos afectivos a trav\u00e9s de los ejercicios.<\/p>\n\n\n\n<p><br>La sesi\u00f3n de Matrogimnasia, estuvo dirigida por maestros de la Coordinaci\u00f3n de Educaci\u00f3n F\u00edsica de la Segey, como el LEF. Juan Jos\u00e9 Bacab Dur\u00e1n y el LEF. Jos\u00e9 Pacheco y el LEF. Jos\u00e9 Carrillo D\u00edaz, quienes explicaron que estas actividades impactan positivamente en los estudiantes y sus familias, favoreci\u00e9ndolos en \u00e1mbitos como la socializaci\u00f3n, la integraci\u00f3n, los valores, la convivencia, el trabajo en equipo y la cultura f\u00edsica.<\/p>\n\n\n\n<p><br>La jornada incluy\u00f3 ejercicios que contribuye a la coordinaci\u00f3n a trav\u00e9s de realizar movimientos simult\u00e1neos en los que los asistentes tuvieran que utilizar todas las partes de su cuerpo, para ejercitar su atenci\u00f3n y habilidades motrices.<\/p>\n\n\n\n<p><br>Para finalizar, los maestros dirigieron un mensaje a los asistentes sobre la importancia de participar activamente en los procesos educativos de las ni\u00f1as y ni\u00f1os y se les pidi\u00f3 que los abrazaran y externaran su amor a trav\u00e9s de las palabras, para practicar la expresi\u00f3n de las emociones y abrir un espacio sano y seguro para fortalecer la comunicaci\u00f3n entre ellos.<\/p>\n\n\n\n<p><br>En esta actividad participaron las siguientes escuelas; jard\u00edn de ni\u00f1os \u201cManuel Guti\u00e9rrez N\u00e1jera\u201d, jard\u00edn de ni\u00f1os \u201cCuauht\u00e9moc\u201d, jard\u00edn de ni\u00f1os \u201cJos\u00e9 Mar\u00eda Medina Ayora\u201d, jard\u00edn de ni\u00f1os \u201c30 de Abril\u201d, jard\u00edn de ni\u00f1os \u201cTeresa de Jes\u00fas\u201d, jard\u00edn de ni\u00f1os \u201cYucat\u00e1n\u201d, jard\u00edn de ni\u00f1os \u201cColonia Obrera\u201d, jard\u00edn de ni\u00f1os ind\u00edgena \u201cH\u00e9roe de la Patria\u201d, jard\u00edn de ni\u00f1os ind\u00edgena \u201cIxchel\u201d, y el jard\u00edn de ni\u00f1os ind\u00edgena \u201cU Wayac Mejen Palal\u201d. As\u00ed como autoridades municipales y personal docente de estos planteles.<\/p>\n","protected":false},"excerpt":{"rendered":"<p>Para promover los v\u00ednculos afectivos entre estudiantes, madres y padres de familia, la Secretar\u00eda de Educaci\u00f3n del Gobierno<\/p>\n","protected":false},"author":1,"featured_media":12791,"comment_status":"closed","ping_status":"open","sticky":false,"template":"","format":"standard","meta":{"_monsterinsights_skip_tracking":false,"_monsterinsights_sitenote_active":false,"_monsterinsights_sitenote_note":"","_monsterinsights_sitenote_category":0,"footnotes":""},"categories":[11,13],"tags":[],"class_list":["post-12787","post","type-post","status-publish","format-standard","has-post-thumbnail","hentry","category-noticias","category-ticul"],"yoast_head":"<!-- This site is optimized with the Yoast SEO plugin v18.3 - https:\/\/yoast.com\/wordpress\/plugins\/seo\/ -->\n<title>Ticul realiza Matrogimnasia con ni\u00f1as, ni\u00f1os y padres de familia de Preescolares - El Puuc Noticias<\/title>\n<meta name=\"robots\" content=\"index, follow, max-snippet:-1, max-image-preview:large, max-video-preview:-1\" \/>\n<link rel=\"canonical\" href=\"https:\/\/elpuucnoticias.com\/?p=12787\" \/>\n<meta property=\"og:locale\" content=\"es_ES\" \/>\n<meta property=\"og:type\" content=\"article\" \/>\n<meta property=\"og:title\" content=\"Ticul realiza Matrogimnasia con ni\u00f1as, ni\u00f1os y padres de familia de Preescolares - El Puuc Noticias\" \/>\n<meta property=\"og:description\" content=\"Para promover los v\u00ednculos afectivos entre estudiantes, madres y padres de familia, la Secretar\u00eda de Educaci\u00f3n del Gobierno\" \/>\n<meta property=\"og:url\" content=\"https:\/\/elpuucnoticias.com\/?p=12787\" \/>\n<meta property=\"og:site_name\" content=\"El Puuc Noticias\" \/>\n<meta property=\"article:published_time\" content=\"2024-05-24T17:39:57+00:00\" \/>\n<meta property=\"article:modified_time\" content=\"2024-05-24T17:39:59+00:00\" \/>\n<meta property=\"og:image\" content=\"https:\/\/elpuucnoticias.com\/wp-content\/uploads\/2024\/05\/whatsapp-image-2024-05-24-at-11.29.33-am-2.jpeg\" \/>\n\t<meta property=\"og:image:width\" content=\"1500\" \/>\n\t<meta property=\"og:image:height\" content=\"1000\" \/>\n\t<meta property=\"og:image:type\" content=\"image\/jpeg\" \/>\n<meta name=\"twitter:card\" content=\"summary_large_image\" \/>\n<meta name=\"twitter:label1\" content=\"Escrito por\" \/>\n\t<meta name=\"twitter:data1\" content=\"elpuucnoticias\" \/>\n\t<meta name=\"twitter:label2\" content=\"Tiempo de lectura\" \/>\n\t<meta name=\"twitter:data2\" content=\"3 minutos\" \/>\n<script type=\"application\/ld+json\" class=\"yoast-schema-graph\">{\"@context\":\"https:\/\/schema.org\",\"@graph\":[{\"@type\":\"WebSite\",\"@id\":\"https:\/\/elpuucnoticias.com\/#website\",\"url\":\"https:\/\/elpuucnoticias.com\/\",\"name\":\"El Puuc Noticias\",\"description\":\"Noticias - Entretenimiento - Deportes\",\"potentialAction\":[{\"@type\":\"SearchAction\",\"target\":{\"@type\":\"EntryPoint\",\"urlTemplate\":\"https:\/\/elpuucnoticias.com\/?s={search_term_string}\"},\"query-input\":\"required name=search_term_string\"}],\"inLanguage\":\"es\"},{\"@type\":\"ImageObject\",\"@id\":\"https:\/\/elpuucnoticias.com\/?p=12787#primaryimage\",\"inLanguage\":\"es\",\"url\":\"https:\/\/elpuucnoticias.com\/wp-content\/uploads\/2024\/05\/whatsapp-image-2024-05-24-at-11.29.33-am-2.jpeg\",\"contentUrl\":\"https:\/\/elpuucnoticias.com\/wp-content\/uploads\/2024\/05\/whatsapp-image-2024-05-24-at-11.29.33-am-2.jpeg\",\"width\":1500,\"height\":1000},{\"@type\":\"WebPage\",\"@id\":\"https:\/\/elpuucnoticias.com\/?p=12787#webpage\",\"url\":\"https:\/\/elpuucnoticias.com\/?p=12787\",\"name\":\"Ticul realiza Matrogimnasia con ni\u00f1as, ni\u00f1os y padres de familia de Preescolares - El Puuc Noticias\",\"isPartOf\":{\"@id\":\"https:\/\/elpuucnoticias.com\/#website\"},\"primaryImageOfPage\":{\"@id\":\"https:\/\/elpuucnoticias.com\/?p=12787#primaryimage\"},\"datePublished\":\"2024-05-24T17:39:57+00:00\",\"dateModified\":\"2024-05-24T17:39:59+00:00\",\"author\":{\"@id\":\"https:\/\/elpuucnoticias.com\/#\/schema\/person\/d2ea09e4c97f0160b11cdfb1d856bd9e\"},\"breadcrumb\":{\"@id\":\"https:\/\/elpuucnoticias.com\/?p=12787#breadcrumb\"},\"inLanguage\":\"es\",\"potentialAction\":[{\"@type\":\"ReadAction\",\"target\":[\"https:\/\/elpuucnoticias.com\/?p=12787\"]}]},{\"@type\":\"BreadcrumbList\",\"@id\":\"https:\/\/elpuucnoticias.com\/?p=12787#breadcrumb\",\"itemListElement\":[{\"@type\":\"ListItem\",\"position\":1,\"name\":\"Portada\",\"item\":\"https:\/\/elpuucnoticias.com\/\"},{\"@type\":\"ListItem\",\"position\":2,\"name\":\"Ticul realiza Matrogimnasia con ni\u00f1as, ni\u00f1os y padres de familia de Preescolares\"}]},{\"@type\":\"Person\",\"@id\":\"https:\/\/elpuucnoticias.com\/#\/schema\/person\/d2ea09e4c97f0160b11cdfb1d856bd9e\",\"name\":\"elpuucnoticias\",\"image\":{\"@type\":\"ImageObject\",\"@id\":\"https:\/\/elpuucnoticias.com\/#personlogo\",\"inLanguage\":\"es\",\"url\":\"https:\/\/secure.gravatar.com\/avatar\/5290a43657c74ffa15701dbe5b846bd85cc71930d803c84e91046a7333de6ce2?s=96&d=mm&r=g\",\"contentUrl\":\"https:\/\/secure.gravatar.com\/avatar\/5290a43657c74ffa15701dbe5b846bd85cc71930d803c84e91046a7333de6ce2?s=96&d=mm&r=g\",\"caption\":\"elpuucnoticias\"},\"sameAs\":[\"https:\/\/elpuucnoticias.com\"],\"url\":\"https:\/\/elpuucnoticias.com\/?author=1\"}]}<\/script>\n<!-- \/ Yoast SEO plugin. -->","yoast_head_json":{"title":"Ticul realiza Matrogimnasia con ni\u00f1as, ni\u00f1os y padres de familia de Preescolares - El Puuc Noticias","robots":{"index":"index","follow":"follow","max-snippet":"max-snippet:-1","max-image-preview":"max-image-preview:large","max-video-preview":"max-video-preview:-1"},"canonical":"https:\/\/elpuucnoticias.com\/?p=12787","og_locale":"es_ES","og_type":"article","og_title":"Ticul realiza Matrogimnasia con ni\u00f1as, ni\u00f1os y padres de familia de Preescolares - El Puuc Noticias","og_description":"Para promover los v\u00ednculos afectivos entre estudiantes, madres y padres de familia, la Secretar\u00eda de Educaci\u00f3n del Gobierno","og_url":"https:\/\/elpuucnoticias.com\/?p=12787","og_site_name":"El Puuc Noticias","article_published_time":"2024-05-24T17:39:57+00:00","article_modified_time":"2024-05-24T17:39:59+00:00","og_image":[{"width":1500,"height":1000,"url":"https:\/\/elpuucnoticias.com\/wp-content\/uploads\/2024\/05\/whatsapp-image-2024-05-24-at-11.29.33-am-2.jpeg","type":"image\/jpeg"}],"twitter_card":"summary_large_image","twitter_misc":{"Escrito por":"elpuucnoticias","Tiempo de lectura":"3 minutos"},"schema":{"@context":"https:\/\/schema.org","@graph":[{"@type":"WebSite","@id":"https:\/\/elpuucnoticias.com\/#website","url":"https:\/\/elpuucnoticias.com\/","name":"El Puuc Noticias","description":"Noticias - Entretenimiento - Deportes","potentialAction":[{"@type":"SearchAction","target":{"@type":"EntryPoint","urlTemplate":"https:\/\/elpuucnoticias.com\/?s={search_term_string}"},"query-input":"required name=search_term_string"}],"inLanguage":"es"},{"@type":"ImageObject","@id":"https:\/\/elpuucnoticias.com\/?p=12787#primaryimage","inLanguage":"es","url":"https:\/\/elpuucnoticias.com\/wp-content\/uploads\/2024\/05\/whatsapp-image-2024-05-24-at-11.29.33-am-2.jpeg","contentUrl":"https:\/\/elpuucnoticias.com\/wp-content\/uploads\/2024\/05\/whatsapp-image-2024-05-24-at-11.29.33-am-2.jpeg","width":1500,"height":1000},{"@type":"WebPage","@id":"https:\/\/elpuucnoticias.com\/?p=12787#webpage","url":"https:\/\/elpuucnoticias.com\/?p=12787","name":"Ticul realiza Matrogimnasia con ni\u00f1as, ni\u00f1os y padres de familia de Preescolares - El Puuc Noticias","isPartOf":{"@id":"https:\/\/elpuucnoticias.com\/#website"},"primaryImageOfPage":{"@id":"https:\/\/elpuucnoticias.com\/?p=12787#primaryimage"},"datePublished":"2024-05-24T17:39:57+00:00","dateModified":"2024-05-24T17:39:59+00:00","author":{"@id":"https:\/\/elpuucnoticias.com\/#\/schema\/person\/d2ea09e4c97f0160b11cdfb1d856bd9e"},"breadcrumb":{"@id":"https:\/\/elpuucnoticias.com\/?p=12787#breadcrumb"},"inLanguage":"es","potentialAction":[{"@type":"ReadAction","target":["https:\/\/elpuucnoticias.com\/?p=12787"]}]},{"@type":"BreadcrumbList","@id":"https:\/\/elpuucnoticias.com\/?p=12787#breadcrumb","itemListElement":[{"@type":"ListItem","position":1,"name":"Portada","item":"https:\/\/elpuucnoticias.com\/"},{"@type":"ListItem","position":2,"name":"Ticul realiza Matrogimnasia con ni\u00f1as, ni\u00f1os y padres de familia de Preescolares"}]},{"@type":"Person","@id":"https:\/\/elpuucnoticias.com\/#\/schema\/person\/d2ea09e4c97f0160b11cdfb1d856bd9e","name":"elpuucnoticias","image":{"@type":"ImageObject","@id":"https:\/\/elpuucnoticias.com\/#personlogo","inLanguage":"es","url":"https:\/\/secure.gravatar.com\/avatar\/5290a43657c74ffa15701dbe5b846bd85cc71930d803c84e91046a7333de6ce2?s=96&d=mm&r=g","contentUrl":"https:\/\/secure.gravatar.com\/avatar\/5290a43657c74ffa15701dbe5b846bd85cc71930d803c84e91046a7333de6ce2?s=96&d=mm&r=g","caption":"elpuucnoticias"},"sameAs":["https:\/\/elpuucnoticias.com"],"url":"https:\/\/elpuucnoticias.com\/?author=1"}]}},"_links":{"self":[{"href":"https:\/\/elpuucnoticias.com\/index.php?rest_route=\/wp\/v2\/posts\/12787","targetHints":{"allow":["GET"]}}],"collection":[{"href":"https:\/\/elpuucnoticias.com\/index.php?rest_route=\/wp\/v2\/posts"}],"about":[{"href":"https:\/\/elpuucnoticias.com\/index.php?rest_route=\/wp\/v2\/types\/post"}],"author":[{"embeddable":true,"href":"https:\/\/elpuucnoticias.com\/index.php?rest_route=\/wp\/v2\/users\/1"}],"replies":[{"embeddable":true,"href":"https:\/\/elpuucnoticias.com\/index.php?rest_route=%2Fwp%2Fv2%2Fcomments&post=12787"}],"version-history":[{"count":1,"href":"https:\/\/elpuucnoticias.com\/index.php?rest_route=\/wp\/v2\/posts\/12787\/revisions"}],"predecessor-version":[{"id":12792,"href":"https:\/\/elpuucnoticias.com\/index.php?rest_route=\/wp\/v2\/posts\/12787\/revisions\/12792"}],"wp:featuredmedia":[{"embeddable":true,"href":"https:\/\/elpuucnoticias.com\/index.php?rest_route=\/wp\/v2\/media\/12791"}],"wp:attachment":[{"href":"https:\/\/elpuucnoticias.com\/index.php?rest_route=%2Fwp%2Fv2%2Fmedia&parent=12787"}],"wp:term":[{"taxonomy":"category","embeddable":true,"href":"https:\/\/elpuucnoticias.com\/index.php?rest_route=%2Fwp%2Fv2%2Fcategories&post=12787"},{"taxonomy":"post_tag","embeddable":true,"href":"https:\/\/elpuucnoticias.com\/index.php?rest_route=%2Fwp%2Fv2%2Ftags&post=12787"}],"curies":[{"name":"wp","href":"https:\/\/api.w.org\/{rel}","templated":true}]}}