{"id":12977,"date":"2024-05-31T10:48:48","date_gmt":"2024-05-31T16:48:48","guid":{"rendered":"https:\/\/elpuucnoticias.com\/?p=12977"},"modified":"2024-05-31T10:48:49","modified_gmt":"2024-05-31T16:48:49","slug":"sentenciado-a-prision-por-agredir-a-su-hijo-menor-de-edad","status":"publish","type":"post","link":"https:\/\/elpuucnoticias.com\/?p=12977","title":{"rendered":"Sentenciado a prisi\u00f3n por agredir a su hijo menor de edad"},"content":{"rendered":"\n<p>Tras contar con la anuencia de las partes involucradas, se celebr\u00f3 un juicio abreviado, donde la Fiscal\u00eda General del Estado (FGE) aport\u00f3 los datos de prueba para que L.E.P.P. fuera declarado penalmente responsable del delito de violencia familiar y sentenciado a dos a\u00f1os de prisi\u00f3n, como parte de las penas a purgar por su participaci\u00f3n en los hechos denunciados.<\/p>\n\n\n\n<p>En la audiencia celebrada ante la Juez Segunda de Control, los fiscales de litigaci\u00f3n expusieron los datos reunidos en la causa penal 341\/2023, los cuales fueron suficientes para dictar un fallo condenatorio y sentenciar al imputado, adem\u00e1s de la pena de prisi\u00f3n, a la suspensi\u00f3n de sus derechos pol\u00edticos, recibir amonestaci\u00f3n p\u00fablica y la prohibici\u00f3n de acercarse a la v\u00edctima y denunciante por tres a\u00f1os m\u00e1s despu\u00e9s de compurgar su pena en prisi\u00f3n.<\/p>\n\n\n\n<p>De la indagatoria realizada por esta representaci\u00f3n social, se estableci\u00f3 que los hechos ocurrieron el 27 de septiembre del 2023, en un predio de la localidad de Tixcuyt\u00fan, subcomisar\u00eda de M\u00e9rida, donde el acusado insult\u00f3 y golpe\u00f3 a su hijo menor de edad, motivo por el que se solicit\u00f3 auxilio policiaco, logrando la detenci\u00f3n del encausado quien fue turnado a las autoridades para la integraci\u00f3n de la carpeta correspondiente.<\/p>\n\n\n\n<p>Por \u00faltimo, se program\u00f3 una audiencia para la individualizaci\u00f3n de penas y sanciones, pero ambas partes solicitaron se dispensara, por lo que quedan en firme las penas mencionadas.<\/p>\n","protected":false},"excerpt":{"rendered":"<p>Tras contar con la anuencia de las partes involucradas, se celebr\u00f3 un juicio abreviado, donde la Fiscal\u00eda General<\/p>\n","protected":false},"author":1,"featured_media":9265,"comment_status":"closed","ping_status":"open","sticky":false,"template":"","format":"standard","meta":{"_monsterinsights_skip_tracking":false,"_monsterinsights_sitenote_active":false,"_monsterinsights_sitenote_note":"","_monsterinsights_sitenote_category":0,"footnotes":""},"categories":[11,3],"tags":[],"class_list":["post-12977","post","type-post","status-publish","format-standard","has-post-thumbnail","hentry","category-noticias","category-policiacas"],"yoast_head":"<!-- This site is optimized with the Yoast SEO plugin v18.3 - https:\/\/yoast.com\/wordpress\/plugins\/seo\/ -->\n<title>Sentenciado a prisi\u00f3n por agredir a su hijo menor de edad - El Puuc Noticias<\/title>\n<meta name=\"robots\" content=\"index, follow, max-snippet:-1, max-image-preview:large, max-video-preview:-1\" \/>\n<link rel=\"canonical\" href=\"https:\/\/elpuucnoticias.com\/?p=12977\" \/>\n<meta property=\"og:locale\" content=\"es_ES\" \/>\n<meta property=\"og:type\" content=\"article\" \/>\n<meta property=\"og:title\" content=\"Sentenciado a prisi\u00f3n por agredir a su hijo menor de edad - El Puuc Noticias\" \/>\n<meta property=\"og:description\" content=\"Tras contar con la anuencia de las partes involucradas, se celebr\u00f3 un juicio abreviado, donde la Fiscal\u00eda General\" \/>\n<meta property=\"og:url\" content=\"https:\/\/elpuucnoticias.com\/?p=12977\" \/>\n<meta property=\"og:site_name\" content=\"El Puuc Noticias\" \/>\n<meta property=\"article:published_time\" content=\"2024-05-31T16:48:48+00:00\" \/>\n<meta property=\"article:modified_time\" content=\"2024-05-31T16:48:49+00:00\" \/>\n<meta property=\"og:image\" content=\"https:\/\/elpuucnoticias.com\/wp-content\/uploads\/2023\/09\/fiscalia-modulos.jpg\" \/>\n\t<meta property=\"og:image:width\" content=\"1500\" \/>\n\t<meta property=\"og:image:height\" content=\"995\" \/>\n\t<meta property=\"og:image:type\" content=\"image\/jpeg\" \/>\n<meta name=\"twitter:card\" content=\"summary_large_image\" \/>\n<meta name=\"twitter:label1\" content=\"Escrito por\" \/>\n\t<meta name=\"twitter:data1\" content=\"elpuucnoticias\" \/>\n\t<meta name=\"twitter:label2\" content=\"Tiempo de lectura\" \/>\n\t<meta name=\"twitter:data2\" content=\"2 minutos\" \/>\n<script type=\"application\/ld+json\" class=\"yoast-schema-graph\">{\"@context\":\"https:\/\/schema.org\",\"@graph\":[{\"@type\":\"WebSite\",\"@id\":\"https:\/\/elpuucnoticias.com\/#website\",\"url\":\"https:\/\/elpuucnoticias.com\/\",\"name\":\"El Puuc Noticias\",\"description\":\"Noticias - Entretenimiento - Deportes\",\"potentialAction\":[{\"@type\":\"SearchAction\",\"target\":{\"@type\":\"EntryPoint\",\"urlTemplate\":\"https:\/\/elpuucnoticias.com\/?s={search_term_string}\"},\"query-input\":\"required name=search_term_string\"}],\"inLanguage\":\"es\"},{\"@type\":\"ImageObject\",\"@id\":\"https:\/\/elpuucnoticias.com\/?p=12977#primaryimage\",\"inLanguage\":\"es\",\"url\":\"https:\/\/elpuucnoticias.com\/wp-content\/uploads\/2023\/09\/fiscalia-modulos.jpg\",\"contentUrl\":\"https:\/\/elpuucnoticias.com\/wp-content\/uploads\/2023\/09\/fiscalia-modulos.jpg\",\"width\":1500,\"height\":995},{\"@type\":\"WebPage\",\"@id\":\"https:\/\/elpuucnoticias.com\/?p=12977#webpage\",\"url\":\"https:\/\/elpuucnoticias.com\/?p=12977\",\"name\":\"Sentenciado a prisi\u00f3n por agredir a su hijo menor de edad - El Puuc Noticias\",\"isPartOf\":{\"@id\":\"https:\/\/elpuucnoticias.com\/#website\"},\"primaryImageOfPage\":{\"@id\":\"https:\/\/elpuucnoticias.com\/?p=12977#primaryimage\"},\"datePublished\":\"2024-05-31T16:48:48+00:00\",\"dateModified\":\"2024-05-31T16:48:49+00:00\",\"author\":{\"@id\":\"https:\/\/elpuucnoticias.com\/#\/schema\/person\/d2ea09e4c97f0160b11cdfb1d856bd9e\"},\"breadcrumb\":{\"@id\":\"https:\/\/elpuucnoticias.com\/?p=12977#breadcrumb\"},\"inLanguage\":\"es\",\"potentialAction\":[{\"@type\":\"ReadAction\",\"target\":[\"https:\/\/elpuucnoticias.com\/?p=12977\"]}]},{\"@type\":\"BreadcrumbList\",\"@id\":\"https:\/\/elpuucnoticias.com\/?p=12977#breadcrumb\",\"itemListElement\":[{\"@type\":\"ListItem\",\"position\":1,\"name\":\"Portada\",\"item\":\"https:\/\/elpuucnoticias.com\/\"},{\"@type\":\"ListItem\",\"position\":2,\"name\":\"Sentenciado a prisi\u00f3n por agredir a su hijo menor de edad\"}]},{\"@type\":\"Person\",\"@id\":\"https:\/\/elpuucnoticias.com\/#\/schema\/person\/d2ea09e4c97f0160b11cdfb1d856bd9e\",\"name\":\"elpuucnoticias\",\"image\":{\"@type\":\"ImageObject\",\"@id\":\"https:\/\/elpuucnoticias.com\/#personlogo\",\"inLanguage\":\"es\",\"url\":\"https:\/\/secure.gravatar.com\/avatar\/5290a43657c74ffa15701dbe5b846bd85cc71930d803c84e91046a7333de6ce2?s=96&d=mm&r=g\",\"contentUrl\":\"https:\/\/secure.gravatar.com\/avatar\/5290a43657c74ffa15701dbe5b846bd85cc71930d803c84e91046a7333de6ce2?s=96&d=mm&r=g\",\"caption\":\"elpuucnoticias\"},\"sameAs\":[\"https:\/\/elpuucnoticias.com\"],\"url\":\"https:\/\/elpuucnoticias.com\/?author=1\"}]}<\/script>\n<!-- \/ Yoast SEO plugin. -->","yoast_head_json":{"title":"Sentenciado a prisi\u00f3n por agredir a su hijo menor de edad - El Puuc Noticias","robots":{"index":"index","follow":"follow","max-snippet":"max-snippet:-1","max-image-preview":"max-image-preview:large","max-video-preview":"max-video-preview:-1"},"canonical":"https:\/\/elpuucnoticias.com\/?p=12977","og_locale":"es_ES","og_type":"article","og_title":"Sentenciado a prisi\u00f3n por agredir a su hijo menor de edad - El Puuc Noticias","og_description":"Tras contar con la anuencia de las partes involucradas, se celebr\u00f3 un juicio abreviado, donde la Fiscal\u00eda General","og_url":"https:\/\/elpuucnoticias.com\/?p=12977","og_site_name":"El Puuc Noticias","article_published_time":"2024-05-31T16:48:48+00:00","article_modified_time":"2024-05-31T16:48:49+00:00","og_image":[{"width":1500,"height":995,"url":"https:\/\/elpuucnoticias.com\/wp-content\/uploads\/2023\/09\/fiscalia-modulos.jpg","type":"image\/jpeg"}],"twitter_card":"summary_large_image","twitter_misc":{"Escrito por":"elpuucnoticias","Tiempo de lectura":"2 minutos"},"schema":{"@context":"https:\/\/schema.org","@graph":[{"@type":"WebSite","@id":"https:\/\/elpuucnoticias.com\/#website","url":"https:\/\/elpuucnoticias.com\/","name":"El Puuc Noticias","description":"Noticias - Entretenimiento - Deportes","potentialAction":[{"@type":"SearchAction","target":{"@type":"EntryPoint","urlTemplate":"https:\/\/elpuucnoticias.com\/?s={search_term_string}"},"query-input":"required name=search_term_string"}],"inLanguage":"es"},{"@type":"ImageObject","@id":"https:\/\/elpuucnoticias.com\/?p=12977#primaryimage","inLanguage":"es","url":"https:\/\/elpuucnoticias.com\/wp-content\/uploads\/2023\/09\/fiscalia-modulos.jpg","contentUrl":"https:\/\/elpuucnoticias.com\/wp-content\/uploads\/2023\/09\/fiscalia-modulos.jpg","width":1500,"height":995},{"@type":"WebPage","@id":"https:\/\/elpuucnoticias.com\/?p=12977#webpage","url":"https:\/\/elpuucnoticias.com\/?p=12977","name":"Sentenciado a prisi\u00f3n por agredir a su hijo menor de edad - El Puuc Noticias","isPartOf":{"@id":"https:\/\/elpuucnoticias.com\/#website"},"primaryImageOfPage":{"@id":"https:\/\/elpuucnoticias.com\/?p=12977#primaryimage"},"datePublished":"2024-05-31T16:48:48+00:00","dateModified":"2024-05-31T16:48:49+00:00","author":{"@id":"https:\/\/elpuucnoticias.com\/#\/schema\/person\/d2ea09e4c97f0160b11cdfb1d856bd9e"},"breadcrumb":{"@id":"https:\/\/elpuucnoticias.com\/?p=12977#breadcrumb"},"inLanguage":"es","potentialAction":[{"@type":"ReadAction","target":["https:\/\/elpuucnoticias.com\/?p=12977"]}]},{"@type":"BreadcrumbList","@id":"https:\/\/elpuucnoticias.com\/?p=12977#breadcrumb","itemListElement":[{"@type":"ListItem","position":1,"name":"Portada","item":"https:\/\/elpuucnoticias.com\/"},{"@type":"ListItem","position":2,"name":"Sentenciado a prisi\u00f3n por agredir a su hijo menor de edad"}]},{"@type":"Person","@id":"https:\/\/elpuucnoticias.com\/#\/schema\/person\/d2ea09e4c97f0160b11cdfb1d856bd9e","name":"elpuucnoticias","image":{"@type":"ImageObject","@id":"https:\/\/elpuucnoticias.com\/#personlogo","inLanguage":"es","url":"https:\/\/secure.gravatar.com\/avatar\/5290a43657c74ffa15701dbe5b846bd85cc71930d803c84e91046a7333de6ce2?s=96&d=mm&r=g","contentUrl":"https:\/\/secure.gravatar.com\/avatar\/5290a43657c74ffa15701dbe5b846bd85cc71930d803c84e91046a7333de6ce2?s=96&d=mm&r=g","caption":"elpuucnoticias"},"sameAs":["https:\/\/elpuucnoticias.com"],"url":"https:\/\/elpuucnoticias.com\/?author=1"}]}},"_links":{"self":[{"href":"https:\/\/elpuucnoticias.com\/index.php?rest_route=\/wp\/v2\/posts\/12977","targetHints":{"allow":["GET"]}}],"collection":[{"href":"https:\/\/elpuucnoticias.com\/index.php?rest_route=\/wp\/v2\/posts"}],"about":[{"href":"https:\/\/elpuucnoticias.com\/index.php?rest_route=\/wp\/v2\/types\/post"}],"author":[{"embeddable":true,"href":"https:\/\/elpuucnoticias.com\/index.php?rest_route=\/wp\/v2\/users\/1"}],"replies":[{"embeddable":true,"href":"https:\/\/elpuucnoticias.com\/index.php?rest_route=%2Fwp%2Fv2%2Fcomments&post=12977"}],"version-history":[{"count":1,"href":"https:\/\/elpuucnoticias.com\/index.php?rest_route=\/wp\/v2\/posts\/12977\/revisions"}],"predecessor-version":[{"id":12978,"href":"https:\/\/elpuucnoticias.com\/index.php?rest_route=\/wp\/v2\/posts\/12977\/revisions\/12978"}],"wp:featuredmedia":[{"embeddable":true,"href":"https:\/\/elpuucnoticias.com\/index.php?rest_route=\/wp\/v2\/media\/9265"}],"wp:attachment":[{"href":"https:\/\/elpuucnoticias.com\/index.php?rest_route=%2Fwp%2Fv2%2Fmedia&parent=12977"}],"wp:term":[{"taxonomy":"category","embeddable":true,"href":"https:\/\/elpuucnoticias.com\/index.php?rest_route=%2Fwp%2Fv2%2Fcategories&post=12977"},{"taxonomy":"post_tag","embeddable":true,"href":"https:\/\/elpuucnoticias.com\/index.php?rest_route=%2Fwp%2Fv2%2Ftags&post=12977"}],"curies":[{"name":"wp","href":"https:\/\/api.w.org\/{rel}","templated":true}]}}