{"id":13023,"date":"2024-06-04T11:24:30","date_gmt":"2024-06-04T17:24:30","guid":{"rendered":"https:\/\/elpuucnoticias.com\/?p=13023"},"modified":"2024-06-04T11:24:31","modified_gmt":"2024-06-04T17:24:31","slug":"clausura-de-proyecto-nuestras-lenguas-en-escuelas-de-tekax","status":"publish","type":"post","link":"https:\/\/elpuucnoticias.com\/?p=13023","title":{"rendered":"Clausura de Proyecto \u00abNuestras lenguas\u00bb en escuelas de Tekax"},"content":{"rendered":"\n<p>El d\u00eda Mi\u00e9rcoles 29 de Mayo y Lunes 03 de Marzo, los alumnos de las escuelas primarias Juan Sarabia y Onofre Bacelis de Tekax, hicieron el cierre de proyecto \u00abNuestras Lenguas\u00bb, organizado y encabezado por la U.S.A.E.R. 40 de Tekax.<\/p>\n\n\n\n<p>El equipo est\u00e1 conformado por los docentes Margarita Buenfil Saenz, Amayrani Manzanilla Romero, Dar\u00edo Gamboa Buenfil, Luis Enrique Cach\u00f3n Chim, Mabel G\u00fcemes Brito, secretaria y la directora de la unidad Leticia Dzul Hern\u00e1ndez. <\/p>\n\n\n\n<p>El proyecto se titula \u00abNuestras Lenguas\u00bb y tiene como objetivo favorecer la educaci\u00f3n inclusiva en las escuela Onofre Bacelis y Juan Sarabia de Tekax, a trav\u00e9s de un conjunto de acciones orientadas a identificar, prevenir y reducir las barreras que limitan el acceso, participaci\u00f3n, permanencia y aprendizaje de alumnos y alumnas con discapacidad auditiva a trav\u00e9s del conocimiento y uso de la Lengua de Se\u00f1as Mexicana en los alumnos en condici\u00f3n regular y con discapacidad.<\/p>\n\n\n\n<p>La zona de impacto de este proyecto est\u00e1 orientada a las Escuelas primarias Onofre Bacelis y Juan Sarabia, instituciones a las que acuden ni\u00f1os y ni\u00f1as con discapacidad auditiva. <\/p>\n\n\n\n<p>En M\u00e9xico se estima que existen cerca de 2.3 millones de personas con discapacidades auditivas, de este total, cerca de 200,000 representan a ni\u00f1os en edad escolarizada de preescolar a primaria. <\/p>\n\n\n\n<p>Yucat\u00e1n es el estado con mayor cantidad de personas que padecen alguna condici\u00f3n auditiva que les limita el desarrollo de una vida plena. <\/p>\n\n\n\n<p>Los resultados del programa creado y administrado por maestras Tekaxe\u00f1as son la sensibilizaci\u00f3n de la comunidad escolar acerca de la importancia de la Lengua de Se\u00f1as Mexicana para favorecer la inclusi\u00f3n de alumnos con discapacidad auditiva, a trav\u00e9s de la ense\u00f1anza de vocabulario diverso y contextual. <\/p>\n\n\n\n<p>Es importante destacar que durante la implementaci\u00f3n del proyecto, las docentes titulares de la U.S.A.E.R. lograron coordinar su trabajo con los docentes de ense\u00f1anza de lengua Maya y del idioma Ingl\u00e9s, dando a los alumnos de las escuelas un acercamiento integral en todos los idiomas que rodean su contexto y se ense\u00f1an en la escuela. <\/p>\n\n\n\n<p>El programa culmin\u00f3 con una feria de juegos en la que los alumnos utilizaban lo aprendido durante el ciclo escolar y resolv\u00edan acertijos, practicaban la L.S.M. y se divert\u00edan.<\/p>\n","protected":false},"excerpt":{"rendered":"<p>El d\u00eda Mi\u00e9rcoles 29 de Mayo y Lunes 03 de Marzo, los alumnos de las escuelas primarias Juan<\/p>\n","protected":false},"author":1,"featured_media":13024,"comment_status":"closed","ping_status":"open","sticky":false,"template":"","format":"standard","meta":{"_monsterinsights_skip_tracking":false,"_monsterinsights_sitenote_active":false,"_monsterinsights_sitenote_note":"","_monsterinsights_sitenote_category":0,"footnotes":""},"categories":[11,4],"tags":[],"class_list":["post-13023","post","type-post","status-publish","format-standard","has-post-thumbnail","hentry","category-noticias","category-tekax"],"yoast_head":"<!-- This site is optimized with the Yoast SEO plugin v18.3 - https:\/\/yoast.com\/wordpress\/plugins\/seo\/ -->\n<title>Clausura de Proyecto &quot;Nuestras lenguas&quot; en escuelas de Tekax - El Puuc Noticias<\/title>\n<meta name=\"robots\" content=\"index, follow, max-snippet:-1, max-image-preview:large, max-video-preview:-1\" \/>\n<link rel=\"canonical\" href=\"https:\/\/elpuucnoticias.com\/?p=13023\" \/>\n<meta property=\"og:locale\" content=\"es_ES\" \/>\n<meta property=\"og:type\" content=\"article\" \/>\n<meta property=\"og:title\" content=\"Clausura de Proyecto &quot;Nuestras lenguas&quot; en escuelas de Tekax - El Puuc Noticias\" \/>\n<meta property=\"og:description\" content=\"El d\u00eda Mi\u00e9rcoles 29 de Mayo y Lunes 03 de Marzo, los alumnos de las escuelas primarias Juan\" \/>\n<meta property=\"og:url\" content=\"https:\/\/elpuucnoticias.com\/?p=13023\" \/>\n<meta property=\"og:site_name\" content=\"El Puuc Noticias\" \/>\n<meta property=\"article:published_time\" content=\"2024-06-04T17:24:30+00:00\" \/>\n<meta property=\"article:modified_time\" content=\"2024-06-04T17:24:31+00:00\" \/>\n<meta property=\"og:image\" content=\"https:\/\/elpuucnoticias.com\/wp-content\/uploads\/2024\/06\/8c796c76-9947-442e-b4a1-1eee880d787a.jpg\" \/>\n\t<meta property=\"og:image:width\" content=\"1280\" \/>\n\t<meta property=\"og:image:height\" content=\"960\" \/>\n\t<meta property=\"og:image:type\" content=\"image\/jpeg\" \/>\n<meta name=\"twitter:card\" content=\"summary_large_image\" \/>\n<meta name=\"twitter:label1\" content=\"Escrito por\" \/>\n\t<meta name=\"twitter:data1\" content=\"elpuucnoticias\" \/>\n\t<meta name=\"twitter:label2\" content=\"Tiempo de lectura\" \/>\n\t<meta name=\"twitter:data2\" content=\"2 minutos\" \/>\n<script type=\"application\/ld+json\" class=\"yoast-schema-graph\">{\"@context\":\"https:\/\/schema.org\",\"@graph\":[{\"@type\":\"WebSite\",\"@id\":\"https:\/\/elpuucnoticias.com\/#website\",\"url\":\"https:\/\/elpuucnoticias.com\/\",\"name\":\"El Puuc Noticias\",\"description\":\"Noticias - Entretenimiento - Deportes\",\"potentialAction\":[{\"@type\":\"SearchAction\",\"target\":{\"@type\":\"EntryPoint\",\"urlTemplate\":\"https:\/\/elpuucnoticias.com\/?s={search_term_string}\"},\"query-input\":\"required name=search_term_string\"}],\"inLanguage\":\"es\"},{\"@type\":\"ImageObject\",\"@id\":\"https:\/\/elpuucnoticias.com\/?p=13023#primaryimage\",\"inLanguage\":\"es\",\"url\":\"https:\/\/elpuucnoticias.com\/wp-content\/uploads\/2024\/06\/8c796c76-9947-442e-b4a1-1eee880d787a.jpg\",\"contentUrl\":\"https:\/\/elpuucnoticias.com\/wp-content\/uploads\/2024\/06\/8c796c76-9947-442e-b4a1-1eee880d787a.jpg\",\"width\":1280,\"height\":960},{\"@type\":\"WebPage\",\"@id\":\"https:\/\/elpuucnoticias.com\/?p=13023#webpage\",\"url\":\"https:\/\/elpuucnoticias.com\/?p=13023\",\"name\":\"Clausura de Proyecto \\\"Nuestras lenguas\\\" en escuelas de Tekax - El Puuc Noticias\",\"isPartOf\":{\"@id\":\"https:\/\/elpuucnoticias.com\/#website\"},\"primaryImageOfPage\":{\"@id\":\"https:\/\/elpuucnoticias.com\/?p=13023#primaryimage\"},\"datePublished\":\"2024-06-04T17:24:30+00:00\",\"dateModified\":\"2024-06-04T17:24:31+00:00\",\"author\":{\"@id\":\"https:\/\/elpuucnoticias.com\/#\/schema\/person\/d2ea09e4c97f0160b11cdfb1d856bd9e\"},\"breadcrumb\":{\"@id\":\"https:\/\/elpuucnoticias.com\/?p=13023#breadcrumb\"},\"inLanguage\":\"es\",\"potentialAction\":[{\"@type\":\"ReadAction\",\"target\":[\"https:\/\/elpuucnoticias.com\/?p=13023\"]}]},{\"@type\":\"BreadcrumbList\",\"@id\":\"https:\/\/elpuucnoticias.com\/?p=13023#breadcrumb\",\"itemListElement\":[{\"@type\":\"ListItem\",\"position\":1,\"name\":\"Portada\",\"item\":\"https:\/\/elpuucnoticias.com\/\"},{\"@type\":\"ListItem\",\"position\":2,\"name\":\"Clausura de Proyecto &#8220;Nuestras lenguas&#8221; en escuelas de Tekax\"}]},{\"@type\":\"Person\",\"@id\":\"https:\/\/elpuucnoticias.com\/#\/schema\/person\/d2ea09e4c97f0160b11cdfb1d856bd9e\",\"name\":\"elpuucnoticias\",\"image\":{\"@type\":\"ImageObject\",\"@id\":\"https:\/\/elpuucnoticias.com\/#personlogo\",\"inLanguage\":\"es\",\"url\":\"https:\/\/secure.gravatar.com\/avatar\/5290a43657c74ffa15701dbe5b846bd85cc71930d803c84e91046a7333de6ce2?s=96&d=mm&r=g\",\"contentUrl\":\"https:\/\/secure.gravatar.com\/avatar\/5290a43657c74ffa15701dbe5b846bd85cc71930d803c84e91046a7333de6ce2?s=96&d=mm&r=g\",\"caption\":\"elpuucnoticias\"},\"sameAs\":[\"https:\/\/elpuucnoticias.com\"],\"url\":\"https:\/\/elpuucnoticias.com\/?author=1\"}]}<\/script>\n<!-- \/ Yoast SEO plugin. -->","yoast_head_json":{"title":"Clausura de Proyecto \"Nuestras lenguas\" en escuelas de Tekax - El Puuc Noticias","robots":{"index":"index","follow":"follow","max-snippet":"max-snippet:-1","max-image-preview":"max-image-preview:large","max-video-preview":"max-video-preview:-1"},"canonical":"https:\/\/elpuucnoticias.com\/?p=13023","og_locale":"es_ES","og_type":"article","og_title":"Clausura de Proyecto \"Nuestras lenguas\" en escuelas de Tekax - El Puuc Noticias","og_description":"El d\u00eda Mi\u00e9rcoles 29 de Mayo y Lunes 03 de Marzo, los alumnos de las escuelas primarias Juan","og_url":"https:\/\/elpuucnoticias.com\/?p=13023","og_site_name":"El Puuc Noticias","article_published_time":"2024-06-04T17:24:30+00:00","article_modified_time":"2024-06-04T17:24:31+00:00","og_image":[{"width":1280,"height":960,"url":"https:\/\/elpuucnoticias.com\/wp-content\/uploads\/2024\/06\/8c796c76-9947-442e-b4a1-1eee880d787a.jpg","type":"image\/jpeg"}],"twitter_card":"summary_large_image","twitter_misc":{"Escrito por":"elpuucnoticias","Tiempo de lectura":"2 minutos"},"schema":{"@context":"https:\/\/schema.org","@graph":[{"@type":"WebSite","@id":"https:\/\/elpuucnoticias.com\/#website","url":"https:\/\/elpuucnoticias.com\/","name":"El Puuc Noticias","description":"Noticias - Entretenimiento - Deportes","potentialAction":[{"@type":"SearchAction","target":{"@type":"EntryPoint","urlTemplate":"https:\/\/elpuucnoticias.com\/?s={search_term_string}"},"query-input":"required name=search_term_string"}],"inLanguage":"es"},{"@type":"ImageObject","@id":"https:\/\/elpuucnoticias.com\/?p=13023#primaryimage","inLanguage":"es","url":"https:\/\/elpuucnoticias.com\/wp-content\/uploads\/2024\/06\/8c796c76-9947-442e-b4a1-1eee880d787a.jpg","contentUrl":"https:\/\/elpuucnoticias.com\/wp-content\/uploads\/2024\/06\/8c796c76-9947-442e-b4a1-1eee880d787a.jpg","width":1280,"height":960},{"@type":"WebPage","@id":"https:\/\/elpuucnoticias.com\/?p=13023#webpage","url":"https:\/\/elpuucnoticias.com\/?p=13023","name":"Clausura de Proyecto \"Nuestras lenguas\" en escuelas de Tekax - El Puuc Noticias","isPartOf":{"@id":"https:\/\/elpuucnoticias.com\/#website"},"primaryImageOfPage":{"@id":"https:\/\/elpuucnoticias.com\/?p=13023#primaryimage"},"datePublished":"2024-06-04T17:24:30+00:00","dateModified":"2024-06-04T17:24:31+00:00","author":{"@id":"https:\/\/elpuucnoticias.com\/#\/schema\/person\/d2ea09e4c97f0160b11cdfb1d856bd9e"},"breadcrumb":{"@id":"https:\/\/elpuucnoticias.com\/?p=13023#breadcrumb"},"inLanguage":"es","potentialAction":[{"@type":"ReadAction","target":["https:\/\/elpuucnoticias.com\/?p=13023"]}]},{"@type":"BreadcrumbList","@id":"https:\/\/elpuucnoticias.com\/?p=13023#breadcrumb","itemListElement":[{"@type":"ListItem","position":1,"name":"Portada","item":"https:\/\/elpuucnoticias.com\/"},{"@type":"ListItem","position":2,"name":"Clausura de Proyecto &#8220;Nuestras lenguas&#8221; en escuelas de Tekax"}]},{"@type":"Person","@id":"https:\/\/elpuucnoticias.com\/#\/schema\/person\/d2ea09e4c97f0160b11cdfb1d856bd9e","name":"elpuucnoticias","image":{"@type":"ImageObject","@id":"https:\/\/elpuucnoticias.com\/#personlogo","inLanguage":"es","url":"https:\/\/secure.gravatar.com\/avatar\/5290a43657c74ffa15701dbe5b846bd85cc71930d803c84e91046a7333de6ce2?s=96&d=mm&r=g","contentUrl":"https:\/\/secure.gravatar.com\/avatar\/5290a43657c74ffa15701dbe5b846bd85cc71930d803c84e91046a7333de6ce2?s=96&d=mm&r=g","caption":"elpuucnoticias"},"sameAs":["https:\/\/elpuucnoticias.com"],"url":"https:\/\/elpuucnoticias.com\/?author=1"}]}},"_links":{"self":[{"href":"https:\/\/elpuucnoticias.com\/index.php?rest_route=\/wp\/v2\/posts\/13023","targetHints":{"allow":["GET"]}}],"collection":[{"href":"https:\/\/elpuucnoticias.com\/index.php?rest_route=\/wp\/v2\/posts"}],"about":[{"href":"https:\/\/elpuucnoticias.com\/index.php?rest_route=\/wp\/v2\/types\/post"}],"author":[{"embeddable":true,"href":"https:\/\/elpuucnoticias.com\/index.php?rest_route=\/wp\/v2\/users\/1"}],"replies":[{"embeddable":true,"href":"https:\/\/elpuucnoticias.com\/index.php?rest_route=%2Fwp%2Fv2%2Fcomments&post=13023"}],"version-history":[{"count":1,"href":"https:\/\/elpuucnoticias.com\/index.php?rest_route=\/wp\/v2\/posts\/13023\/revisions"}],"predecessor-version":[{"id":13025,"href":"https:\/\/elpuucnoticias.com\/index.php?rest_route=\/wp\/v2\/posts\/13023\/revisions\/13025"}],"wp:featuredmedia":[{"embeddable":true,"href":"https:\/\/elpuucnoticias.com\/index.php?rest_route=\/wp\/v2\/media\/13024"}],"wp:attachment":[{"href":"https:\/\/elpuucnoticias.com\/index.php?rest_route=%2Fwp%2Fv2%2Fmedia&parent=13023"}],"wp:term":[{"taxonomy":"category","embeddable":true,"href":"https:\/\/elpuucnoticias.com\/index.php?rest_route=%2Fwp%2Fv2%2Fcategories&post=13023"},{"taxonomy":"post_tag","embeddable":true,"href":"https:\/\/elpuucnoticias.com\/index.php?rest_route=%2Fwp%2Fv2%2Ftags&post=13023"}],"curies":[{"name":"wp","href":"https:\/\/api.w.org\/{rel}","templated":true}]}}