{"id":13052,"date":"2024-06-04T12:36:51","date_gmt":"2024-06-04T18:36:51","guid":{"rendered":"https:\/\/elpuucnoticias.com\/?p=13052"},"modified":"2024-06-04T12:36:52","modified_gmt":"2024-06-04T18:36:52","slug":"padre-de-familia-imputado-por-feminicidio-de-menor","status":"publish","type":"post","link":"https:\/\/elpuucnoticias.com\/?p=13052","title":{"rendered":"Padre de familia imputado por feminicidio de menor"},"content":{"rendered":"\n<p>Tras descubrirse el maltrato y muerte de una menor en el fraccionamiento Gran Santa Fe, L.A.G.C. fue imputado por los delitos de feminicidio agravado, violencia familiar y privaci\u00f3n ilegal de la libertad, por los hechos ocurridos la semana pasada en agravio de su hija de seis a\u00f1os de edad, por los que permanecer\u00e1 bajo la medida cautelar de prisi\u00f3n preventiva oficiosa.<\/p>\n\n\n\n<p>En la audiencia realizada ante la Juez Primera de Control, tambi\u00e9n estuvo la pareja del detenido, acusada de los mismos delitos pero se solicit\u00f3 un receso por cuestiones de salud de la mujer involucrada, por lo que su caso se retomar\u00e1 jur\u00eddicamente en otra audiencia.&nbsp;<\/p>\n\n\n\n<p>Por lo que toca a la imputaci\u00f3n del acusado, tras formularle los cargos, se solicit\u00f3 su vinculaci\u00f3n a proceso, pero \u00e9ste pidi\u00f3 que su situaci\u00f3n se resolviera dentro del plazo constitucional, por lo que la Juez de Control cit\u00f3 a las partes para reanudar la audiencia el pr\u00f3ximo siete de junio.<\/p>\n\n\n\n<p>De los hechos, reunidos en la carpeta de investigaci\u00f3n de la causa penal 224\/2024, se establece que L.A.G.C. y su pareja sentimental en forma reiterada ejercieron actos abusivos en agravio de una menor hija del imputado,&nbsp; ocasionando un deterioro f\u00edsico en la v\u00edctima tras las agresiones f\u00edsicas, psicol\u00f3gicas y emocionales.&nbsp;<\/p>\n\n\n\n<p>La indagatoria realizada por esta representaci\u00f3n social, arroj\u00f3 que el pasado 30 de mayo, la mujer maltrat\u00f3 y encerr\u00f3 en el ba\u00f1o a la menor, hasta que volvi\u00f3 el imputado, quien hizo caso omiso al da\u00f1o infringido a su hija, hasta horas despu\u00e9s cuando pidieron a la enfermera que atend\u00eda a su hijo menor, revisara a la v\u00edctima, por lo que tras la auscultaci\u00f3n les explic\u00f3 que deb\u00edan llevar a la menor al hospital, pero ante la negativa del padre y su concubina, intent\u00f3 pedir ayuda v\u00eda telef\u00f3nica, pero fue amenazada y retenida en el lugar hasta que aprovechando un descuido de los acusados, envi\u00f3 un mensaje a un familiar quien solicit\u00f3 auxilio al n\u00famero de emergencia 911, llegando momentos despu\u00e9s varios agentes al predio en el citado fraccionamiento, donde realizaron el descubrimiento del cuerpo de la menor fallecida, por lo que se procedi\u00f3 con la detenci\u00f3n de los encausados.<\/p>\n\n\n\n<p>Por \u00faltimo, los fiscales de litigaci\u00f3n expusieron los argumentos para solicitar la medida cautelar de prisi\u00f3n preventiva oficiosa, la cual fue concedida por la Juez de Control por todo el tiempo que dure el proceso, por lo que el imputado permanecer\u00e1 privado de su libertad hasta esclarecer su participaci\u00f3n en los hechos denunciados.<\/p>\n","protected":false},"excerpt":{"rendered":"<p>Tras descubrirse el maltrato y muerte de una menor en el fraccionamiento Gran Santa Fe, L.A.G.C. fue imputado<\/p>\n","protected":false},"author":1,"featured_media":9252,"comment_status":"closed","ping_status":"open","sticky":false,"template":"","format":"standard","meta":{"_monsterinsights_skip_tracking":false,"_monsterinsights_sitenote_active":false,"_monsterinsights_sitenote_note":"","_monsterinsights_sitenote_category":0,"footnotes":""},"categories":[11,3],"tags":[],"class_list":["post-13052","post","type-post","status-publish","format-standard","has-post-thumbnail","hentry","category-noticias","category-policiacas"],"yoast_head":"<!-- This site is optimized with the Yoast SEO plugin v18.3 - https:\/\/yoast.com\/wordpress\/plugins\/seo\/ -->\n<title>Padre de familia imputado por feminicidio de menor - El Puuc Noticias<\/title>\n<meta name=\"robots\" content=\"index, follow, max-snippet:-1, max-image-preview:large, max-video-preview:-1\" \/>\n<link rel=\"canonical\" href=\"https:\/\/elpuucnoticias.com\/?p=13052\" \/>\n<meta property=\"og:locale\" content=\"es_ES\" \/>\n<meta property=\"og:type\" content=\"article\" \/>\n<meta property=\"og:title\" content=\"Padre de familia imputado por feminicidio de menor - El Puuc Noticias\" \/>\n<meta property=\"og:description\" content=\"Tras descubrirse el maltrato y muerte de una menor en el fraccionamiento Gran Santa Fe, L.A.G.C. fue imputado\" \/>\n<meta property=\"og:url\" content=\"https:\/\/elpuucnoticias.com\/?p=13052\" \/>\n<meta property=\"og:site_name\" content=\"El Puuc Noticias\" \/>\n<meta property=\"article:published_time\" content=\"2024-06-04T18:36:51+00:00\" \/>\n<meta property=\"article:modified_time\" content=\"2024-06-04T18:36:52+00:00\" \/>\n<meta property=\"og:image\" content=\"https:\/\/elpuucnoticias.com\/wp-content\/uploads\/2023\/09\/fiscalia-5.jpg\" \/>\n\t<meta property=\"og:image:width\" content=\"1468\" \/>\n\t<meta property=\"og:image:height\" content=\"979\" \/>\n\t<meta property=\"og:image:type\" content=\"image\/jpeg\" \/>\n<meta name=\"twitter:card\" content=\"summary_large_image\" \/>\n<meta name=\"twitter:label1\" content=\"Escrito por\" \/>\n\t<meta name=\"twitter:data1\" content=\"elpuucnoticias\" \/>\n\t<meta name=\"twitter:label2\" content=\"Tiempo de lectura\" \/>\n\t<meta name=\"twitter:data2\" content=\"2 minutos\" \/>\n<script type=\"application\/ld+json\" class=\"yoast-schema-graph\">{\"@context\":\"https:\/\/schema.org\",\"@graph\":[{\"@type\":\"WebSite\",\"@id\":\"https:\/\/elpuucnoticias.com\/#website\",\"url\":\"https:\/\/elpuucnoticias.com\/\",\"name\":\"El Puuc Noticias\",\"description\":\"Noticias - Entretenimiento - Deportes\",\"potentialAction\":[{\"@type\":\"SearchAction\",\"target\":{\"@type\":\"EntryPoint\",\"urlTemplate\":\"https:\/\/elpuucnoticias.com\/?s={search_term_string}\"},\"query-input\":\"required name=search_term_string\"}],\"inLanguage\":\"es\"},{\"@type\":\"ImageObject\",\"@id\":\"https:\/\/elpuucnoticias.com\/?p=13052#primaryimage\",\"inLanguage\":\"es\",\"url\":\"https:\/\/elpuucnoticias.com\/wp-content\/uploads\/2023\/09\/fiscalia-5.jpg\",\"contentUrl\":\"https:\/\/elpuucnoticias.com\/wp-content\/uploads\/2023\/09\/fiscalia-5.jpg\",\"width\":1468,\"height\":979},{\"@type\":\"WebPage\",\"@id\":\"https:\/\/elpuucnoticias.com\/?p=13052#webpage\",\"url\":\"https:\/\/elpuucnoticias.com\/?p=13052\",\"name\":\"Padre de familia imputado por feminicidio de menor - El Puuc Noticias\",\"isPartOf\":{\"@id\":\"https:\/\/elpuucnoticias.com\/#website\"},\"primaryImageOfPage\":{\"@id\":\"https:\/\/elpuucnoticias.com\/?p=13052#primaryimage\"},\"datePublished\":\"2024-06-04T18:36:51+00:00\",\"dateModified\":\"2024-06-04T18:36:52+00:00\",\"author\":{\"@id\":\"https:\/\/elpuucnoticias.com\/#\/schema\/person\/d2ea09e4c97f0160b11cdfb1d856bd9e\"},\"breadcrumb\":{\"@id\":\"https:\/\/elpuucnoticias.com\/?p=13052#breadcrumb\"},\"inLanguage\":\"es\",\"potentialAction\":[{\"@type\":\"ReadAction\",\"target\":[\"https:\/\/elpuucnoticias.com\/?p=13052\"]}]},{\"@type\":\"BreadcrumbList\",\"@id\":\"https:\/\/elpuucnoticias.com\/?p=13052#breadcrumb\",\"itemListElement\":[{\"@type\":\"ListItem\",\"position\":1,\"name\":\"Portada\",\"item\":\"https:\/\/elpuucnoticias.com\/\"},{\"@type\":\"ListItem\",\"position\":2,\"name\":\"Padre de familia imputado por feminicidio de menor\"}]},{\"@type\":\"Person\",\"@id\":\"https:\/\/elpuucnoticias.com\/#\/schema\/person\/d2ea09e4c97f0160b11cdfb1d856bd9e\",\"name\":\"elpuucnoticias\",\"image\":{\"@type\":\"ImageObject\",\"@id\":\"https:\/\/elpuucnoticias.com\/#personlogo\",\"inLanguage\":\"es\",\"url\":\"https:\/\/secure.gravatar.com\/avatar\/5290a43657c74ffa15701dbe5b846bd85cc71930d803c84e91046a7333de6ce2?s=96&d=mm&r=g\",\"contentUrl\":\"https:\/\/secure.gravatar.com\/avatar\/5290a43657c74ffa15701dbe5b846bd85cc71930d803c84e91046a7333de6ce2?s=96&d=mm&r=g\",\"caption\":\"elpuucnoticias\"},\"sameAs\":[\"https:\/\/elpuucnoticias.com\"],\"url\":\"https:\/\/elpuucnoticias.com\/?author=1\"}]}<\/script>\n<!-- \/ Yoast SEO plugin. -->","yoast_head_json":{"title":"Padre de familia imputado por feminicidio de menor - El Puuc Noticias","robots":{"index":"index","follow":"follow","max-snippet":"max-snippet:-1","max-image-preview":"max-image-preview:large","max-video-preview":"max-video-preview:-1"},"canonical":"https:\/\/elpuucnoticias.com\/?p=13052","og_locale":"es_ES","og_type":"article","og_title":"Padre de familia imputado por feminicidio de menor - El Puuc Noticias","og_description":"Tras descubrirse el maltrato y muerte de una menor en el fraccionamiento Gran Santa Fe, L.A.G.C. fue imputado","og_url":"https:\/\/elpuucnoticias.com\/?p=13052","og_site_name":"El Puuc Noticias","article_published_time":"2024-06-04T18:36:51+00:00","article_modified_time":"2024-06-04T18:36:52+00:00","og_image":[{"width":1468,"height":979,"url":"https:\/\/elpuucnoticias.com\/wp-content\/uploads\/2023\/09\/fiscalia-5.jpg","type":"image\/jpeg"}],"twitter_card":"summary_large_image","twitter_misc":{"Escrito por":"elpuucnoticias","Tiempo de lectura":"2 minutos"},"schema":{"@context":"https:\/\/schema.org","@graph":[{"@type":"WebSite","@id":"https:\/\/elpuucnoticias.com\/#website","url":"https:\/\/elpuucnoticias.com\/","name":"El Puuc Noticias","description":"Noticias - Entretenimiento - Deportes","potentialAction":[{"@type":"SearchAction","target":{"@type":"EntryPoint","urlTemplate":"https:\/\/elpuucnoticias.com\/?s={search_term_string}"},"query-input":"required name=search_term_string"}],"inLanguage":"es"},{"@type":"ImageObject","@id":"https:\/\/elpuucnoticias.com\/?p=13052#primaryimage","inLanguage":"es","url":"https:\/\/elpuucnoticias.com\/wp-content\/uploads\/2023\/09\/fiscalia-5.jpg","contentUrl":"https:\/\/elpuucnoticias.com\/wp-content\/uploads\/2023\/09\/fiscalia-5.jpg","width":1468,"height":979},{"@type":"WebPage","@id":"https:\/\/elpuucnoticias.com\/?p=13052#webpage","url":"https:\/\/elpuucnoticias.com\/?p=13052","name":"Padre de familia imputado por feminicidio de menor - El Puuc Noticias","isPartOf":{"@id":"https:\/\/elpuucnoticias.com\/#website"},"primaryImageOfPage":{"@id":"https:\/\/elpuucnoticias.com\/?p=13052#primaryimage"},"datePublished":"2024-06-04T18:36:51+00:00","dateModified":"2024-06-04T18:36:52+00:00","author":{"@id":"https:\/\/elpuucnoticias.com\/#\/schema\/person\/d2ea09e4c97f0160b11cdfb1d856bd9e"},"breadcrumb":{"@id":"https:\/\/elpuucnoticias.com\/?p=13052#breadcrumb"},"inLanguage":"es","potentialAction":[{"@type":"ReadAction","target":["https:\/\/elpuucnoticias.com\/?p=13052"]}]},{"@type":"BreadcrumbList","@id":"https:\/\/elpuucnoticias.com\/?p=13052#breadcrumb","itemListElement":[{"@type":"ListItem","position":1,"name":"Portada","item":"https:\/\/elpuucnoticias.com\/"},{"@type":"ListItem","position":2,"name":"Padre de familia imputado por feminicidio de menor"}]},{"@type":"Person","@id":"https:\/\/elpuucnoticias.com\/#\/schema\/person\/d2ea09e4c97f0160b11cdfb1d856bd9e","name":"elpuucnoticias","image":{"@type":"ImageObject","@id":"https:\/\/elpuucnoticias.com\/#personlogo","inLanguage":"es","url":"https:\/\/secure.gravatar.com\/avatar\/5290a43657c74ffa15701dbe5b846bd85cc71930d803c84e91046a7333de6ce2?s=96&d=mm&r=g","contentUrl":"https:\/\/secure.gravatar.com\/avatar\/5290a43657c74ffa15701dbe5b846bd85cc71930d803c84e91046a7333de6ce2?s=96&d=mm&r=g","caption":"elpuucnoticias"},"sameAs":["https:\/\/elpuucnoticias.com"],"url":"https:\/\/elpuucnoticias.com\/?author=1"}]}},"_links":{"self":[{"href":"https:\/\/elpuucnoticias.com\/index.php?rest_route=\/wp\/v2\/posts\/13052","targetHints":{"allow":["GET"]}}],"collection":[{"href":"https:\/\/elpuucnoticias.com\/index.php?rest_route=\/wp\/v2\/posts"}],"about":[{"href":"https:\/\/elpuucnoticias.com\/index.php?rest_route=\/wp\/v2\/types\/post"}],"author":[{"embeddable":true,"href":"https:\/\/elpuucnoticias.com\/index.php?rest_route=\/wp\/v2\/users\/1"}],"replies":[{"embeddable":true,"href":"https:\/\/elpuucnoticias.com\/index.php?rest_route=%2Fwp%2Fv2%2Fcomments&post=13052"}],"version-history":[{"count":1,"href":"https:\/\/elpuucnoticias.com\/index.php?rest_route=\/wp\/v2\/posts\/13052\/revisions"}],"predecessor-version":[{"id":13053,"href":"https:\/\/elpuucnoticias.com\/index.php?rest_route=\/wp\/v2\/posts\/13052\/revisions\/13053"}],"wp:featuredmedia":[{"embeddable":true,"href":"https:\/\/elpuucnoticias.com\/index.php?rest_route=\/wp\/v2\/media\/9252"}],"wp:attachment":[{"href":"https:\/\/elpuucnoticias.com\/index.php?rest_route=%2Fwp%2Fv2%2Fmedia&parent=13052"}],"wp:term":[{"taxonomy":"category","embeddable":true,"href":"https:\/\/elpuucnoticias.com\/index.php?rest_route=%2Fwp%2Fv2%2Fcategories&post=13052"},{"taxonomy":"post_tag","embeddable":true,"href":"https:\/\/elpuucnoticias.com\/index.php?rest_route=%2Fwp%2Fv2%2Ftags&post=13052"}],"curies":[{"name":"wp","href":"https:\/\/api.w.org\/{rel}","templated":true}]}}