{"id":13201,"date":"2024-06-07T13:06:43","date_gmt":"2024-06-07T19:06:43","guid":{"rendered":"https:\/\/elpuucnoticias.com\/?p=13201"},"modified":"2024-06-07T13:06:45","modified_gmt":"2024-06-07T19:06:45","slug":"sede-y-afranor-firman-convenio-estrategico-para-impulsar-el-desarrollo-y-competitividad-de-las-mipymes-quintanarroenses","status":"publish","type":"post","link":"https:\/\/elpuucnoticias.com\/?p=13201","title":{"rendered":"SEDE y AFRANOR firman convenio estrat\u00e9gico para impulsar el desarrollo y competitividad de las MIPyMEs quintanarroenses"},"content":{"rendered":"\n<p>-Permitir\u00e1 identificar aquellas con potencial a una franquicia<\/p>\n\n\n\n<p>Canc\u00fan.- En un esfuerzo conjunto, la Secretar\u00eda de Desarrollo Econ\u00f3mico (SEDE) y la Asociaci\u00f3n de Franquicias del Norte (AFRANOR) signaron un convenio de colaboraci\u00f3n estrat\u00e9gico destinado a fortalecer, desarrollar y hacer m\u00e1s competitivas a las Micro, Peque\u00f1as y Medianas Empresas (MIPyMEs) del estado e identificar aquellas con potencial a una franquicia.<\/p>\n\n\n\n<p>Como parte del Nuevo Acuerdo por el Bienestar y Desarrollo de Quintana Roo que impulsa la gobernadora Mara Lezama Espinosa, se busca reducir las brechas de desigualdad, generando un crecimiento con prosperidad compartida con beneficios para todas y todos donde nadie se quede atr\u00e1s, dijo la titular de la SEDE, Karla Almanza L\u00f3pez al signar dicho convenio con el Presidente de AFRANOR, V\u00edctor Manuel Ramo Gerardo.<\/p>\n\n\n\n<figure class=\"wp-block-image size-large\"><img loading=\"lazy\" decoding=\"async\" width=\"1024\" height=\"682\" src=\"https:\/\/elpuucnoticias.com\/wp-content\/uploads\/2024\/06\/whatsapp-image-2024-06-07-at-12.52.38-pm-1-1024x682.jpeg\" alt=\"\" class=\"wp-image-13202\" srcset=\"https:\/\/elpuucnoticias.com\/wp-content\/uploads\/2024\/06\/whatsapp-image-2024-06-07-at-12.52.38-pm-1-1024x682.jpeg 1024w, https:\/\/elpuucnoticias.com\/wp-content\/uploads\/2024\/06\/whatsapp-image-2024-06-07-at-12.52.38-pm-1-300x200.jpeg 300w, https:\/\/elpuucnoticias.com\/wp-content\/uploads\/2024\/06\/whatsapp-image-2024-06-07-at-12.52.38-pm-1-768x511.jpeg 768w, https:\/\/elpuucnoticias.com\/wp-content\/uploads\/2024\/06\/whatsapp-image-2024-06-07-at-12.52.38-pm-1-600x400.jpeg 600w, https:\/\/elpuucnoticias.com\/wp-content\/uploads\/2024\/06\/whatsapp-image-2024-06-07-at-12.52.38-pm-1-320x213.jpeg 320w, https:\/\/elpuucnoticias.com\/wp-content\/uploads\/2024\/06\/whatsapp-image-2024-06-07-at-12.52.38-pm-1.jpeg 1280w\" sizes=\"auto, (max-width: 1024px) 100vw, 1024px\" \/><\/figure>\n\n\n\n<p>Almanza L\u00f3pez explic\u00f3 que este convenio permitir\u00e1 desarrollar el programa \u00abImpulso a la Creaci\u00f3n de Franquicias Exitosas\u00bb en beneficio de las MIPyMEs quintanarroenses, el cual incluir\u00e1 diversas etapas como: Pl\u00e1ticas de sensibilizaci\u00f3n sobre franquicias; Identificaci\u00f3n de MIPyMEs con potencial a una franquicia y un completo proceso de reclutamiento y acompa\u00f1amiento para los negocios seleccionados.<\/p>\n\n\n\n<p>El programa estar\u00e1 compuesto por seis m\u00f3dulos, proporcionando asistencia t\u00e9cnica personalizada y acompa\u00f1amiento a las MIPyMEs participantes. Adem\u00e1s, se organizar\u00e1n tres conferencias sobre la introducci\u00f3n al modelo de franquicias en puntos estrat\u00e9gicos del estado, junto con visitas de reconocimiento a las empresas y talleres de enfoque estrat\u00e9gico.<\/p>\n\n\n\n<p>Este convenio representa una oportunidad sin igual para que las empresas locales se fortalezcan y prosperen, impulsando el desarrollo econ\u00f3mico y empresarial de la regi\u00f3n hacia nuevos niveles de competitividad y prosperidad, dijo la titular de la SEDE.<\/p>\n\n\n\n<p>Los interesados en este programa pueden postularse mediante la siguiente liga: https:\/\/forms.gle\/8EFUSaTQGBSynNJJ7 o comunicarse v\u00eda whatsApp al (983) 140 9487.<\/p>\n","protected":false},"excerpt":{"rendered":"<p>-Permitir\u00e1 identificar aquellas con potencial a una franquicia Canc\u00fan.- En un esfuerzo conjunto, la Secretar\u00eda de Desarrollo Econ\u00f3mico<\/p>\n","protected":false},"author":1,"featured_media":13203,"comment_status":"closed","ping_status":"open","sticky":false,"template":"","format":"standard","meta":{"_monsterinsights_skip_tracking":false,"_monsterinsights_sitenote_active":false,"_monsterinsights_sitenote_note":"","_monsterinsights_sitenote_category":0,"footnotes":""},"categories":[11,24],"tags":[],"class_list":["post-13201","post","type-post","status-publish","format-standard","has-post-thumbnail","hentry","category-noticias","category-quintana-roo"],"yoast_head":"<!-- This site is optimized with the Yoast SEO plugin v18.3 - https:\/\/yoast.com\/wordpress\/plugins\/seo\/ -->\n<title>SEDE y AFRANOR firman convenio estrat\u00e9gico para impulsar el desarrollo y competitividad de las MIPyMEs quintanarroenses - El Puuc Noticias<\/title>\n<meta name=\"robots\" content=\"index, follow, max-snippet:-1, max-image-preview:large, max-video-preview:-1\" \/>\n<link rel=\"canonical\" href=\"https:\/\/elpuucnoticias.com\/?p=13201\" \/>\n<meta property=\"og:locale\" content=\"es_ES\" \/>\n<meta property=\"og:type\" content=\"article\" \/>\n<meta property=\"og:title\" content=\"SEDE y AFRANOR firman convenio estrat\u00e9gico para impulsar el desarrollo y competitividad de las MIPyMEs quintanarroenses - El Puuc Noticias\" \/>\n<meta property=\"og:description\" content=\"-Permitir\u00e1 identificar aquellas con potencial a una franquicia Canc\u00fan.- En un esfuerzo conjunto, la Secretar\u00eda de Desarrollo Econ\u00f3mico\" \/>\n<meta property=\"og:url\" content=\"https:\/\/elpuucnoticias.com\/?p=13201\" \/>\n<meta property=\"og:site_name\" content=\"El Puuc Noticias\" \/>\n<meta property=\"article:published_time\" content=\"2024-06-07T19:06:43+00:00\" \/>\n<meta property=\"article:modified_time\" content=\"2024-06-07T19:06:45+00:00\" \/>\n<meta property=\"og:image\" content=\"https:\/\/elpuucnoticias.com\/wp-content\/uploads\/2024\/06\/whatsapp-image-2024-06-07-at-12.52.38-pm.jpeg\" \/>\n\t<meta property=\"og:image:width\" content=\"1280\" \/>\n\t<meta property=\"og:image:height\" content=\"852\" \/>\n\t<meta property=\"og:image:type\" content=\"image\/jpeg\" \/>\n<meta name=\"twitter:card\" content=\"summary_large_image\" \/>\n<meta name=\"twitter:label1\" content=\"Escrito por\" \/>\n\t<meta name=\"twitter:data1\" content=\"elpuucnoticias\" \/>\n\t<meta name=\"twitter:label2\" content=\"Tiempo de lectura\" \/>\n\t<meta name=\"twitter:data2\" content=\"2 minutos\" \/>\n<script type=\"application\/ld+json\" class=\"yoast-schema-graph\">{\"@context\":\"https:\/\/schema.org\",\"@graph\":[{\"@type\":\"WebSite\",\"@id\":\"https:\/\/elpuucnoticias.com\/#website\",\"url\":\"https:\/\/elpuucnoticias.com\/\",\"name\":\"El Puuc Noticias\",\"description\":\"Noticias - Entretenimiento - Deportes\",\"potentialAction\":[{\"@type\":\"SearchAction\",\"target\":{\"@type\":\"EntryPoint\",\"urlTemplate\":\"https:\/\/elpuucnoticias.com\/?s={search_term_string}\"},\"query-input\":\"required name=search_term_string\"}],\"inLanguage\":\"es\"},{\"@type\":\"ImageObject\",\"@id\":\"https:\/\/elpuucnoticias.com\/?p=13201#primaryimage\",\"inLanguage\":\"es\",\"url\":\"https:\/\/elpuucnoticias.com\/wp-content\/uploads\/2024\/06\/whatsapp-image-2024-06-07-at-12.52.38-pm.jpeg\",\"contentUrl\":\"https:\/\/elpuucnoticias.com\/wp-content\/uploads\/2024\/06\/whatsapp-image-2024-06-07-at-12.52.38-pm.jpeg\",\"width\":1280,\"height\":852},{\"@type\":\"WebPage\",\"@id\":\"https:\/\/elpuucnoticias.com\/?p=13201#webpage\",\"url\":\"https:\/\/elpuucnoticias.com\/?p=13201\",\"name\":\"SEDE y AFRANOR firman convenio estrat\u00e9gico para impulsar el desarrollo y competitividad de las MIPyMEs quintanarroenses - El Puuc Noticias\",\"isPartOf\":{\"@id\":\"https:\/\/elpuucnoticias.com\/#website\"},\"primaryImageOfPage\":{\"@id\":\"https:\/\/elpuucnoticias.com\/?p=13201#primaryimage\"},\"datePublished\":\"2024-06-07T19:06:43+00:00\",\"dateModified\":\"2024-06-07T19:06:45+00:00\",\"author\":{\"@id\":\"https:\/\/elpuucnoticias.com\/#\/schema\/person\/d2ea09e4c97f0160b11cdfb1d856bd9e\"},\"breadcrumb\":{\"@id\":\"https:\/\/elpuucnoticias.com\/?p=13201#breadcrumb\"},\"inLanguage\":\"es\",\"potentialAction\":[{\"@type\":\"ReadAction\",\"target\":[\"https:\/\/elpuucnoticias.com\/?p=13201\"]}]},{\"@type\":\"BreadcrumbList\",\"@id\":\"https:\/\/elpuucnoticias.com\/?p=13201#breadcrumb\",\"itemListElement\":[{\"@type\":\"ListItem\",\"position\":1,\"name\":\"Portada\",\"item\":\"https:\/\/elpuucnoticias.com\/\"},{\"@type\":\"ListItem\",\"position\":2,\"name\":\"SEDE y AFRANOR firman convenio estrat\u00e9gico para impulsar el desarrollo y competitividad de las MIPyMEs quintanarroenses\"}]},{\"@type\":\"Person\",\"@id\":\"https:\/\/elpuucnoticias.com\/#\/schema\/person\/d2ea09e4c97f0160b11cdfb1d856bd9e\",\"name\":\"elpuucnoticias\",\"image\":{\"@type\":\"ImageObject\",\"@id\":\"https:\/\/elpuucnoticias.com\/#personlogo\",\"inLanguage\":\"es\",\"url\":\"https:\/\/secure.gravatar.com\/avatar\/5290a43657c74ffa15701dbe5b846bd85cc71930d803c84e91046a7333de6ce2?s=96&d=mm&r=g\",\"contentUrl\":\"https:\/\/secure.gravatar.com\/avatar\/5290a43657c74ffa15701dbe5b846bd85cc71930d803c84e91046a7333de6ce2?s=96&d=mm&r=g\",\"caption\":\"elpuucnoticias\"},\"sameAs\":[\"https:\/\/elpuucnoticias.com\"],\"url\":\"https:\/\/elpuucnoticias.com\/?author=1\"}]}<\/script>\n<!-- \/ Yoast SEO plugin. -->","yoast_head_json":{"title":"SEDE y AFRANOR firman convenio estrat\u00e9gico para impulsar el desarrollo y competitividad de las MIPyMEs quintanarroenses - El Puuc Noticias","robots":{"index":"index","follow":"follow","max-snippet":"max-snippet:-1","max-image-preview":"max-image-preview:large","max-video-preview":"max-video-preview:-1"},"canonical":"https:\/\/elpuucnoticias.com\/?p=13201","og_locale":"es_ES","og_type":"article","og_title":"SEDE y AFRANOR firman convenio estrat\u00e9gico para impulsar el desarrollo y competitividad de las MIPyMEs quintanarroenses - El Puuc Noticias","og_description":"-Permitir\u00e1 identificar aquellas con potencial a una franquicia Canc\u00fan.- En un esfuerzo conjunto, la Secretar\u00eda de Desarrollo Econ\u00f3mico","og_url":"https:\/\/elpuucnoticias.com\/?p=13201","og_site_name":"El Puuc Noticias","article_published_time":"2024-06-07T19:06:43+00:00","article_modified_time":"2024-06-07T19:06:45+00:00","og_image":[{"width":1280,"height":852,"url":"https:\/\/elpuucnoticias.com\/wp-content\/uploads\/2024\/06\/whatsapp-image-2024-06-07-at-12.52.38-pm.jpeg","type":"image\/jpeg"}],"twitter_card":"summary_large_image","twitter_misc":{"Escrito por":"elpuucnoticias","Tiempo de lectura":"2 minutos"},"schema":{"@context":"https:\/\/schema.org","@graph":[{"@type":"WebSite","@id":"https:\/\/elpuucnoticias.com\/#website","url":"https:\/\/elpuucnoticias.com\/","name":"El Puuc Noticias","description":"Noticias - Entretenimiento - Deportes","potentialAction":[{"@type":"SearchAction","target":{"@type":"EntryPoint","urlTemplate":"https:\/\/elpuucnoticias.com\/?s={search_term_string}"},"query-input":"required name=search_term_string"}],"inLanguage":"es"},{"@type":"ImageObject","@id":"https:\/\/elpuucnoticias.com\/?p=13201#primaryimage","inLanguage":"es","url":"https:\/\/elpuucnoticias.com\/wp-content\/uploads\/2024\/06\/whatsapp-image-2024-06-07-at-12.52.38-pm.jpeg","contentUrl":"https:\/\/elpuucnoticias.com\/wp-content\/uploads\/2024\/06\/whatsapp-image-2024-06-07-at-12.52.38-pm.jpeg","width":1280,"height":852},{"@type":"WebPage","@id":"https:\/\/elpuucnoticias.com\/?p=13201#webpage","url":"https:\/\/elpuucnoticias.com\/?p=13201","name":"SEDE y AFRANOR firman convenio estrat\u00e9gico para impulsar el desarrollo y competitividad de las MIPyMEs quintanarroenses - El Puuc Noticias","isPartOf":{"@id":"https:\/\/elpuucnoticias.com\/#website"},"primaryImageOfPage":{"@id":"https:\/\/elpuucnoticias.com\/?p=13201#primaryimage"},"datePublished":"2024-06-07T19:06:43+00:00","dateModified":"2024-06-07T19:06:45+00:00","author":{"@id":"https:\/\/elpuucnoticias.com\/#\/schema\/person\/d2ea09e4c97f0160b11cdfb1d856bd9e"},"breadcrumb":{"@id":"https:\/\/elpuucnoticias.com\/?p=13201#breadcrumb"},"inLanguage":"es","potentialAction":[{"@type":"ReadAction","target":["https:\/\/elpuucnoticias.com\/?p=13201"]}]},{"@type":"BreadcrumbList","@id":"https:\/\/elpuucnoticias.com\/?p=13201#breadcrumb","itemListElement":[{"@type":"ListItem","position":1,"name":"Portada","item":"https:\/\/elpuucnoticias.com\/"},{"@type":"ListItem","position":2,"name":"SEDE y AFRANOR firman convenio estrat\u00e9gico para impulsar el desarrollo y competitividad de las MIPyMEs quintanarroenses"}]},{"@type":"Person","@id":"https:\/\/elpuucnoticias.com\/#\/schema\/person\/d2ea09e4c97f0160b11cdfb1d856bd9e","name":"elpuucnoticias","image":{"@type":"ImageObject","@id":"https:\/\/elpuucnoticias.com\/#personlogo","inLanguage":"es","url":"https:\/\/secure.gravatar.com\/avatar\/5290a43657c74ffa15701dbe5b846bd85cc71930d803c84e91046a7333de6ce2?s=96&d=mm&r=g","contentUrl":"https:\/\/secure.gravatar.com\/avatar\/5290a43657c74ffa15701dbe5b846bd85cc71930d803c84e91046a7333de6ce2?s=96&d=mm&r=g","caption":"elpuucnoticias"},"sameAs":["https:\/\/elpuucnoticias.com"],"url":"https:\/\/elpuucnoticias.com\/?author=1"}]}},"_links":{"self":[{"href":"https:\/\/elpuucnoticias.com\/index.php?rest_route=\/wp\/v2\/posts\/13201","targetHints":{"allow":["GET"]}}],"collection":[{"href":"https:\/\/elpuucnoticias.com\/index.php?rest_route=\/wp\/v2\/posts"}],"about":[{"href":"https:\/\/elpuucnoticias.com\/index.php?rest_route=\/wp\/v2\/types\/post"}],"author":[{"embeddable":true,"href":"https:\/\/elpuucnoticias.com\/index.php?rest_route=\/wp\/v2\/users\/1"}],"replies":[{"embeddable":true,"href":"https:\/\/elpuucnoticias.com\/index.php?rest_route=%2Fwp%2Fv2%2Fcomments&post=13201"}],"version-history":[{"count":1,"href":"https:\/\/elpuucnoticias.com\/index.php?rest_route=\/wp\/v2\/posts\/13201\/revisions"}],"predecessor-version":[{"id":13204,"href":"https:\/\/elpuucnoticias.com\/index.php?rest_route=\/wp\/v2\/posts\/13201\/revisions\/13204"}],"wp:featuredmedia":[{"embeddable":true,"href":"https:\/\/elpuucnoticias.com\/index.php?rest_route=\/wp\/v2\/media\/13203"}],"wp:attachment":[{"href":"https:\/\/elpuucnoticias.com\/index.php?rest_route=%2Fwp%2Fv2%2Fmedia&parent=13201"}],"wp:term":[{"taxonomy":"category","embeddable":true,"href":"https:\/\/elpuucnoticias.com\/index.php?rest_route=%2Fwp%2Fv2%2Fcategories&post=13201"},{"taxonomy":"post_tag","embeddable":true,"href":"https:\/\/elpuucnoticias.com\/index.php?rest_route=%2Fwp%2Fv2%2Ftags&post=13201"}],"curies":[{"name":"wp","href":"https:\/\/api.w.org\/{rel}","templated":true}]}}