{"id":13236,"date":"2024-06-10T11:01:23","date_gmt":"2024-06-10T17:01:23","guid":{"rendered":"https:\/\/elpuucnoticias.com\/?p=13236"},"modified":"2024-06-10T11:01:24","modified_gmt":"2024-06-10T17:01:24","slug":"mejoran-la-calidad-de-vida-de-43-ninas-y-ninos-con-paralisis-cerebral","status":"publish","type":"post","link":"https:\/\/elpuucnoticias.com\/?p=13236","title":{"rendered":"Mejoran la calidad de vida de 43 ni\u00f1as y ni\u00f1os con par\u00e1lisis cerebral"},"content":{"rendered":"\n<p>Un total de 43 ni\u00f1as y ni\u00f1os de Bacalar, Oth\u00f3n P. Blanco, Benito Ju\u00e1rez, Felipe Carrillo Puerto, Tulum, Cozumel y Solidaridad con par\u00e1lisis cerebral esp\u00e1stica mejoran significativamente al ser intervenidos en la Tercera Jornada de Cirug\u00edas de Fibrotom\u00eda Gradual, tambi\u00e9n conocida como M\u00e9todo Ulzibat.<\/p>\n\n\n\n<p>Para darles su respaldo y apoyo a las ni\u00f1as, ni\u00f1os y adolescentes intervenidos, as\u00ed como a sus familias, la gobernadora Mara Lezama Espinosa estuvo en el hospital general \u201cJes\u00fas Kumate Rodr\u00edguez\u201d, acompa\u00f1ada de la presidenta honoraria del Sistema DIF Quintana Roo, Ver\u00f3nica Lezama Espinosa.<\/p>\n\n\n\n<figure class=\"wp-block-gallery has-nested-images columns-default is-cropped wp-block-gallery-1 is-layout-flex wp-block-gallery-is-layout-flex\">\n<figure class=\"wp-block-image size-large is-style-default\"><img loading=\"lazy\" decoding=\"async\" width=\"1024\" height=\"682\" data-id=\"13239\" src=\"https:\/\/elpuucnoticias.com\/wp-content\/uploads\/2024\/06\/whatsapp-image-2024-06-10-at-10.52.53-am-2-1024x682.jpeg\" alt=\"\" class=\"wp-image-13239\" srcset=\"https:\/\/elpuucnoticias.com\/wp-content\/uploads\/2024\/06\/whatsapp-image-2024-06-10-at-10.52.53-am-2-1024x682.jpeg 1024w, https:\/\/elpuucnoticias.com\/wp-content\/uploads\/2024\/06\/whatsapp-image-2024-06-10-at-10.52.53-am-2-300x200.jpeg 300w, https:\/\/elpuucnoticias.com\/wp-content\/uploads\/2024\/06\/whatsapp-image-2024-06-10-at-10.52.53-am-2-768x512.jpeg 768w, https:\/\/elpuucnoticias.com\/wp-content\/uploads\/2024\/06\/whatsapp-image-2024-06-10-at-10.52.53-am-2-1536x1023.jpeg 1536w, https:\/\/elpuucnoticias.com\/wp-content\/uploads\/2024\/06\/whatsapp-image-2024-06-10-at-10.52.53-am-2-600x400.jpeg 600w, https:\/\/elpuucnoticias.com\/wp-content\/uploads\/2024\/06\/whatsapp-image-2024-06-10-at-10.52.53-am-2-320x213.jpeg 320w, https:\/\/elpuucnoticias.com\/wp-content\/uploads\/2024\/06\/whatsapp-image-2024-06-10-at-10.52.53-am-2.jpeg 1600w\" sizes=\"auto, (max-width: 1024px) 100vw, 1024px\" \/><\/figure>\n\n\n\n<figure class=\"wp-block-image size-large is-style-default\"><img loading=\"lazy\" decoding=\"async\" width=\"1024\" height=\"682\" data-id=\"13237\" src=\"https:\/\/elpuucnoticias.com\/wp-content\/uploads\/2024\/06\/whatsapp-image-2024-06-10-at-10.52.53-am-1-1024x682.jpeg\" alt=\"\" class=\"wp-image-13237\" srcset=\"https:\/\/elpuucnoticias.com\/wp-content\/uploads\/2024\/06\/whatsapp-image-2024-06-10-at-10.52.53-am-1-1024x682.jpeg 1024w, https:\/\/elpuucnoticias.com\/wp-content\/uploads\/2024\/06\/whatsapp-image-2024-06-10-at-10.52.53-am-1-300x200.jpeg 300w, https:\/\/elpuucnoticias.com\/wp-content\/uploads\/2024\/06\/whatsapp-image-2024-06-10-at-10.52.53-am-1-768x512.jpeg 768w, https:\/\/elpuucnoticias.com\/wp-content\/uploads\/2024\/06\/whatsapp-image-2024-06-10-at-10.52.53-am-1-1536x1023.jpeg 1536w, https:\/\/elpuucnoticias.com\/wp-content\/uploads\/2024\/06\/whatsapp-image-2024-06-10-at-10.52.53-am-1-600x400.jpeg 600w, https:\/\/elpuucnoticias.com\/wp-content\/uploads\/2024\/06\/whatsapp-image-2024-06-10-at-10.52.53-am-1-320x213.jpeg 320w, https:\/\/elpuucnoticias.com\/wp-content\/uploads\/2024\/06\/whatsapp-image-2024-06-10-at-10.52.53-am-1.jpeg 1600w\" sizes=\"auto, (max-width: 1024px) 100vw, 1024px\" \/><\/figure>\n\n\n\n<figure class=\"wp-block-image size-large is-style-default\"><img loading=\"lazy\" decoding=\"async\" width=\"1024\" height=\"682\" data-id=\"13238\" src=\"https:\/\/elpuucnoticias.com\/wp-content\/uploads\/2024\/06\/whatsapp-image-2024-06-10-at-10.52.53-am-3-1024x682.jpeg\" alt=\"\" class=\"wp-image-13238\" srcset=\"https:\/\/elpuucnoticias.com\/wp-content\/uploads\/2024\/06\/whatsapp-image-2024-06-10-at-10.52.53-am-3-1024x682.jpeg 1024w, https:\/\/elpuucnoticias.com\/wp-content\/uploads\/2024\/06\/whatsapp-image-2024-06-10-at-10.52.53-am-3-300x200.jpeg 300w, https:\/\/elpuucnoticias.com\/wp-content\/uploads\/2024\/06\/whatsapp-image-2024-06-10-at-10.52.53-am-3-768x512.jpeg 768w, https:\/\/elpuucnoticias.com\/wp-content\/uploads\/2024\/06\/whatsapp-image-2024-06-10-at-10.52.53-am-3-1536x1023.jpeg 1536w, https:\/\/elpuucnoticias.com\/wp-content\/uploads\/2024\/06\/whatsapp-image-2024-06-10-at-10.52.53-am-3-600x400.jpeg 600w, https:\/\/elpuucnoticias.com\/wp-content\/uploads\/2024\/06\/whatsapp-image-2024-06-10-at-10.52.53-am-3-320x213.jpeg 320w, https:\/\/elpuucnoticias.com\/wp-content\/uploads\/2024\/06\/whatsapp-image-2024-06-10-at-10.52.53-am-3.jpeg 1600w\" sizes=\"auto, (max-width: 1024px) 100vw, 1024px\" \/><\/figure>\n<\/figure>\n\n\n\n<p>La Gobernadora record\u00f3 que, tras dos a\u00f1os de esfuerzos, de acomodar agendas y coordinar esfuerzos, se logr\u00f3 retomar estas jornadas de cirug\u00edas de innovador m\u00e9todo que ayuda a los pacientes a reducir significativamente la rigidez y los espasmos musculares, les da mayor rango de movimiento y mejor calidad de vida. En muchos casos se gana independencia y, potencialmente, la capacidad de caminar.<\/p>\n\n\n\n<p>Destac\u00f3 que en el marco del Nuevo Acuerdo por el Bienestar y Desarrollo de Quintana Roo el mejoramiento de la calidad de vida es primordial, pues en este gobierno humanista y progresista las personas est\u00e1n en el centro de las acciones.<\/p>\n\n\n\n<p>La jornada inici\u00f3 el pasado 27 de mayo y concluy\u00f3 el 1 de junio. Estas intervenciones son posibles con la colaboraci\u00f3n de la Fundaci\u00f3n para el Desarrollo Comunitario MGAS A.C., el Sistema DIF Quintana Roo y la Secretar\u00eda Estatal de Salud. Y desde luego con el equipo m\u00e9dico-quir\u00fargico de la Federaci\u00f3n Rusa.<\/p>\n\n\n\n<p>A nombre del pueblo de Quintana Roo y con la presencia de Mari Rouss Villegas Balmori, representante legal de la Fundaci\u00f3n MGAS, Mara Lezama agradeci\u00f3 al equipo m\u00e9dico de la federaci\u00f3n Rusa, a su especialista en traumatolog\u00eda y ortopedia, al traductor, enfermera, la anestesi\u00f3loga pediatra \u2013quien por cierto es mexicana- por su generoso esfuerzo para ayudar a esta noble causa a favor de ni\u00f1as y ni\u00f1os en situaci\u00f3n de pobreza, marginaci\u00f3n y padecimientos neurol\u00f3gicos.<\/p>\n\n\n\n<p>Acompa\u00f1aron a la gobernadora Mara Lezama el secretario estatal de Salud Flavio Carlos Rosado y el director general del hospital \u201cJes\u00fas Kumate Rodr\u00edguez\u201d, Miguel \u00c1ngel Garc\u00eda Albarr\u00e1n.<\/p>\n","protected":false},"excerpt":{"rendered":"<p>Un total de 43 ni\u00f1as y ni\u00f1os de Bacalar, Oth\u00f3n P. Blanco, Benito Ju\u00e1rez, Felipe Carrillo Puerto, Tulum,<\/p>\n","protected":false},"author":1,"featured_media":13240,"comment_status":"closed","ping_status":"open","sticky":false,"template":"","format":"standard","meta":{"_monsterinsights_skip_tracking":false,"_monsterinsights_sitenote_active":false,"_monsterinsights_sitenote_note":"","_monsterinsights_sitenote_category":0,"footnotes":""},"categories":[11,24],"tags":[],"class_list":["post-13236","post","type-post","status-publish","format-standard","has-post-thumbnail","hentry","category-noticias","category-quintana-roo"],"yoast_head":"<!-- This site is optimized with the Yoast SEO plugin v18.3 - https:\/\/yoast.com\/wordpress\/plugins\/seo\/ -->\n<title>Mejoran la calidad de vida de 43 ni\u00f1as y ni\u00f1os con par\u00e1lisis cerebral - El Puuc Noticias<\/title>\n<meta name=\"robots\" content=\"index, follow, max-snippet:-1, max-image-preview:large, max-video-preview:-1\" \/>\n<link rel=\"canonical\" href=\"https:\/\/elpuucnoticias.com\/?p=13236\" \/>\n<meta property=\"og:locale\" content=\"es_ES\" \/>\n<meta property=\"og:type\" content=\"article\" \/>\n<meta property=\"og:title\" content=\"Mejoran la calidad de vida de 43 ni\u00f1as y ni\u00f1os con par\u00e1lisis cerebral - El Puuc Noticias\" \/>\n<meta property=\"og:description\" content=\"Un total de 43 ni\u00f1as y ni\u00f1os de Bacalar, Oth\u00f3n P. Blanco, Benito Ju\u00e1rez, Felipe Carrillo Puerto, Tulum,\" \/>\n<meta property=\"og:url\" content=\"https:\/\/elpuucnoticias.com\/?p=13236\" \/>\n<meta property=\"og:site_name\" content=\"El Puuc Noticias\" \/>\n<meta property=\"article:published_time\" content=\"2024-06-10T17:01:23+00:00\" \/>\n<meta property=\"article:modified_time\" content=\"2024-06-10T17:01:24+00:00\" \/>\n<meta property=\"og:image\" content=\"https:\/\/elpuucnoticias.com\/wp-content\/uploads\/2024\/06\/whatsapp-image-2024-06-10-at-10.52.53-am.jpeg\" \/>\n\t<meta property=\"og:image:width\" content=\"1600\" \/>\n\t<meta property=\"og:image:height\" content=\"1066\" \/>\n\t<meta property=\"og:image:type\" content=\"image\/jpeg\" \/>\n<meta name=\"twitter:card\" content=\"summary_large_image\" \/>\n<meta name=\"twitter:label1\" content=\"Escrito por\" \/>\n\t<meta name=\"twitter:data1\" content=\"elpuucnoticias\" \/>\n\t<meta name=\"twitter:label2\" content=\"Tiempo de lectura\" \/>\n\t<meta name=\"twitter:data2\" content=\"3 minutos\" \/>\n<script type=\"application\/ld+json\" class=\"yoast-schema-graph\">{\"@context\":\"https:\/\/schema.org\",\"@graph\":[{\"@type\":\"WebSite\",\"@id\":\"https:\/\/elpuucnoticias.com\/#website\",\"url\":\"https:\/\/elpuucnoticias.com\/\",\"name\":\"El Puuc Noticias\",\"description\":\"Noticias - Entretenimiento - Deportes\",\"potentialAction\":[{\"@type\":\"SearchAction\",\"target\":{\"@type\":\"EntryPoint\",\"urlTemplate\":\"https:\/\/elpuucnoticias.com\/?s={search_term_string}\"},\"query-input\":\"required name=search_term_string\"}],\"inLanguage\":\"es\"},{\"@type\":\"ImageObject\",\"@id\":\"https:\/\/elpuucnoticias.com\/?p=13236#primaryimage\",\"inLanguage\":\"es\",\"url\":\"https:\/\/elpuucnoticias.com\/wp-content\/uploads\/2024\/06\/whatsapp-image-2024-06-10-at-10.52.53-am.jpeg\",\"contentUrl\":\"https:\/\/elpuucnoticias.com\/wp-content\/uploads\/2024\/06\/whatsapp-image-2024-06-10-at-10.52.53-am.jpeg\",\"width\":1600,\"height\":1066},{\"@type\":\"WebPage\",\"@id\":\"https:\/\/elpuucnoticias.com\/?p=13236#webpage\",\"url\":\"https:\/\/elpuucnoticias.com\/?p=13236\",\"name\":\"Mejoran la calidad de vida de 43 ni\u00f1as y ni\u00f1os con par\u00e1lisis cerebral - El Puuc Noticias\",\"isPartOf\":{\"@id\":\"https:\/\/elpuucnoticias.com\/#website\"},\"primaryImageOfPage\":{\"@id\":\"https:\/\/elpuucnoticias.com\/?p=13236#primaryimage\"},\"datePublished\":\"2024-06-10T17:01:23+00:00\",\"dateModified\":\"2024-06-10T17:01:24+00:00\",\"author\":{\"@id\":\"https:\/\/elpuucnoticias.com\/#\/schema\/person\/d2ea09e4c97f0160b11cdfb1d856bd9e\"},\"breadcrumb\":{\"@id\":\"https:\/\/elpuucnoticias.com\/?p=13236#breadcrumb\"},\"inLanguage\":\"es\",\"potentialAction\":[{\"@type\":\"ReadAction\",\"target\":[\"https:\/\/elpuucnoticias.com\/?p=13236\"]}]},{\"@type\":\"BreadcrumbList\",\"@id\":\"https:\/\/elpuucnoticias.com\/?p=13236#breadcrumb\",\"itemListElement\":[{\"@type\":\"ListItem\",\"position\":1,\"name\":\"Portada\",\"item\":\"https:\/\/elpuucnoticias.com\/\"},{\"@type\":\"ListItem\",\"position\":2,\"name\":\"Mejoran la calidad de vida de 43 ni\u00f1as y ni\u00f1os con par\u00e1lisis cerebral\"}]},{\"@type\":\"Person\",\"@id\":\"https:\/\/elpuucnoticias.com\/#\/schema\/person\/d2ea09e4c97f0160b11cdfb1d856bd9e\",\"name\":\"elpuucnoticias\",\"image\":{\"@type\":\"ImageObject\",\"@id\":\"https:\/\/elpuucnoticias.com\/#personlogo\",\"inLanguage\":\"es\",\"url\":\"https:\/\/secure.gravatar.com\/avatar\/5290a43657c74ffa15701dbe5b846bd85cc71930d803c84e91046a7333de6ce2?s=96&d=mm&r=g\",\"contentUrl\":\"https:\/\/secure.gravatar.com\/avatar\/5290a43657c74ffa15701dbe5b846bd85cc71930d803c84e91046a7333de6ce2?s=96&d=mm&r=g\",\"caption\":\"elpuucnoticias\"},\"sameAs\":[\"https:\/\/elpuucnoticias.com\"],\"url\":\"https:\/\/elpuucnoticias.com\/?author=1\"}]}<\/script>\n<!-- \/ Yoast SEO plugin. -->","yoast_head_json":{"title":"Mejoran la calidad de vida de 43 ni\u00f1as y ni\u00f1os con par\u00e1lisis cerebral - El Puuc Noticias","robots":{"index":"index","follow":"follow","max-snippet":"max-snippet:-1","max-image-preview":"max-image-preview:large","max-video-preview":"max-video-preview:-1"},"canonical":"https:\/\/elpuucnoticias.com\/?p=13236","og_locale":"es_ES","og_type":"article","og_title":"Mejoran la calidad de vida de 43 ni\u00f1as y ni\u00f1os con par\u00e1lisis cerebral - El Puuc Noticias","og_description":"Un total de 43 ni\u00f1as y ni\u00f1os de Bacalar, Oth\u00f3n P. Blanco, Benito Ju\u00e1rez, Felipe Carrillo Puerto, Tulum,","og_url":"https:\/\/elpuucnoticias.com\/?p=13236","og_site_name":"El Puuc Noticias","article_published_time":"2024-06-10T17:01:23+00:00","article_modified_time":"2024-06-10T17:01:24+00:00","og_image":[{"width":1600,"height":1066,"url":"https:\/\/elpuucnoticias.com\/wp-content\/uploads\/2024\/06\/whatsapp-image-2024-06-10-at-10.52.53-am.jpeg","type":"image\/jpeg"}],"twitter_card":"summary_large_image","twitter_misc":{"Escrito por":"elpuucnoticias","Tiempo de lectura":"3 minutos"},"schema":{"@context":"https:\/\/schema.org","@graph":[{"@type":"WebSite","@id":"https:\/\/elpuucnoticias.com\/#website","url":"https:\/\/elpuucnoticias.com\/","name":"El Puuc Noticias","description":"Noticias - Entretenimiento - Deportes","potentialAction":[{"@type":"SearchAction","target":{"@type":"EntryPoint","urlTemplate":"https:\/\/elpuucnoticias.com\/?s={search_term_string}"},"query-input":"required name=search_term_string"}],"inLanguage":"es"},{"@type":"ImageObject","@id":"https:\/\/elpuucnoticias.com\/?p=13236#primaryimage","inLanguage":"es","url":"https:\/\/elpuucnoticias.com\/wp-content\/uploads\/2024\/06\/whatsapp-image-2024-06-10-at-10.52.53-am.jpeg","contentUrl":"https:\/\/elpuucnoticias.com\/wp-content\/uploads\/2024\/06\/whatsapp-image-2024-06-10-at-10.52.53-am.jpeg","width":1600,"height":1066},{"@type":"WebPage","@id":"https:\/\/elpuucnoticias.com\/?p=13236#webpage","url":"https:\/\/elpuucnoticias.com\/?p=13236","name":"Mejoran la calidad de vida de 43 ni\u00f1as y ni\u00f1os con par\u00e1lisis cerebral - El Puuc Noticias","isPartOf":{"@id":"https:\/\/elpuucnoticias.com\/#website"},"primaryImageOfPage":{"@id":"https:\/\/elpuucnoticias.com\/?p=13236#primaryimage"},"datePublished":"2024-06-10T17:01:23+00:00","dateModified":"2024-06-10T17:01:24+00:00","author":{"@id":"https:\/\/elpuucnoticias.com\/#\/schema\/person\/d2ea09e4c97f0160b11cdfb1d856bd9e"},"breadcrumb":{"@id":"https:\/\/elpuucnoticias.com\/?p=13236#breadcrumb"},"inLanguage":"es","potentialAction":[{"@type":"ReadAction","target":["https:\/\/elpuucnoticias.com\/?p=13236"]}]},{"@type":"BreadcrumbList","@id":"https:\/\/elpuucnoticias.com\/?p=13236#breadcrumb","itemListElement":[{"@type":"ListItem","position":1,"name":"Portada","item":"https:\/\/elpuucnoticias.com\/"},{"@type":"ListItem","position":2,"name":"Mejoran la calidad de vida de 43 ni\u00f1as y ni\u00f1os con par\u00e1lisis cerebral"}]},{"@type":"Person","@id":"https:\/\/elpuucnoticias.com\/#\/schema\/person\/d2ea09e4c97f0160b11cdfb1d856bd9e","name":"elpuucnoticias","image":{"@type":"ImageObject","@id":"https:\/\/elpuucnoticias.com\/#personlogo","inLanguage":"es","url":"https:\/\/secure.gravatar.com\/avatar\/5290a43657c74ffa15701dbe5b846bd85cc71930d803c84e91046a7333de6ce2?s=96&d=mm&r=g","contentUrl":"https:\/\/secure.gravatar.com\/avatar\/5290a43657c74ffa15701dbe5b846bd85cc71930d803c84e91046a7333de6ce2?s=96&d=mm&r=g","caption":"elpuucnoticias"},"sameAs":["https:\/\/elpuucnoticias.com"],"url":"https:\/\/elpuucnoticias.com\/?author=1"}]}},"_links":{"self":[{"href":"https:\/\/elpuucnoticias.com\/index.php?rest_route=\/wp\/v2\/posts\/13236","targetHints":{"allow":["GET"]}}],"collection":[{"href":"https:\/\/elpuucnoticias.com\/index.php?rest_route=\/wp\/v2\/posts"}],"about":[{"href":"https:\/\/elpuucnoticias.com\/index.php?rest_route=\/wp\/v2\/types\/post"}],"author":[{"embeddable":true,"href":"https:\/\/elpuucnoticias.com\/index.php?rest_route=\/wp\/v2\/users\/1"}],"replies":[{"embeddable":true,"href":"https:\/\/elpuucnoticias.com\/index.php?rest_route=%2Fwp%2Fv2%2Fcomments&post=13236"}],"version-history":[{"count":1,"href":"https:\/\/elpuucnoticias.com\/index.php?rest_route=\/wp\/v2\/posts\/13236\/revisions"}],"predecessor-version":[{"id":13241,"href":"https:\/\/elpuucnoticias.com\/index.php?rest_route=\/wp\/v2\/posts\/13236\/revisions\/13241"}],"wp:featuredmedia":[{"embeddable":true,"href":"https:\/\/elpuucnoticias.com\/index.php?rest_route=\/wp\/v2\/media\/13240"}],"wp:attachment":[{"href":"https:\/\/elpuucnoticias.com\/index.php?rest_route=%2Fwp%2Fv2%2Fmedia&parent=13236"}],"wp:term":[{"taxonomy":"category","embeddable":true,"href":"https:\/\/elpuucnoticias.com\/index.php?rest_route=%2Fwp%2Fv2%2Fcategories&post=13236"},{"taxonomy":"post_tag","embeddable":true,"href":"https:\/\/elpuucnoticias.com\/index.php?rest_route=%2Fwp%2Fv2%2Ftags&post=13236"}],"curies":[{"name":"wp","href":"https:\/\/api.w.org\/{rel}","templated":true}]}}