{"id":13248,"date":"2024-06-10T11:13:03","date_gmt":"2024-06-10T17:13:03","guid":{"rendered":"https:\/\/elpuucnoticias.com\/?p=13248"},"modified":"2024-06-10T11:13:04","modified_gmt":"2024-06-10T17:13:04","slug":"la-fundacion-de-parque-y-museos-de-cozumel-inaugura-la-exposicion-fotografica-contraste-biocultural","status":"publish","type":"post","link":"https:\/\/elpuucnoticias.com\/?p=13248","title":{"rendered":"La Fundaci\u00f3n de Parque y Museos de Cozumel, inaugura la exposici\u00f3n fotogr\u00e1fica \u00abContraste Biocultural"},"content":{"rendered":"\n<figure class=\"wp-block-gallery has-nested-images columns-default is-cropped wp-block-gallery-1 is-layout-flex wp-block-gallery-is-layout-flex\">\n<figure class=\"wp-block-image size-large is-style-default\"><img loading=\"lazy\" decoding=\"async\" width=\"1024\" height=\"682\" data-id=\"13250\" src=\"https:\/\/elpuucnoticias.com\/wp-content\/uploads\/2024\/06\/whatsapp-image-2024-06-10-at-10.52.57-am-1-1024x682.jpeg\" alt=\"\" class=\"wp-image-13250\" srcset=\"https:\/\/elpuucnoticias.com\/wp-content\/uploads\/2024\/06\/whatsapp-image-2024-06-10-at-10.52.57-am-1-1024x682.jpeg 1024w, https:\/\/elpuucnoticias.com\/wp-content\/uploads\/2024\/06\/whatsapp-image-2024-06-10-at-10.52.57-am-1-300x200.jpeg 300w, https:\/\/elpuucnoticias.com\/wp-content\/uploads\/2024\/06\/whatsapp-image-2024-06-10-at-10.52.57-am-1-768x512.jpeg 768w, https:\/\/elpuucnoticias.com\/wp-content\/uploads\/2024\/06\/whatsapp-image-2024-06-10-at-10.52.57-am-1-600x400.jpeg 600w, https:\/\/elpuucnoticias.com\/wp-content\/uploads\/2024\/06\/whatsapp-image-2024-06-10-at-10.52.57-am-1-320x213.jpeg 320w, https:\/\/elpuucnoticias.com\/wp-content\/uploads\/2024\/06\/whatsapp-image-2024-06-10-at-10.52.57-am-1.jpeg 1280w\" sizes=\"auto, (max-width: 1024px) 100vw, 1024px\" \/><\/figure>\n\n\n\n<figure class=\"wp-block-image size-large is-style-default\"><img loading=\"lazy\" decoding=\"async\" width=\"1024\" height=\"578\" data-id=\"13251\" src=\"https:\/\/elpuucnoticias.com\/wp-content\/uploads\/2024\/06\/whatsapp-image-2024-06-10-at-10.52.56-am-1024x578.jpeg\" alt=\"\" class=\"wp-image-13251\" srcset=\"https:\/\/elpuucnoticias.com\/wp-content\/uploads\/2024\/06\/whatsapp-image-2024-06-10-at-10.52.56-am-1024x578.jpeg 1024w, https:\/\/elpuucnoticias.com\/wp-content\/uploads\/2024\/06\/whatsapp-image-2024-06-10-at-10.52.56-am-300x169.jpeg 300w, https:\/\/elpuucnoticias.com\/wp-content\/uploads\/2024\/06\/whatsapp-image-2024-06-10-at-10.52.56-am-768x434.jpeg 768w, https:\/\/elpuucnoticias.com\/wp-content\/uploads\/2024\/06\/whatsapp-image-2024-06-10-at-10.52.56-am-320x181.jpeg 320w, https:\/\/elpuucnoticias.com\/wp-content\/uploads\/2024\/06\/whatsapp-image-2024-06-10-at-10.52.56-am.jpeg 1280w\" sizes=\"auto, (max-width: 1024px) 100vw, 1024px\" \/><\/figure>\n\n\n\n<figure class=\"wp-block-image size-large is-style-default\"><img loading=\"lazy\" decoding=\"async\" width=\"1024\" height=\"590\" data-id=\"13249\" src=\"https:\/\/elpuucnoticias.com\/wp-content\/uploads\/2024\/06\/whatsapp-image-2024-06-10-at-10.52.58-am-1024x590.jpeg\" alt=\"\" class=\"wp-image-13249\" srcset=\"https:\/\/elpuucnoticias.com\/wp-content\/uploads\/2024\/06\/whatsapp-image-2024-06-10-at-10.52.58-am-1024x590.jpeg 1024w, https:\/\/elpuucnoticias.com\/wp-content\/uploads\/2024\/06\/whatsapp-image-2024-06-10-at-10.52.58-am-300x173.jpeg 300w, https:\/\/elpuucnoticias.com\/wp-content\/uploads\/2024\/06\/whatsapp-image-2024-06-10-at-10.52.58-am-768x443.jpeg 768w, https:\/\/elpuucnoticias.com\/wp-content\/uploads\/2024\/06\/whatsapp-image-2024-06-10-at-10.52.58-am-320x185.jpeg 320w, https:\/\/elpuucnoticias.com\/wp-content\/uploads\/2024\/06\/whatsapp-image-2024-06-10-at-10.52.58-am.jpeg 1280w\" sizes=\"auto, (max-width: 1024px) 100vw, 1024px\" \/><\/figure>\n<\/figure>\n\n\n\n<p>En el marco del D\u00eda Mundial del Medio Ambiente, la Fundaci\u00f3n de Parques y Museos de Cozumel (FPMC) inaugur\u00f3 la exposici\u00f3n fotogr\u00e1fica \u00abContraste Biocultural\u00bb, muestra que re\u00fane en el Museo de la Isla, las obras de los fot\u00f3grafos de naturaleza Yatie Garc\u00eda, H\u00e9ctor Gonz\u00e1lez y Jes\u00fas Benavides. La exhibici\u00f3n destaca las maravillas naturales y culturales de la regi\u00f3n, se presenta como una herramienta esencial para la sensibilizaci\u00f3n y el cuidado del medio ambiente.<br>&nbsp;<br>El director general de la FPMC, Alejandro March\u00e1n Pay\u00e1n, subray\u00f3 que para la gobernadora de Quintana Roo, Mara Lezama Espinosa, es primordial facilitar espacios para la promoci\u00f3n del talento local y las diversas manifestaciones art\u00edsticas, como estipula el Nuevo Acuerdo por el Bienestar y Desarrollo de Quintana Roo, para dar visibilidad a la riqueza natural y fomentar una cultura de conservaci\u00f3n entre la comunidad.<br>&nbsp;<br>Felicit\u00f3 a la y los expositores por su trabajo y subray\u00f3 la importancia de la fotograf\u00eda, como medio para dar a conocer y preservar el entorno natural. \u00abS\u00f3lo aquello que se conoce se cuida\u00bb, expres\u00f3 March\u00e1n Pay\u00e1n, invitando a toda la poblaci\u00f3n a recorrer la exposici\u00f3n y aprovech\u00f3 la oportunidad para instar a la comunidad a involucrarse en los programas de conservaci\u00f3n y restauraci\u00f3n ambiental que encabeza la FPMC.<br>&nbsp;<br>La exposici\u00f3n \u00abContraste Biocultural\u00bb ofrece una perspectiva \u00fanica sobre la biodiversidad y las tradiciones culturales de Cozumel y del estado de Quintana Roo, a trav\u00e9s de las lentes de Garc\u00eda, Gonz\u00e1lez y Benavides, permitiendo a los visitantes poder apreciar la diversidad y la belleza de la entidad, promoviendo as\u00ed una mayor conciencia y responsabilidad hacia el medio ambiente.<br>&nbsp;<br>La muestra estar\u00e1 abierta al p\u00fablico hasta finales del mes de julio, y se espera que contribuya significativamente a la educaci\u00f3n y la sensibilizaci\u00f3n ambiental de los visitantes. De esta manera la FPMC contin\u00faa trabajando para preservar el patrimonio natural y cultural de Cozumel, recordando que cada esfuerzo cuenta en la protecci\u00f3n de nuestro planeta.<\/p>\n\n\n\n<p><\/p>\n","protected":false},"excerpt":{"rendered":"<p>En el marco del D\u00eda Mundial del Medio Ambiente, la Fundaci\u00f3n de Parques y Museos de Cozumel (FPMC)<\/p>\n","protected":false},"author":1,"featured_media":13252,"comment_status":"closed","ping_status":"open","sticky":false,"template":"","format":"standard","meta":{"_monsterinsights_skip_tracking":false,"_monsterinsights_sitenote_active":false,"_monsterinsights_sitenote_note":"","_monsterinsights_sitenote_category":0,"footnotes":""},"categories":[11,24],"tags":[],"class_list":["post-13248","post","type-post","status-publish","format-standard","has-post-thumbnail","hentry","category-noticias","category-quintana-roo"],"yoast_head":"<!-- This site is optimized with the Yoast SEO plugin v18.3 - https:\/\/yoast.com\/wordpress\/plugins\/seo\/ -->\n<title>La Fundaci\u00f3n de Parque y Museos de Cozumel, inaugura la exposici\u00f3n fotogr\u00e1fica &quot;Contraste Biocultural - El Puuc Noticias<\/title>\n<meta name=\"robots\" content=\"index, follow, max-snippet:-1, max-image-preview:large, max-video-preview:-1\" \/>\n<link rel=\"canonical\" href=\"https:\/\/elpuucnoticias.com\/?p=13248\" \/>\n<meta property=\"og:locale\" content=\"es_ES\" \/>\n<meta property=\"og:type\" content=\"article\" \/>\n<meta property=\"og:title\" content=\"La Fundaci\u00f3n de Parque y Museos de Cozumel, inaugura la exposici\u00f3n fotogr\u00e1fica &quot;Contraste Biocultural - El Puuc Noticias\" \/>\n<meta property=\"og:description\" content=\"En el marco del D\u00eda Mundial del Medio Ambiente, la Fundaci\u00f3n de Parques y Museos de Cozumel (FPMC)\" \/>\n<meta property=\"og:url\" content=\"https:\/\/elpuucnoticias.com\/?p=13248\" \/>\n<meta property=\"og:site_name\" content=\"El Puuc Noticias\" \/>\n<meta property=\"article:published_time\" content=\"2024-06-10T17:13:03+00:00\" \/>\n<meta property=\"article:modified_time\" content=\"2024-06-10T17:13:04+00:00\" \/>\n<meta property=\"og:image\" content=\"https:\/\/elpuucnoticias.com\/wp-content\/uploads\/2024\/06\/whatsapp-image-2024-06-10-at-10.52.56-am-1.jpeg\" \/>\n\t<meta property=\"og:image:width\" content=\"1280\" \/>\n\t<meta property=\"og:image:height\" content=\"853\" \/>\n\t<meta property=\"og:image:type\" content=\"image\/jpeg\" \/>\n<meta name=\"twitter:card\" content=\"summary_large_image\" \/>\n<meta name=\"twitter:label1\" content=\"Escrito por\" \/>\n\t<meta name=\"twitter:data1\" content=\"elpuucnoticias\" \/>\n\t<meta name=\"twitter:label2\" content=\"Tiempo de lectura\" \/>\n\t<meta name=\"twitter:data2\" content=\"3 minutos\" \/>\n<script type=\"application\/ld+json\" class=\"yoast-schema-graph\">{\"@context\":\"https:\/\/schema.org\",\"@graph\":[{\"@type\":\"WebSite\",\"@id\":\"https:\/\/elpuucnoticias.com\/#website\",\"url\":\"https:\/\/elpuucnoticias.com\/\",\"name\":\"El Puuc Noticias\",\"description\":\"Noticias - Entretenimiento - Deportes\",\"potentialAction\":[{\"@type\":\"SearchAction\",\"target\":{\"@type\":\"EntryPoint\",\"urlTemplate\":\"https:\/\/elpuucnoticias.com\/?s={search_term_string}\"},\"query-input\":\"required name=search_term_string\"}],\"inLanguage\":\"es\"},{\"@type\":\"ImageObject\",\"@id\":\"https:\/\/elpuucnoticias.com\/?p=13248#primaryimage\",\"inLanguage\":\"es\",\"url\":\"https:\/\/elpuucnoticias.com\/wp-content\/uploads\/2024\/06\/whatsapp-image-2024-06-10-at-10.52.56-am-1.jpeg\",\"contentUrl\":\"https:\/\/elpuucnoticias.com\/wp-content\/uploads\/2024\/06\/whatsapp-image-2024-06-10-at-10.52.56-am-1.jpeg\",\"width\":1280,\"height\":853},{\"@type\":\"WebPage\",\"@id\":\"https:\/\/elpuucnoticias.com\/?p=13248#webpage\",\"url\":\"https:\/\/elpuucnoticias.com\/?p=13248\",\"name\":\"La Fundaci\u00f3n de Parque y Museos de Cozumel, inaugura la exposici\u00f3n fotogr\u00e1fica \\\"Contraste Biocultural - El Puuc Noticias\",\"isPartOf\":{\"@id\":\"https:\/\/elpuucnoticias.com\/#website\"},\"primaryImageOfPage\":{\"@id\":\"https:\/\/elpuucnoticias.com\/?p=13248#primaryimage\"},\"datePublished\":\"2024-06-10T17:13:03+00:00\",\"dateModified\":\"2024-06-10T17:13:04+00:00\",\"author\":{\"@id\":\"https:\/\/elpuucnoticias.com\/#\/schema\/person\/d2ea09e4c97f0160b11cdfb1d856bd9e\"},\"breadcrumb\":{\"@id\":\"https:\/\/elpuucnoticias.com\/?p=13248#breadcrumb\"},\"inLanguage\":\"es\",\"potentialAction\":[{\"@type\":\"ReadAction\",\"target\":[\"https:\/\/elpuucnoticias.com\/?p=13248\"]}]},{\"@type\":\"BreadcrumbList\",\"@id\":\"https:\/\/elpuucnoticias.com\/?p=13248#breadcrumb\",\"itemListElement\":[{\"@type\":\"ListItem\",\"position\":1,\"name\":\"Portada\",\"item\":\"https:\/\/elpuucnoticias.com\/\"},{\"@type\":\"ListItem\",\"position\":2,\"name\":\"La Fundaci\u00f3n de Parque y Museos de Cozumel, inaugura la exposici\u00f3n fotogr\u00e1fica &#8220;Contraste Biocultural\"}]},{\"@type\":\"Person\",\"@id\":\"https:\/\/elpuucnoticias.com\/#\/schema\/person\/d2ea09e4c97f0160b11cdfb1d856bd9e\",\"name\":\"elpuucnoticias\",\"image\":{\"@type\":\"ImageObject\",\"@id\":\"https:\/\/elpuucnoticias.com\/#personlogo\",\"inLanguage\":\"es\",\"url\":\"https:\/\/secure.gravatar.com\/avatar\/5290a43657c74ffa15701dbe5b846bd85cc71930d803c84e91046a7333de6ce2?s=96&d=mm&r=g\",\"contentUrl\":\"https:\/\/secure.gravatar.com\/avatar\/5290a43657c74ffa15701dbe5b846bd85cc71930d803c84e91046a7333de6ce2?s=96&d=mm&r=g\",\"caption\":\"elpuucnoticias\"},\"sameAs\":[\"https:\/\/elpuucnoticias.com\"],\"url\":\"https:\/\/elpuucnoticias.com\/?author=1\"}]}<\/script>\n<!-- \/ Yoast SEO plugin. -->","yoast_head_json":{"title":"La Fundaci\u00f3n de Parque y Museos de Cozumel, inaugura la exposici\u00f3n fotogr\u00e1fica \"Contraste Biocultural - El Puuc Noticias","robots":{"index":"index","follow":"follow","max-snippet":"max-snippet:-1","max-image-preview":"max-image-preview:large","max-video-preview":"max-video-preview:-1"},"canonical":"https:\/\/elpuucnoticias.com\/?p=13248","og_locale":"es_ES","og_type":"article","og_title":"La Fundaci\u00f3n de Parque y Museos de Cozumel, inaugura la exposici\u00f3n fotogr\u00e1fica \"Contraste Biocultural - El Puuc Noticias","og_description":"En el marco del D\u00eda Mundial del Medio Ambiente, la Fundaci\u00f3n de Parques y Museos de Cozumel (FPMC)","og_url":"https:\/\/elpuucnoticias.com\/?p=13248","og_site_name":"El Puuc Noticias","article_published_time":"2024-06-10T17:13:03+00:00","article_modified_time":"2024-06-10T17:13:04+00:00","og_image":[{"width":1280,"height":853,"url":"https:\/\/elpuucnoticias.com\/wp-content\/uploads\/2024\/06\/whatsapp-image-2024-06-10-at-10.52.56-am-1.jpeg","type":"image\/jpeg"}],"twitter_card":"summary_large_image","twitter_misc":{"Escrito por":"elpuucnoticias","Tiempo de lectura":"3 minutos"},"schema":{"@context":"https:\/\/schema.org","@graph":[{"@type":"WebSite","@id":"https:\/\/elpuucnoticias.com\/#website","url":"https:\/\/elpuucnoticias.com\/","name":"El Puuc Noticias","description":"Noticias - Entretenimiento - Deportes","potentialAction":[{"@type":"SearchAction","target":{"@type":"EntryPoint","urlTemplate":"https:\/\/elpuucnoticias.com\/?s={search_term_string}"},"query-input":"required name=search_term_string"}],"inLanguage":"es"},{"@type":"ImageObject","@id":"https:\/\/elpuucnoticias.com\/?p=13248#primaryimage","inLanguage":"es","url":"https:\/\/elpuucnoticias.com\/wp-content\/uploads\/2024\/06\/whatsapp-image-2024-06-10-at-10.52.56-am-1.jpeg","contentUrl":"https:\/\/elpuucnoticias.com\/wp-content\/uploads\/2024\/06\/whatsapp-image-2024-06-10-at-10.52.56-am-1.jpeg","width":1280,"height":853},{"@type":"WebPage","@id":"https:\/\/elpuucnoticias.com\/?p=13248#webpage","url":"https:\/\/elpuucnoticias.com\/?p=13248","name":"La Fundaci\u00f3n de Parque y Museos de Cozumel, inaugura la exposici\u00f3n fotogr\u00e1fica \"Contraste Biocultural - El Puuc Noticias","isPartOf":{"@id":"https:\/\/elpuucnoticias.com\/#website"},"primaryImageOfPage":{"@id":"https:\/\/elpuucnoticias.com\/?p=13248#primaryimage"},"datePublished":"2024-06-10T17:13:03+00:00","dateModified":"2024-06-10T17:13:04+00:00","author":{"@id":"https:\/\/elpuucnoticias.com\/#\/schema\/person\/d2ea09e4c97f0160b11cdfb1d856bd9e"},"breadcrumb":{"@id":"https:\/\/elpuucnoticias.com\/?p=13248#breadcrumb"},"inLanguage":"es","potentialAction":[{"@type":"ReadAction","target":["https:\/\/elpuucnoticias.com\/?p=13248"]}]},{"@type":"BreadcrumbList","@id":"https:\/\/elpuucnoticias.com\/?p=13248#breadcrumb","itemListElement":[{"@type":"ListItem","position":1,"name":"Portada","item":"https:\/\/elpuucnoticias.com\/"},{"@type":"ListItem","position":2,"name":"La Fundaci\u00f3n de Parque y Museos de Cozumel, inaugura la exposici\u00f3n fotogr\u00e1fica &#8220;Contraste Biocultural"}]},{"@type":"Person","@id":"https:\/\/elpuucnoticias.com\/#\/schema\/person\/d2ea09e4c97f0160b11cdfb1d856bd9e","name":"elpuucnoticias","image":{"@type":"ImageObject","@id":"https:\/\/elpuucnoticias.com\/#personlogo","inLanguage":"es","url":"https:\/\/secure.gravatar.com\/avatar\/5290a43657c74ffa15701dbe5b846bd85cc71930d803c84e91046a7333de6ce2?s=96&d=mm&r=g","contentUrl":"https:\/\/secure.gravatar.com\/avatar\/5290a43657c74ffa15701dbe5b846bd85cc71930d803c84e91046a7333de6ce2?s=96&d=mm&r=g","caption":"elpuucnoticias"},"sameAs":["https:\/\/elpuucnoticias.com"],"url":"https:\/\/elpuucnoticias.com\/?author=1"}]}},"_links":{"self":[{"href":"https:\/\/elpuucnoticias.com\/index.php?rest_route=\/wp\/v2\/posts\/13248","targetHints":{"allow":["GET"]}}],"collection":[{"href":"https:\/\/elpuucnoticias.com\/index.php?rest_route=\/wp\/v2\/posts"}],"about":[{"href":"https:\/\/elpuucnoticias.com\/index.php?rest_route=\/wp\/v2\/types\/post"}],"author":[{"embeddable":true,"href":"https:\/\/elpuucnoticias.com\/index.php?rest_route=\/wp\/v2\/users\/1"}],"replies":[{"embeddable":true,"href":"https:\/\/elpuucnoticias.com\/index.php?rest_route=%2Fwp%2Fv2%2Fcomments&post=13248"}],"version-history":[{"count":1,"href":"https:\/\/elpuucnoticias.com\/index.php?rest_route=\/wp\/v2\/posts\/13248\/revisions"}],"predecessor-version":[{"id":13253,"href":"https:\/\/elpuucnoticias.com\/index.php?rest_route=\/wp\/v2\/posts\/13248\/revisions\/13253"}],"wp:featuredmedia":[{"embeddable":true,"href":"https:\/\/elpuucnoticias.com\/index.php?rest_route=\/wp\/v2\/media\/13252"}],"wp:attachment":[{"href":"https:\/\/elpuucnoticias.com\/index.php?rest_route=%2Fwp%2Fv2%2Fmedia&parent=13248"}],"wp:term":[{"taxonomy":"category","embeddable":true,"href":"https:\/\/elpuucnoticias.com\/index.php?rest_route=%2Fwp%2Fv2%2Fcategories&post=13248"},{"taxonomy":"post_tag","embeddable":true,"href":"https:\/\/elpuucnoticias.com\/index.php?rest_route=%2Fwp%2Fv2%2Ftags&post=13248"}],"curies":[{"name":"wp","href":"https:\/\/api.w.org\/{rel}","templated":true}]}}