{"id":13271,"date":"2024-06-10T11:46:33","date_gmt":"2024-06-10T17:46:33","guid":{"rendered":"https:\/\/elpuucnoticias.com\/?p=13271"},"modified":"2024-06-10T11:46:33","modified_gmt":"2024-06-10T17:46:33","slug":"en-ticul-se-realizo-la-inauguracion-de-la-exposicion-itinerante-denominada-el-quehacer-para-comer","status":"publish","type":"post","link":"https:\/\/elpuucnoticias.com\/?p=13271","title":{"rendered":"En Ticul se realiz\u00f3 la inauguraci\u00f3n  de la exposici\u00f3n itinerante denominada \u201cEl quehacer para comer\u201d"},"content":{"rendered":"\n<p>En d\u00edas pasados en Ticul  se realiz\u00f3 en la Galer\u00eda de Arte Juanita Canch\u00e9 de Manzanero la inauguraci\u00f3n de la exposici\u00f3n itinerante denominada \u201cEl quehacer para comer\u201d, en la ca\u00f1er\u00eda integrada por obras de pintura, dibujo y esculturas elaboradas por artistas emergentes, como parte del proyecto \u201cCultura para todos\u201d que gestiona la Secretaria de la Cultura y las Artes de Yucat\u00e1n en coordinaci\u00f3n con el H. Ayuntamiento de Ticul a trav\u00e9s de la Direcci\u00f3n de Cultura. <\/p>\n\n\n\n<figure class=\"wp-block-gallery has-nested-images columns-default is-cropped wp-block-gallery-1 is-layout-flex wp-block-gallery-is-layout-flex\">\n<figure class=\"wp-block-image size-large is-style-default\"><img loading=\"lazy\" decoding=\"async\" width=\"1024\" height=\"768\" data-id=\"13272\" src=\"https:\/\/elpuucnoticias.com\/wp-content\/uploads\/2024\/06\/ticul6-copia-1024x768.jpg\" alt=\"\" class=\"wp-image-13272\" srcset=\"https:\/\/elpuucnoticias.com\/wp-content\/uploads\/2024\/06\/ticul6-copia-1024x768.jpg 1024w, https:\/\/elpuucnoticias.com\/wp-content\/uploads\/2024\/06\/ticul6-copia-300x225.jpg 300w, https:\/\/elpuucnoticias.com\/wp-content\/uploads\/2024\/06\/ticul6-copia-768x576.jpg 768w, https:\/\/elpuucnoticias.com\/wp-content\/uploads\/2024\/06\/ticul6-copia-800x600.jpg 800w, https:\/\/elpuucnoticias.com\/wp-content\/uploads\/2024\/06\/ticul6-copia-320x240.jpg 320w, https:\/\/elpuucnoticias.com\/wp-content\/uploads\/2024\/06\/ticul6-copia.jpg 1156w\" sizes=\"auto, (max-width: 1024px) 100vw, 1024px\" \/><\/figure>\n\n\n\n<figure class=\"wp-block-image size-large is-style-default\"><img loading=\"lazy\" decoding=\"async\" width=\"1024\" height=\"768\" data-id=\"13273\" src=\"https:\/\/elpuucnoticias.com\/wp-content\/uploads\/2024\/06\/ticul8-1024x768.jpg\" alt=\"\" class=\"wp-image-13273\" srcset=\"https:\/\/elpuucnoticias.com\/wp-content\/uploads\/2024\/06\/ticul8-1024x768.jpg 1024w, https:\/\/elpuucnoticias.com\/wp-content\/uploads\/2024\/06\/ticul8-300x225.jpg 300w, https:\/\/elpuucnoticias.com\/wp-content\/uploads\/2024\/06\/ticul8-768x576.jpg 768w, https:\/\/elpuucnoticias.com\/wp-content\/uploads\/2024\/06\/ticul8-800x600.jpg 800w, https:\/\/elpuucnoticias.com\/wp-content\/uploads\/2024\/06\/ticul8-320x240.jpg 320w, https:\/\/elpuucnoticias.com\/wp-content\/uploads\/2024\/06\/ticul8.jpg 1156w\" sizes=\"auto, (max-width: 1024px) 100vw, 1024px\" \/><\/figure>\n<\/figure>\n\n\n\n<p>La colecci\u00f3n consta de 35 obras de pintura y dibujo, y de 10 esculturas de yeso.<\/p>\n\n\n\n<p>Participan infancias, juventudes y adultas de los municipios de Buctzotz, Calotmul, Cacalch\u00e9n, Timucuy, Quintana Roo, Tixkokob, Yaxkukul, Hocab\u00e1, Yaxcab\u00e1 y Sinanch\u00e9.<\/p>\n","protected":false},"excerpt":{"rendered":"<p>En d\u00edas pasados en Ticul se realiz\u00f3 en la Galer\u00eda de Arte Juanita Canch\u00e9 de Manzanero la inauguraci\u00f3n<\/p>\n","protected":false},"author":1,"featured_media":13274,"comment_status":"closed","ping_status":"open","sticky":false,"template":"","format":"standard","meta":{"_monsterinsights_skip_tracking":false,"_monsterinsights_sitenote_active":false,"_monsterinsights_sitenote_note":"","_monsterinsights_sitenote_category":0,"footnotes":""},"categories":[11,13],"tags":[],"class_list":["post-13271","post","type-post","status-publish","format-standard","has-post-thumbnail","hentry","category-noticias","category-ticul"],"yoast_head":"<!-- This site is optimized with the Yoast SEO plugin v18.3 - https:\/\/yoast.com\/wordpress\/plugins\/seo\/ -->\n<title>En Ticul se realiz\u00f3 la inauguraci\u00f3n de la exposici\u00f3n itinerante denominada \u201cEl quehacer para comer\u201d - El Puuc Noticias<\/title>\n<meta name=\"robots\" content=\"index, follow, max-snippet:-1, max-image-preview:large, max-video-preview:-1\" \/>\n<link rel=\"canonical\" href=\"https:\/\/elpuucnoticias.com\/?p=13271\" \/>\n<meta property=\"og:locale\" content=\"es_ES\" \/>\n<meta property=\"og:type\" content=\"article\" \/>\n<meta property=\"og:title\" content=\"En Ticul se realiz\u00f3 la inauguraci\u00f3n de la exposici\u00f3n itinerante denominada \u201cEl quehacer para comer\u201d - El Puuc Noticias\" \/>\n<meta property=\"og:description\" content=\"En d\u00edas pasados en Ticul se realiz\u00f3 en la Galer\u00eda de Arte Juanita Canch\u00e9 de Manzanero la inauguraci\u00f3n\" \/>\n<meta property=\"og:url\" content=\"https:\/\/elpuucnoticias.com\/?p=13271\" \/>\n<meta property=\"og:site_name\" content=\"El Puuc Noticias\" \/>\n<meta property=\"article:published_time\" content=\"2024-06-10T17:46:33+00:00\" \/>\n<meta property=\"og:image\" content=\"https:\/\/elpuucnoticias.com\/wp-content\/uploads\/2024\/06\/ticul.jpg\" \/>\n\t<meta property=\"og:image:width\" content=\"1600\" \/>\n\t<meta property=\"og:image:height\" content=\"1200\" \/>\n\t<meta property=\"og:image:type\" content=\"image\/jpeg\" \/>\n<meta name=\"twitter:card\" content=\"summary_large_image\" \/>\n<meta name=\"twitter:label1\" content=\"Escrito por\" \/>\n\t<meta name=\"twitter:data1\" content=\"elpuucnoticias\" \/>\n\t<meta name=\"twitter:label2\" content=\"Tiempo de lectura\" \/>\n\t<meta name=\"twitter:data2\" content=\"1 minuto\" \/>\n<script type=\"application\/ld+json\" class=\"yoast-schema-graph\">{\"@context\":\"https:\/\/schema.org\",\"@graph\":[{\"@type\":\"WebSite\",\"@id\":\"https:\/\/elpuucnoticias.com\/#website\",\"url\":\"https:\/\/elpuucnoticias.com\/\",\"name\":\"El Puuc Noticias\",\"description\":\"Noticias - Entretenimiento - Deportes\",\"potentialAction\":[{\"@type\":\"SearchAction\",\"target\":{\"@type\":\"EntryPoint\",\"urlTemplate\":\"https:\/\/elpuucnoticias.com\/?s={search_term_string}\"},\"query-input\":\"required name=search_term_string\"}],\"inLanguage\":\"es\"},{\"@type\":\"ImageObject\",\"@id\":\"https:\/\/elpuucnoticias.com\/?p=13271#primaryimage\",\"inLanguage\":\"es\",\"url\":\"https:\/\/elpuucnoticias.com\/wp-content\/uploads\/2024\/06\/ticul.jpg\",\"contentUrl\":\"https:\/\/elpuucnoticias.com\/wp-content\/uploads\/2024\/06\/ticul.jpg\",\"width\":1600,\"height\":1200},{\"@type\":\"WebPage\",\"@id\":\"https:\/\/elpuucnoticias.com\/?p=13271#webpage\",\"url\":\"https:\/\/elpuucnoticias.com\/?p=13271\",\"name\":\"En Ticul se realiz\u00f3 la inauguraci\u00f3n de la exposici\u00f3n itinerante denominada \u201cEl quehacer para comer\u201d - El Puuc Noticias\",\"isPartOf\":{\"@id\":\"https:\/\/elpuucnoticias.com\/#website\"},\"primaryImageOfPage\":{\"@id\":\"https:\/\/elpuucnoticias.com\/?p=13271#primaryimage\"},\"datePublished\":\"2024-06-10T17:46:33+00:00\",\"dateModified\":\"2024-06-10T17:46:33+00:00\",\"author\":{\"@id\":\"https:\/\/elpuucnoticias.com\/#\/schema\/person\/d2ea09e4c97f0160b11cdfb1d856bd9e\"},\"breadcrumb\":{\"@id\":\"https:\/\/elpuucnoticias.com\/?p=13271#breadcrumb\"},\"inLanguage\":\"es\",\"potentialAction\":[{\"@type\":\"ReadAction\",\"target\":[\"https:\/\/elpuucnoticias.com\/?p=13271\"]}]},{\"@type\":\"BreadcrumbList\",\"@id\":\"https:\/\/elpuucnoticias.com\/?p=13271#breadcrumb\",\"itemListElement\":[{\"@type\":\"ListItem\",\"position\":1,\"name\":\"Portada\",\"item\":\"https:\/\/elpuucnoticias.com\/\"},{\"@type\":\"ListItem\",\"position\":2,\"name\":\"En Ticul se realiz\u00f3 la inauguraci\u00f3n de la exposici\u00f3n itinerante denominada \u201cEl quehacer para comer\u201d\"}]},{\"@type\":\"Person\",\"@id\":\"https:\/\/elpuucnoticias.com\/#\/schema\/person\/d2ea09e4c97f0160b11cdfb1d856bd9e\",\"name\":\"elpuucnoticias\",\"image\":{\"@type\":\"ImageObject\",\"@id\":\"https:\/\/elpuucnoticias.com\/#personlogo\",\"inLanguage\":\"es\",\"url\":\"https:\/\/secure.gravatar.com\/avatar\/5290a43657c74ffa15701dbe5b846bd85cc71930d803c84e91046a7333de6ce2?s=96&d=mm&r=g\",\"contentUrl\":\"https:\/\/secure.gravatar.com\/avatar\/5290a43657c74ffa15701dbe5b846bd85cc71930d803c84e91046a7333de6ce2?s=96&d=mm&r=g\",\"caption\":\"elpuucnoticias\"},\"sameAs\":[\"https:\/\/elpuucnoticias.com\"],\"url\":\"https:\/\/elpuucnoticias.com\/?author=1\"}]}<\/script>\n<!-- \/ Yoast SEO plugin. -->","yoast_head_json":{"title":"En Ticul se realiz\u00f3 la inauguraci\u00f3n de la exposici\u00f3n itinerante denominada \u201cEl quehacer para comer\u201d - El Puuc Noticias","robots":{"index":"index","follow":"follow","max-snippet":"max-snippet:-1","max-image-preview":"max-image-preview:large","max-video-preview":"max-video-preview:-1"},"canonical":"https:\/\/elpuucnoticias.com\/?p=13271","og_locale":"es_ES","og_type":"article","og_title":"En Ticul se realiz\u00f3 la inauguraci\u00f3n de la exposici\u00f3n itinerante denominada \u201cEl quehacer para comer\u201d - El Puuc Noticias","og_description":"En d\u00edas pasados en Ticul se realiz\u00f3 en la Galer\u00eda de Arte Juanita Canch\u00e9 de Manzanero la inauguraci\u00f3n","og_url":"https:\/\/elpuucnoticias.com\/?p=13271","og_site_name":"El Puuc Noticias","article_published_time":"2024-06-10T17:46:33+00:00","og_image":[{"width":1600,"height":1200,"url":"https:\/\/elpuucnoticias.com\/wp-content\/uploads\/2024\/06\/ticul.jpg","type":"image\/jpeg"}],"twitter_card":"summary_large_image","twitter_misc":{"Escrito por":"elpuucnoticias","Tiempo de lectura":"1 minuto"},"schema":{"@context":"https:\/\/schema.org","@graph":[{"@type":"WebSite","@id":"https:\/\/elpuucnoticias.com\/#website","url":"https:\/\/elpuucnoticias.com\/","name":"El Puuc Noticias","description":"Noticias - Entretenimiento - Deportes","potentialAction":[{"@type":"SearchAction","target":{"@type":"EntryPoint","urlTemplate":"https:\/\/elpuucnoticias.com\/?s={search_term_string}"},"query-input":"required name=search_term_string"}],"inLanguage":"es"},{"@type":"ImageObject","@id":"https:\/\/elpuucnoticias.com\/?p=13271#primaryimage","inLanguage":"es","url":"https:\/\/elpuucnoticias.com\/wp-content\/uploads\/2024\/06\/ticul.jpg","contentUrl":"https:\/\/elpuucnoticias.com\/wp-content\/uploads\/2024\/06\/ticul.jpg","width":1600,"height":1200},{"@type":"WebPage","@id":"https:\/\/elpuucnoticias.com\/?p=13271#webpage","url":"https:\/\/elpuucnoticias.com\/?p=13271","name":"En Ticul se realiz\u00f3 la inauguraci\u00f3n de la exposici\u00f3n itinerante denominada \u201cEl quehacer para comer\u201d - El Puuc Noticias","isPartOf":{"@id":"https:\/\/elpuucnoticias.com\/#website"},"primaryImageOfPage":{"@id":"https:\/\/elpuucnoticias.com\/?p=13271#primaryimage"},"datePublished":"2024-06-10T17:46:33+00:00","dateModified":"2024-06-10T17:46:33+00:00","author":{"@id":"https:\/\/elpuucnoticias.com\/#\/schema\/person\/d2ea09e4c97f0160b11cdfb1d856bd9e"},"breadcrumb":{"@id":"https:\/\/elpuucnoticias.com\/?p=13271#breadcrumb"},"inLanguage":"es","potentialAction":[{"@type":"ReadAction","target":["https:\/\/elpuucnoticias.com\/?p=13271"]}]},{"@type":"BreadcrumbList","@id":"https:\/\/elpuucnoticias.com\/?p=13271#breadcrumb","itemListElement":[{"@type":"ListItem","position":1,"name":"Portada","item":"https:\/\/elpuucnoticias.com\/"},{"@type":"ListItem","position":2,"name":"En Ticul se realiz\u00f3 la inauguraci\u00f3n de la exposici\u00f3n itinerante denominada \u201cEl quehacer para comer\u201d"}]},{"@type":"Person","@id":"https:\/\/elpuucnoticias.com\/#\/schema\/person\/d2ea09e4c97f0160b11cdfb1d856bd9e","name":"elpuucnoticias","image":{"@type":"ImageObject","@id":"https:\/\/elpuucnoticias.com\/#personlogo","inLanguage":"es","url":"https:\/\/secure.gravatar.com\/avatar\/5290a43657c74ffa15701dbe5b846bd85cc71930d803c84e91046a7333de6ce2?s=96&d=mm&r=g","contentUrl":"https:\/\/secure.gravatar.com\/avatar\/5290a43657c74ffa15701dbe5b846bd85cc71930d803c84e91046a7333de6ce2?s=96&d=mm&r=g","caption":"elpuucnoticias"},"sameAs":["https:\/\/elpuucnoticias.com"],"url":"https:\/\/elpuucnoticias.com\/?author=1"}]}},"_links":{"self":[{"href":"https:\/\/elpuucnoticias.com\/index.php?rest_route=\/wp\/v2\/posts\/13271","targetHints":{"allow":["GET"]}}],"collection":[{"href":"https:\/\/elpuucnoticias.com\/index.php?rest_route=\/wp\/v2\/posts"}],"about":[{"href":"https:\/\/elpuucnoticias.com\/index.php?rest_route=\/wp\/v2\/types\/post"}],"author":[{"embeddable":true,"href":"https:\/\/elpuucnoticias.com\/index.php?rest_route=\/wp\/v2\/users\/1"}],"replies":[{"embeddable":true,"href":"https:\/\/elpuucnoticias.com\/index.php?rest_route=%2Fwp%2Fv2%2Fcomments&post=13271"}],"version-history":[{"count":1,"href":"https:\/\/elpuucnoticias.com\/index.php?rest_route=\/wp\/v2\/posts\/13271\/revisions"}],"predecessor-version":[{"id":13275,"href":"https:\/\/elpuucnoticias.com\/index.php?rest_route=\/wp\/v2\/posts\/13271\/revisions\/13275"}],"wp:featuredmedia":[{"embeddable":true,"href":"https:\/\/elpuucnoticias.com\/index.php?rest_route=\/wp\/v2\/media\/13274"}],"wp:attachment":[{"href":"https:\/\/elpuucnoticias.com\/index.php?rest_route=%2Fwp%2Fv2%2Fmedia&parent=13271"}],"wp:term":[{"taxonomy":"category","embeddable":true,"href":"https:\/\/elpuucnoticias.com\/index.php?rest_route=%2Fwp%2Fv2%2Fcategories&post=13271"},{"taxonomy":"post_tag","embeddable":true,"href":"https:\/\/elpuucnoticias.com\/index.php?rest_route=%2Fwp%2Fv2%2Ftags&post=13271"}],"curies":[{"name":"wp","href":"https:\/\/api.w.org\/{rel}","templated":true}]}}