{"id":13301,"date":"2024-06-11T10:43:02","date_gmt":"2024-06-11T16:43:02","guid":{"rendered":"https:\/\/elpuucnoticias.com\/?p=13301"},"modified":"2024-06-11T10:43:05","modified_gmt":"2024-06-11T16:43:05","slug":"la-artista-dominicana-deysi-altagracia-baez-jimenez-inaugurara-la-exposicion-mi-manera-de-verte-interpretacion-artistica-del-mar-en-el-museo-de-la-isla","status":"publish","type":"post","link":"https:\/\/elpuucnoticias.com\/?p=13301","title":{"rendered":"La artista dominicana Deysi Altagracia B\u00e1ez Jim\u00e9nez, inaugurar\u00e1 la exposici\u00f3n \u201cMi Manera de Verte: Interpretaci\u00f3n Art\u00edstica del Mar\u201d, en el Museo de la Isla"},"content":{"rendered":"\n<p>La Fundaci\u00f3n de Parques y Museos de Cozumel, inaugurar\u00e1 la exposici\u00f3n pict\u00f3rica \u201cMi Manera de Verte: Interpretaci\u00f3n Art\u00edstica del Mar\u201d, de la artista dominicana Deysi Altagracia B\u00e1ez Jim\u00e9nez. El evento ser\u00e1 en el centro museogr\u00e1fico de la Isla el pr\u00f3ximo 13 de junio, a las 20:00 horas y es abierto para toda la comunidad.<\/p>\n\n\n\n<p>El director general de la FPMC, Alejandro March\u00e1n Pay\u00e1n, indic\u00f3 que como parte del Nuevo Acuerdo por el Bienestar y Desarrollo de Quintana Roo, que promueve la gobernadora Mara Lezama Espinosa, se ofrecen espacios dignos para que los artistas, tanto de la localidad, como extranjeros, muestren al p\u00fablico sus talentos, en todas las expresiones de las bellas artes.<\/p>\n\n\n\n<p>Acerca de la artista, explic\u00f3 que Deysi Altagracia B\u00e1ez, estudi\u00f3 Escuela Internacional de Arte y Dise\u00f1o de Altos de Chav\u00f3n, de Republica Dominicana, pero en 2006 migr\u00f3 a M\u00e9xico para estudiar la Licenciatura en Artes Pl\u00e1sticas en la Universidad Nacional Aut\u00f3noma de M\u00e9xico (UNAM).<\/p>\n\n\n\n<figure class=\"wp-block-gallery has-nested-images columns-default is-cropped wp-block-gallery-1 is-layout-flex wp-block-gallery-is-layout-flex\">\n<figure class=\"wp-block-image size-large is-style-default\"><img loading=\"lazy\" decoding=\"async\" width=\"819\" height=\"1024\" data-id=\"13302\" src=\"https:\/\/elpuucnoticias.com\/wp-content\/uploads\/2024\/06\/whatsapp-image-2024-06-11-at-9.55.31-am-1-819x1024.jpeg\" alt=\"\" class=\"wp-image-13302\" srcset=\"https:\/\/elpuucnoticias.com\/wp-content\/uploads\/2024\/06\/whatsapp-image-2024-06-11-at-9.55.31-am-1-819x1024.jpeg 819w, https:\/\/elpuucnoticias.com\/wp-content\/uploads\/2024\/06\/whatsapp-image-2024-06-11-at-9.55.31-am-1-240x300.jpeg 240w, https:\/\/elpuucnoticias.com\/wp-content\/uploads\/2024\/06\/whatsapp-image-2024-06-11-at-9.55.31-am-1-768x960.jpeg 768w, https:\/\/elpuucnoticias.com\/wp-content\/uploads\/2024\/06\/whatsapp-image-2024-06-11-at-9.55.31-am-1-1229x1536.jpeg 1229w, https:\/\/elpuucnoticias.com\/wp-content\/uploads\/2024\/06\/whatsapp-image-2024-06-11-at-9.55.31-am-1-256x320.jpeg 256w, https:\/\/elpuucnoticias.com\/wp-content\/uploads\/2024\/06\/whatsapp-image-2024-06-11-at-9.55.31-am-1.jpeg 1280w\" sizes=\"auto, (max-width: 819px) 100vw, 819px\" \/><\/figure>\n\n\n\n<figure class=\"wp-block-image size-large is-style-default\"><img loading=\"lazy\" decoding=\"async\" width=\"1024\" height=\"1024\" data-id=\"13303\" src=\"https:\/\/elpuucnoticias.com\/wp-content\/uploads\/2024\/06\/whatsapp-image-2024-06-11-at-9.55.30-am-1024x1024.jpeg\" alt=\"\" class=\"wp-image-13303\" srcset=\"https:\/\/elpuucnoticias.com\/wp-content\/uploads\/2024\/06\/whatsapp-image-2024-06-11-at-9.55.30-am-1024x1024.jpeg 1024w, https:\/\/elpuucnoticias.com\/wp-content\/uploads\/2024\/06\/whatsapp-image-2024-06-11-at-9.55.30-am-300x300.jpeg 300w, https:\/\/elpuucnoticias.com\/wp-content\/uploads\/2024\/06\/whatsapp-image-2024-06-11-at-9.55.30-am-150x150.jpeg 150w, https:\/\/elpuucnoticias.com\/wp-content\/uploads\/2024\/06\/whatsapp-image-2024-06-11-at-9.55.30-am-768x768.jpeg 768w, https:\/\/elpuucnoticias.com\/wp-content\/uploads\/2024\/06\/whatsapp-image-2024-06-11-at-9.55.30-am-1536x1536.jpeg 1536w, https:\/\/elpuucnoticias.com\/wp-content\/uploads\/2024\/06\/whatsapp-image-2024-06-11-at-9.55.30-am-320x320.jpeg 320w, https:\/\/elpuucnoticias.com\/wp-content\/uploads\/2024\/06\/whatsapp-image-2024-06-11-at-9.55.30-am.jpeg 1600w\" sizes=\"auto, (max-width: 1024px) 100vw, 1024px\" \/><\/figure>\n<\/figure>\n\n\n\n<p>Detall\u00f3 que a lo largo de los a\u00f1os la artista ha refinado su estilo y ampliando su perspectiva, que la han llevado a especializarse en la pintura y la escultura. Su decisi\u00f3n de establecerse en Cozumel se debe a la belleza natural y serenidad de la isla, que le han proporcionado una fuente inagotable de inspiraci\u00f3n para sus obras.<\/p>\n\n\n\n<p>Por su parte, la directora del Museo de la Isla, Isela Carrillo Cupul, coment\u00f3 que el p\u00fablico asistente a la inauguraci\u00f3n de la exposici\u00f3n \u00abMi Manera de Verte: Interpretaci\u00f3n Art\u00edstica del Mar\u00bb, podr\u00e1 apreciar la interpretaci\u00f3n \u00fanica de B\u00e1ez sobre el mar, con obras que abarcan desde el realismo hasta el arte abstracto.<\/p>\n\n\n\n<p>Para finalizar, reiter\u00f3 la invitaci\u00f3n a la comunidad y visitantes para asistir a la inauguraci\u00f3n el jueves 13 de junio, a las ocho de la noche, en el Museo de la Isla. La entrada es libre para todas las personas interesadas en el arte pict\u00f3rico.<\/p>\n","protected":false},"excerpt":{"rendered":"<p>La Fundaci\u00f3n de Parques y Museos de Cozumel, inaugurar\u00e1 la exposici\u00f3n pict\u00f3rica \u201cMi Manera de Verte: Interpretaci\u00f3n Art\u00edstica<\/p>\n","protected":false},"author":1,"featured_media":13304,"comment_status":"closed","ping_status":"open","sticky":false,"template":"","format":"standard","meta":{"_monsterinsights_skip_tracking":false,"_monsterinsights_sitenote_active":false,"_monsterinsights_sitenote_note":"","_monsterinsights_sitenote_category":0,"footnotes":""},"categories":[11,24],"tags":[],"class_list":["post-13301","post","type-post","status-publish","format-standard","has-post-thumbnail","hentry","category-noticias","category-quintana-roo"],"yoast_head":"<!-- This site is optimized with the Yoast SEO plugin v18.3 - https:\/\/yoast.com\/wordpress\/plugins\/seo\/ -->\n<title>La artista dominicana Deysi Altagracia B\u00e1ez Jim\u00e9nez, inaugurar\u00e1 la exposici\u00f3n \u201cMi Manera de Verte: Interpretaci\u00f3n Art\u00edstica del Mar\u201d, en el Museo de la Isla - El Puuc Noticias<\/title>\n<meta name=\"robots\" content=\"index, follow, max-snippet:-1, max-image-preview:large, max-video-preview:-1\" \/>\n<link rel=\"canonical\" href=\"https:\/\/elpuucnoticias.com\/?p=13301\" \/>\n<meta property=\"og:locale\" content=\"es_ES\" \/>\n<meta property=\"og:type\" content=\"article\" \/>\n<meta property=\"og:title\" content=\"La artista dominicana Deysi Altagracia B\u00e1ez Jim\u00e9nez, inaugurar\u00e1 la exposici\u00f3n \u201cMi Manera de Verte: Interpretaci\u00f3n Art\u00edstica del Mar\u201d, en el Museo de la Isla - El Puuc Noticias\" \/>\n<meta property=\"og:description\" content=\"La Fundaci\u00f3n de Parques y Museos de Cozumel, inaugurar\u00e1 la exposici\u00f3n pict\u00f3rica \u201cMi Manera de Verte: Interpretaci\u00f3n Art\u00edstica\" \/>\n<meta property=\"og:url\" content=\"https:\/\/elpuucnoticias.com\/?p=13301\" \/>\n<meta property=\"og:site_name\" content=\"El Puuc Noticias\" \/>\n<meta property=\"article:published_time\" content=\"2024-06-11T16:43:02+00:00\" \/>\n<meta property=\"article:modified_time\" content=\"2024-06-11T16:43:05+00:00\" \/>\n<meta property=\"og:image\" content=\"https:\/\/elpuucnoticias.com\/wp-content\/uploads\/2024\/06\/whatsapp-image-2024-06-11-at-9.55.31-am.jpeg\" \/>\n\t<meta property=\"og:image:width\" content=\"1600\" \/>\n\t<meta property=\"og:image:height\" content=\"1066\" \/>\n\t<meta property=\"og:image:type\" content=\"image\/jpeg\" \/>\n<meta name=\"twitter:card\" content=\"summary_large_image\" \/>\n<meta name=\"twitter:label1\" content=\"Escrito por\" \/>\n\t<meta name=\"twitter:data1\" content=\"elpuucnoticias\" \/>\n\t<meta name=\"twitter:label2\" content=\"Tiempo de lectura\" \/>\n\t<meta name=\"twitter:data2\" content=\"2 minutos\" \/>\n<script type=\"application\/ld+json\" class=\"yoast-schema-graph\">{\"@context\":\"https:\/\/schema.org\",\"@graph\":[{\"@type\":\"WebSite\",\"@id\":\"https:\/\/elpuucnoticias.com\/#website\",\"url\":\"https:\/\/elpuucnoticias.com\/\",\"name\":\"El Puuc Noticias\",\"description\":\"Noticias - Entretenimiento - Deportes\",\"potentialAction\":[{\"@type\":\"SearchAction\",\"target\":{\"@type\":\"EntryPoint\",\"urlTemplate\":\"https:\/\/elpuucnoticias.com\/?s={search_term_string}\"},\"query-input\":\"required name=search_term_string\"}],\"inLanguage\":\"es\"},{\"@type\":\"ImageObject\",\"@id\":\"https:\/\/elpuucnoticias.com\/?p=13301#primaryimage\",\"inLanguage\":\"es\",\"url\":\"https:\/\/elpuucnoticias.com\/wp-content\/uploads\/2024\/06\/whatsapp-image-2024-06-11-at-9.55.31-am.jpeg\",\"contentUrl\":\"https:\/\/elpuucnoticias.com\/wp-content\/uploads\/2024\/06\/whatsapp-image-2024-06-11-at-9.55.31-am.jpeg\",\"width\":1600,\"height\":1066},{\"@type\":\"WebPage\",\"@id\":\"https:\/\/elpuucnoticias.com\/?p=13301#webpage\",\"url\":\"https:\/\/elpuucnoticias.com\/?p=13301\",\"name\":\"La artista dominicana Deysi Altagracia B\u00e1ez Jim\u00e9nez, inaugurar\u00e1 la exposici\u00f3n \u201cMi Manera de Verte: Interpretaci\u00f3n Art\u00edstica del Mar\u201d, en el Museo de la Isla - El Puuc Noticias\",\"isPartOf\":{\"@id\":\"https:\/\/elpuucnoticias.com\/#website\"},\"primaryImageOfPage\":{\"@id\":\"https:\/\/elpuucnoticias.com\/?p=13301#primaryimage\"},\"datePublished\":\"2024-06-11T16:43:02+00:00\",\"dateModified\":\"2024-06-11T16:43:05+00:00\",\"author\":{\"@id\":\"https:\/\/elpuucnoticias.com\/#\/schema\/person\/d2ea09e4c97f0160b11cdfb1d856bd9e\"},\"breadcrumb\":{\"@id\":\"https:\/\/elpuucnoticias.com\/?p=13301#breadcrumb\"},\"inLanguage\":\"es\",\"potentialAction\":[{\"@type\":\"ReadAction\",\"target\":[\"https:\/\/elpuucnoticias.com\/?p=13301\"]}]},{\"@type\":\"BreadcrumbList\",\"@id\":\"https:\/\/elpuucnoticias.com\/?p=13301#breadcrumb\",\"itemListElement\":[{\"@type\":\"ListItem\",\"position\":1,\"name\":\"Portada\",\"item\":\"https:\/\/elpuucnoticias.com\/\"},{\"@type\":\"ListItem\",\"position\":2,\"name\":\"La artista dominicana Deysi Altagracia B\u00e1ez Jim\u00e9nez, inaugurar\u00e1 la exposici\u00f3n \u201cMi Manera de Verte: Interpretaci\u00f3n Art\u00edstica del Mar\u201d, en el Museo de la Isla\"}]},{\"@type\":\"Person\",\"@id\":\"https:\/\/elpuucnoticias.com\/#\/schema\/person\/d2ea09e4c97f0160b11cdfb1d856bd9e\",\"name\":\"elpuucnoticias\",\"image\":{\"@type\":\"ImageObject\",\"@id\":\"https:\/\/elpuucnoticias.com\/#personlogo\",\"inLanguage\":\"es\",\"url\":\"https:\/\/secure.gravatar.com\/avatar\/5290a43657c74ffa15701dbe5b846bd85cc71930d803c84e91046a7333de6ce2?s=96&d=mm&r=g\",\"contentUrl\":\"https:\/\/secure.gravatar.com\/avatar\/5290a43657c74ffa15701dbe5b846bd85cc71930d803c84e91046a7333de6ce2?s=96&d=mm&r=g\",\"caption\":\"elpuucnoticias\"},\"sameAs\":[\"https:\/\/elpuucnoticias.com\"],\"url\":\"https:\/\/elpuucnoticias.com\/?author=1\"}]}<\/script>\n<!-- \/ Yoast SEO plugin. -->","yoast_head_json":{"title":"La artista dominicana Deysi Altagracia B\u00e1ez Jim\u00e9nez, inaugurar\u00e1 la exposici\u00f3n \u201cMi Manera de Verte: Interpretaci\u00f3n Art\u00edstica del Mar\u201d, en el Museo de la Isla - El Puuc Noticias","robots":{"index":"index","follow":"follow","max-snippet":"max-snippet:-1","max-image-preview":"max-image-preview:large","max-video-preview":"max-video-preview:-1"},"canonical":"https:\/\/elpuucnoticias.com\/?p=13301","og_locale":"es_ES","og_type":"article","og_title":"La artista dominicana Deysi Altagracia B\u00e1ez Jim\u00e9nez, inaugurar\u00e1 la exposici\u00f3n \u201cMi Manera de Verte: Interpretaci\u00f3n Art\u00edstica del Mar\u201d, en el Museo de la Isla - El Puuc Noticias","og_description":"La Fundaci\u00f3n de Parques y Museos de Cozumel, inaugurar\u00e1 la exposici\u00f3n pict\u00f3rica \u201cMi Manera de Verte: Interpretaci\u00f3n Art\u00edstica","og_url":"https:\/\/elpuucnoticias.com\/?p=13301","og_site_name":"El Puuc Noticias","article_published_time":"2024-06-11T16:43:02+00:00","article_modified_time":"2024-06-11T16:43:05+00:00","og_image":[{"width":1600,"height":1066,"url":"https:\/\/elpuucnoticias.com\/wp-content\/uploads\/2024\/06\/whatsapp-image-2024-06-11-at-9.55.31-am.jpeg","type":"image\/jpeg"}],"twitter_card":"summary_large_image","twitter_misc":{"Escrito por":"elpuucnoticias","Tiempo de lectura":"2 minutos"},"schema":{"@context":"https:\/\/schema.org","@graph":[{"@type":"WebSite","@id":"https:\/\/elpuucnoticias.com\/#website","url":"https:\/\/elpuucnoticias.com\/","name":"El Puuc Noticias","description":"Noticias - Entretenimiento - Deportes","potentialAction":[{"@type":"SearchAction","target":{"@type":"EntryPoint","urlTemplate":"https:\/\/elpuucnoticias.com\/?s={search_term_string}"},"query-input":"required name=search_term_string"}],"inLanguage":"es"},{"@type":"ImageObject","@id":"https:\/\/elpuucnoticias.com\/?p=13301#primaryimage","inLanguage":"es","url":"https:\/\/elpuucnoticias.com\/wp-content\/uploads\/2024\/06\/whatsapp-image-2024-06-11-at-9.55.31-am.jpeg","contentUrl":"https:\/\/elpuucnoticias.com\/wp-content\/uploads\/2024\/06\/whatsapp-image-2024-06-11-at-9.55.31-am.jpeg","width":1600,"height":1066},{"@type":"WebPage","@id":"https:\/\/elpuucnoticias.com\/?p=13301#webpage","url":"https:\/\/elpuucnoticias.com\/?p=13301","name":"La artista dominicana Deysi Altagracia B\u00e1ez Jim\u00e9nez, inaugurar\u00e1 la exposici\u00f3n \u201cMi Manera de Verte: Interpretaci\u00f3n Art\u00edstica del Mar\u201d, en el Museo de la Isla - El Puuc Noticias","isPartOf":{"@id":"https:\/\/elpuucnoticias.com\/#website"},"primaryImageOfPage":{"@id":"https:\/\/elpuucnoticias.com\/?p=13301#primaryimage"},"datePublished":"2024-06-11T16:43:02+00:00","dateModified":"2024-06-11T16:43:05+00:00","author":{"@id":"https:\/\/elpuucnoticias.com\/#\/schema\/person\/d2ea09e4c97f0160b11cdfb1d856bd9e"},"breadcrumb":{"@id":"https:\/\/elpuucnoticias.com\/?p=13301#breadcrumb"},"inLanguage":"es","potentialAction":[{"@type":"ReadAction","target":["https:\/\/elpuucnoticias.com\/?p=13301"]}]},{"@type":"BreadcrumbList","@id":"https:\/\/elpuucnoticias.com\/?p=13301#breadcrumb","itemListElement":[{"@type":"ListItem","position":1,"name":"Portada","item":"https:\/\/elpuucnoticias.com\/"},{"@type":"ListItem","position":2,"name":"La artista dominicana Deysi Altagracia B\u00e1ez Jim\u00e9nez, inaugurar\u00e1 la exposici\u00f3n \u201cMi Manera de Verte: Interpretaci\u00f3n Art\u00edstica del Mar\u201d, en el Museo de la Isla"}]},{"@type":"Person","@id":"https:\/\/elpuucnoticias.com\/#\/schema\/person\/d2ea09e4c97f0160b11cdfb1d856bd9e","name":"elpuucnoticias","image":{"@type":"ImageObject","@id":"https:\/\/elpuucnoticias.com\/#personlogo","inLanguage":"es","url":"https:\/\/secure.gravatar.com\/avatar\/5290a43657c74ffa15701dbe5b846bd85cc71930d803c84e91046a7333de6ce2?s=96&d=mm&r=g","contentUrl":"https:\/\/secure.gravatar.com\/avatar\/5290a43657c74ffa15701dbe5b846bd85cc71930d803c84e91046a7333de6ce2?s=96&d=mm&r=g","caption":"elpuucnoticias"},"sameAs":["https:\/\/elpuucnoticias.com"],"url":"https:\/\/elpuucnoticias.com\/?author=1"}]}},"_links":{"self":[{"href":"https:\/\/elpuucnoticias.com\/index.php?rest_route=\/wp\/v2\/posts\/13301","targetHints":{"allow":["GET"]}}],"collection":[{"href":"https:\/\/elpuucnoticias.com\/index.php?rest_route=\/wp\/v2\/posts"}],"about":[{"href":"https:\/\/elpuucnoticias.com\/index.php?rest_route=\/wp\/v2\/types\/post"}],"author":[{"embeddable":true,"href":"https:\/\/elpuucnoticias.com\/index.php?rest_route=\/wp\/v2\/users\/1"}],"replies":[{"embeddable":true,"href":"https:\/\/elpuucnoticias.com\/index.php?rest_route=%2Fwp%2Fv2%2Fcomments&post=13301"}],"version-history":[{"count":1,"href":"https:\/\/elpuucnoticias.com\/index.php?rest_route=\/wp\/v2\/posts\/13301\/revisions"}],"predecessor-version":[{"id":13305,"href":"https:\/\/elpuucnoticias.com\/index.php?rest_route=\/wp\/v2\/posts\/13301\/revisions\/13305"}],"wp:featuredmedia":[{"embeddable":true,"href":"https:\/\/elpuucnoticias.com\/index.php?rest_route=\/wp\/v2\/media\/13304"}],"wp:attachment":[{"href":"https:\/\/elpuucnoticias.com\/index.php?rest_route=%2Fwp%2Fv2%2Fmedia&parent=13301"}],"wp:term":[{"taxonomy":"category","embeddable":true,"href":"https:\/\/elpuucnoticias.com\/index.php?rest_route=%2Fwp%2Fv2%2Fcategories&post=13301"},{"taxonomy":"post_tag","embeddable":true,"href":"https:\/\/elpuucnoticias.com\/index.php?rest_route=%2Fwp%2Fv2%2Ftags&post=13301"}],"curies":[{"name":"wp","href":"https:\/\/api.w.org\/{rel}","templated":true}]}}