{"id":13347,"date":"2024-06-11T19:20:30","date_gmt":"2024-06-12T01:20:30","guid":{"rendered":"https:\/\/elpuucnoticias.com\/?p=13347"},"modified":"2024-06-11T19:20:39","modified_gmt":"2024-06-12T01:20:39","slug":"escuelas-de-tekax-clausuran-programa-de-lectura","status":"publish","type":"post","link":"https:\/\/elpuucnoticias.com\/?p=13347","title":{"rendered":"Escuelas de Tekax clausuran programa de lectura"},"content":{"rendered":"\n<p><br>En la comunidad de Kancab, Tekax, enclavada entre los cerros de la sultana de la Sierra, se celebr\u00f3 el proyecto \u201cExpoAlebrije 2024\u201d en las instalaciones de la primaria Salvador Alvarado.<\/p>\n\n\n\n<p><br>Los docentes de la zona escolar 081 de Tekax, encabezada por el profesor Jorge Ojeda Acosta, culminaron el programa estatal de lectura y escritura (PEL\u00c9) con una exposici\u00f3n de trabajos creados por los alumnos de Kancab. <\/p>\n\n\n\n<figure class=\"wp-block-gallery has-nested-images columns-default is-cropped wp-block-gallery-1 is-layout-flex wp-block-gallery-is-layout-flex\">\n<figure class=\"wp-block-image size-large is-style-default\"><img loading=\"lazy\" decoding=\"async\" width=\"1024\" height=\"461\" data-id=\"13348\" src=\"https:\/\/elpuucnoticias.com\/wp-content\/uploads\/2024\/06\/whatsapp-image-2024-06-11-at-11.34.37-am-1-1024x461.jpeg\" alt=\"\" class=\"wp-image-13348\" srcset=\"https:\/\/elpuucnoticias.com\/wp-content\/uploads\/2024\/06\/whatsapp-image-2024-06-11-at-11.34.37-am-1-1024x461.jpeg 1024w, https:\/\/elpuucnoticias.com\/wp-content\/uploads\/2024\/06\/whatsapp-image-2024-06-11-at-11.34.37-am-1-300x135.jpeg 300w, https:\/\/elpuucnoticias.com\/wp-content\/uploads\/2024\/06\/whatsapp-image-2024-06-11-at-11.34.37-am-1-768x346.jpeg 768w, https:\/\/elpuucnoticias.com\/wp-content\/uploads\/2024\/06\/whatsapp-image-2024-06-11-at-11.34.37-am-1-320x144.jpeg 320w, https:\/\/elpuucnoticias.com\/wp-content\/uploads\/2024\/06\/whatsapp-image-2024-06-11-at-11.34.37-am-1.jpeg 1280w\" sizes=\"auto, (max-width: 1024px) 100vw, 1024px\" \/><\/figure>\n\n\n\n<figure class=\"wp-block-image size-large is-style-default\"><img loading=\"lazy\" decoding=\"async\" width=\"1024\" height=\"461\" data-id=\"13349\" src=\"https:\/\/elpuucnoticias.com\/wp-content\/uploads\/2024\/06\/whatsapp-image-2024-06-11-at-11.34.37-am-1024x461.jpeg\" alt=\"\" class=\"wp-image-13349\" srcset=\"https:\/\/elpuucnoticias.com\/wp-content\/uploads\/2024\/06\/whatsapp-image-2024-06-11-at-11.34.37-am-1024x461.jpeg 1024w, https:\/\/elpuucnoticias.com\/wp-content\/uploads\/2024\/06\/whatsapp-image-2024-06-11-at-11.34.37-am-300x135.jpeg 300w, https:\/\/elpuucnoticias.com\/wp-content\/uploads\/2024\/06\/whatsapp-image-2024-06-11-at-11.34.37-am-768x346.jpeg 768w, https:\/\/elpuucnoticias.com\/wp-content\/uploads\/2024\/06\/whatsapp-image-2024-06-11-at-11.34.37-am-320x144.jpeg 320w, https:\/\/elpuucnoticias.com\/wp-content\/uploads\/2024\/06\/whatsapp-image-2024-06-11-at-11.34.37-am.jpeg 1280w\" sizes=\"auto, (max-width: 1024px) 100vw, 1024px\" \/><\/figure>\n<\/figure>\n\n\n\n<p>Cada promotor del programa de lectura de las escuelas Ricardo Flores Mag\u00f3n matutino y vespertino, Antonio Granados y Enrique \u00c1vila, Cirilo Monstes de Oca, Fabi\u00e1n Sansores, Benito Ju\u00e1rez, Onofre Bacelis y Salvador Alvarado trabaj\u00f3 para crear una exposici\u00f3n y stand de apreciaci\u00f3n de los trabajos realizados por los alumnos durante el ciclo escolar 23-24.<\/p>\n\n\n\n<p><br>El director de la escuela Salvador Alvarado, el profesor Remigio Carvajal se mostr\u00f3 honrado y agradecido de poder ser la sede de clausura del Programa de lectura, pues, en sus palabras, los alumnos de las comunidades apartadas de las cabeceras, necesitan estos espacios para poder estimular y desarrollar la imaginaci\u00f3n, la creatividad y ampliaci\u00f3n de visi\u00f3n. <\/p>\n\n\n\n<p>Invit\u00f3 a los promotores del programa a continuar con las actividades y a no dejar de acudir a Kancab, donde ser\u00e1n siempre recibidos con los brazos abiertos.<\/p>\n\n\n\n<p><br>Entre las actividades que los promotores de las escuelas estuvieron \u201cCrea tu alebrije\u201d, \u201cAlebrijes en papel\u201d, obras de teatro gui\u00f1ol, entre otras.<\/p>\n","protected":false},"excerpt":{"rendered":"<p>En la comunidad de Kancab, Tekax, enclavada entre los cerros de la sultana de la Sierra, se celebr\u00f3<\/p>\n","protected":false},"author":1,"featured_media":13350,"comment_status":"closed","ping_status":"open","sticky":false,"template":"","format":"standard","meta":{"_monsterinsights_skip_tracking":false,"_monsterinsights_sitenote_active":false,"_monsterinsights_sitenote_note":"","_monsterinsights_sitenote_category":0,"footnotes":""},"categories":[11,4],"tags":[],"class_list":["post-13347","post","type-post","status-publish","format-standard","has-post-thumbnail","hentry","category-noticias","category-tekax"],"yoast_head":"<!-- This site is optimized with the Yoast SEO plugin v18.3 - https:\/\/yoast.com\/wordpress\/plugins\/seo\/ -->\n<title>Escuelas de Tekax clausuran programa de lectura - El Puuc Noticias<\/title>\n<meta name=\"robots\" content=\"index, follow, max-snippet:-1, max-image-preview:large, max-video-preview:-1\" \/>\n<link rel=\"canonical\" href=\"https:\/\/elpuucnoticias.com\/?p=13347\" \/>\n<meta property=\"og:locale\" content=\"es_ES\" \/>\n<meta property=\"og:type\" content=\"article\" \/>\n<meta property=\"og:title\" content=\"Escuelas de Tekax clausuran programa de lectura - El Puuc Noticias\" \/>\n<meta property=\"og:description\" content=\"En la comunidad de Kancab, Tekax, enclavada entre los cerros de la sultana de la Sierra, se celebr\u00f3\" \/>\n<meta property=\"og:url\" content=\"https:\/\/elpuucnoticias.com\/?p=13347\" \/>\n<meta property=\"og:site_name\" content=\"El Puuc Noticias\" \/>\n<meta property=\"article:published_time\" content=\"2024-06-12T01:20:30+00:00\" \/>\n<meta property=\"article:modified_time\" content=\"2024-06-12T01:20:39+00:00\" \/>\n<meta property=\"og:image\" content=\"https:\/\/elpuucnoticias.com\/wp-content\/uploads\/2024\/06\/whatsapp-image-2024-06-11-at-11.34.38-am.jpeg\" \/>\n\t<meta property=\"og:image:width\" content=\"1280\" \/>\n\t<meta property=\"og:image:height\" content=\"576\" \/>\n\t<meta property=\"og:image:type\" content=\"image\/jpeg\" \/>\n<meta name=\"twitter:card\" content=\"summary_large_image\" \/>\n<meta name=\"twitter:label1\" content=\"Escrito por\" \/>\n\t<meta name=\"twitter:data1\" content=\"elpuucnoticias\" \/>\n\t<meta name=\"twitter:label2\" content=\"Tiempo de lectura\" \/>\n\t<meta name=\"twitter:data2\" content=\"2 minutos\" \/>\n<script type=\"application\/ld+json\" class=\"yoast-schema-graph\">{\"@context\":\"https:\/\/schema.org\",\"@graph\":[{\"@type\":\"WebSite\",\"@id\":\"https:\/\/elpuucnoticias.com\/#website\",\"url\":\"https:\/\/elpuucnoticias.com\/\",\"name\":\"El Puuc Noticias\",\"description\":\"Noticias - Entretenimiento - Deportes\",\"potentialAction\":[{\"@type\":\"SearchAction\",\"target\":{\"@type\":\"EntryPoint\",\"urlTemplate\":\"https:\/\/elpuucnoticias.com\/?s={search_term_string}\"},\"query-input\":\"required name=search_term_string\"}],\"inLanguage\":\"es\"},{\"@type\":\"ImageObject\",\"@id\":\"https:\/\/elpuucnoticias.com\/?p=13347#primaryimage\",\"inLanguage\":\"es\",\"url\":\"https:\/\/elpuucnoticias.com\/wp-content\/uploads\/2024\/06\/whatsapp-image-2024-06-11-at-11.34.38-am.jpeg\",\"contentUrl\":\"https:\/\/elpuucnoticias.com\/wp-content\/uploads\/2024\/06\/whatsapp-image-2024-06-11-at-11.34.38-am.jpeg\",\"width\":1280,\"height\":576},{\"@type\":\"WebPage\",\"@id\":\"https:\/\/elpuucnoticias.com\/?p=13347#webpage\",\"url\":\"https:\/\/elpuucnoticias.com\/?p=13347\",\"name\":\"Escuelas de Tekax clausuran programa de lectura - El Puuc Noticias\",\"isPartOf\":{\"@id\":\"https:\/\/elpuucnoticias.com\/#website\"},\"primaryImageOfPage\":{\"@id\":\"https:\/\/elpuucnoticias.com\/?p=13347#primaryimage\"},\"datePublished\":\"2024-06-12T01:20:30+00:00\",\"dateModified\":\"2024-06-12T01:20:39+00:00\",\"author\":{\"@id\":\"https:\/\/elpuucnoticias.com\/#\/schema\/person\/d2ea09e4c97f0160b11cdfb1d856bd9e\"},\"breadcrumb\":{\"@id\":\"https:\/\/elpuucnoticias.com\/?p=13347#breadcrumb\"},\"inLanguage\":\"es\",\"potentialAction\":[{\"@type\":\"ReadAction\",\"target\":[\"https:\/\/elpuucnoticias.com\/?p=13347\"]}]},{\"@type\":\"BreadcrumbList\",\"@id\":\"https:\/\/elpuucnoticias.com\/?p=13347#breadcrumb\",\"itemListElement\":[{\"@type\":\"ListItem\",\"position\":1,\"name\":\"Portada\",\"item\":\"https:\/\/elpuucnoticias.com\/\"},{\"@type\":\"ListItem\",\"position\":2,\"name\":\"Escuelas de Tekax clausuran programa de lectura\"}]},{\"@type\":\"Person\",\"@id\":\"https:\/\/elpuucnoticias.com\/#\/schema\/person\/d2ea09e4c97f0160b11cdfb1d856bd9e\",\"name\":\"elpuucnoticias\",\"image\":{\"@type\":\"ImageObject\",\"@id\":\"https:\/\/elpuucnoticias.com\/#personlogo\",\"inLanguage\":\"es\",\"url\":\"https:\/\/secure.gravatar.com\/avatar\/5290a43657c74ffa15701dbe5b846bd85cc71930d803c84e91046a7333de6ce2?s=96&d=mm&r=g\",\"contentUrl\":\"https:\/\/secure.gravatar.com\/avatar\/5290a43657c74ffa15701dbe5b846bd85cc71930d803c84e91046a7333de6ce2?s=96&d=mm&r=g\",\"caption\":\"elpuucnoticias\"},\"sameAs\":[\"https:\/\/elpuucnoticias.com\"],\"url\":\"https:\/\/elpuucnoticias.com\/?author=1\"}]}<\/script>\n<!-- \/ Yoast SEO plugin. -->","yoast_head_json":{"title":"Escuelas de Tekax clausuran programa de lectura - El Puuc Noticias","robots":{"index":"index","follow":"follow","max-snippet":"max-snippet:-1","max-image-preview":"max-image-preview:large","max-video-preview":"max-video-preview:-1"},"canonical":"https:\/\/elpuucnoticias.com\/?p=13347","og_locale":"es_ES","og_type":"article","og_title":"Escuelas de Tekax clausuran programa de lectura - El Puuc Noticias","og_description":"En la comunidad de Kancab, Tekax, enclavada entre los cerros de la sultana de la Sierra, se celebr\u00f3","og_url":"https:\/\/elpuucnoticias.com\/?p=13347","og_site_name":"El Puuc Noticias","article_published_time":"2024-06-12T01:20:30+00:00","article_modified_time":"2024-06-12T01:20:39+00:00","og_image":[{"width":1280,"height":576,"url":"https:\/\/elpuucnoticias.com\/wp-content\/uploads\/2024\/06\/whatsapp-image-2024-06-11-at-11.34.38-am.jpeg","type":"image\/jpeg"}],"twitter_card":"summary_large_image","twitter_misc":{"Escrito por":"elpuucnoticias","Tiempo de lectura":"2 minutos"},"schema":{"@context":"https:\/\/schema.org","@graph":[{"@type":"WebSite","@id":"https:\/\/elpuucnoticias.com\/#website","url":"https:\/\/elpuucnoticias.com\/","name":"El Puuc Noticias","description":"Noticias - Entretenimiento - Deportes","potentialAction":[{"@type":"SearchAction","target":{"@type":"EntryPoint","urlTemplate":"https:\/\/elpuucnoticias.com\/?s={search_term_string}"},"query-input":"required name=search_term_string"}],"inLanguage":"es"},{"@type":"ImageObject","@id":"https:\/\/elpuucnoticias.com\/?p=13347#primaryimage","inLanguage":"es","url":"https:\/\/elpuucnoticias.com\/wp-content\/uploads\/2024\/06\/whatsapp-image-2024-06-11-at-11.34.38-am.jpeg","contentUrl":"https:\/\/elpuucnoticias.com\/wp-content\/uploads\/2024\/06\/whatsapp-image-2024-06-11-at-11.34.38-am.jpeg","width":1280,"height":576},{"@type":"WebPage","@id":"https:\/\/elpuucnoticias.com\/?p=13347#webpage","url":"https:\/\/elpuucnoticias.com\/?p=13347","name":"Escuelas de Tekax clausuran programa de lectura - El Puuc Noticias","isPartOf":{"@id":"https:\/\/elpuucnoticias.com\/#website"},"primaryImageOfPage":{"@id":"https:\/\/elpuucnoticias.com\/?p=13347#primaryimage"},"datePublished":"2024-06-12T01:20:30+00:00","dateModified":"2024-06-12T01:20:39+00:00","author":{"@id":"https:\/\/elpuucnoticias.com\/#\/schema\/person\/d2ea09e4c97f0160b11cdfb1d856bd9e"},"breadcrumb":{"@id":"https:\/\/elpuucnoticias.com\/?p=13347#breadcrumb"},"inLanguage":"es","potentialAction":[{"@type":"ReadAction","target":["https:\/\/elpuucnoticias.com\/?p=13347"]}]},{"@type":"BreadcrumbList","@id":"https:\/\/elpuucnoticias.com\/?p=13347#breadcrumb","itemListElement":[{"@type":"ListItem","position":1,"name":"Portada","item":"https:\/\/elpuucnoticias.com\/"},{"@type":"ListItem","position":2,"name":"Escuelas de Tekax clausuran programa de lectura"}]},{"@type":"Person","@id":"https:\/\/elpuucnoticias.com\/#\/schema\/person\/d2ea09e4c97f0160b11cdfb1d856bd9e","name":"elpuucnoticias","image":{"@type":"ImageObject","@id":"https:\/\/elpuucnoticias.com\/#personlogo","inLanguage":"es","url":"https:\/\/secure.gravatar.com\/avatar\/5290a43657c74ffa15701dbe5b846bd85cc71930d803c84e91046a7333de6ce2?s=96&d=mm&r=g","contentUrl":"https:\/\/secure.gravatar.com\/avatar\/5290a43657c74ffa15701dbe5b846bd85cc71930d803c84e91046a7333de6ce2?s=96&d=mm&r=g","caption":"elpuucnoticias"},"sameAs":["https:\/\/elpuucnoticias.com"],"url":"https:\/\/elpuucnoticias.com\/?author=1"}]}},"_links":{"self":[{"href":"https:\/\/elpuucnoticias.com\/index.php?rest_route=\/wp\/v2\/posts\/13347","targetHints":{"allow":["GET"]}}],"collection":[{"href":"https:\/\/elpuucnoticias.com\/index.php?rest_route=\/wp\/v2\/posts"}],"about":[{"href":"https:\/\/elpuucnoticias.com\/index.php?rest_route=\/wp\/v2\/types\/post"}],"author":[{"embeddable":true,"href":"https:\/\/elpuucnoticias.com\/index.php?rest_route=\/wp\/v2\/users\/1"}],"replies":[{"embeddable":true,"href":"https:\/\/elpuucnoticias.com\/index.php?rest_route=%2Fwp%2Fv2%2Fcomments&post=13347"}],"version-history":[{"count":1,"href":"https:\/\/elpuucnoticias.com\/index.php?rest_route=\/wp\/v2\/posts\/13347\/revisions"}],"predecessor-version":[{"id":13351,"href":"https:\/\/elpuucnoticias.com\/index.php?rest_route=\/wp\/v2\/posts\/13347\/revisions\/13351"}],"wp:featuredmedia":[{"embeddable":true,"href":"https:\/\/elpuucnoticias.com\/index.php?rest_route=\/wp\/v2\/media\/13350"}],"wp:attachment":[{"href":"https:\/\/elpuucnoticias.com\/index.php?rest_route=%2Fwp%2Fv2%2Fmedia&parent=13347"}],"wp:term":[{"taxonomy":"category","embeddable":true,"href":"https:\/\/elpuucnoticias.com\/index.php?rest_route=%2Fwp%2Fv2%2Fcategories&post=13347"},{"taxonomy":"post_tag","embeddable":true,"href":"https:\/\/elpuucnoticias.com\/index.php?rest_route=%2Fwp%2Fv2%2Ftags&post=13347"}],"curies":[{"name":"wp","href":"https:\/\/api.w.org\/{rel}","templated":true}]}}