{"id":13352,"date":"2024-06-11T19:33:36","date_gmt":"2024-06-12T01:33:36","guid":{"rendered":"https:\/\/elpuucnoticias.com\/?p=13352"},"modified":"2024-06-11T19:33:39","modified_gmt":"2024-06-12T01:33:39","slug":"ceremonia-de-jubilacion-en-la-onofre-bacelis","status":"publish","type":"post","link":"https:\/\/elpuucnoticias.com\/?p=13352","title":{"rendered":"Ceremonia de jubilaci\u00f3n en la Onofre Bacelis"},"content":{"rendered":"\n<p><br>El d\u00eda lunes 10 de Junio del presente a\u00f1o, en la escuela primaria Onofre Bacelis, se vivi\u00f3 una emotiva y vibrante ceremonia de despedida a los maestros Melki y Gabriel Noh Chan, pilares fundamentales de la escuela estatal.<\/p>\n\n\n\n<p><br>Durante la ceremonia de clausura, tambi\u00e9n se record\u00f3 al acaecido compa\u00f1ero No\u00e9, quien en Agosto del 2020 falleci\u00f3 por complicaciones pulmonares, en su representaci\u00f3n acudi\u00f3 su familia a recibir los reconocimientos que su escuela le prepar\u00f3.<\/p>\n\n\n\n<p><br>En la ceremonia, se record\u00f3 el camino y trayecto de la Onofre, que va de la mano con la trayectoria de los hermanos Noh Chan. <\/p>\n\n\n\n<p>\u201cLa escuelita de barrio\u201d, como fue conocida en un principio, di\u00f3 con creces procesos de aprendizaje que fueron expuestos en concursos de aprendizaje, olimpiada de conocimientos y pruebas Matem\u00e1ticas.<\/p>\n\n\n\n<figure class=\"wp-block-image is-style-default\" id=\"block-d06ea0f8-22c2-4b20-b2df-faed5af16826\"><img decoding=\"async\" src=\"https:\/\/elpuucnoticias.com\/wp-content\/uploads\/2024\/06\/whatsapp-image-2024-06-11-at-11.41.23-am-576x1024.jpeg\" alt=\"La imagen tiene un atributo ALT vac\u00edo; su nombre de archivo es whatsapp-image-2024-06-11-at-11.41.23-am-576x1024.jpeg\"\/><\/figure>\n\n\n\n<figure class=\"wp-block-image is-style-default\" id=\"block-135edd7c-8d3c-4bb4-9e2a-98ae59db7187\"><img decoding=\"async\" src=\"https:\/\/elpuucnoticias.com\/wp-content\/uploads\/2024\/06\/whatsapp-image-2024-06-11-at-11.41.22-am-2-1024x576.jpeg\" alt=\"La imagen tiene un atributo ALT vac\u00edo; su nombre de archivo es whatsapp-image-2024-06-11-at-11.41.22-am-2-1024x576.jpeg\"\/><\/figure>\n\n\n\n<figure class=\"wp-block-image is-style-default\" id=\"block-1da5bbe7-e85a-48b5-8a1d-485b20f2d8e6\"><img decoding=\"async\" src=\"https:\/\/elpuucnoticias.com\/wp-content\/uploads\/2024\/06\/whatsapp-image-2024-06-11-at-11.41.23-am-1-1024x576.jpeg\" alt=\"La imagen tiene un atributo ALT vac\u00edo; su nombre de archivo es whatsapp-image-2024-06-11-at-11.41.23-am-1-1024x576.jpeg\"\/><\/figure>\n\n\n\n<p><br>El maestro Melki se jubil\u00f3 de su Primer grado y el maestro Gabriel de su Sexto grado. Pidieron a los alumnos, maestros y padres de familia continuar con el trabajo escolar y cuidar de la que fuera por casi 30 a\u00f1os su segundo hogar.<\/p>\n\n\n\n<figure class=\"wp-block-gallery has-nested-images columns-default is-cropped wp-block-gallery-1 is-layout-flex wp-block-gallery-is-layout-flex\"><\/figure>\n\n\n\n<p><\/p>\n","protected":false},"excerpt":{"rendered":"<p>El d\u00eda lunes 10 de Junio del presente a\u00f1o, en la escuela primaria Onofre Bacelis, se vivi\u00f3 una<\/p>\n","protected":false},"author":1,"featured_media":13356,"comment_status":"closed","ping_status":"open","sticky":false,"template":"","format":"standard","meta":{"_monsterinsights_skip_tracking":false,"_monsterinsights_sitenote_active":false,"_monsterinsights_sitenote_note":"","_monsterinsights_sitenote_category":0,"footnotes":""},"categories":[11,4],"tags":[],"class_list":["post-13352","post","type-post","status-publish","format-standard","has-post-thumbnail","hentry","category-noticias","category-tekax"],"yoast_head":"<!-- This site is optimized with the Yoast SEO plugin v18.3 - https:\/\/yoast.com\/wordpress\/plugins\/seo\/ -->\n<title>Ceremonia de jubilaci\u00f3n en la Onofre Bacelis - El Puuc Noticias<\/title>\n<meta name=\"robots\" content=\"index, follow, max-snippet:-1, max-image-preview:large, max-video-preview:-1\" \/>\n<link rel=\"canonical\" href=\"https:\/\/elpuucnoticias.com\/?p=13352\" \/>\n<meta property=\"og:locale\" content=\"es_ES\" \/>\n<meta property=\"og:type\" content=\"article\" \/>\n<meta property=\"og:title\" content=\"Ceremonia de jubilaci\u00f3n en la Onofre Bacelis - El Puuc Noticias\" \/>\n<meta property=\"og:description\" content=\"El d\u00eda lunes 10 de Junio del presente a\u00f1o, en la escuela primaria Onofre Bacelis, se vivi\u00f3 una\" \/>\n<meta property=\"og:url\" content=\"https:\/\/elpuucnoticias.com\/?p=13352\" \/>\n<meta property=\"og:site_name\" content=\"El Puuc Noticias\" \/>\n<meta property=\"article:published_time\" content=\"2024-06-12T01:33:36+00:00\" \/>\n<meta property=\"article:modified_time\" content=\"2024-06-12T01:33:39+00:00\" \/>\n<meta property=\"og:image\" content=\"https:\/\/elpuucnoticias.com\/wp-content\/uploads\/2024\/06\/whatsapp-image-2024-06-11-at-11.41.22-am.jpeg\" \/>\n\t<meta property=\"og:image:width\" content=\"1600\" \/>\n\t<meta property=\"og:image:height\" content=\"900\" \/>\n\t<meta property=\"og:image:type\" content=\"image\/jpeg\" \/>\n<meta name=\"twitter:card\" content=\"summary_large_image\" \/>\n<meta name=\"twitter:label1\" content=\"Escrito por\" \/>\n\t<meta name=\"twitter:data1\" content=\"elpuucnoticias\" \/>\n\t<meta name=\"twitter:label2\" content=\"Tiempo de lectura\" \/>\n\t<meta name=\"twitter:data2\" content=\"2 minutos\" \/>\n<script type=\"application\/ld+json\" class=\"yoast-schema-graph\">{\"@context\":\"https:\/\/schema.org\",\"@graph\":[{\"@type\":\"WebSite\",\"@id\":\"https:\/\/elpuucnoticias.com\/#website\",\"url\":\"https:\/\/elpuucnoticias.com\/\",\"name\":\"El Puuc Noticias\",\"description\":\"Noticias - Entretenimiento - Deportes\",\"potentialAction\":[{\"@type\":\"SearchAction\",\"target\":{\"@type\":\"EntryPoint\",\"urlTemplate\":\"https:\/\/elpuucnoticias.com\/?s={search_term_string}\"},\"query-input\":\"required name=search_term_string\"}],\"inLanguage\":\"es\"},{\"@type\":\"ImageObject\",\"@id\":\"https:\/\/elpuucnoticias.com\/?p=13352#primaryimage\",\"inLanguage\":\"es\",\"url\":\"https:\/\/elpuucnoticias.com\/wp-content\/uploads\/2024\/06\/whatsapp-image-2024-06-11-at-11.41.22-am.jpeg\",\"contentUrl\":\"https:\/\/elpuucnoticias.com\/wp-content\/uploads\/2024\/06\/whatsapp-image-2024-06-11-at-11.41.22-am.jpeg\",\"width\":1600,\"height\":900},{\"@type\":\"WebPage\",\"@id\":\"https:\/\/elpuucnoticias.com\/?p=13352#webpage\",\"url\":\"https:\/\/elpuucnoticias.com\/?p=13352\",\"name\":\"Ceremonia de jubilaci\u00f3n en la Onofre Bacelis - El Puuc Noticias\",\"isPartOf\":{\"@id\":\"https:\/\/elpuucnoticias.com\/#website\"},\"primaryImageOfPage\":{\"@id\":\"https:\/\/elpuucnoticias.com\/?p=13352#primaryimage\"},\"datePublished\":\"2024-06-12T01:33:36+00:00\",\"dateModified\":\"2024-06-12T01:33:39+00:00\",\"author\":{\"@id\":\"https:\/\/elpuucnoticias.com\/#\/schema\/person\/d2ea09e4c97f0160b11cdfb1d856bd9e\"},\"breadcrumb\":{\"@id\":\"https:\/\/elpuucnoticias.com\/?p=13352#breadcrumb\"},\"inLanguage\":\"es\",\"potentialAction\":[{\"@type\":\"ReadAction\",\"target\":[\"https:\/\/elpuucnoticias.com\/?p=13352\"]}]},{\"@type\":\"BreadcrumbList\",\"@id\":\"https:\/\/elpuucnoticias.com\/?p=13352#breadcrumb\",\"itemListElement\":[{\"@type\":\"ListItem\",\"position\":1,\"name\":\"Portada\",\"item\":\"https:\/\/elpuucnoticias.com\/\"},{\"@type\":\"ListItem\",\"position\":2,\"name\":\"Ceremonia de jubilaci\u00f3n en la Onofre Bacelis\"}]},{\"@type\":\"Person\",\"@id\":\"https:\/\/elpuucnoticias.com\/#\/schema\/person\/d2ea09e4c97f0160b11cdfb1d856bd9e\",\"name\":\"elpuucnoticias\",\"image\":{\"@type\":\"ImageObject\",\"@id\":\"https:\/\/elpuucnoticias.com\/#personlogo\",\"inLanguage\":\"es\",\"url\":\"https:\/\/secure.gravatar.com\/avatar\/5290a43657c74ffa15701dbe5b846bd85cc71930d803c84e91046a7333de6ce2?s=96&d=mm&r=g\",\"contentUrl\":\"https:\/\/secure.gravatar.com\/avatar\/5290a43657c74ffa15701dbe5b846bd85cc71930d803c84e91046a7333de6ce2?s=96&d=mm&r=g\",\"caption\":\"elpuucnoticias\"},\"sameAs\":[\"https:\/\/elpuucnoticias.com\"],\"url\":\"https:\/\/elpuucnoticias.com\/?author=1\"}]}<\/script>\n<!-- \/ Yoast SEO plugin. -->","yoast_head_json":{"title":"Ceremonia de jubilaci\u00f3n en la Onofre Bacelis - El Puuc Noticias","robots":{"index":"index","follow":"follow","max-snippet":"max-snippet:-1","max-image-preview":"max-image-preview:large","max-video-preview":"max-video-preview:-1"},"canonical":"https:\/\/elpuucnoticias.com\/?p=13352","og_locale":"es_ES","og_type":"article","og_title":"Ceremonia de jubilaci\u00f3n en la Onofre Bacelis - El Puuc Noticias","og_description":"El d\u00eda lunes 10 de Junio del presente a\u00f1o, en la escuela primaria Onofre Bacelis, se vivi\u00f3 una","og_url":"https:\/\/elpuucnoticias.com\/?p=13352","og_site_name":"El Puuc Noticias","article_published_time":"2024-06-12T01:33:36+00:00","article_modified_time":"2024-06-12T01:33:39+00:00","og_image":[{"width":1600,"height":900,"url":"https:\/\/elpuucnoticias.com\/wp-content\/uploads\/2024\/06\/whatsapp-image-2024-06-11-at-11.41.22-am.jpeg","type":"image\/jpeg"}],"twitter_card":"summary_large_image","twitter_misc":{"Escrito por":"elpuucnoticias","Tiempo de lectura":"2 minutos"},"schema":{"@context":"https:\/\/schema.org","@graph":[{"@type":"WebSite","@id":"https:\/\/elpuucnoticias.com\/#website","url":"https:\/\/elpuucnoticias.com\/","name":"El Puuc Noticias","description":"Noticias - Entretenimiento - Deportes","potentialAction":[{"@type":"SearchAction","target":{"@type":"EntryPoint","urlTemplate":"https:\/\/elpuucnoticias.com\/?s={search_term_string}"},"query-input":"required name=search_term_string"}],"inLanguage":"es"},{"@type":"ImageObject","@id":"https:\/\/elpuucnoticias.com\/?p=13352#primaryimage","inLanguage":"es","url":"https:\/\/elpuucnoticias.com\/wp-content\/uploads\/2024\/06\/whatsapp-image-2024-06-11-at-11.41.22-am.jpeg","contentUrl":"https:\/\/elpuucnoticias.com\/wp-content\/uploads\/2024\/06\/whatsapp-image-2024-06-11-at-11.41.22-am.jpeg","width":1600,"height":900},{"@type":"WebPage","@id":"https:\/\/elpuucnoticias.com\/?p=13352#webpage","url":"https:\/\/elpuucnoticias.com\/?p=13352","name":"Ceremonia de jubilaci\u00f3n en la Onofre Bacelis - El Puuc Noticias","isPartOf":{"@id":"https:\/\/elpuucnoticias.com\/#website"},"primaryImageOfPage":{"@id":"https:\/\/elpuucnoticias.com\/?p=13352#primaryimage"},"datePublished":"2024-06-12T01:33:36+00:00","dateModified":"2024-06-12T01:33:39+00:00","author":{"@id":"https:\/\/elpuucnoticias.com\/#\/schema\/person\/d2ea09e4c97f0160b11cdfb1d856bd9e"},"breadcrumb":{"@id":"https:\/\/elpuucnoticias.com\/?p=13352#breadcrumb"},"inLanguage":"es","potentialAction":[{"@type":"ReadAction","target":["https:\/\/elpuucnoticias.com\/?p=13352"]}]},{"@type":"BreadcrumbList","@id":"https:\/\/elpuucnoticias.com\/?p=13352#breadcrumb","itemListElement":[{"@type":"ListItem","position":1,"name":"Portada","item":"https:\/\/elpuucnoticias.com\/"},{"@type":"ListItem","position":2,"name":"Ceremonia de jubilaci\u00f3n en la Onofre Bacelis"}]},{"@type":"Person","@id":"https:\/\/elpuucnoticias.com\/#\/schema\/person\/d2ea09e4c97f0160b11cdfb1d856bd9e","name":"elpuucnoticias","image":{"@type":"ImageObject","@id":"https:\/\/elpuucnoticias.com\/#personlogo","inLanguage":"es","url":"https:\/\/secure.gravatar.com\/avatar\/5290a43657c74ffa15701dbe5b846bd85cc71930d803c84e91046a7333de6ce2?s=96&d=mm&r=g","contentUrl":"https:\/\/secure.gravatar.com\/avatar\/5290a43657c74ffa15701dbe5b846bd85cc71930d803c84e91046a7333de6ce2?s=96&d=mm&r=g","caption":"elpuucnoticias"},"sameAs":["https:\/\/elpuucnoticias.com"],"url":"https:\/\/elpuucnoticias.com\/?author=1"}]}},"_links":{"self":[{"href":"https:\/\/elpuucnoticias.com\/index.php?rest_route=\/wp\/v2\/posts\/13352","targetHints":{"allow":["GET"]}}],"collection":[{"href":"https:\/\/elpuucnoticias.com\/index.php?rest_route=\/wp\/v2\/posts"}],"about":[{"href":"https:\/\/elpuucnoticias.com\/index.php?rest_route=\/wp\/v2\/types\/post"}],"author":[{"embeddable":true,"href":"https:\/\/elpuucnoticias.com\/index.php?rest_route=\/wp\/v2\/users\/1"}],"replies":[{"embeddable":true,"href":"https:\/\/elpuucnoticias.com\/index.php?rest_route=%2Fwp%2Fv2%2Fcomments&post=13352"}],"version-history":[{"count":1,"href":"https:\/\/elpuucnoticias.com\/index.php?rest_route=\/wp\/v2\/posts\/13352\/revisions"}],"predecessor-version":[{"id":13357,"href":"https:\/\/elpuucnoticias.com\/index.php?rest_route=\/wp\/v2\/posts\/13352\/revisions\/13357"}],"wp:featuredmedia":[{"embeddable":true,"href":"https:\/\/elpuucnoticias.com\/index.php?rest_route=\/wp\/v2\/media\/13356"}],"wp:attachment":[{"href":"https:\/\/elpuucnoticias.com\/index.php?rest_route=%2Fwp%2Fv2%2Fmedia&parent=13352"}],"wp:term":[{"taxonomy":"category","embeddable":true,"href":"https:\/\/elpuucnoticias.com\/index.php?rest_route=%2Fwp%2Fv2%2Fcategories&post=13352"},{"taxonomy":"post_tag","embeddable":true,"href":"https:\/\/elpuucnoticias.com\/index.php?rest_route=%2Fwp%2Fv2%2Ftags&post=13352"}],"curies":[{"name":"wp","href":"https:\/\/api.w.org\/{rel}","templated":true}]}}