{"id":13373,"date":"2024-06-12T11:10:02","date_gmt":"2024-06-12T17:10:02","guid":{"rendered":"https:\/\/elpuucnoticias.com\/?p=13373"},"modified":"2024-06-12T11:14:51","modified_gmt":"2024-06-12T17:14:51","slug":"se-quedan-en-prision-vinculados-a-proceso-por-homicidio-en-san-felipe","status":"publish","type":"post","link":"https:\/\/elpuucnoticias.com\/?p=13373","title":{"rendered":"Se quedan en prisi\u00f3n vinculados a proceso por homicidio en San Felipe"},"content":{"rendered":"\n<p>Despu\u00e9s de valorar los datos de prueba presentados por la Fiscal\u00eda General del Estado (FGE), L.A.H.C. y C.A.D.P. fueron vinculados a proceso por el delito de homicidio calificado, denunciado tras los hechos ocurridos en mayo pasado en el puerto de San Felipe, donde perdi\u00f3 la vida el ciudadano E.S.M. y por lo que permanecer\u00e1n bajo la medida cautelar de prisi\u00f3n preventiva.<\/p>\n\n\n\n<p>Al reanudar la audiencia en el Juzgado de Control del Quinto Distrito con sede en Valladolid, la autoridad judicial valor\u00f3 los datos de prueba aportados por los fiscales de litigaci\u00f3n y consider\u00f3 que existen elementos suficientes para decretar el citado auto de vinculaci\u00f3n a proceso, otorgando adem\u00e1s un plazo de cuatro meses para el cierre de la investigaci\u00f3n complementaria, tiempo del que dispondr\u00e1n las partes para continuar con la indagatoria.<\/p>\n\n\n\n<p>Cabe recordar que durante la audiencia inicial, esta representaci\u00f3n social estableci\u00f3 que los hechos ocurrieron el 31 de mayo pasado, cuando los acusados arribaron a San Felipe e ingresando al domicilio de la v\u00edctima localizado en la calle 12 de la poblaci\u00f3n y al llegar \u00e9ste, fue atacado por los encausados, quienes le provocaron lesiones, las cuales lo privaron de la vida a consecuencia de un traumatismo craneoencef\u00e1lico, tal como dictamin\u00f3 un perito del Servicio M\u00e9dico Forense y se encuentra documentado en la carpeta de investigaci\u00f3n de la causa penal 50\/2024<\/p>\n","protected":false},"excerpt":{"rendered":"<p>Despu\u00e9s de valorar los datos de prueba presentados por la Fiscal\u00eda General del Estado (FGE), L.A.H.C. y C.A.D.P.<\/p>\n","protected":false},"author":1,"featured_media":9269,"comment_status":"closed","ping_status":"open","sticky":false,"template":"","format":"standard","meta":{"_monsterinsights_skip_tracking":false,"_monsterinsights_sitenote_active":false,"_monsterinsights_sitenote_note":"","_monsterinsights_sitenote_category":0,"footnotes":""},"categories":[11,3],"tags":[],"class_list":["post-13373","post","type-post","status-publish","format-standard","has-post-thumbnail","hentry","category-noticias","category-policiacas"],"yoast_head":"<!-- This site is optimized with the Yoast SEO plugin v18.3 - https:\/\/yoast.com\/wordpress\/plugins\/seo\/ -->\n<title>Se quedan en prisi\u00f3n vinculados a proceso por homicidio en San Felipe - El Puuc Noticias<\/title>\n<meta name=\"robots\" content=\"index, follow, max-snippet:-1, max-image-preview:large, max-video-preview:-1\" \/>\n<link rel=\"canonical\" href=\"https:\/\/elpuucnoticias.com\/?p=13373\" \/>\n<meta property=\"og:locale\" content=\"es_ES\" \/>\n<meta property=\"og:type\" content=\"article\" \/>\n<meta property=\"og:title\" content=\"Se quedan en prisi\u00f3n vinculados a proceso por homicidio en San Felipe - El Puuc Noticias\" \/>\n<meta property=\"og:description\" content=\"Despu\u00e9s de valorar los datos de prueba presentados por la Fiscal\u00eda General del Estado (FGE), L.A.H.C. y C.A.D.P.\" \/>\n<meta property=\"og:url\" content=\"https:\/\/elpuucnoticias.com\/?p=13373\" \/>\n<meta property=\"og:site_name\" content=\"El Puuc Noticias\" \/>\n<meta property=\"article:published_time\" content=\"2024-06-12T17:10:02+00:00\" \/>\n<meta property=\"article:modified_time\" content=\"2024-06-12T17:14:51+00:00\" \/>\n<meta property=\"og:image\" content=\"https:\/\/elpuucnoticias.com\/wp-content\/uploads\/2023\/09\/fiscalia-dedos-3.jpg\" \/>\n\t<meta property=\"og:image:width\" content=\"1492\" \/>\n\t<meta property=\"og:image:height\" content=\"995\" \/>\n\t<meta property=\"og:image:type\" content=\"image\/jpeg\" \/>\n<meta name=\"twitter:card\" content=\"summary_large_image\" \/>\n<meta name=\"twitter:label1\" content=\"Escrito por\" \/>\n\t<meta name=\"twitter:data1\" content=\"elpuucnoticias\" \/>\n\t<meta name=\"twitter:label2\" content=\"Tiempo de lectura\" \/>\n\t<meta name=\"twitter:data2\" content=\"2 minutos\" \/>\n<script type=\"application\/ld+json\" class=\"yoast-schema-graph\">{\"@context\":\"https:\/\/schema.org\",\"@graph\":[{\"@type\":\"WebSite\",\"@id\":\"https:\/\/elpuucnoticias.com\/#website\",\"url\":\"https:\/\/elpuucnoticias.com\/\",\"name\":\"El Puuc Noticias\",\"description\":\"Noticias - Entretenimiento - Deportes\",\"potentialAction\":[{\"@type\":\"SearchAction\",\"target\":{\"@type\":\"EntryPoint\",\"urlTemplate\":\"https:\/\/elpuucnoticias.com\/?s={search_term_string}\"},\"query-input\":\"required name=search_term_string\"}],\"inLanguage\":\"es\"},{\"@type\":\"ImageObject\",\"@id\":\"https:\/\/elpuucnoticias.com\/?p=13373#primaryimage\",\"inLanguage\":\"es\",\"url\":\"https:\/\/elpuucnoticias.com\/wp-content\/uploads\/2023\/09\/fiscalia-dedos-3.jpg\",\"contentUrl\":\"https:\/\/elpuucnoticias.com\/wp-content\/uploads\/2023\/09\/fiscalia-dedos-3.jpg\",\"width\":1492,\"height\":995},{\"@type\":\"WebPage\",\"@id\":\"https:\/\/elpuucnoticias.com\/?p=13373#webpage\",\"url\":\"https:\/\/elpuucnoticias.com\/?p=13373\",\"name\":\"Se quedan en prisi\u00f3n vinculados a proceso por homicidio en San Felipe - El Puuc Noticias\",\"isPartOf\":{\"@id\":\"https:\/\/elpuucnoticias.com\/#website\"},\"primaryImageOfPage\":{\"@id\":\"https:\/\/elpuucnoticias.com\/?p=13373#primaryimage\"},\"datePublished\":\"2024-06-12T17:10:02+00:00\",\"dateModified\":\"2024-06-12T17:14:51+00:00\",\"author\":{\"@id\":\"https:\/\/elpuucnoticias.com\/#\/schema\/person\/d2ea09e4c97f0160b11cdfb1d856bd9e\"},\"breadcrumb\":{\"@id\":\"https:\/\/elpuucnoticias.com\/?p=13373#breadcrumb\"},\"inLanguage\":\"es\",\"potentialAction\":[{\"@type\":\"ReadAction\",\"target\":[\"https:\/\/elpuucnoticias.com\/?p=13373\"]}]},{\"@type\":\"BreadcrumbList\",\"@id\":\"https:\/\/elpuucnoticias.com\/?p=13373#breadcrumb\",\"itemListElement\":[{\"@type\":\"ListItem\",\"position\":1,\"name\":\"Portada\",\"item\":\"https:\/\/elpuucnoticias.com\/\"},{\"@type\":\"ListItem\",\"position\":2,\"name\":\"Se quedan en prisi\u00f3n vinculados a proceso por homicidio en San Felipe\"}]},{\"@type\":\"Person\",\"@id\":\"https:\/\/elpuucnoticias.com\/#\/schema\/person\/d2ea09e4c97f0160b11cdfb1d856bd9e\",\"name\":\"elpuucnoticias\",\"image\":{\"@type\":\"ImageObject\",\"@id\":\"https:\/\/elpuucnoticias.com\/#personlogo\",\"inLanguage\":\"es\",\"url\":\"https:\/\/secure.gravatar.com\/avatar\/5290a43657c74ffa15701dbe5b846bd85cc71930d803c84e91046a7333de6ce2?s=96&d=mm&r=g\",\"contentUrl\":\"https:\/\/secure.gravatar.com\/avatar\/5290a43657c74ffa15701dbe5b846bd85cc71930d803c84e91046a7333de6ce2?s=96&d=mm&r=g\",\"caption\":\"elpuucnoticias\"},\"sameAs\":[\"https:\/\/elpuucnoticias.com\"],\"url\":\"https:\/\/elpuucnoticias.com\/?author=1\"}]}<\/script>\n<!-- \/ Yoast SEO plugin. -->","yoast_head_json":{"title":"Se quedan en prisi\u00f3n vinculados a proceso por homicidio en San Felipe - El Puuc Noticias","robots":{"index":"index","follow":"follow","max-snippet":"max-snippet:-1","max-image-preview":"max-image-preview:large","max-video-preview":"max-video-preview:-1"},"canonical":"https:\/\/elpuucnoticias.com\/?p=13373","og_locale":"es_ES","og_type":"article","og_title":"Se quedan en prisi\u00f3n vinculados a proceso por homicidio en San Felipe - El Puuc Noticias","og_description":"Despu\u00e9s de valorar los datos de prueba presentados por la Fiscal\u00eda General del Estado (FGE), L.A.H.C. y C.A.D.P.","og_url":"https:\/\/elpuucnoticias.com\/?p=13373","og_site_name":"El Puuc Noticias","article_published_time":"2024-06-12T17:10:02+00:00","article_modified_time":"2024-06-12T17:14:51+00:00","og_image":[{"width":1492,"height":995,"url":"https:\/\/elpuucnoticias.com\/wp-content\/uploads\/2023\/09\/fiscalia-dedos-3.jpg","type":"image\/jpeg"}],"twitter_card":"summary_large_image","twitter_misc":{"Escrito por":"elpuucnoticias","Tiempo de lectura":"2 minutos"},"schema":{"@context":"https:\/\/schema.org","@graph":[{"@type":"WebSite","@id":"https:\/\/elpuucnoticias.com\/#website","url":"https:\/\/elpuucnoticias.com\/","name":"El Puuc Noticias","description":"Noticias - Entretenimiento - Deportes","potentialAction":[{"@type":"SearchAction","target":{"@type":"EntryPoint","urlTemplate":"https:\/\/elpuucnoticias.com\/?s={search_term_string}"},"query-input":"required name=search_term_string"}],"inLanguage":"es"},{"@type":"ImageObject","@id":"https:\/\/elpuucnoticias.com\/?p=13373#primaryimage","inLanguage":"es","url":"https:\/\/elpuucnoticias.com\/wp-content\/uploads\/2023\/09\/fiscalia-dedos-3.jpg","contentUrl":"https:\/\/elpuucnoticias.com\/wp-content\/uploads\/2023\/09\/fiscalia-dedos-3.jpg","width":1492,"height":995},{"@type":"WebPage","@id":"https:\/\/elpuucnoticias.com\/?p=13373#webpage","url":"https:\/\/elpuucnoticias.com\/?p=13373","name":"Se quedan en prisi\u00f3n vinculados a proceso por homicidio en San Felipe - El Puuc Noticias","isPartOf":{"@id":"https:\/\/elpuucnoticias.com\/#website"},"primaryImageOfPage":{"@id":"https:\/\/elpuucnoticias.com\/?p=13373#primaryimage"},"datePublished":"2024-06-12T17:10:02+00:00","dateModified":"2024-06-12T17:14:51+00:00","author":{"@id":"https:\/\/elpuucnoticias.com\/#\/schema\/person\/d2ea09e4c97f0160b11cdfb1d856bd9e"},"breadcrumb":{"@id":"https:\/\/elpuucnoticias.com\/?p=13373#breadcrumb"},"inLanguage":"es","potentialAction":[{"@type":"ReadAction","target":["https:\/\/elpuucnoticias.com\/?p=13373"]}]},{"@type":"BreadcrumbList","@id":"https:\/\/elpuucnoticias.com\/?p=13373#breadcrumb","itemListElement":[{"@type":"ListItem","position":1,"name":"Portada","item":"https:\/\/elpuucnoticias.com\/"},{"@type":"ListItem","position":2,"name":"Se quedan en prisi\u00f3n vinculados a proceso por homicidio en San Felipe"}]},{"@type":"Person","@id":"https:\/\/elpuucnoticias.com\/#\/schema\/person\/d2ea09e4c97f0160b11cdfb1d856bd9e","name":"elpuucnoticias","image":{"@type":"ImageObject","@id":"https:\/\/elpuucnoticias.com\/#personlogo","inLanguage":"es","url":"https:\/\/secure.gravatar.com\/avatar\/5290a43657c74ffa15701dbe5b846bd85cc71930d803c84e91046a7333de6ce2?s=96&d=mm&r=g","contentUrl":"https:\/\/secure.gravatar.com\/avatar\/5290a43657c74ffa15701dbe5b846bd85cc71930d803c84e91046a7333de6ce2?s=96&d=mm&r=g","caption":"elpuucnoticias"},"sameAs":["https:\/\/elpuucnoticias.com"],"url":"https:\/\/elpuucnoticias.com\/?author=1"}]}},"_links":{"self":[{"href":"https:\/\/elpuucnoticias.com\/index.php?rest_route=\/wp\/v2\/posts\/13373","targetHints":{"allow":["GET"]}}],"collection":[{"href":"https:\/\/elpuucnoticias.com\/index.php?rest_route=\/wp\/v2\/posts"}],"about":[{"href":"https:\/\/elpuucnoticias.com\/index.php?rest_route=\/wp\/v2\/types\/post"}],"author":[{"embeddable":true,"href":"https:\/\/elpuucnoticias.com\/index.php?rest_route=\/wp\/v2\/users\/1"}],"replies":[{"embeddable":true,"href":"https:\/\/elpuucnoticias.com\/index.php?rest_route=%2Fwp%2Fv2%2Fcomments&post=13373"}],"version-history":[{"count":1,"href":"https:\/\/elpuucnoticias.com\/index.php?rest_route=\/wp\/v2\/posts\/13373\/revisions"}],"predecessor-version":[{"id":13374,"href":"https:\/\/elpuucnoticias.com\/index.php?rest_route=\/wp\/v2\/posts\/13373\/revisions\/13374"}],"wp:featuredmedia":[{"embeddable":true,"href":"https:\/\/elpuucnoticias.com\/index.php?rest_route=\/wp\/v2\/media\/9269"}],"wp:attachment":[{"href":"https:\/\/elpuucnoticias.com\/index.php?rest_route=%2Fwp%2Fv2%2Fmedia&parent=13373"}],"wp:term":[{"taxonomy":"category","embeddable":true,"href":"https:\/\/elpuucnoticias.com\/index.php?rest_route=%2Fwp%2Fv2%2Fcategories&post=13373"},{"taxonomy":"post_tag","embeddable":true,"href":"https:\/\/elpuucnoticias.com\/index.php?rest_route=%2Fwp%2Fv2%2Ftags&post=13373"}],"curies":[{"name":"wp","href":"https:\/\/api.w.org\/{rel}","templated":true}]}}