{"id":13392,"date":"2024-06-12T11:48:51","date_gmt":"2024-06-12T17:48:51","guid":{"rendered":"https:\/\/elpuucnoticias.com\/?p=13392"},"modified":"2024-06-12T11:48:52","modified_gmt":"2024-06-12T17:48:52","slug":"participa-quintana-roo-en-la-segunda-cumbre-internacional-de-salud","status":"publish","type":"post","link":"https:\/\/elpuucnoticias.com\/?p=13392","title":{"rendered":"Participa Quintana Roo en la Segunda Cumbre Internacional de Salud"},"content":{"rendered":"\n<p>Con el objetivo de fortalecer la cooperaci\u00f3n internacional, compartir experiencias y mejores pr\u00e1cticas en la atenci\u00f3n p\u00fablica a la salud, se llev\u00f3 a cabo la Segunda Cumbre Internacional del Comando Interinstitucional del Sector Salud, donde particip\u00f3 el secretario de Salud en Quintana Roo, Flavio Carlos Rosado.<\/p>\n\n\n\n<p>Durante la cumbre, se discutieron temas de gran relevancia como la prevenci\u00f3n de enfermedades, la promoci\u00f3n de estilos de vida saludables, la mejora de los sistemas de salud p\u00fablico y privado.<\/p>\n\n\n\n<p>El titular de la SESA, Flavio Carlos Rosado, expres\u00f3 su compromiso con la cooperaci\u00f3n internacional e interinstitucional en materia de salud y resalt\u00f3 la dedicaci\u00f3n y esfuerzo de las y los participantes para mantener a sus estados y pa\u00edses m\u00e1s saludables y seguros.<\/p>\n\n\n\n<figure class=\"wp-block-image size-large is-style-default\"><img loading=\"lazy\" decoding=\"async\" width=\"1024\" height=\"793\" src=\"https:\/\/elpuucnoticias.com\/wp-content\/uploads\/2024\/06\/whatsapp-image-2024-06-12-at-11.24.26-am-1024x793.jpeg\" alt=\"\" class=\"wp-image-13393\" srcset=\"https:\/\/elpuucnoticias.com\/wp-content\/uploads\/2024\/06\/whatsapp-image-2024-06-12-at-11.24.26-am-1024x793.jpeg 1024w, https:\/\/elpuucnoticias.com\/wp-content\/uploads\/2024\/06\/whatsapp-image-2024-06-12-at-11.24.26-am-300x232.jpeg 300w, https:\/\/elpuucnoticias.com\/wp-content\/uploads\/2024\/06\/whatsapp-image-2024-06-12-at-11.24.26-am-768x595.jpeg 768w, https:\/\/elpuucnoticias.com\/wp-content\/uploads\/2024\/06\/whatsapp-image-2024-06-12-at-11.24.26-am-320x248.jpeg 320w, https:\/\/elpuucnoticias.com\/wp-content\/uploads\/2024\/06\/whatsapp-image-2024-06-12-at-11.24.26-am.jpeg 1155w\" sizes=\"auto, (max-width: 1024px) 100vw, 1024px\" \/><\/figure>\n\n\n\n<p>Destac\u00f3 mediante el Nuevo Acuerdo por el Bienestar y Desarrollo de Quintana Roo que promueve la gobernadora Mara Lezama Espinosa, es importante trabajar de manera coordinada y colaborativa para garantizar la salud de la poblaci\u00f3n y mejorar la calidad de vida de todas y todos los ciudadanos.<\/p>\n\n\n\n<p>Recalc\u00f3 que Quintana Roo instal\u00f3 su Comando Estatal Interinstitucional del Sector Salud el 10 de agosto del 2023, en Canc\u00fan con el objetivo de ser un grupo l\u00edder, responsable de evaluar los riesgos a la salud, capaz de generar estrategias de mejora los procesos de atenci\u00f3n m\u00e9dica, para otorgar calidad y seguridad a las personas usuarias de las instituciones del sector en el estado.<\/p>\n\n\n\n<p>Desde la instalaci\u00f3n del Comando a la fecha se han realizado en total 14 visitas a las unidades que forman parte del Sistema de Salud Quintana Roo: 4 visitas a unidades de SESA, 3 visitas a unidades del ISSSTE, 4 visitas a unidades del IMSS y 3 visitas a unidades de IMSS-Bienestar.<\/p>\n\n\n\n<p>El evento estuvo presidido por el secretario de Salud del Gobierno de M\u00e9xico, Jorge Alcocer Varela, as\u00ed como la titular de Atenci\u00f3n a la Salud del IMSS-BIENESTAR, C\u00e9lida Duque Molina, entre otras autoridades.<\/p>\n\n\n\n<p>En esta importante cumbre, se cont\u00f3 tambi\u00e9n con la participaci\u00f3n de los secretarios de Salud de todos los estados del pa\u00eds, as\u00ed como autoridades sanitarias de otros pa\u00edses como Suiza, Chile, entre otros.<\/p>\n\n\n\n<p>La Segunda Cumbre Internacional del Comando Interinstitucional del Sector Salud es un espacio de di\u00e1logo, reflexi\u00f3n y acci\u00f3n, que permite sentar las bases para una colaboraci\u00f3n m\u00e1s estrecha entre instituciones y pa\u00edses participantes en beneficio de la salud de todas las personas.<\/p>\n","protected":false},"excerpt":{"rendered":"<p>Con el objetivo de fortalecer la cooperaci\u00f3n internacional, compartir experiencias y mejores pr\u00e1cticas en la atenci\u00f3n p\u00fablica a<\/p>\n","protected":false},"author":1,"featured_media":13394,"comment_status":"closed","ping_status":"open","sticky":false,"template":"","format":"standard","meta":{"_monsterinsights_skip_tracking":false,"_monsterinsights_sitenote_active":false,"_monsterinsights_sitenote_note":"","_monsterinsights_sitenote_category":0,"footnotes":""},"categories":[11,24],"tags":[],"class_list":["post-13392","post","type-post","status-publish","format-standard","has-post-thumbnail","hentry","category-noticias","category-quintana-roo"],"yoast_head":"<!-- This site is optimized with the Yoast SEO plugin v18.3 - https:\/\/yoast.com\/wordpress\/plugins\/seo\/ -->\n<title>Participa Quintana Roo en la Segunda Cumbre Internacional de Salud - El Puuc Noticias<\/title>\n<meta name=\"robots\" content=\"index, follow, max-snippet:-1, max-image-preview:large, max-video-preview:-1\" \/>\n<link rel=\"canonical\" href=\"https:\/\/elpuucnoticias.com\/?p=13392\" \/>\n<meta property=\"og:locale\" content=\"es_ES\" \/>\n<meta property=\"og:type\" content=\"article\" \/>\n<meta property=\"og:title\" content=\"Participa Quintana Roo en la Segunda Cumbre Internacional de Salud - El Puuc Noticias\" \/>\n<meta property=\"og:description\" content=\"Con el objetivo de fortalecer la cooperaci\u00f3n internacional, compartir experiencias y mejores pr\u00e1cticas en la atenci\u00f3n p\u00fablica a\" \/>\n<meta property=\"og:url\" content=\"https:\/\/elpuucnoticias.com\/?p=13392\" \/>\n<meta property=\"og:site_name\" content=\"El Puuc Noticias\" \/>\n<meta property=\"article:published_time\" content=\"2024-06-12T17:48:51+00:00\" \/>\n<meta property=\"article:modified_time\" content=\"2024-06-12T17:48:52+00:00\" \/>\n<meta property=\"og:image\" content=\"https:\/\/elpuucnoticias.com\/wp-content\/uploads\/2024\/06\/whatsapp-image-2024-06-12-at-11.24.26-am-1.jpeg\" \/>\n\t<meta property=\"og:image:width\" content=\"1599\" \/>\n\t<meta property=\"og:image:height\" content=\"1326\" \/>\n\t<meta property=\"og:image:type\" content=\"image\/jpeg\" \/>\n<meta name=\"twitter:card\" content=\"summary_large_image\" \/>\n<meta name=\"twitter:label1\" content=\"Escrito por\" \/>\n\t<meta name=\"twitter:data1\" content=\"elpuucnoticias\" \/>\n\t<meta name=\"twitter:label2\" content=\"Tiempo de lectura\" \/>\n\t<meta name=\"twitter:data2\" content=\"2 minutos\" \/>\n<script type=\"application\/ld+json\" class=\"yoast-schema-graph\">{\"@context\":\"https:\/\/schema.org\",\"@graph\":[{\"@type\":\"WebSite\",\"@id\":\"https:\/\/elpuucnoticias.com\/#website\",\"url\":\"https:\/\/elpuucnoticias.com\/\",\"name\":\"El Puuc Noticias\",\"description\":\"Noticias - Entretenimiento - Deportes\",\"potentialAction\":[{\"@type\":\"SearchAction\",\"target\":{\"@type\":\"EntryPoint\",\"urlTemplate\":\"https:\/\/elpuucnoticias.com\/?s={search_term_string}\"},\"query-input\":\"required name=search_term_string\"}],\"inLanguage\":\"es\"},{\"@type\":\"ImageObject\",\"@id\":\"https:\/\/elpuucnoticias.com\/?p=13392#primaryimage\",\"inLanguage\":\"es\",\"url\":\"https:\/\/elpuucnoticias.com\/wp-content\/uploads\/2024\/06\/whatsapp-image-2024-06-12-at-11.24.26-am-1.jpeg\",\"contentUrl\":\"https:\/\/elpuucnoticias.com\/wp-content\/uploads\/2024\/06\/whatsapp-image-2024-06-12-at-11.24.26-am-1.jpeg\",\"width\":1599,\"height\":1326},{\"@type\":\"WebPage\",\"@id\":\"https:\/\/elpuucnoticias.com\/?p=13392#webpage\",\"url\":\"https:\/\/elpuucnoticias.com\/?p=13392\",\"name\":\"Participa Quintana Roo en la Segunda Cumbre Internacional de Salud - El Puuc Noticias\",\"isPartOf\":{\"@id\":\"https:\/\/elpuucnoticias.com\/#website\"},\"primaryImageOfPage\":{\"@id\":\"https:\/\/elpuucnoticias.com\/?p=13392#primaryimage\"},\"datePublished\":\"2024-06-12T17:48:51+00:00\",\"dateModified\":\"2024-06-12T17:48:52+00:00\",\"author\":{\"@id\":\"https:\/\/elpuucnoticias.com\/#\/schema\/person\/d2ea09e4c97f0160b11cdfb1d856bd9e\"},\"breadcrumb\":{\"@id\":\"https:\/\/elpuucnoticias.com\/?p=13392#breadcrumb\"},\"inLanguage\":\"es\",\"potentialAction\":[{\"@type\":\"ReadAction\",\"target\":[\"https:\/\/elpuucnoticias.com\/?p=13392\"]}]},{\"@type\":\"BreadcrumbList\",\"@id\":\"https:\/\/elpuucnoticias.com\/?p=13392#breadcrumb\",\"itemListElement\":[{\"@type\":\"ListItem\",\"position\":1,\"name\":\"Portada\",\"item\":\"https:\/\/elpuucnoticias.com\/\"},{\"@type\":\"ListItem\",\"position\":2,\"name\":\"Participa Quintana Roo en la Segunda Cumbre Internacional de Salud\"}]},{\"@type\":\"Person\",\"@id\":\"https:\/\/elpuucnoticias.com\/#\/schema\/person\/d2ea09e4c97f0160b11cdfb1d856bd9e\",\"name\":\"elpuucnoticias\",\"image\":{\"@type\":\"ImageObject\",\"@id\":\"https:\/\/elpuucnoticias.com\/#personlogo\",\"inLanguage\":\"es\",\"url\":\"https:\/\/secure.gravatar.com\/avatar\/5290a43657c74ffa15701dbe5b846bd85cc71930d803c84e91046a7333de6ce2?s=96&d=mm&r=g\",\"contentUrl\":\"https:\/\/secure.gravatar.com\/avatar\/5290a43657c74ffa15701dbe5b846bd85cc71930d803c84e91046a7333de6ce2?s=96&d=mm&r=g\",\"caption\":\"elpuucnoticias\"},\"sameAs\":[\"https:\/\/elpuucnoticias.com\"],\"url\":\"https:\/\/elpuucnoticias.com\/?author=1\"}]}<\/script>\n<!-- \/ Yoast SEO plugin. -->","yoast_head_json":{"title":"Participa Quintana Roo en la Segunda Cumbre Internacional de Salud - El Puuc Noticias","robots":{"index":"index","follow":"follow","max-snippet":"max-snippet:-1","max-image-preview":"max-image-preview:large","max-video-preview":"max-video-preview:-1"},"canonical":"https:\/\/elpuucnoticias.com\/?p=13392","og_locale":"es_ES","og_type":"article","og_title":"Participa Quintana Roo en la Segunda Cumbre Internacional de Salud - El Puuc Noticias","og_description":"Con el objetivo de fortalecer la cooperaci\u00f3n internacional, compartir experiencias y mejores pr\u00e1cticas en la atenci\u00f3n p\u00fablica a","og_url":"https:\/\/elpuucnoticias.com\/?p=13392","og_site_name":"El Puuc Noticias","article_published_time":"2024-06-12T17:48:51+00:00","article_modified_time":"2024-06-12T17:48:52+00:00","og_image":[{"width":1599,"height":1326,"url":"https:\/\/elpuucnoticias.com\/wp-content\/uploads\/2024\/06\/whatsapp-image-2024-06-12-at-11.24.26-am-1.jpeg","type":"image\/jpeg"}],"twitter_card":"summary_large_image","twitter_misc":{"Escrito por":"elpuucnoticias","Tiempo de lectura":"2 minutos"},"schema":{"@context":"https:\/\/schema.org","@graph":[{"@type":"WebSite","@id":"https:\/\/elpuucnoticias.com\/#website","url":"https:\/\/elpuucnoticias.com\/","name":"El Puuc Noticias","description":"Noticias - Entretenimiento - Deportes","potentialAction":[{"@type":"SearchAction","target":{"@type":"EntryPoint","urlTemplate":"https:\/\/elpuucnoticias.com\/?s={search_term_string}"},"query-input":"required name=search_term_string"}],"inLanguage":"es"},{"@type":"ImageObject","@id":"https:\/\/elpuucnoticias.com\/?p=13392#primaryimage","inLanguage":"es","url":"https:\/\/elpuucnoticias.com\/wp-content\/uploads\/2024\/06\/whatsapp-image-2024-06-12-at-11.24.26-am-1.jpeg","contentUrl":"https:\/\/elpuucnoticias.com\/wp-content\/uploads\/2024\/06\/whatsapp-image-2024-06-12-at-11.24.26-am-1.jpeg","width":1599,"height":1326},{"@type":"WebPage","@id":"https:\/\/elpuucnoticias.com\/?p=13392#webpage","url":"https:\/\/elpuucnoticias.com\/?p=13392","name":"Participa Quintana Roo en la Segunda Cumbre Internacional de Salud - El Puuc Noticias","isPartOf":{"@id":"https:\/\/elpuucnoticias.com\/#website"},"primaryImageOfPage":{"@id":"https:\/\/elpuucnoticias.com\/?p=13392#primaryimage"},"datePublished":"2024-06-12T17:48:51+00:00","dateModified":"2024-06-12T17:48:52+00:00","author":{"@id":"https:\/\/elpuucnoticias.com\/#\/schema\/person\/d2ea09e4c97f0160b11cdfb1d856bd9e"},"breadcrumb":{"@id":"https:\/\/elpuucnoticias.com\/?p=13392#breadcrumb"},"inLanguage":"es","potentialAction":[{"@type":"ReadAction","target":["https:\/\/elpuucnoticias.com\/?p=13392"]}]},{"@type":"BreadcrumbList","@id":"https:\/\/elpuucnoticias.com\/?p=13392#breadcrumb","itemListElement":[{"@type":"ListItem","position":1,"name":"Portada","item":"https:\/\/elpuucnoticias.com\/"},{"@type":"ListItem","position":2,"name":"Participa Quintana Roo en la Segunda Cumbre Internacional de Salud"}]},{"@type":"Person","@id":"https:\/\/elpuucnoticias.com\/#\/schema\/person\/d2ea09e4c97f0160b11cdfb1d856bd9e","name":"elpuucnoticias","image":{"@type":"ImageObject","@id":"https:\/\/elpuucnoticias.com\/#personlogo","inLanguage":"es","url":"https:\/\/secure.gravatar.com\/avatar\/5290a43657c74ffa15701dbe5b846bd85cc71930d803c84e91046a7333de6ce2?s=96&d=mm&r=g","contentUrl":"https:\/\/secure.gravatar.com\/avatar\/5290a43657c74ffa15701dbe5b846bd85cc71930d803c84e91046a7333de6ce2?s=96&d=mm&r=g","caption":"elpuucnoticias"},"sameAs":["https:\/\/elpuucnoticias.com"],"url":"https:\/\/elpuucnoticias.com\/?author=1"}]}},"_links":{"self":[{"href":"https:\/\/elpuucnoticias.com\/index.php?rest_route=\/wp\/v2\/posts\/13392","targetHints":{"allow":["GET"]}}],"collection":[{"href":"https:\/\/elpuucnoticias.com\/index.php?rest_route=\/wp\/v2\/posts"}],"about":[{"href":"https:\/\/elpuucnoticias.com\/index.php?rest_route=\/wp\/v2\/types\/post"}],"author":[{"embeddable":true,"href":"https:\/\/elpuucnoticias.com\/index.php?rest_route=\/wp\/v2\/users\/1"}],"replies":[{"embeddable":true,"href":"https:\/\/elpuucnoticias.com\/index.php?rest_route=%2Fwp%2Fv2%2Fcomments&post=13392"}],"version-history":[{"count":1,"href":"https:\/\/elpuucnoticias.com\/index.php?rest_route=\/wp\/v2\/posts\/13392\/revisions"}],"predecessor-version":[{"id":13395,"href":"https:\/\/elpuucnoticias.com\/index.php?rest_route=\/wp\/v2\/posts\/13392\/revisions\/13395"}],"wp:featuredmedia":[{"embeddable":true,"href":"https:\/\/elpuucnoticias.com\/index.php?rest_route=\/wp\/v2\/media\/13394"}],"wp:attachment":[{"href":"https:\/\/elpuucnoticias.com\/index.php?rest_route=%2Fwp%2Fv2%2Fmedia&parent=13392"}],"wp:term":[{"taxonomy":"category","embeddable":true,"href":"https:\/\/elpuucnoticias.com\/index.php?rest_route=%2Fwp%2Fv2%2Fcategories&post=13392"},{"taxonomy":"post_tag","embeddable":true,"href":"https:\/\/elpuucnoticias.com\/index.php?rest_route=%2Fwp%2Fv2%2Ftags&post=13392"}],"curies":[{"name":"wp","href":"https:\/\/api.w.org\/{rel}","templated":true}]}}