{"id":13398,"date":"2024-06-12T11:53:48","date_gmt":"2024-06-12T17:53:48","guid":{"rendered":"https:\/\/elpuucnoticias.com\/?p=13398"},"modified":"2024-06-12T11:53:50","modified_gmt":"2024-06-12T17:53:50","slug":"quintana-roo-presente-en-el-abanderamiento-de-la-delegacion-mexicana-que-participara-en-los-juegos-olimpicos-paris-2024","status":"publish","type":"post","link":"https:\/\/elpuucnoticias.com\/?p=13398","title":{"rendered":"Quintana Roo presente en el abanderamiento de la Delegaci\u00f3n Mexicana que participar\u00e1 en los Juegos Ol\u00edmpicos Paris 2024"},"content":{"rendered":"\n<p>En una ceremonia solemne encabezada por el presidente de M\u00e9xico, Andr\u00e9s Manuel L\u00f3pez Obrador y la titular de la Comisi\u00f3n Nacional de Cultura F\u00edsica y Deportes (CONADE), Ana Gabriela Guevara, se realiz\u00f3 el abanderamiento de la Delegaci\u00f3n Mexicana para los Juegos Ol\u00edmpicos Paris 2024, misma que se tuvo lugar en el patio central del Palacio Nacional en la Ciudad de M\u00e9xico.<\/p>\n\n\n\n<p>Jacobo Arzate Hop, presidente de la Comisi\u00f3n del Deporte de Quintana Roo (CODEQ), as\u00ed como de otros dirigentes del deporte del pa\u00eds, fungieron como invitados y acompa\u00f1aron en este protocolo a las y los atletas que defender\u00e1n los colores de M\u00e9xico para la pr\u00f3xima justa veraniega que est\u00e1 programada para arrancar el pr\u00f3ximo 26 de julio en Paris, Francia.<\/p>\n\n\n\n<p>\u201cMe da mucho gusto participar en esta ceremonia y desearles que obtengan como se lo merecen, buenos resultados\u201d, resalt\u00f3 el presidente de la Rep\u00fablica Mexicana.<\/p>\n\n\n\n<p>Por su parte Jacobo Arzate coment\u00f3: Estamos viviendo una gran etapa del deporte y en el estado no es la excepci\u00f3n, porque tal como lo pide nuestra gobernadora Mara Lezama Espinosa, se trabaja para priorizar y respaldar a las y los atletas, cumpliendo tambi\u00e9n con una de las acciones del Nuevo Acuerdo por el Bienestar y Desarrollo de Quintana Roo.<\/p>\n\n\n\n<figure class=\"wp-block-gallery has-nested-images columns-default is-cropped wp-block-gallery-1 is-layout-flex wp-block-gallery-is-layout-flex\">\n<figure class=\"wp-block-image size-large is-style-default\"><img loading=\"lazy\" decoding=\"async\" width=\"1024\" height=\"682\" data-id=\"13399\" src=\"https:\/\/elpuucnoticias.com\/wp-content\/uploads\/2024\/06\/whatsapp-image-2024-06-12-at-11.24.27-am-2-1024x682.jpeg\" alt=\"\" class=\"wp-image-13399\" srcset=\"https:\/\/elpuucnoticias.com\/wp-content\/uploads\/2024\/06\/whatsapp-image-2024-06-12-at-11.24.27-am-2-1024x682.jpeg 1024w, https:\/\/elpuucnoticias.com\/wp-content\/uploads\/2024\/06\/whatsapp-image-2024-06-12-at-11.24.27-am-2-300x200.jpeg 300w, https:\/\/elpuucnoticias.com\/wp-content\/uploads\/2024\/06\/whatsapp-image-2024-06-12-at-11.24.27-am-2-768x512.jpeg 768w, https:\/\/elpuucnoticias.com\/wp-content\/uploads\/2024\/06\/whatsapp-image-2024-06-12-at-11.24.27-am-2-1536x1023.jpeg 1536w, https:\/\/elpuucnoticias.com\/wp-content\/uploads\/2024\/06\/whatsapp-image-2024-06-12-at-11.24.27-am-2-600x400.jpeg 600w, https:\/\/elpuucnoticias.com\/wp-content\/uploads\/2024\/06\/whatsapp-image-2024-06-12-at-11.24.27-am-2-320x213.jpeg 320w, https:\/\/elpuucnoticias.com\/wp-content\/uploads\/2024\/06\/whatsapp-image-2024-06-12-at-11.24.27-am-2.jpeg 1600w\" sizes=\"auto, (max-width: 1024px) 100vw, 1024px\" \/><\/figure>\n\n\n\n<figure class=\"wp-block-image size-large is-style-default\"><img loading=\"lazy\" decoding=\"async\" width=\"1024\" height=\"682\" data-id=\"13401\" src=\"https:\/\/elpuucnoticias.com\/wp-content\/uploads\/2024\/06\/whatsapp-image-2024-06-12-at-11.24.27-am-1-1024x682.jpeg\" alt=\"\" class=\"wp-image-13401\" srcset=\"https:\/\/elpuucnoticias.com\/wp-content\/uploads\/2024\/06\/whatsapp-image-2024-06-12-at-11.24.27-am-1-1024x682.jpeg 1024w, https:\/\/elpuucnoticias.com\/wp-content\/uploads\/2024\/06\/whatsapp-image-2024-06-12-at-11.24.27-am-1-300x200.jpeg 300w, https:\/\/elpuucnoticias.com\/wp-content\/uploads\/2024\/06\/whatsapp-image-2024-06-12-at-11.24.27-am-1-768x512.jpeg 768w, https:\/\/elpuucnoticias.com\/wp-content\/uploads\/2024\/06\/whatsapp-image-2024-06-12-at-11.24.27-am-1-1536x1023.jpeg 1536w, https:\/\/elpuucnoticias.com\/wp-content\/uploads\/2024\/06\/whatsapp-image-2024-06-12-at-11.24.27-am-1-600x400.jpeg 600w, https:\/\/elpuucnoticias.com\/wp-content\/uploads\/2024\/06\/whatsapp-image-2024-06-12-at-11.24.27-am-1-320x213.jpeg 320w, https:\/\/elpuucnoticias.com\/wp-content\/uploads\/2024\/06\/whatsapp-image-2024-06-12-at-11.24.27-am-1.jpeg 1600w\" sizes=\"auto, (max-width: 1024px) 100vw, 1024px\" \/><\/figure>\n\n\n\n<figure class=\"wp-block-image size-large is-style-default\"><img loading=\"lazy\" decoding=\"async\" width=\"1024\" height=\"682\" data-id=\"13400\" src=\"https:\/\/elpuucnoticias.com\/wp-content\/uploads\/2024\/06\/whatsapp-image-2024-06-12-at-11.24.27-am-3-1024x682.jpeg\" alt=\"\" class=\"wp-image-13400\" srcset=\"https:\/\/elpuucnoticias.com\/wp-content\/uploads\/2024\/06\/whatsapp-image-2024-06-12-at-11.24.27-am-3-1024x682.jpeg 1024w, https:\/\/elpuucnoticias.com\/wp-content\/uploads\/2024\/06\/whatsapp-image-2024-06-12-at-11.24.27-am-3-300x200.jpeg 300w, https:\/\/elpuucnoticias.com\/wp-content\/uploads\/2024\/06\/whatsapp-image-2024-06-12-at-11.24.27-am-3-768x512.jpeg 768w, https:\/\/elpuucnoticias.com\/wp-content\/uploads\/2024\/06\/whatsapp-image-2024-06-12-at-11.24.27-am-3-1536x1023.jpeg 1536w, https:\/\/elpuucnoticias.com\/wp-content\/uploads\/2024\/06\/whatsapp-image-2024-06-12-at-11.24.27-am-3-600x400.jpeg 600w, https:\/\/elpuucnoticias.com\/wp-content\/uploads\/2024\/06\/whatsapp-image-2024-06-12-at-11.24.27-am-3-320x213.jpeg 320w, https:\/\/elpuucnoticias.com\/wp-content\/uploads\/2024\/06\/whatsapp-image-2024-06-12-at-11.24.27-am-3.jpeg 1600w\" sizes=\"auto, (max-width: 1024px) 100vw, 1024px\" \/><\/figure>\n<\/figure>\n\n\n\n<p>\u201cEs un gran orgullo ver a todas y todos estos deportistas recibir la bandera mexicana y sabemos que nos representar\u00e1n dignamente, donde ya tenemos confirmado tambi\u00e9n la participaci\u00f3n del taekwondo\u00edn quintanarroense Carlos Sansores Acevedo, quien sin duda confiamos regresar\u00e1 con alguna medalla ol\u00edmpica\u201d, a\u00f1adi\u00f3 el titular de la CODEQ.<\/p>\n\n\n\n<p>Cabe resaltar que hasta el momento por Quintana Roo ya est\u00e1 confirmado para ir a Paris el quintanarroense Carlos Sansores; adem\u00e1s, se encuentran en proceso de clasificaci\u00f3n la playense Swami Mostalac Rizzitello en la disciplina de breaking y as\u00ed como el cancunense Andr\u00e9s Dupont Cabrera en nataci\u00f3n.<\/p>\n\n\n\n<p>Finalmente, Arzate Hop platic\u00f3 con Ana Guevara de la CONADE y Mar\u00eda Jos\u00e9 Alcal\u00e1, presidenta del Comit\u00e9 Ol\u00edmpico Mexicano (COM), para reafirmar el trabajo en equipo y con ello promover eventos y actividades deportivas en Quintana Roo, aprovechando que es uno de los destinos predilectos para el turismo deportivo.<\/p>\n","protected":false},"excerpt":{"rendered":"<p>En una ceremonia solemne encabezada por el presidente de M\u00e9xico, Andr\u00e9s Manuel L\u00f3pez Obrador y la titular de<\/p>\n","protected":false},"author":1,"featured_media":13402,"comment_status":"closed","ping_status":"open","sticky":false,"template":"","format":"standard","meta":{"_monsterinsights_skip_tracking":false,"_monsterinsights_sitenote_active":false,"_monsterinsights_sitenote_note":"","_monsterinsights_sitenote_category":0,"footnotes":""},"categories":[11,24],"tags":[],"class_list":["post-13398","post","type-post","status-publish","format-standard","has-post-thumbnail","hentry","category-noticias","category-quintana-roo"],"yoast_head":"<!-- This site is optimized with the Yoast SEO plugin v18.3 - https:\/\/yoast.com\/wordpress\/plugins\/seo\/ -->\n<title>Quintana Roo presente en el abanderamiento de la Delegaci\u00f3n Mexicana que participar\u00e1 en los Juegos Ol\u00edmpicos Paris 2024 - El Puuc Noticias<\/title>\n<meta name=\"robots\" content=\"index, follow, max-snippet:-1, max-image-preview:large, max-video-preview:-1\" \/>\n<link rel=\"canonical\" href=\"https:\/\/elpuucnoticias.com\/?p=13398\" \/>\n<meta property=\"og:locale\" content=\"es_ES\" \/>\n<meta property=\"og:type\" content=\"article\" \/>\n<meta property=\"og:title\" content=\"Quintana Roo presente en el abanderamiento de la Delegaci\u00f3n Mexicana que participar\u00e1 en los Juegos Ol\u00edmpicos Paris 2024 - El Puuc Noticias\" \/>\n<meta property=\"og:description\" content=\"En una ceremonia solemne encabezada por el presidente de M\u00e9xico, Andr\u00e9s Manuel L\u00f3pez Obrador y la titular de\" \/>\n<meta property=\"og:url\" content=\"https:\/\/elpuucnoticias.com\/?p=13398\" \/>\n<meta property=\"og:site_name\" content=\"El Puuc Noticias\" \/>\n<meta property=\"article:published_time\" content=\"2024-06-12T17:53:48+00:00\" \/>\n<meta property=\"article:modified_time\" content=\"2024-06-12T17:53:50+00:00\" \/>\n<meta property=\"og:image\" content=\"https:\/\/elpuucnoticias.com\/wp-content\/uploads\/2024\/06\/whatsapp-image-2024-06-12-at-11.24.26-am-2.jpeg\" \/>\n\t<meta property=\"og:image:width\" content=\"1600\" \/>\n\t<meta property=\"og:image:height\" content=\"1066\" \/>\n\t<meta property=\"og:image:type\" content=\"image\/jpeg\" \/>\n<meta name=\"twitter:card\" content=\"summary_large_image\" \/>\n<meta name=\"twitter:label1\" content=\"Escrito por\" \/>\n\t<meta name=\"twitter:data1\" content=\"elpuucnoticias\" \/>\n\t<meta name=\"twitter:label2\" content=\"Tiempo de lectura\" \/>\n\t<meta name=\"twitter:data2\" content=\"3 minutos\" \/>\n<script type=\"application\/ld+json\" class=\"yoast-schema-graph\">{\"@context\":\"https:\/\/schema.org\",\"@graph\":[{\"@type\":\"WebSite\",\"@id\":\"https:\/\/elpuucnoticias.com\/#website\",\"url\":\"https:\/\/elpuucnoticias.com\/\",\"name\":\"El Puuc Noticias\",\"description\":\"Noticias - Entretenimiento - Deportes\",\"potentialAction\":[{\"@type\":\"SearchAction\",\"target\":{\"@type\":\"EntryPoint\",\"urlTemplate\":\"https:\/\/elpuucnoticias.com\/?s={search_term_string}\"},\"query-input\":\"required name=search_term_string\"}],\"inLanguage\":\"es\"},{\"@type\":\"ImageObject\",\"@id\":\"https:\/\/elpuucnoticias.com\/?p=13398#primaryimage\",\"inLanguage\":\"es\",\"url\":\"https:\/\/elpuucnoticias.com\/wp-content\/uploads\/2024\/06\/whatsapp-image-2024-06-12-at-11.24.26-am-2.jpeg\",\"contentUrl\":\"https:\/\/elpuucnoticias.com\/wp-content\/uploads\/2024\/06\/whatsapp-image-2024-06-12-at-11.24.26-am-2.jpeg\",\"width\":1600,\"height\":1066},{\"@type\":\"WebPage\",\"@id\":\"https:\/\/elpuucnoticias.com\/?p=13398#webpage\",\"url\":\"https:\/\/elpuucnoticias.com\/?p=13398\",\"name\":\"Quintana Roo presente en el abanderamiento de la Delegaci\u00f3n Mexicana que participar\u00e1 en los Juegos Ol\u00edmpicos Paris 2024 - El Puuc Noticias\",\"isPartOf\":{\"@id\":\"https:\/\/elpuucnoticias.com\/#website\"},\"primaryImageOfPage\":{\"@id\":\"https:\/\/elpuucnoticias.com\/?p=13398#primaryimage\"},\"datePublished\":\"2024-06-12T17:53:48+00:00\",\"dateModified\":\"2024-06-12T17:53:50+00:00\",\"author\":{\"@id\":\"https:\/\/elpuucnoticias.com\/#\/schema\/person\/d2ea09e4c97f0160b11cdfb1d856bd9e\"},\"breadcrumb\":{\"@id\":\"https:\/\/elpuucnoticias.com\/?p=13398#breadcrumb\"},\"inLanguage\":\"es\",\"potentialAction\":[{\"@type\":\"ReadAction\",\"target\":[\"https:\/\/elpuucnoticias.com\/?p=13398\"]}]},{\"@type\":\"BreadcrumbList\",\"@id\":\"https:\/\/elpuucnoticias.com\/?p=13398#breadcrumb\",\"itemListElement\":[{\"@type\":\"ListItem\",\"position\":1,\"name\":\"Portada\",\"item\":\"https:\/\/elpuucnoticias.com\/\"},{\"@type\":\"ListItem\",\"position\":2,\"name\":\"Quintana Roo presente en el abanderamiento de la Delegaci\u00f3n Mexicana que participar\u00e1 en los Juegos Ol\u00edmpicos Paris 2024\"}]},{\"@type\":\"Person\",\"@id\":\"https:\/\/elpuucnoticias.com\/#\/schema\/person\/d2ea09e4c97f0160b11cdfb1d856bd9e\",\"name\":\"elpuucnoticias\",\"image\":{\"@type\":\"ImageObject\",\"@id\":\"https:\/\/elpuucnoticias.com\/#personlogo\",\"inLanguage\":\"es\",\"url\":\"https:\/\/secure.gravatar.com\/avatar\/5290a43657c74ffa15701dbe5b846bd85cc71930d803c84e91046a7333de6ce2?s=96&d=mm&r=g\",\"contentUrl\":\"https:\/\/secure.gravatar.com\/avatar\/5290a43657c74ffa15701dbe5b846bd85cc71930d803c84e91046a7333de6ce2?s=96&d=mm&r=g\",\"caption\":\"elpuucnoticias\"},\"sameAs\":[\"https:\/\/elpuucnoticias.com\"],\"url\":\"https:\/\/elpuucnoticias.com\/?author=1\"}]}<\/script>\n<!-- \/ Yoast SEO plugin. -->","yoast_head_json":{"title":"Quintana Roo presente en el abanderamiento de la Delegaci\u00f3n Mexicana que participar\u00e1 en los Juegos Ol\u00edmpicos Paris 2024 - El Puuc Noticias","robots":{"index":"index","follow":"follow","max-snippet":"max-snippet:-1","max-image-preview":"max-image-preview:large","max-video-preview":"max-video-preview:-1"},"canonical":"https:\/\/elpuucnoticias.com\/?p=13398","og_locale":"es_ES","og_type":"article","og_title":"Quintana Roo presente en el abanderamiento de la Delegaci\u00f3n Mexicana que participar\u00e1 en los Juegos Ol\u00edmpicos Paris 2024 - El Puuc Noticias","og_description":"En una ceremonia solemne encabezada por el presidente de M\u00e9xico, Andr\u00e9s Manuel L\u00f3pez Obrador y la titular de","og_url":"https:\/\/elpuucnoticias.com\/?p=13398","og_site_name":"El Puuc Noticias","article_published_time":"2024-06-12T17:53:48+00:00","article_modified_time":"2024-06-12T17:53:50+00:00","og_image":[{"width":1600,"height":1066,"url":"https:\/\/elpuucnoticias.com\/wp-content\/uploads\/2024\/06\/whatsapp-image-2024-06-12-at-11.24.26-am-2.jpeg","type":"image\/jpeg"}],"twitter_card":"summary_large_image","twitter_misc":{"Escrito por":"elpuucnoticias","Tiempo de lectura":"3 minutos"},"schema":{"@context":"https:\/\/schema.org","@graph":[{"@type":"WebSite","@id":"https:\/\/elpuucnoticias.com\/#website","url":"https:\/\/elpuucnoticias.com\/","name":"El Puuc Noticias","description":"Noticias - Entretenimiento - Deportes","potentialAction":[{"@type":"SearchAction","target":{"@type":"EntryPoint","urlTemplate":"https:\/\/elpuucnoticias.com\/?s={search_term_string}"},"query-input":"required name=search_term_string"}],"inLanguage":"es"},{"@type":"ImageObject","@id":"https:\/\/elpuucnoticias.com\/?p=13398#primaryimage","inLanguage":"es","url":"https:\/\/elpuucnoticias.com\/wp-content\/uploads\/2024\/06\/whatsapp-image-2024-06-12-at-11.24.26-am-2.jpeg","contentUrl":"https:\/\/elpuucnoticias.com\/wp-content\/uploads\/2024\/06\/whatsapp-image-2024-06-12-at-11.24.26-am-2.jpeg","width":1600,"height":1066},{"@type":"WebPage","@id":"https:\/\/elpuucnoticias.com\/?p=13398#webpage","url":"https:\/\/elpuucnoticias.com\/?p=13398","name":"Quintana Roo presente en el abanderamiento de la Delegaci\u00f3n Mexicana que participar\u00e1 en los Juegos Ol\u00edmpicos Paris 2024 - El Puuc Noticias","isPartOf":{"@id":"https:\/\/elpuucnoticias.com\/#website"},"primaryImageOfPage":{"@id":"https:\/\/elpuucnoticias.com\/?p=13398#primaryimage"},"datePublished":"2024-06-12T17:53:48+00:00","dateModified":"2024-06-12T17:53:50+00:00","author":{"@id":"https:\/\/elpuucnoticias.com\/#\/schema\/person\/d2ea09e4c97f0160b11cdfb1d856bd9e"},"breadcrumb":{"@id":"https:\/\/elpuucnoticias.com\/?p=13398#breadcrumb"},"inLanguage":"es","potentialAction":[{"@type":"ReadAction","target":["https:\/\/elpuucnoticias.com\/?p=13398"]}]},{"@type":"BreadcrumbList","@id":"https:\/\/elpuucnoticias.com\/?p=13398#breadcrumb","itemListElement":[{"@type":"ListItem","position":1,"name":"Portada","item":"https:\/\/elpuucnoticias.com\/"},{"@type":"ListItem","position":2,"name":"Quintana Roo presente en el abanderamiento de la Delegaci\u00f3n Mexicana que participar\u00e1 en los Juegos Ol\u00edmpicos Paris 2024"}]},{"@type":"Person","@id":"https:\/\/elpuucnoticias.com\/#\/schema\/person\/d2ea09e4c97f0160b11cdfb1d856bd9e","name":"elpuucnoticias","image":{"@type":"ImageObject","@id":"https:\/\/elpuucnoticias.com\/#personlogo","inLanguage":"es","url":"https:\/\/secure.gravatar.com\/avatar\/5290a43657c74ffa15701dbe5b846bd85cc71930d803c84e91046a7333de6ce2?s=96&d=mm&r=g","contentUrl":"https:\/\/secure.gravatar.com\/avatar\/5290a43657c74ffa15701dbe5b846bd85cc71930d803c84e91046a7333de6ce2?s=96&d=mm&r=g","caption":"elpuucnoticias"},"sameAs":["https:\/\/elpuucnoticias.com"],"url":"https:\/\/elpuucnoticias.com\/?author=1"}]}},"_links":{"self":[{"href":"https:\/\/elpuucnoticias.com\/index.php?rest_route=\/wp\/v2\/posts\/13398","targetHints":{"allow":["GET"]}}],"collection":[{"href":"https:\/\/elpuucnoticias.com\/index.php?rest_route=\/wp\/v2\/posts"}],"about":[{"href":"https:\/\/elpuucnoticias.com\/index.php?rest_route=\/wp\/v2\/types\/post"}],"author":[{"embeddable":true,"href":"https:\/\/elpuucnoticias.com\/index.php?rest_route=\/wp\/v2\/users\/1"}],"replies":[{"embeddable":true,"href":"https:\/\/elpuucnoticias.com\/index.php?rest_route=%2Fwp%2Fv2%2Fcomments&post=13398"}],"version-history":[{"count":1,"href":"https:\/\/elpuucnoticias.com\/index.php?rest_route=\/wp\/v2\/posts\/13398\/revisions"}],"predecessor-version":[{"id":13403,"href":"https:\/\/elpuucnoticias.com\/index.php?rest_route=\/wp\/v2\/posts\/13398\/revisions\/13403"}],"wp:featuredmedia":[{"embeddable":true,"href":"https:\/\/elpuucnoticias.com\/index.php?rest_route=\/wp\/v2\/media\/13402"}],"wp:attachment":[{"href":"https:\/\/elpuucnoticias.com\/index.php?rest_route=%2Fwp%2Fv2%2Fmedia&parent=13398"}],"wp:term":[{"taxonomy":"category","embeddable":true,"href":"https:\/\/elpuucnoticias.com\/index.php?rest_route=%2Fwp%2Fv2%2Fcategories&post=13398"},{"taxonomy":"post_tag","embeddable":true,"href":"https:\/\/elpuucnoticias.com\/index.php?rest_route=%2Fwp%2Fv2%2Ftags&post=13398"}],"curies":[{"name":"wp","href":"https:\/\/api.w.org\/{rel}","templated":true}]}}