{"id":1342,"date":"2022-05-02T12:51:00","date_gmt":"2022-05-02T18:51:00","guid":{"rendered":"https:\/\/elpuucnoticias.com\/?p=1342"},"modified":"2022-05-02T12:51:00","modified_gmt":"2022-05-02T18:51:00","slug":"la-utr-sur-inicia-clases-cuatrimestrales-con-homenaje-a-la-bandera-rector-destaca-el-logro-a-nivel-nacional-de-estudiantes-en-concurso-de-ciencia-y-tecnologia","status":"publish","type":"post","link":"https:\/\/elpuucnoticias.com\/?p=1342","title":{"rendered":"La UTR Sur inicia clases cuatrimestrales con homenaje a la Bandera. Rector destaca el logro a nivel nacional de estudiantes en concurso de ciencia y tecnolog\u00eda"},"content":{"rendered":"\n<p>La Universidad Tecnol\u00f3gica Regional del Sur se visti\u00f3 de gala al celebrar este lunes su homenaje a la Insignia Nacional.<\/p>\n\n\n\n<p>Despu\u00e9s de poco m\u00e1s de 2 a\u00f1os de actividades a distancia por motivos de protocolos sanitarios, la UTR Sur reuni\u00f3 a toda su comunidad universitaria para realizar los honores a la bandera, cantando el Himno Nacional Mexicano, acompa\u00f1ado de la banda de guerra y escolta universitaria.<\/p>\n\n\n\n<figure class=\"wp-block-image size-large\"><img loading=\"lazy\" decoding=\"async\" width=\"1024\" height=\"682\" src=\"https:\/\/elpuucnoticias.com\/wp-content\/uploads\/2022\/05\/homenaje-utr-2-1024x682.jpeg\" alt=\"\" class=\"wp-image-1344\" srcset=\"https:\/\/elpuucnoticias.com\/wp-content\/uploads\/2022\/05\/homenaje-utr-2-1024x682.jpeg 1024w, https:\/\/elpuucnoticias.com\/wp-content\/uploads\/2022\/05\/homenaje-utr-2-300x200.jpeg 300w, https:\/\/elpuucnoticias.com\/wp-content\/uploads\/2022\/05\/homenaje-utr-2-768x512.jpeg 768w, https:\/\/elpuucnoticias.com\/wp-content\/uploads\/2022\/05\/homenaje-utr-2-1536x1023.jpeg 1536w, https:\/\/elpuucnoticias.com\/wp-content\/uploads\/2022\/05\/homenaje-utr-2.jpeg 1600w\" sizes=\"auto, (max-width: 1024px) 100vw, 1024px\" \/><\/figure>\n\n\n\n<p>El rector, \u00c9dgar Jos\u00e9 Peraza Esta\u00f1ol, reconoci\u00f3 la importancia de celebrar estos ejercicios c\u00edvicos y al mismo tiempo, refrend\u00f3 la invitaci\u00f3n a seguir cumpliendo con las medidas necesarias para procurar la salud de todos los que forman parte de la familia universitaria.<\/p>\n\n\n\n<p>En el marco de estas actividades, el rector aprovech\u00f3 para recordar al alumnado que realizar\u00e1 su estad\u00eda profesional en el sector productivo, la trascendencia de realizar un excelente desempe\u00f1o, ya que ello har\u00e1 posible incrementar las posibilidades de inserci\u00f3n inmediata al campo laboral.<\/p>\n\n\n\n<figure class=\"wp-block-image size-large\"><img loading=\"lazy\" decoding=\"async\" width=\"1024\" height=\"682\" src=\"https:\/\/elpuucnoticias.com\/wp-content\/uploads\/2022\/05\/homenaje-utr-1-1024x682.jpeg\" alt=\"\" class=\"wp-image-1345\" srcset=\"https:\/\/elpuucnoticias.com\/wp-content\/uploads\/2022\/05\/homenaje-utr-1-1024x682.jpeg 1024w, https:\/\/elpuucnoticias.com\/wp-content\/uploads\/2022\/05\/homenaje-utr-1-300x200.jpeg 300w, https:\/\/elpuucnoticias.com\/wp-content\/uploads\/2022\/05\/homenaje-utr-1-768x512.jpeg 768w, https:\/\/elpuucnoticias.com\/wp-content\/uploads\/2022\/05\/homenaje-utr-1-1536x1023.jpeg 1536w, https:\/\/elpuucnoticias.com\/wp-content\/uploads\/2022\/05\/homenaje-utr-1.jpeg 1600w\" sizes=\"auto, (max-width: 1024px) 100vw, 1024px\" \/><\/figure>\n\n\n\n<p>Por otro lado, tambi\u00e9n reconoci\u00f3 la exitosa participaci\u00f3n de los alumnos que participaron en el concurso Infomatrix 2022, realizado en la ciudad de Guadalajara, Jalisco, donde presentaron el desarrollo de un cortometraje sobre salud mental, obteniendo el m\u00e1ximo resultado con el premio platino a nivel nacional.<\/p>\n\n\n\n<p>Con este acto c\u00edvico, la UTR Sur inici\u00f3 el ciclo escolar cuatrimestral, por lo que maestros y todo el personal administrativo que forma parte de la universidad, refrend\u00f3 el compromiso de seguir formando j\u00f3venes de \u00e9xito.\u2014 <em>El Puuc Noticias<\/em><\/p>\n","protected":false},"excerpt":{"rendered":"<p>La Universidad Tecnol\u00f3gica Regional del Sur se visti\u00f3 de gala al celebrar este lunes su homenaje a la<\/p>\n","protected":false},"author":1,"featured_media":1343,"comment_status":"closed","ping_status":"open","sticky":false,"template":"","format":"standard","meta":{"_monsterinsights_skip_tracking":false,"_monsterinsights_sitenote_active":false,"_monsterinsights_sitenote_note":"","_monsterinsights_sitenote_category":0,"footnotes":""},"categories":[11,4],"tags":[],"class_list":["post-1342","post","type-post","status-publish","format-standard","has-post-thumbnail","hentry","category-noticias","category-tekax"],"yoast_head":"<!-- This site is optimized with the Yoast SEO plugin v18.3 - https:\/\/yoast.com\/wordpress\/plugins\/seo\/ -->\n<title>La UTR Sur inicia clases cuatrimestrales con homenaje a la Bandera. Rector destaca el logro a nivel nacional de estudiantes en concurso de ciencia y tecnolog\u00eda - El Puuc Noticias<\/title>\n<meta name=\"robots\" content=\"index, follow, max-snippet:-1, max-image-preview:large, max-video-preview:-1\" \/>\n<link rel=\"canonical\" href=\"https:\/\/elpuucnoticias.com\/?p=1342\" \/>\n<meta property=\"og:locale\" content=\"es_ES\" \/>\n<meta property=\"og:type\" content=\"article\" \/>\n<meta property=\"og:title\" content=\"La UTR Sur inicia clases cuatrimestrales con homenaje a la Bandera. Rector destaca el logro a nivel nacional de estudiantes en concurso de ciencia y tecnolog\u00eda - El Puuc Noticias\" \/>\n<meta property=\"og:description\" content=\"La Universidad Tecnol\u00f3gica Regional del Sur se visti\u00f3 de gala al celebrar este lunes su homenaje a la\" \/>\n<meta property=\"og:url\" content=\"https:\/\/elpuucnoticias.com\/?p=1342\" \/>\n<meta property=\"og:site_name\" content=\"El Puuc Noticias\" \/>\n<meta property=\"article:published_time\" content=\"2022-05-02T18:51:00+00:00\" \/>\n<meta property=\"og:image\" content=\"https:\/\/elpuucnoticias.com\/wp-content\/uploads\/2022\/05\/homenaje-utr-2-1024x682.jpeg\" \/>\n<meta name=\"twitter:card\" content=\"summary_large_image\" \/>\n<meta name=\"twitter:label1\" content=\"Escrito por\" \/>\n\t<meta name=\"twitter:data1\" content=\"elpuucnoticias\" \/>\n\t<meta name=\"twitter:label2\" content=\"Tiempo de lectura\" \/>\n\t<meta name=\"twitter:data2\" content=\"1 minuto\" \/>\n<script type=\"application\/ld+json\" class=\"yoast-schema-graph\">{\"@context\":\"https:\/\/schema.org\",\"@graph\":[{\"@type\":\"WebSite\",\"@id\":\"https:\/\/elpuucnoticias.com\/#website\",\"url\":\"https:\/\/elpuucnoticias.com\/\",\"name\":\"El Puuc Noticias\",\"description\":\"Noticias - Entretenimiento - Deportes\",\"potentialAction\":[{\"@type\":\"SearchAction\",\"target\":{\"@type\":\"EntryPoint\",\"urlTemplate\":\"https:\/\/elpuucnoticias.com\/?s={search_term_string}\"},\"query-input\":\"required name=search_term_string\"}],\"inLanguage\":\"es\"},{\"@type\":\"ImageObject\",\"@id\":\"https:\/\/elpuucnoticias.com\/?p=1342#primaryimage\",\"inLanguage\":\"es\",\"url\":\"https:\/\/elpuucnoticias.com\/wp-content\/uploads\/2022\/05\/homenaje-utr-3.jpeg\",\"contentUrl\":\"https:\/\/elpuucnoticias.com\/wp-content\/uploads\/2022\/05\/homenaje-utr-3.jpeg\",\"width\":1600,\"height\":1066},{\"@type\":\"WebPage\",\"@id\":\"https:\/\/elpuucnoticias.com\/?p=1342#webpage\",\"url\":\"https:\/\/elpuucnoticias.com\/?p=1342\",\"name\":\"La UTR Sur inicia clases cuatrimestrales con homenaje a la Bandera. Rector destaca el logro a nivel nacional de estudiantes en concurso de ciencia y tecnolog\u00eda - El Puuc Noticias\",\"isPartOf\":{\"@id\":\"https:\/\/elpuucnoticias.com\/#website\"},\"primaryImageOfPage\":{\"@id\":\"https:\/\/elpuucnoticias.com\/?p=1342#primaryimage\"},\"datePublished\":\"2022-05-02T18:51:00+00:00\",\"dateModified\":\"2022-05-02T18:51:00+00:00\",\"author\":{\"@id\":\"https:\/\/elpuucnoticias.com\/#\/schema\/person\/d2ea09e4c97f0160b11cdfb1d856bd9e\"},\"breadcrumb\":{\"@id\":\"https:\/\/elpuucnoticias.com\/?p=1342#breadcrumb\"},\"inLanguage\":\"es\",\"potentialAction\":[{\"@type\":\"ReadAction\",\"target\":[\"https:\/\/elpuucnoticias.com\/?p=1342\"]}]},{\"@type\":\"BreadcrumbList\",\"@id\":\"https:\/\/elpuucnoticias.com\/?p=1342#breadcrumb\",\"itemListElement\":[{\"@type\":\"ListItem\",\"position\":1,\"name\":\"Portada\",\"item\":\"https:\/\/elpuucnoticias.com\/\"},{\"@type\":\"ListItem\",\"position\":2,\"name\":\"La UTR Sur inicia clases cuatrimestrales con homenaje a la Bandera. Rector destaca el logro a nivel nacional de estudiantes en concurso de ciencia y tecnolog\u00eda\"}]},{\"@type\":\"Person\",\"@id\":\"https:\/\/elpuucnoticias.com\/#\/schema\/person\/d2ea09e4c97f0160b11cdfb1d856bd9e\",\"name\":\"elpuucnoticias\",\"image\":{\"@type\":\"ImageObject\",\"@id\":\"https:\/\/elpuucnoticias.com\/#personlogo\",\"inLanguage\":\"es\",\"url\":\"https:\/\/secure.gravatar.com\/avatar\/5290a43657c74ffa15701dbe5b846bd85cc71930d803c84e91046a7333de6ce2?s=96&d=mm&r=g\",\"contentUrl\":\"https:\/\/secure.gravatar.com\/avatar\/5290a43657c74ffa15701dbe5b846bd85cc71930d803c84e91046a7333de6ce2?s=96&d=mm&r=g\",\"caption\":\"elpuucnoticias\"},\"sameAs\":[\"https:\/\/elpuucnoticias.com\"],\"url\":\"https:\/\/elpuucnoticias.com\/?author=1\"}]}<\/script>\n<!-- \/ Yoast SEO plugin. -->","yoast_head_json":{"title":"La UTR Sur inicia clases cuatrimestrales con homenaje a la Bandera. Rector destaca el logro a nivel nacional de estudiantes en concurso de ciencia y tecnolog\u00eda - El Puuc Noticias","robots":{"index":"index","follow":"follow","max-snippet":"max-snippet:-1","max-image-preview":"max-image-preview:large","max-video-preview":"max-video-preview:-1"},"canonical":"https:\/\/elpuucnoticias.com\/?p=1342","og_locale":"es_ES","og_type":"article","og_title":"La UTR Sur inicia clases cuatrimestrales con homenaje a la Bandera. Rector destaca el logro a nivel nacional de estudiantes en concurso de ciencia y tecnolog\u00eda - El Puuc Noticias","og_description":"La Universidad Tecnol\u00f3gica Regional del Sur se visti\u00f3 de gala al celebrar este lunes su homenaje a la","og_url":"https:\/\/elpuucnoticias.com\/?p=1342","og_site_name":"El Puuc Noticias","article_published_time":"2022-05-02T18:51:00+00:00","og_image":[{"url":"https:\/\/elpuucnoticias.com\/wp-content\/uploads\/2022\/05\/homenaje-utr-2-1024x682.jpeg"}],"twitter_card":"summary_large_image","twitter_misc":{"Escrito por":"elpuucnoticias","Tiempo de lectura":"1 minuto"},"schema":{"@context":"https:\/\/schema.org","@graph":[{"@type":"WebSite","@id":"https:\/\/elpuucnoticias.com\/#website","url":"https:\/\/elpuucnoticias.com\/","name":"El Puuc Noticias","description":"Noticias - Entretenimiento - Deportes","potentialAction":[{"@type":"SearchAction","target":{"@type":"EntryPoint","urlTemplate":"https:\/\/elpuucnoticias.com\/?s={search_term_string}"},"query-input":"required name=search_term_string"}],"inLanguage":"es"},{"@type":"ImageObject","@id":"https:\/\/elpuucnoticias.com\/?p=1342#primaryimage","inLanguage":"es","url":"https:\/\/elpuucnoticias.com\/wp-content\/uploads\/2022\/05\/homenaje-utr-3.jpeg","contentUrl":"https:\/\/elpuucnoticias.com\/wp-content\/uploads\/2022\/05\/homenaje-utr-3.jpeg","width":1600,"height":1066},{"@type":"WebPage","@id":"https:\/\/elpuucnoticias.com\/?p=1342#webpage","url":"https:\/\/elpuucnoticias.com\/?p=1342","name":"La UTR Sur inicia clases cuatrimestrales con homenaje a la Bandera. Rector destaca el logro a nivel nacional de estudiantes en concurso de ciencia y tecnolog\u00eda - El Puuc Noticias","isPartOf":{"@id":"https:\/\/elpuucnoticias.com\/#website"},"primaryImageOfPage":{"@id":"https:\/\/elpuucnoticias.com\/?p=1342#primaryimage"},"datePublished":"2022-05-02T18:51:00+00:00","dateModified":"2022-05-02T18:51:00+00:00","author":{"@id":"https:\/\/elpuucnoticias.com\/#\/schema\/person\/d2ea09e4c97f0160b11cdfb1d856bd9e"},"breadcrumb":{"@id":"https:\/\/elpuucnoticias.com\/?p=1342#breadcrumb"},"inLanguage":"es","potentialAction":[{"@type":"ReadAction","target":["https:\/\/elpuucnoticias.com\/?p=1342"]}]},{"@type":"BreadcrumbList","@id":"https:\/\/elpuucnoticias.com\/?p=1342#breadcrumb","itemListElement":[{"@type":"ListItem","position":1,"name":"Portada","item":"https:\/\/elpuucnoticias.com\/"},{"@type":"ListItem","position":2,"name":"La UTR Sur inicia clases cuatrimestrales con homenaje a la Bandera. Rector destaca el logro a nivel nacional de estudiantes en concurso de ciencia y tecnolog\u00eda"}]},{"@type":"Person","@id":"https:\/\/elpuucnoticias.com\/#\/schema\/person\/d2ea09e4c97f0160b11cdfb1d856bd9e","name":"elpuucnoticias","image":{"@type":"ImageObject","@id":"https:\/\/elpuucnoticias.com\/#personlogo","inLanguage":"es","url":"https:\/\/secure.gravatar.com\/avatar\/5290a43657c74ffa15701dbe5b846bd85cc71930d803c84e91046a7333de6ce2?s=96&d=mm&r=g","contentUrl":"https:\/\/secure.gravatar.com\/avatar\/5290a43657c74ffa15701dbe5b846bd85cc71930d803c84e91046a7333de6ce2?s=96&d=mm&r=g","caption":"elpuucnoticias"},"sameAs":["https:\/\/elpuucnoticias.com"],"url":"https:\/\/elpuucnoticias.com\/?author=1"}]}},"_links":{"self":[{"href":"https:\/\/elpuucnoticias.com\/index.php?rest_route=\/wp\/v2\/posts\/1342","targetHints":{"allow":["GET"]}}],"collection":[{"href":"https:\/\/elpuucnoticias.com\/index.php?rest_route=\/wp\/v2\/posts"}],"about":[{"href":"https:\/\/elpuucnoticias.com\/index.php?rest_route=\/wp\/v2\/types\/post"}],"author":[{"embeddable":true,"href":"https:\/\/elpuucnoticias.com\/index.php?rest_route=\/wp\/v2\/users\/1"}],"replies":[{"embeddable":true,"href":"https:\/\/elpuucnoticias.com\/index.php?rest_route=%2Fwp%2Fv2%2Fcomments&post=1342"}],"version-history":[{"count":1,"href":"https:\/\/elpuucnoticias.com\/index.php?rest_route=\/wp\/v2\/posts\/1342\/revisions"}],"predecessor-version":[{"id":1346,"href":"https:\/\/elpuucnoticias.com\/index.php?rest_route=\/wp\/v2\/posts\/1342\/revisions\/1346"}],"wp:featuredmedia":[{"embeddable":true,"href":"https:\/\/elpuucnoticias.com\/index.php?rest_route=\/wp\/v2\/media\/1343"}],"wp:attachment":[{"href":"https:\/\/elpuucnoticias.com\/index.php?rest_route=%2Fwp%2Fv2%2Fmedia&parent=1342"}],"wp:term":[{"taxonomy":"category","embeddable":true,"href":"https:\/\/elpuucnoticias.com\/index.php?rest_route=%2Fwp%2Fv2%2Fcategories&post=1342"},{"taxonomy":"post_tag","embeddable":true,"href":"https:\/\/elpuucnoticias.com\/index.php?rest_route=%2Fwp%2Fv2%2Ftags&post=1342"}],"curies":[{"name":"wp","href":"https:\/\/api.w.org\/{rel}","templated":true}]}}