{"id":13443,"date":"2024-06-13T11:24:40","date_gmt":"2024-06-13T17:24:40","guid":{"rendered":"https:\/\/elpuucnoticias.com\/?p=13443"},"modified":"2024-06-13T11:24:42","modified_gmt":"2024-06-13T17:24:42","slug":"formulan-cargos-por-delitos-cometidos-por-culpa-en-merida","status":"publish","type":"post","link":"https:\/\/elpuucnoticias.com\/?p=13443","title":{"rendered":"Formulan cargos por delitos cometidos por culpa en M\u00e9rida"},"content":{"rendered":"\n<p>La Fiscal\u00eda General del Estado (FGE) formul\u00f3 cargos a J.A.M.D. por los delitos de da\u00f1o en propiedad ajena y homicidio, ambos cometidos por culpa, denunciados tras los hechos ocurridos hace unos d\u00edas en la colonia San Jos\u00e9 Vergel en donde perdi\u00f3 la vida un ciudadano que transitaba con preferencia a bordo de su motocicleta.<\/p>\n\n\n\n<p>Al ser presentado ante la Juez Primera de Control del Primer Distrito Judicial, los fiscales de litigaci\u00f3n le formularon la imputaci\u00f3n del delito y argumentaron la vinculaci\u00f3n a proceso de la causa penal 228\/2024, pero el acusado solicit\u00f3 que su situaci\u00f3n se resolviera dentro del plazo constitucional, por lo que la Juez de Control cit\u00f3 a las partes para continuar la diligencia el pr\u00f3ximo 14 de junio.<\/p>\n\n\n\n<p>De los hechos recabados durante la indagatoria por los especialistas de la Fiscal\u00eda, se establece que el pasado ocho de junio, el encausado transitaba a bordo de su veh\u00edculo Nissan Sentra sobre la calle 18 de la citada colonia pero no respet\u00f3 un se\u00f1alamiento de alto y colision\u00f3 en contra de un ciudadano que transitaba a bordo de su motocicleta con preferencia sobre la calle 21B, resultando en da\u00f1os materiales y el fallecimiento de motociclista a causa de las lesiones que tuvo.<\/p>\n\n\n\n<p>Por \u00faltimo, esta representaci\u00f3n social expuso argumentos para solicitar la imposici\u00f3n de medidas cautelares, por lo que la Juez de Control, tras valorarlo, estableci\u00f3 que el acusado deber\u00e1 acudir a firmar peri\u00f3dicamente y estar bajo la vigilancia del Centro Estatal de Medidas Cautelares, el pago de una garant\u00eda econ\u00f3mica y no podr\u00e1 salir del estado sin autorizaci\u00f3n judicial, por todo el tiempo que dure el proceso.<\/p>\n","protected":false},"excerpt":{"rendered":"<p>La Fiscal\u00eda General del Estado (FGE) formul\u00f3 cargos a J.A.M.D. por los delitos de da\u00f1o en propiedad ajena<\/p>\n","protected":false},"author":1,"featured_media":9266,"comment_status":"closed","ping_status":"open","sticky":false,"template":"","format":"standard","meta":{"_monsterinsights_skip_tracking":false,"_monsterinsights_sitenote_active":false,"_monsterinsights_sitenote_note":"","_monsterinsights_sitenote_category":0,"footnotes":""},"categories":[11,3],"tags":[],"class_list":["post-13443","post","type-post","status-publish","format-standard","has-post-thumbnail","hentry","category-noticias","category-policiacas"],"yoast_head":"<!-- This site is optimized with the Yoast SEO plugin v18.3 - https:\/\/yoast.com\/wordpress\/plugins\/seo\/ -->\n<title>Formulan cargos por delitos cometidos por culpa en M\u00e9rida - El Puuc Noticias<\/title>\n<meta name=\"robots\" content=\"index, follow, max-snippet:-1, max-image-preview:large, max-video-preview:-1\" \/>\n<link rel=\"canonical\" href=\"https:\/\/elpuucnoticias.com\/?p=13443\" \/>\n<meta property=\"og:locale\" content=\"es_ES\" \/>\n<meta property=\"og:type\" content=\"article\" \/>\n<meta property=\"og:title\" content=\"Formulan cargos por delitos cometidos por culpa en M\u00e9rida - El Puuc Noticias\" \/>\n<meta property=\"og:description\" content=\"La Fiscal\u00eda General del Estado (FGE) formul\u00f3 cargos a J.A.M.D. por los delitos de da\u00f1o en propiedad ajena\" \/>\n<meta property=\"og:url\" content=\"https:\/\/elpuucnoticias.com\/?p=13443\" \/>\n<meta property=\"og:site_name\" content=\"El Puuc Noticias\" \/>\n<meta property=\"article:published_time\" content=\"2024-06-13T17:24:40+00:00\" \/>\n<meta property=\"article:modified_time\" content=\"2024-06-13T17:24:42+00:00\" \/>\n<meta property=\"og:image\" content=\"https:\/\/elpuucnoticias.com\/wp-content\/uploads\/2023\/09\/fiscalia-investigacion.jpg\" \/>\n\t<meta property=\"og:image:width\" content=\"1600\" \/>\n\t<meta property=\"og:image:height\" content=\"1066\" \/>\n\t<meta property=\"og:image:type\" content=\"image\/jpeg\" \/>\n<meta name=\"twitter:card\" content=\"summary_large_image\" \/>\n<meta name=\"twitter:label1\" content=\"Escrito por\" \/>\n\t<meta name=\"twitter:data1\" content=\"elpuucnoticias\" \/>\n\t<meta name=\"twitter:label2\" content=\"Tiempo de lectura\" \/>\n\t<meta name=\"twitter:data2\" content=\"2 minutos\" \/>\n<script type=\"application\/ld+json\" class=\"yoast-schema-graph\">{\"@context\":\"https:\/\/schema.org\",\"@graph\":[{\"@type\":\"WebSite\",\"@id\":\"https:\/\/elpuucnoticias.com\/#website\",\"url\":\"https:\/\/elpuucnoticias.com\/\",\"name\":\"El Puuc Noticias\",\"description\":\"Noticias - Entretenimiento - Deportes\",\"potentialAction\":[{\"@type\":\"SearchAction\",\"target\":{\"@type\":\"EntryPoint\",\"urlTemplate\":\"https:\/\/elpuucnoticias.com\/?s={search_term_string}\"},\"query-input\":\"required name=search_term_string\"}],\"inLanguage\":\"es\"},{\"@type\":\"ImageObject\",\"@id\":\"https:\/\/elpuucnoticias.com\/?p=13443#primaryimage\",\"inLanguage\":\"es\",\"url\":\"https:\/\/elpuucnoticias.com\/wp-content\/uploads\/2023\/09\/fiscalia-investigacion.jpg\",\"contentUrl\":\"https:\/\/elpuucnoticias.com\/wp-content\/uploads\/2023\/09\/fiscalia-investigacion.jpg\",\"width\":1600,\"height\":1066},{\"@type\":\"WebPage\",\"@id\":\"https:\/\/elpuucnoticias.com\/?p=13443#webpage\",\"url\":\"https:\/\/elpuucnoticias.com\/?p=13443\",\"name\":\"Formulan cargos por delitos cometidos por culpa en M\u00e9rida - El Puuc Noticias\",\"isPartOf\":{\"@id\":\"https:\/\/elpuucnoticias.com\/#website\"},\"primaryImageOfPage\":{\"@id\":\"https:\/\/elpuucnoticias.com\/?p=13443#primaryimage\"},\"datePublished\":\"2024-06-13T17:24:40+00:00\",\"dateModified\":\"2024-06-13T17:24:42+00:00\",\"author\":{\"@id\":\"https:\/\/elpuucnoticias.com\/#\/schema\/person\/d2ea09e4c97f0160b11cdfb1d856bd9e\"},\"breadcrumb\":{\"@id\":\"https:\/\/elpuucnoticias.com\/?p=13443#breadcrumb\"},\"inLanguage\":\"es\",\"potentialAction\":[{\"@type\":\"ReadAction\",\"target\":[\"https:\/\/elpuucnoticias.com\/?p=13443\"]}]},{\"@type\":\"BreadcrumbList\",\"@id\":\"https:\/\/elpuucnoticias.com\/?p=13443#breadcrumb\",\"itemListElement\":[{\"@type\":\"ListItem\",\"position\":1,\"name\":\"Portada\",\"item\":\"https:\/\/elpuucnoticias.com\/\"},{\"@type\":\"ListItem\",\"position\":2,\"name\":\"Formulan cargos por delitos cometidos por culpa en M\u00e9rida\"}]},{\"@type\":\"Person\",\"@id\":\"https:\/\/elpuucnoticias.com\/#\/schema\/person\/d2ea09e4c97f0160b11cdfb1d856bd9e\",\"name\":\"elpuucnoticias\",\"image\":{\"@type\":\"ImageObject\",\"@id\":\"https:\/\/elpuucnoticias.com\/#personlogo\",\"inLanguage\":\"es\",\"url\":\"https:\/\/secure.gravatar.com\/avatar\/5290a43657c74ffa15701dbe5b846bd85cc71930d803c84e91046a7333de6ce2?s=96&d=mm&r=g\",\"contentUrl\":\"https:\/\/secure.gravatar.com\/avatar\/5290a43657c74ffa15701dbe5b846bd85cc71930d803c84e91046a7333de6ce2?s=96&d=mm&r=g\",\"caption\":\"elpuucnoticias\"},\"sameAs\":[\"https:\/\/elpuucnoticias.com\"],\"url\":\"https:\/\/elpuucnoticias.com\/?author=1\"}]}<\/script>\n<!-- \/ Yoast SEO plugin. -->","yoast_head_json":{"title":"Formulan cargos por delitos cometidos por culpa en M\u00e9rida - El Puuc Noticias","robots":{"index":"index","follow":"follow","max-snippet":"max-snippet:-1","max-image-preview":"max-image-preview:large","max-video-preview":"max-video-preview:-1"},"canonical":"https:\/\/elpuucnoticias.com\/?p=13443","og_locale":"es_ES","og_type":"article","og_title":"Formulan cargos por delitos cometidos por culpa en M\u00e9rida - El Puuc Noticias","og_description":"La Fiscal\u00eda General del Estado (FGE) formul\u00f3 cargos a J.A.M.D. por los delitos de da\u00f1o en propiedad ajena","og_url":"https:\/\/elpuucnoticias.com\/?p=13443","og_site_name":"El Puuc Noticias","article_published_time":"2024-06-13T17:24:40+00:00","article_modified_time":"2024-06-13T17:24:42+00:00","og_image":[{"width":1600,"height":1066,"url":"https:\/\/elpuucnoticias.com\/wp-content\/uploads\/2023\/09\/fiscalia-investigacion.jpg","type":"image\/jpeg"}],"twitter_card":"summary_large_image","twitter_misc":{"Escrito por":"elpuucnoticias","Tiempo de lectura":"2 minutos"},"schema":{"@context":"https:\/\/schema.org","@graph":[{"@type":"WebSite","@id":"https:\/\/elpuucnoticias.com\/#website","url":"https:\/\/elpuucnoticias.com\/","name":"El Puuc Noticias","description":"Noticias - Entretenimiento - Deportes","potentialAction":[{"@type":"SearchAction","target":{"@type":"EntryPoint","urlTemplate":"https:\/\/elpuucnoticias.com\/?s={search_term_string}"},"query-input":"required name=search_term_string"}],"inLanguage":"es"},{"@type":"ImageObject","@id":"https:\/\/elpuucnoticias.com\/?p=13443#primaryimage","inLanguage":"es","url":"https:\/\/elpuucnoticias.com\/wp-content\/uploads\/2023\/09\/fiscalia-investigacion.jpg","contentUrl":"https:\/\/elpuucnoticias.com\/wp-content\/uploads\/2023\/09\/fiscalia-investigacion.jpg","width":1600,"height":1066},{"@type":"WebPage","@id":"https:\/\/elpuucnoticias.com\/?p=13443#webpage","url":"https:\/\/elpuucnoticias.com\/?p=13443","name":"Formulan cargos por delitos cometidos por culpa en M\u00e9rida - El Puuc Noticias","isPartOf":{"@id":"https:\/\/elpuucnoticias.com\/#website"},"primaryImageOfPage":{"@id":"https:\/\/elpuucnoticias.com\/?p=13443#primaryimage"},"datePublished":"2024-06-13T17:24:40+00:00","dateModified":"2024-06-13T17:24:42+00:00","author":{"@id":"https:\/\/elpuucnoticias.com\/#\/schema\/person\/d2ea09e4c97f0160b11cdfb1d856bd9e"},"breadcrumb":{"@id":"https:\/\/elpuucnoticias.com\/?p=13443#breadcrumb"},"inLanguage":"es","potentialAction":[{"@type":"ReadAction","target":["https:\/\/elpuucnoticias.com\/?p=13443"]}]},{"@type":"BreadcrumbList","@id":"https:\/\/elpuucnoticias.com\/?p=13443#breadcrumb","itemListElement":[{"@type":"ListItem","position":1,"name":"Portada","item":"https:\/\/elpuucnoticias.com\/"},{"@type":"ListItem","position":2,"name":"Formulan cargos por delitos cometidos por culpa en M\u00e9rida"}]},{"@type":"Person","@id":"https:\/\/elpuucnoticias.com\/#\/schema\/person\/d2ea09e4c97f0160b11cdfb1d856bd9e","name":"elpuucnoticias","image":{"@type":"ImageObject","@id":"https:\/\/elpuucnoticias.com\/#personlogo","inLanguage":"es","url":"https:\/\/secure.gravatar.com\/avatar\/5290a43657c74ffa15701dbe5b846bd85cc71930d803c84e91046a7333de6ce2?s=96&d=mm&r=g","contentUrl":"https:\/\/secure.gravatar.com\/avatar\/5290a43657c74ffa15701dbe5b846bd85cc71930d803c84e91046a7333de6ce2?s=96&d=mm&r=g","caption":"elpuucnoticias"},"sameAs":["https:\/\/elpuucnoticias.com"],"url":"https:\/\/elpuucnoticias.com\/?author=1"}]}},"_links":{"self":[{"href":"https:\/\/elpuucnoticias.com\/index.php?rest_route=\/wp\/v2\/posts\/13443","targetHints":{"allow":["GET"]}}],"collection":[{"href":"https:\/\/elpuucnoticias.com\/index.php?rest_route=\/wp\/v2\/posts"}],"about":[{"href":"https:\/\/elpuucnoticias.com\/index.php?rest_route=\/wp\/v2\/types\/post"}],"author":[{"embeddable":true,"href":"https:\/\/elpuucnoticias.com\/index.php?rest_route=\/wp\/v2\/users\/1"}],"replies":[{"embeddable":true,"href":"https:\/\/elpuucnoticias.com\/index.php?rest_route=%2Fwp%2Fv2%2Fcomments&post=13443"}],"version-history":[{"count":1,"href":"https:\/\/elpuucnoticias.com\/index.php?rest_route=\/wp\/v2\/posts\/13443\/revisions"}],"predecessor-version":[{"id":13444,"href":"https:\/\/elpuucnoticias.com\/index.php?rest_route=\/wp\/v2\/posts\/13443\/revisions\/13444"}],"wp:featuredmedia":[{"embeddable":true,"href":"https:\/\/elpuucnoticias.com\/index.php?rest_route=\/wp\/v2\/media\/9266"}],"wp:attachment":[{"href":"https:\/\/elpuucnoticias.com\/index.php?rest_route=%2Fwp%2Fv2%2Fmedia&parent=13443"}],"wp:term":[{"taxonomy":"category","embeddable":true,"href":"https:\/\/elpuucnoticias.com\/index.php?rest_route=%2Fwp%2Fv2%2Fcategories&post=13443"},{"taxonomy":"post_tag","embeddable":true,"href":"https:\/\/elpuucnoticias.com\/index.php?rest_route=%2Fwp%2Fv2%2Ftags&post=13443"}],"curies":[{"name":"wp","href":"https:\/\/api.w.org\/{rel}","templated":true}]}}